{"id":107201,"date":"2026-03-11T10:03:08","date_gmt":"2026-03-11T14:03:08","guid":{"rendered":"https:\/\/romanticany.com\/?p=107201"},"modified":"2026-03-11T10:03:13","modified_gmt":"2026-03-11T14:03:13","slug":"tensiones-espana-israel-gobierno-espanol-remueve-a-su-embajadora-en-tel-aviv","status":"publish","type":"post","link":"https:\/\/romanticany.com\/?p=107201","title":{"rendered":"\u00abTensiones Espa\u00f1a-Israel: Gobierno espa\u00f1ol remueve a su embajadora en Tel Aviv\u00bb"},"content":{"rendered":"\n<p>El <strong>Gobierno de Espa\u00f1a<\/strong> decidi\u00f3 <strong>remover a su embajadora en Israel, Ana S\u00e1lomon<\/strong>, en medio de una <strong>escalada diplom\u00e1tica<\/strong> por el conflicto en <strong>Gaza<\/strong>. La medida, anunciada en el <strong>BOE<\/strong>, se produce despu\u00e9s de que S\u00e1lomon fuera <strong>llamada a consultas<\/strong> en septiembre de 2025, tras las <strong>acusaciones de antisemitismo<\/strong> de Israel y las <strong>restricciones<\/strong> impuestas a ministras espa\u00f1olas. Aqu\u00ed te contamos los detalles de este <strong>conflicto diplom\u00e1tico<\/strong> y sus consecuencias:<\/p>\n\n\n\n<hr class=\"wp-block-separator has-alpha-channel-opacity\"\/>\n\n\n\n<h4 class=\"wp-block-heading\"><strong>1. Razones de la remoci\u00f3n<\/strong><\/h4>\n\n\n\n<ul class=\"wp-block-list\">\n<li><strong>Cr\u00edticas de Espa\u00f1a a Israel<\/strong>: El gobierno de <strong>Pedro S\u00e1nchez<\/strong> ha sido uno de los <strong>m\u00e1s duros<\/strong> en condenar las acciones israel\u00edes en Gaza, calific\u00e1ndolas de <strong>\u00abgenocidio\u00bb<\/strong>.<\/li>\n\n\n\n<li><strong>Respuesta de Israel<\/strong>:\n<ul class=\"wp-block-list\">\n<li><strong>Acusaciones de antisemitismo<\/strong>.<\/li>\n\n\n\n<li><strong>Restricciones<\/strong> a las ministras <strong>Yolanda D\u00edaz<\/strong> y <strong>Sira Rego<\/strong>.<\/li>\n<\/ul>\n<\/li>\n\n\n\n<li><strong>Llamada a consultas<\/strong>: En septiembre de 2025, Espa\u00f1a <strong>retir\u00f3 temporalmente<\/strong> a S\u00e1lomon, y ahora se hace <strong>oficial su destituci\u00f3n<\/strong>.<\/li>\n<\/ul>\n\n\n\n<hr class=\"wp-block-separator has-alpha-channel-opacity\"\/>\n\n\n\n<h4 class=\"wp-block-heading\"><strong>2. Cronolog\u00eda del conflicto<\/strong><\/h4>\n\n\n\n<ul class=\"wp-block-list\">\n<li><strong>Julio 2021<\/strong>: Ana S\u00e1lomon asume como embajadora en Israel.<\/li>\n\n\n\n<li><strong>Agosto 2025<\/strong>: Espa\u00f1a anuncia <strong>nueve medidas<\/strong> contra Israel, incluyendo <strong>sanciones y reconocimiento del Estado palestino<\/strong>.<\/li>\n\n\n\n<li><strong>Septiembre 2025<\/strong>: Israel responde con <strong>acusaciones<\/strong> y <strong>restricciones<\/strong>. Espa\u00f1a <strong>llama a consultas<\/strong> a S\u00e1lomon.<\/li>\n\n\n\n<li><strong>Marzo 2026<\/strong>: Espa\u00f1a <strong>oficializa su remoci\u00f3n<\/strong>.<\/li>\n<\/ul>\n\n\n\n<hr class=\"wp-block-separator has-alpha-channel-opacity\"\/>\n\n\n\n<h4 class=\"wp-block-heading\"><strong>3. Las nueve medidas de Espa\u00f1a<\/strong><\/h4>\n\n\n\n<ol class=\"wp-block-list\">\n<li><strong>Reconocimiento del Estado palestino<\/strong>.<\/li>\n\n\n\n<li><strong>Sanciones a empresas israel\u00edes<\/strong> en asentamientos.<\/li>\n\n\n\n<li><strong>Prohibici\u00f3n de ventas de armas<\/strong> a Israel.<\/li>\n\n\n\n<li><strong>Apoyo a la CPI<\/strong> en investigaciones.<\/li>\n\n\n\n<li><strong>Presi\u00f3n en la UE<\/strong> para una postura m\u00e1s cr\u00edtica.<\/li>\n\n\n\n<li><strong>Suspensi\u00f3n de acuerdos militares<\/strong>.<\/li>\n\n\n\n<li><strong>Apoyo humanitario<\/strong> a Gaza.<\/li>\n\n\n\n<li><strong>Condena en la ONU<\/strong> a Israel.<\/li>\n\n\n\n<li><strong>Restricciones diplom\u00e1ticas<\/strong>.<\/li>\n<\/ol>\n\n\n\n<hr class=\"wp-block-separator has-alpha-channel-opacity\"\/>\n\n\n\n<h4 class=\"wp-block-heading\"><strong>4. Reacciones internacionales<\/strong><\/h4>\n\n\n\n<ul class=\"wp-block-list\">\n<li><strong>Apoyo de Irlanda y B\u00e9lgica<\/strong>: Respaldan la postura de Espa\u00f1a.<\/li>\n\n\n\n<li><strong>Cautela de Alemania y Francia<\/strong>: M\u00e1s moderadas en su cr\u00edtica a Israel.<\/li>\n\n\n\n<li><strong>EE.UU.<\/strong>: Mantiene su <strong>apoyo a Israel<\/strong>, pero pide <strong>moderaci\u00f3n<\/strong>.<\/li>\n<\/ul>\n\n\n\n<hr class=\"wp-block-separator has-alpha-channel-opacity\"\/>\n\n\n\n<h4 class=\"wp-block-heading\"><strong>5. \u00bfQu\u00e9 sigue?<\/strong><\/h4>\n\n\n\n<ul class=\"wp-block-list\">\n<li><strong>Nuevo embajador<\/strong>: Espa\u00f1a deber\u00e1 <strong>designar un sucesor<\/strong>, pero no hay plazo definido.<\/li>\n\n\n\n<li><strong>Posible reconciliaci\u00f3n<\/strong>: Depender\u00e1 de un <strong>cambio en Gaza<\/strong> y una <strong>reducci\u00f3n de tensiones<\/strong>.<\/li>\n\n\n\n<li><strong>Impacto en la UE<\/strong>: Espa\u00f1a podr\u00eda <strong>liderar un bloque m\u00e1s cr\u00edtico<\/strong> hacia Israel.<\/li>\n<\/ul>\n\n\n\n<hr class=\"wp-block-separator has-alpha-channel-opacity\"\/>\n\n\n\n<h4 class=\"wp-block-heading\"><strong>6. Contexto del conflicto en Gaza<\/strong><\/h4>\n\n\n\n<ul class=\"wp-block-list\">\n<li><strong>M\u00e1s de dos a\u00f1os de guerra<\/strong>, con miles de muertos y una <strong>crisis humanitaria<\/strong>.<\/li>\n\n\n\n<li><strong>Postura de Espa\u00f1a<\/strong>: Una de las <strong>m\u00e1s cr\u00edticas<\/strong> con Israel en la UE.<\/li>\n\n\n\n<li><strong>Acusaciones cruzadas<\/strong>:\n<ul class=\"wp-block-list\">\n<li>Israel acusa a Espa\u00f1a de <strong>apoyar al terrorismo<\/strong>.<\/li>\n\n\n\n<li>Espa\u00f1a denuncia <strong>violaciones de derechos humanos<\/strong> en Gaza.<\/li>\n<\/ul>\n<\/li>\n<\/ul>\n\n\n\n<hr class=\"wp-block-separator has-alpha-channel-opacity\"\/>\n\n\n\n<h4 class=\"wp-block-heading\"><strong>7. Implicaciones para Espa\u00f1a<\/strong><\/h4>\n\n\n\n<ul class=\"wp-block-list\">\n<li><strong>Firmeza en derechos humanos<\/strong>: Reafirma su postura <strong>pro-palestina<\/strong>.<\/li>\n\n\n\n<li><strong>Riesgo de tensiones<\/strong>: Podr\u00eda afectar relaciones con <strong>EE.UU. y aliados en la UE<\/strong>.<\/li>\n\n\n\n<li><strong>Oportunidad de liderazgo<\/strong>: Espa\u00f1a podr\u00eda <strong>encabezar una postura m\u00e1s cr\u00edtica<\/strong> en la UE.<\/li>\n<\/ul>\n\n\n\n<hr class=\"wp-block-separator has-alpha-channel-opacity\"\/>\n\n\n\n<p><strong>Hashtags sugeridos:<\/strong><br><code>#Espa\u00f1a #Israel #Diplomacia #GuerraEnGaza #AnaS\u00e1lomon #RelacionesExteriores<\/code><\/p>\n","protected":false},"excerpt":{"rendered":"<p>El Gobierno de Espa\u00f1a decidi\u00f3 remover a su embajadora en Israel, Ana S\u00e1lomon, en medio de una escalada diplom\u00e1tica por el conflicto en Gaza. La medida, anunciada en el BOE, se produce despu\u00e9s de que S\u00e1lomon fuera llamada a consultas en septiembre de 2025, tras las acusaciones de antisemitismo de Israel y las restricciones impuestas [&hellip;]<\/p>\n","protected":false},"author":1,"featured_media":107202,"comment_status":"open","ping_status":"closed","sticky":false,"template":"","format":"standard","meta":{"footnotes":""},"categories":[8],"tags":[],"class_list":["post-107201","post","type-post","status-publish","format-standard","has-post-thumbnail","hentry","category-mundo"],"yoast_head":"<!-- This site is optimized with the Yoast SEO plugin v24.5 - https:\/\/yoast.com\/wordpress\/plugins\/seo\/ -->\n<title>&quot;Tensiones Espa\u00f1a-Israel: Gobierno espa\u00f1ol remueve a su embajadora en Tel Aviv&quot; - Romantica NY<\/title>\n<meta name=\"robots\" content=\"index, follow, max-snippet:-1, max-image-preview:large, max-video-preview:-1\" \/>\n<link rel=\"canonical\" href=\"https:\/\/romanticany.com\/?p=107201\" \/>\n<meta property=\"og:locale\" content=\"es_ES\" \/>\n<meta property=\"og:type\" content=\"article\" \/>\n<meta property=\"og:title\" content=\"&quot;Tensiones Espa\u00f1a-Israel: Gobierno espa\u00f1ol remueve a su embajadora en Tel Aviv&quot; - Romantica NY\" \/>\n<meta property=\"og:description\" content=\"El Gobierno de Espa\u00f1a decidi\u00f3 remover a su embajadora en Israel, Ana S\u00e1lomon, en medio de una escalada diplom\u00e1tica por el conflicto en Gaza. La medida, anunciada en el BOE, se produce despu\u00e9s de que S\u00e1lomon fuera llamada a consultas en septiembre de 2025, tras las acusaciones de antisemitismo de Israel y las restricciones impuestas [&hellip;]\" \/>\n<meta property=\"og:url\" content=\"https:\/\/romanticany.com\/?p=107201\" \/>\n<meta property=\"og:site_name\" content=\"Romantica NY\" \/>\n<meta property=\"article:published_time\" content=\"2026-03-11T14:03:08+00:00\" \/>\n<meta property=\"article:modified_time\" content=\"2026-03-11T14:03:13+00:00\" \/>\n<meta property=\"og:image\" content=\"https:\/\/romanticany.com\/wp-content\/uploads\/2026\/03\/Espana-remueve-a-su-embajadora-en-Israel-850x479-1.jpg\" \/>\n\t<meta property=\"og:image:width\" content=\"850\" \/>\n\t<meta property=\"og:image:height\" content=\"479\" \/>\n\t<meta property=\"og:image:type\" content=\"image\/jpeg\" \/>\n<meta name=\"author\" content=\"Romantica NY\" \/>\n<meta name=\"twitter:card\" content=\"summary_large_image\" \/>\n<meta name=\"twitter:label1\" content=\"Escrito por\" \/>\n\t<meta name=\"twitter:data1\" content=\"Romantica NY\" \/>\n\t<meta name=\"twitter:label2\" content=\"Tiempo de lectura\" \/>\n\t<meta name=\"twitter:data2\" content=\"3 minutos\" \/>\n<script type=\"application\/ld+json\" class=\"yoast-schema-graph\">{\"@context\":\"https:\/\/schema.org\",\"@graph\":[{\"@type\":\"Article\",\"@id\":\"https:\/\/romanticany.com\/?p=107201#article\",\"isPartOf\":{\"@id\":\"https:\/\/romanticany.com\/?p=107201\"},\"author\":{\"name\":\"Romantica NY\",\"@id\":\"https:\/\/romanticany.com\/#\/schema\/person\/be3a3ed4b2ab0af84e4dbe5c3215474c\"},\"headline\":\"\u00abTensiones Espa\u00f1a-Israel: Gobierno espa\u00f1ol remueve a su embajadora en Tel Aviv\u00bb\",\"datePublished\":\"2026-03-11T14:03:08+00:00\",\"dateModified\":\"2026-03-11T14:03:13+00:00\",\"mainEntityOfPage\":{\"@id\":\"https:\/\/romanticany.com\/?p=107201\"},\"wordCount\":464,\"commentCount\":0,\"publisher\":{\"@id\":\"https:\/\/romanticany.com\/#organization\"},\"image\":{\"@id\":\"https:\/\/romanticany.com\/?p=107201#primaryimage\"},\"thumbnailUrl\":\"https:\/\/romanticany.com\/wp-content\/uploads\/2026\/03\/Espana-remueve-a-su-embajadora-en-Israel-850x479-1.jpg\",\"articleSection\":[\"Mundo\"],\"inLanguage\":\"es\",\"potentialAction\":[{\"@type\":\"CommentAction\",\"name\":\"Comment\",\"target\":[\"https:\/\/romanticany.com\/?p=107201#respond\"]}]},{\"@type\":\"WebPage\",\"@id\":\"https:\/\/romanticany.com\/?p=107201\",\"url\":\"https:\/\/romanticany.com\/?p=107201\",\"name\":\"\\\"Tensiones Espa\u00f1a-Israel: Gobierno espa\u00f1ol remueve a su embajadora en Tel Aviv\\\" - Romantica NY\",\"isPartOf\":{\"@id\":\"https:\/\/romanticany.com\/#website\"},\"primaryImageOfPage\":{\"@id\":\"https:\/\/romanticany.com\/?p=107201#primaryimage\"},\"image\":{\"@id\":\"https:\/\/romanticany.com\/?p=107201#primaryimage\"},\"thumbnailUrl\":\"https:\/\/romanticany.com\/wp-content\/uploads\/2026\/03\/Espana-remueve-a-su-embajadora-en-Israel-850x479-1.jpg\",\"datePublished\":\"2026-03-11T14:03:08+00:00\",\"dateModified\":\"2026-03-11T14:03:13+00:00\",\"breadcrumb\":{\"@id\":\"https:\/\/romanticany.com\/?p=107201#breadcrumb\"},\"inLanguage\":\"es\",\"potentialAction\":[{\"@type\":\"ReadAction\",\"target\":[\"https:\/\/romanticany.com\/?p=107201\"]}]},{\"@type\":\"ImageObject\",\"inLanguage\":\"es\",\"@id\":\"https:\/\/romanticany.com\/?p=107201#primaryimage\",\"url\":\"https:\/\/romanticany.com\/wp-content\/uploads\/2026\/03\/Espana-remueve-a-su-embajadora-en-Israel-850x479-1.jpg\",\"contentUrl\":\"https:\/\/romanticany.com\/wp-content\/uploads\/2026\/03\/Espana-remueve-a-su-embajadora-en-Israel-850x479-1.jpg\",\"width\":850,\"height\":479},{\"@type\":\"BreadcrumbList\",\"@id\":\"https:\/\/romanticany.com\/?p=107201#breadcrumb\",\"itemListElement\":[{\"@type\":\"ListItem\",\"position\":1,\"name\":\"Portada\",\"item\":\"https:\/\/romanticany.com\/\"},{\"@type\":\"ListItem\",\"position\":2,\"name\":\"\u00abTensiones Espa\u00f1a-Israel: Gobierno espa\u00f1ol remueve a su embajadora en Tel Aviv\u00bb\"}]},{\"@type\":\"WebSite\",\"@id\":\"https:\/\/romanticany.com\/#website\",\"url\":\"https:\/\/romanticany.com\/\",\"name\":\"Romantica NY\",\"description\":\"AHORA CON SU PERIODICO DIGITAL Y LA MUSICA MAS ROMANTICA EN LA GRAN MANZANA, USA\",\"publisher\":{\"@id\":\"https:\/\/romanticany.com\/#organization\"},\"potentialAction\":[{\"@type\":\"SearchAction\",\"target\":{\"@type\":\"EntryPoint\",\"urlTemplate\":\"https:\/\/romanticany.com\/?s={search_term_string}\"},\"query-input\":{\"@type\":\"PropertyValueSpecification\",\"valueRequired\":true,\"valueName\":\"search_term_string\"}}],\"inLanguage\":\"es\"},{\"@type\":\"Organization\",\"@id\":\"https:\/\/romanticany.com\/#organization\",\"name\":\"Romantica NY\",\"url\":\"https:\/\/romanticany.com\/\",\"logo\":{\"@type\":\"ImageObject\",\"inLanguage\":\"es\",\"@id\":\"https:\/\/romanticany.com\/#\/schema\/logo\/image\/\",\"url\":\"https:\/\/romanticany.com\/wp-content\/uploads\/2025\/01\/Logo-Romantica-3.png\",\"contentUrl\":\"https:\/\/romanticany.com\/wp-content\/uploads\/2025\/01\/Logo-Romantica-3.png\",\"width\":1024,\"height\":1024,\"caption\":\"Romantica NY\"},\"image\":{\"@id\":\"https:\/\/romanticany.com\/#\/schema\/logo\/image\/\"}},{\"@type\":\"Person\",\"@id\":\"https:\/\/romanticany.com\/#\/schema\/person\/be3a3ed4b2ab0af84e4dbe5c3215474c\",\"name\":\"Romantica NY\",\"image\":{\"@type\":\"ImageObject\",\"inLanguage\":\"es\",\"@id\":\"https:\/\/romanticany.com\/#\/schema\/person\/image\/\",\"url\":\"https:\/\/romanticany.com\/wp-content\/uploads\/2025\/01\/cropped-Logo-Romantica-3-96x96.png\",\"contentUrl\":\"https:\/\/romanticany.com\/wp-content\/uploads\/2025\/01\/cropped-Logo-Romantica-3-96x96.png\",\"caption\":\"Romantica NY\"},\"sameAs\":[\"https:\/\/romanticany.com\"],\"url\":\"https:\/\/romanticany.com\/?author=1\"}]}<\/script>\n<!-- \/ Yoast SEO plugin. -->","yoast_head_json":{"title":"\"Tensiones Espa\u00f1a-Israel: Gobierno espa\u00f1ol remueve a su embajadora en Tel Aviv\" - Romantica NY","robots":{"index":"index","follow":"follow","max-snippet":"max-snippet:-1","max-image-preview":"max-image-preview:large","max-video-preview":"max-video-preview:-1"},"canonical":"https:\/\/romanticany.com\/?p=107201","og_locale":"es_ES","og_type":"article","og_title":"\"Tensiones Espa\u00f1a-Israel: Gobierno espa\u00f1ol remueve a su embajadora en Tel Aviv\" - Romantica NY","og_description":"El Gobierno de Espa\u00f1a decidi\u00f3 remover a su embajadora en Israel, Ana S\u00e1lomon, en medio de una escalada diplom\u00e1tica por el conflicto en Gaza. La medida, anunciada en el BOE, se produce despu\u00e9s de que S\u00e1lomon fuera llamada a consultas en septiembre de 2025, tras las acusaciones de antisemitismo de Israel y las restricciones impuestas [&hellip;]","og_url":"https:\/\/romanticany.com\/?p=107201","og_site_name":"Romantica NY","article_published_time":"2026-03-11T14:03:08+00:00","article_modified_time":"2026-03-11T14:03:13+00:00","og_image":[{"width":850,"height":479,"url":"https:\/\/romanticany.com\/wp-content\/uploads\/2026\/03\/Espana-remueve-a-su-embajadora-en-Israel-850x479-1.jpg","type":"image\/jpeg"}],"author":"Romantica NY","twitter_card":"summary_large_image","twitter_misc":{"Escrito por":"Romantica NY","Tiempo de lectura":"3 minutos"},"schema":{"@context":"https:\/\/schema.org","@graph":[{"@type":"Article","@id":"https:\/\/romanticany.com\/?p=107201#article","isPartOf":{"@id":"https:\/\/romanticany.com\/?p=107201"},"author":{"name":"Romantica NY","@id":"https:\/\/romanticany.com\/#\/schema\/person\/be3a3ed4b2ab0af84e4dbe5c3215474c"},"headline":"\u00abTensiones Espa\u00f1a-Israel: Gobierno espa\u00f1ol remueve a su embajadora en Tel Aviv\u00bb","datePublished":"2026-03-11T14:03:08+00:00","dateModified":"2026-03-11T14:03:13+00:00","mainEntityOfPage":{"@id":"https:\/\/romanticany.com\/?p=107201"},"wordCount":464,"commentCount":0,"publisher":{"@id":"https:\/\/romanticany.com\/#organization"},"image":{"@id":"https:\/\/romanticany.com\/?p=107201#primaryimage"},"thumbnailUrl":"https:\/\/romanticany.com\/wp-content\/uploads\/2026\/03\/Espana-remueve-a-su-embajadora-en-Israel-850x479-1.jpg","articleSection":["Mundo"],"inLanguage":"es","potentialAction":[{"@type":"CommentAction","name":"Comment","target":["https:\/\/romanticany.com\/?p=107201#respond"]}]},{"@type":"WebPage","@id":"https:\/\/romanticany.com\/?p=107201","url":"https:\/\/romanticany.com\/?p=107201","name":"\"Tensiones Espa\u00f1a-Israel: Gobierno espa\u00f1ol remueve a su embajadora en Tel Aviv\" - Romantica NY","isPartOf":{"@id":"https:\/\/romanticany.com\/#website"},"primaryImageOfPage":{"@id":"https:\/\/romanticany.com\/?p=107201#primaryimage"},"image":{"@id":"https:\/\/romanticany.com\/?p=107201#primaryimage"},"thumbnailUrl":"https:\/\/romanticany.com\/wp-content\/uploads\/2026\/03\/Espana-remueve-a-su-embajadora-en-Israel-850x479-1.jpg","datePublished":"2026-03-11T14:03:08+00:00","dateModified":"2026-03-11T14:03:13+00:00","breadcrumb":{"@id":"https:\/\/romanticany.com\/?p=107201#breadcrumb"},"inLanguage":"es","potentialAction":[{"@type":"ReadAction","target":["https:\/\/romanticany.com\/?p=107201"]}]},{"@type":"ImageObject","inLanguage":"es","@id":"https:\/\/romanticany.com\/?p=107201#primaryimage","url":"https:\/\/romanticany.com\/wp-content\/uploads\/2026\/03\/Espana-remueve-a-su-embajadora-en-Israel-850x479-1.jpg","contentUrl":"https:\/\/romanticany.com\/wp-content\/uploads\/2026\/03\/Espana-remueve-a-su-embajadora-en-Israel-850x479-1.jpg","width":850,"height":479},{"@type":"BreadcrumbList","@id":"https:\/\/romanticany.com\/?p=107201#breadcrumb","itemListElement":[{"@type":"ListItem","position":1,"name":"Portada","item":"https:\/\/romanticany.com\/"},{"@type":"ListItem","position":2,"name":"\u00abTensiones Espa\u00f1a-Israel: Gobierno espa\u00f1ol remueve a su embajadora en Tel Aviv\u00bb"}]},{"@type":"WebSite","@id":"https:\/\/romanticany.com\/#website","url":"https:\/\/romanticany.com\/","name":"Romantica NY","description":"AHORA CON SU PERIODICO DIGITAL Y LA MUSICA MAS ROMANTICA EN LA GRAN MANZANA, USA","publisher":{"@id":"https:\/\/romanticany.com\/#organization"},"potentialAction":[{"@type":"SearchAction","target":{"@type":"EntryPoint","urlTemplate":"https:\/\/romanticany.com\/?s={search_term_string}"},"query-input":{"@type":"PropertyValueSpecification","valueRequired":true,"valueName":"search_term_string"}}],"inLanguage":"es"},{"@type":"Organization","@id":"https:\/\/romanticany.com\/#organization","name":"Romantica NY","url":"https:\/\/romanticany.com\/","logo":{"@type":"ImageObject","inLanguage":"es","@id":"https:\/\/romanticany.com\/#\/schema\/logo\/image\/","url":"https:\/\/romanticany.com\/wp-content\/uploads\/2025\/01\/Logo-Romantica-3.png","contentUrl":"https:\/\/romanticany.com\/wp-content\/uploads\/2025\/01\/Logo-Romantica-3.png","width":1024,"height":1024,"caption":"Romantica NY"},"image":{"@id":"https:\/\/romanticany.com\/#\/schema\/logo\/image\/"}},{"@type":"Person","@id":"https:\/\/romanticany.com\/#\/schema\/person\/be3a3ed4b2ab0af84e4dbe5c3215474c","name":"Romantica NY","image":{"@type":"ImageObject","inLanguage":"es","@id":"https:\/\/romanticany.com\/#\/schema\/person\/image\/","url":"https:\/\/romanticany.com\/wp-content\/uploads\/2025\/01\/cropped-Logo-Romantica-3-96x96.png","contentUrl":"https:\/\/romanticany.com\/wp-content\/uploads\/2025\/01\/cropped-Logo-Romantica-3-96x96.png","caption":"Romantica NY"},"sameAs":["https:\/\/romanticany.com"],"url":"https:\/\/romanticany.com\/?author=1"}]}},"rttpg_featured_image_url":{"full":["https:\/\/romanticany.com\/wp-content\/uploads\/2026\/03\/Espana-remueve-a-su-embajadora-en-Israel-850x479-1.jpg",850,479,false],"landscape":["https:\/\/romanticany.com\/wp-content\/uploads\/2026\/03\/Espana-remueve-a-su-embajadora-en-Israel-850x479-1.jpg",850,479,false],"portraits":["https:\/\/romanticany.com\/wp-content\/uploads\/2026\/03\/Espana-remueve-a-su-embajadora-en-Israel-850x479-1.jpg",850,479,false],"thumbnail":["https:\/\/romanticany.com\/wp-content\/uploads\/2026\/03\/Espana-remueve-a-su-embajadora-en-Israel-850x479-1-150x150.jpg",150,150,true],"medium":["https:\/\/romanticany.com\/wp-content\/uploads\/2026\/03\/Espana-remueve-a-su-embajadora-en-Israel-850x479-1-300x169.jpg",300,169,true],"large":["https:\/\/romanticany.com\/wp-content\/uploads\/2026\/03\/Espana-remueve-a-su-embajadora-en-Israel-850x479-1.jpg",640,361,false],"1536x1536":["https:\/\/romanticany.com\/wp-content\/uploads\/2026\/03\/Espana-remueve-a-su-embajadora-en-Israel-850x479-1.jpg",850,479,false],"2048x2048":["https:\/\/romanticany.com\/wp-content\/uploads\/2026\/03\/Espana-remueve-a-su-embajadora-en-Israel-850x479-1.jpg",850,479,false]},"rttpg_author":{"display_name":"Romantica NY","author_link":"https:\/\/romanticany.com\/?author=1"},"rttpg_comment":0,"rttpg_category":"<a href=\"https:\/\/romanticany.com\/?cat=8\" rel=\"category\">Mundo<\/a>","rttpg_excerpt":"El Gobierno de Espa\u00f1a decidi\u00f3 remover a su embajadora en Israel, Ana S\u00e1lomon, en medio de una escalada diplom\u00e1tica por el conflicto en Gaza. La medida, anunciada en el BOE, se produce despu\u00e9s de que S\u00e1lomon fuera llamada a consultas en septiembre de 2025, tras las acusaciones de antisemitismo de Israel y las restricciones impuestas&hellip;","_links":{"self":[{"href":"https:\/\/romanticany.com\/index.php?rest_route=\/wp\/v2\/posts\/107201","targetHints":{"allow":["GET"]}}],"collection":[{"href":"https:\/\/romanticany.com\/index.php?rest_route=\/wp\/v2\/posts"}],"about":[{"href":"https:\/\/romanticany.com\/index.php?rest_route=\/wp\/v2\/types\/post"}],"author":[{"embeddable":true,"href":"https:\/\/romanticany.com\/index.php?rest_route=\/wp\/v2\/users\/1"}],"replies":[{"embeddable":true,"href":"https:\/\/romanticany.com\/index.php?rest_route=%2Fwp%2Fv2%2Fcomments&post=107201"}],"version-history":[{"count":1,"href":"https:\/\/romanticany.com\/index.php?rest_route=\/wp\/v2\/posts\/107201\/revisions"}],"predecessor-version":[{"id":107203,"href":"https:\/\/romanticany.com\/index.php?rest_route=\/wp\/v2\/posts\/107201\/revisions\/107203"}],"wp:featuredmedia":[{"embeddable":true,"href":"https:\/\/romanticany.com\/index.php?rest_route=\/wp\/v2\/media\/107202"}],"wp:attachment":[{"href":"https:\/\/romanticany.com\/index.php?rest_route=%2Fwp%2Fv2%2Fmedia&parent=107201"}],"wp:term":[{"taxonomy":"category","embeddable":true,"href":"https:\/\/romanticany.com\/index.php?rest_route=%2Fwp%2Fv2%2Fcategories&post=107201"},{"taxonomy":"post_tag","embeddable":true,"href":"https:\/\/romanticany.com\/index.php?rest_route=%2Fwp%2Fv2%2Ftags&post=107201"}],"curies":[{"name":"wp","href":"https:\/\/api.w.org\/{rel}","templated":true}]}}