{"id":107266,"date":"2026-03-12T17:17:28","date_gmt":"2026-03-12T21:17:28","guid":{"rendered":"https:\/\/romanticany.com\/?p=107266"},"modified":"2026-03-12T17:17:30","modified_gmt":"2026-03-12T21:17:30","slug":"joven-hispano-acusado-de-doble-homicidio-en-el-bronx-tras-robar-a-su-ex-novia","status":"publish","type":"post","link":"https:\/\/romanticany.com\/?p=107266","title":{"rendered":"\u00abJoven hispano acusado de doble homicidio en El Bronx tras robar a su ex novia\u00bb"},"content":{"rendered":"\n<p><strong>Darwin Mart\u00ednez (20 a\u00f1os)<\/strong>, un joven hispano, fue <strong>acusado de doble homicidio<\/strong> en <strong>El Bronx (Nueva York)<\/strong> tras ser vinculado al <strong>tiroteo que mat\u00f3 a Adam Waldropt (29) y Gabriel \u00c1lvarez (22)<\/strong> en <strong>Ferry Point Park<\/strong> en <strong>julio de 2025<\/strong>. Mart\u00ednez, quien fue <strong>detenido el martes 11 de marzo de 2026<\/strong> por <strong>robar a su ex novia frente a su hijo<\/strong>, ahora enfrenta cargos por <strong>asesinato y posesi\u00f3n de armas<\/strong>. El caso ha reavivado el debate sobre la <strong>violencia con armas de fuego<\/strong> en la ciudad, donde los <strong>tiroteos entre j\u00f3venes<\/strong> siguen siendo un problema. Aqu\u00ed te contamos los <strong>detalles del crimen<\/strong>, la <strong>investigaci\u00f3n<\/strong> y el <strong>contexto de violencia en El Bronx<\/strong>:<\/p>\n\n\n\n<hr class=\"wp-block-separator has-alpha-channel-opacity\"\/>\n\n\n\n<h4 class=\"wp-block-heading\"><strong>1. El doble homicidio en Ferry Point Park<\/strong><\/h4>\n\n\n\n<ul class=\"wp-block-list\">\n<li><strong>Fecha<\/strong>: <strong>28 de julio de 2025<\/strong>.<\/li>\n\n\n\n<li><strong>Lugar<\/strong>: <strong>Ferry Point Park (Throggs Neck, El Bronx)<\/strong>.<\/li>\n\n\n\n<li><strong>V\u00edctimas<\/strong>:\n<ul class=\"wp-block-list\">\n<li><strong>Adam Waldropt (29)<\/strong>: Empleado en un <strong>edificio de lujo en Upper West Side<\/strong>.<\/li>\n\n\n\n<li><strong>Gabriel \u00c1lvarez (22)<\/strong>: Residente de <strong>Stratford, Connecticut<\/strong>, pero con v\u00ednculos en <strong>Parkchester (El Bronx)<\/strong>.<\/li>\n<\/ul>\n<\/li>\n\n\n\n<li><strong>Detalles del crimen<\/strong>:\n<ul class=\"wp-block-list\">\n<li><strong>7 personas<\/strong> en la escena, incluyendo <strong>hombres con pasamonta\u00f1as<\/strong> que huyeron en <strong>motocicleta<\/strong>.<\/li>\n\n\n\n<li><strong>13 casquillos y 5 balas<\/strong> encontrados.<\/li>\n\n\n\n<li><strong>Motivo desconocido<\/strong>: La polic\u00eda a\u00fan investiga.<\/li>\n<\/ul>\n<\/li>\n<\/ul>\n\n\n\n<hr class=\"wp-block-separator has-alpha-channel-opacity\"\/>\n\n\n\n<h4 class=\"wp-block-heading\"><strong>2. La detenci\u00f3n de Mart\u00ednez<\/strong><\/h4>\n\n\n\n<ul class=\"wp-block-list\">\n<li><strong>Arrestado por robo<\/strong>:\n<ul class=\"wp-block-list\">\n<li><strong>11 de marzo de 2026<\/strong> en <strong>Manida St. (Hunt\u2019s Point)<\/strong> por <strong>robar a su ex novia frente a su hijo<\/strong>.<\/li>\n\n\n\n<li>Cargos iniciales: <strong>Robo, amenazas y poner en peligro a un menor<\/strong>.<\/li>\n<\/ul>\n<\/li>\n\n\n\n<li><strong>Vinculaci\u00f3n con el homicidio<\/strong>:\n<ul class=\"wp-block-list\">\n<li><strong>7 meses de investigaci\u00f3n<\/strong> lo identificaron como <strong>sospechoso principal<\/strong>.<\/li>\n\n\n\n<li><strong>Pruebas forenses<\/strong> (bal\u00edstica) lo relacionan con el tiroteo.<\/li>\n<\/ul>\n<\/li>\n\n\n\n<li><strong>Cargos adicionales<\/strong>:\n<ul class=\"wp-block-list\">\n<li><strong>Doble homicidio, agresi\u00f3n agravada y posesi\u00f3n ilegal de armas<\/strong>.<\/li>\n<\/ul>\n<\/li>\n<\/ul>\n\n\n\n<hr class=\"wp-block-separator has-alpha-channel-opacity\"\/>\n\n\n\n<h4 class=\"wp-block-heading\"><strong>3. Posible conexi\u00f3n con otro tiroteo<\/strong><\/h4>\n\n\n\n<ul class=\"wp-block-list\">\n<li><strong>Incidente del 26 de julio de 2025<\/strong>:\n<ul class=\"wp-block-list\">\n<li>Un <strong>joven de 21 a\u00f1os<\/strong> fue <strong>baleado en el est\u00f3mago<\/strong> en la <strong>misma cuadra<\/strong>.<\/li>\n\n\n\n<li>La v\u00edctima <strong>sobrevivi\u00f3<\/strong>.<\/li>\n\n\n\n<li>NYPD investiga si Mart\u00ednez <strong>estuvo involucrado<\/strong>.<\/li>\n<\/ul>\n<\/li>\n<\/ul>\n\n\n\n<hr class=\"wp-block-separator has-alpha-channel-opacity\"\/>\n\n\n\n<h4 class=\"wp-block-heading\"><strong>4. Perfil de las v\u00edctimas<\/strong><\/h4>\n\n\n\n<ul class=\"wp-block-list\">\n<li><strong>Adam Waldropt<\/strong>:\n<ul class=\"wp-block-list\">\n<li>Trabajaba en <strong>25 Central Park West<\/strong> (edificio de lujo).<\/li>\n\n\n\n<li>Descrito como <em>\u00abun miembro valioso del equipo\u00bb<\/em> por sus compa\u00f1eros.<\/li>\n<\/ul>\n<\/li>\n\n\n\n<li><strong>Gabriel \u00c1lvarez<\/strong>:\n<ul class=\"wp-block-list\">\n<li>Viv\u00eda en <strong>Stratford, Connecticut<\/strong>, pero visitaba <strong>Parkchester (El Bronx)<\/strong>.<\/li>\n\n\n\n<li>Amigos lo recuerdan como <em>\u00abtranquilo y sin enemigos\u00bb<\/em>.<\/li>\n<\/ul>\n<\/li>\n<\/ul>\n\n\n\n<hr class=\"wp-block-separator has-alpha-channel-opacity\"\/>\n\n\n\n<h4 class=\"wp-block-heading\"><strong>5. Contexto: Violencia en El Bronx<\/strong><\/h4>\n\n\n\n<ul class=\"wp-block-list\">\n<li><strong>Datos de 2026<\/strong>:\n<ul class=\"wp-block-list\">\n<li><strong>15% menos homicidios<\/strong> que en 2025, pero <strong>aumento en robos violentos<\/strong>.<\/li>\n\n\n\n<li><strong>El Bronx<\/strong> lidera en <strong>tiroteos<\/strong> en NYC.<\/li>\n<\/ul>\n<\/li>\n\n\n\n<li><strong>Casos recientes<\/strong>:\n<ul class=\"wp-block-list\">\n<li><strong>10 de marzo<\/strong>: Mujer <strong>baleada accidentalmente<\/strong> en <strong>Fulton Street Mall (Brooklyn)<\/strong>.<\/li>\n\n\n\n<li><strong>Semana pasada<\/strong>: Adolescente de <strong>19 a\u00f1os muerto<\/strong> cerca de un <strong>centro infantil en El Bronx<\/strong>.<\/li>\n<\/ul>\n<\/li>\n\n\n\n<li><strong>Causas de la violencia<\/strong>:\n<ul class=\"wp-block-list\">\n<li><strong>Tr\u00e1fico de armas ilegales<\/strong> (80% provienen de estados con leyes laxas).<\/li>\n\n\n\n<li><strong>Pandillas juveniles<\/strong> (Trinitarios, Bloods, Crips).<\/li>\n\n\n\n<li><strong>Falta de oportunidades<\/strong> en barrios como <strong>Hunt\u2019s Point<\/strong>.<\/li>\n<\/ul>\n<\/li>\n<\/ul>\n\n\n\n<hr class=\"wp-block-separator has-alpha-channel-opacity\"\/>\n\n\n\n<h4 class=\"wp-block-heading\"><strong>6. Declaraciones oficiales<\/strong><\/h4>\n\n\n\n<ul class=\"wp-block-list\">\n<li><strong>NYPD<\/strong>:\n<ul class=\"wp-block-list\">\n<li><em>\u00abMart\u00ednez es el principal sospechoso, pero la investigaci\u00f3n contin\u00faa\u00bb<\/em>.<\/li>\n<\/ul>\n<\/li>\n\n\n\n<li><strong>Fiscal\u00eda del Bronx<\/strong>:\n<ul class=\"wp-block-list\">\n<li><em>\u00abPresentaremos pruebas contundentes. La violencia con armas no ser\u00e1 tolerada\u00bb<\/em>.<\/li>\n<\/ul>\n<\/li>\n\n\n\n<li><strong>Familias de las v\u00edctimas<\/strong>:\n<ul class=\"wp-block-list\">\n<li><em>\u00abQueremos justicia. Adam y Gabriel no merec\u00edan morir as\u00ed\u00bb<\/em>.<\/li>\n<\/ul>\n<\/li>\n<\/ul>\n\n\n\n<hr class=\"wp-block-separator has-alpha-channel-opacity\"\/>\n\n\n\n<h4 class=\"wp-block-heading\"><strong>7. Proceso legal y posibles penas<\/strong><\/h4>\n\n\n\n<ul class=\"wp-block-list\">\n<li><strong>Cargos<\/strong>:\n<ul class=\"wp-block-list\">\n<li><strong>Doble homicidio en segundo grado<\/strong> (cadena perpetua).<\/li>\n\n\n\n<li><strong>Posesi\u00f3n ilegal de armas<\/strong> (15 a\u00f1os).<\/li>\n\n\n\n<li><strong>Robo agravado<\/strong> (por el incidente con su ex novia).<\/li>\n<\/ul>\n<\/li>\n\n\n\n<li><strong>Pr\u00f3ximos pasos<\/strong>:\n<ul class=\"wp-block-list\">\n<li><strong>Audiencia preliminar<\/strong>: <strong>25 de marzo de 2026<\/strong>.<\/li>\n\n\n\n<li><strong>Juicio<\/strong>: Podr\u00eda iniciar en <strong>oto\u00f1o de 2026<\/strong>.<\/li>\n<\/ul>\n<\/li>\n\n\n\n<li><strong>Defensa<\/strong>:\n<ul class=\"wp-block-list\">\n<li>Abogado de Mart\u00ednez alega que <em>\u00abno hay evidencia directa\u00bb<\/em>.<\/li>\n<\/ul>\n<\/li>\n<\/ul>\n\n\n\n<hr class=\"wp-block-separator has-alpha-channel-opacity\"\/>\n\n\n\n<h4 class=\"wp-block-heading\"><strong>8. Violencia con armas en NYC<\/strong><\/h4>\n\n\n\n<ul class=\"wp-block-list\">\n<li><strong>Datos 2026<\/strong>:\n<ul class=\"wp-block-list\">\n<li><strong>1,200 tiroteos<\/strong> reportados.<\/li>\n\n\n\n<li><strong>300 v\u00edctimas fatales<\/strong> por armas de fuego.<\/li>\n\n\n\n<li><strong>El Bronx y Brooklyn<\/strong> concentran el <strong>60% de los casos<\/strong>.<\/li>\n<\/ul>\n<\/li>\n\n\n\n<li><strong>Medidas del NYPD<\/strong>:\n<ul class=\"wp-block-list\">\n<li><strong>Operativos \u00abAnti-Armas\u00bb<\/strong>: <strong>500 armas incautadas<\/strong> en 2026.<\/li>\n\n\n\n<li><strong>Unidades especiales<\/strong> en zonas de alto riesgo.<\/li>\n<\/ul>\n<\/li>\n<\/ul>\n\n\n\n<hr class=\"wp-block-separator has-alpha-channel-opacity\"\/>\n\n\n\n<h4 class=\"wp-block-heading\"><strong>9. Reacciones de la comunidad<\/strong><\/h4>\n\n\n\n<ul class=\"wp-block-list\">\n<li><strong>Vecinos de El Bronx<\/strong>:\n<ul class=\"wp-block-list\">\n<li><em>\u00abVivimos con miedo. Los tiroteos son casi diarios\u00bb<\/em>.<\/li>\n<\/ul>\n<\/li>\n\n\n\n<li><strong>Activistas<\/strong>:\n<ul class=\"wp-block-list\">\n<li><em>\u00abFalta educaci\u00f3n y oportunidades para los j\u00f3venes\u00bb<\/em>.<\/li>\n<\/ul>\n<\/li>\n<\/ul>\n\n\n\n<hr class=\"wp-block-separator has-alpha-channel-opacity\"\/>\n\n\n\n<h4 class=\"wp-block-heading\"><strong>10. \u00bfQu\u00e9 puede hacer la comunidad?<\/strong><\/h4>\n\n\n\n<ul class=\"wp-block-list\">\n<li><strong>Denunciar<\/strong>: Usar <strong>NYC Crime Stoppers<\/strong> (an\u00f3nima).<\/li>\n\n\n\n<li><strong>Participar en programas<\/strong>:\n<ul class=\"wp-block-list\">\n<li><strong>Gun Buyback Programs<\/strong> (entregar armas a cambio de dinero).<\/li>\n\n\n\n<li><strong>Talleres para j\u00f3venes<\/strong> en centros como <strong>BronxConnect<\/strong>.<\/li>\n<\/ul>\n<\/li>\n<\/ul>\n\n\n\n<hr class=\"wp-block-separator has-alpha-channel-opacity\"\/>\n\n\n\n<p><strong>Hashtags sugeridos:<\/strong><br><code>#NuevaYork #Homicidio #Violencia #ElBronx #Justicia #Crimen<\/code><\/p>\n","protected":false},"excerpt":{"rendered":"<p>Darwin Mart\u00ednez (20 a\u00f1os), un joven hispano, fue acusado de doble homicidio en El Bronx (Nueva York) tras ser vinculado al tiroteo que mat\u00f3 a Adam Waldropt (29) y Gabriel \u00c1lvarez (22) en Ferry Point Park en julio de 2025. Mart\u00ednez, quien fue detenido el martes 11 de marzo de 2026 por robar a su [&hellip;]<\/p>\n","protected":false},"author":1,"featured_media":107267,"comment_status":"open","ping_status":"closed","sticky":false,"template":"","format":"standard","meta":{"footnotes":""},"categories":[15],"tags":[],"class_list":["post-107266","post","type-post","status-publish","format-standard","has-post-thumbnail","hentry","category-sociales"],"yoast_head":"<!-- This site is optimized with the Yoast SEO plugin v24.5 - https:\/\/yoast.com\/wordpress\/plugins\/seo\/ -->\n<title>&quot;Joven hispano acusado de doble homicidio en El Bronx tras robar a su ex novia&quot; - Romantica NY<\/title>\n<meta name=\"robots\" content=\"index, follow, max-snippet:-1, max-image-preview:large, max-video-preview:-1\" \/>\n<link rel=\"canonical\" href=\"https:\/\/romanticany.com\/?p=107266\" \/>\n<meta property=\"og:locale\" content=\"es_ES\" \/>\n<meta property=\"og:type\" content=\"article\" \/>\n<meta property=\"og:title\" content=\"&quot;Joven hispano acusado de doble homicidio en El Bronx tras robar a su ex novia&quot; - Romantica NY\" \/>\n<meta property=\"og:description\" content=\"Darwin Mart\u00ednez (20 a\u00f1os), un joven hispano, fue acusado de doble homicidio en El Bronx (Nueva York) tras ser vinculado al tiroteo que mat\u00f3 a Adam Waldropt (29) y Gabriel \u00c1lvarez (22) en Ferry Point Park en julio de 2025. Mart\u00ednez, quien fue detenido el martes 11 de marzo de 2026 por robar a su [&hellip;]\" \/>\n<meta property=\"og:url\" content=\"https:\/\/romanticany.com\/?p=107266\" \/>\n<meta property=\"og:site_name\" content=\"Romantica NY\" \/>\n<meta property=\"article:published_time\" content=\"2026-03-12T21:17:28+00:00\" \/>\n<meta property=\"article:modified_time\" content=\"2026-03-12T21:17:30+00:00\" \/>\n<meta property=\"og:image\" content=\"https:\/\/romanticany.com\/wp-content\/uploads\/2026\/03\/Whisk_8f8a4bc1d679758a56b4aacc1ac4536edr.jpg\" \/>\n\t<meta property=\"og:image:width\" content=\"1344\" \/>\n\t<meta property=\"og:image:height\" content=\"768\" \/>\n\t<meta property=\"og:image:type\" content=\"image\/jpeg\" \/>\n<meta name=\"author\" content=\"Romantica NY\" \/>\n<meta name=\"twitter:card\" content=\"summary_large_image\" \/>\n<meta name=\"twitter:label1\" content=\"Escrito por\" \/>\n\t<meta name=\"twitter:data1\" content=\"Romantica NY\" \/>\n\t<meta name=\"twitter:label2\" content=\"Tiempo de lectura\" \/>\n\t<meta name=\"twitter:data2\" content=\"4 minutos\" \/>\n<script type=\"application\/ld+json\" class=\"yoast-schema-graph\">{\"@context\":\"https:\/\/schema.org\",\"@graph\":[{\"@type\":\"Article\",\"@id\":\"https:\/\/romanticany.com\/?p=107266#article\",\"isPartOf\":{\"@id\":\"https:\/\/romanticany.com\/?p=107266\"},\"author\":{\"name\":\"Romantica NY\",\"@id\":\"https:\/\/romanticany.com\/#\/schema\/person\/be3a3ed4b2ab0af84e4dbe5c3215474c\"},\"headline\":\"\u00abJoven hispano acusado de doble homicidio en El Bronx tras robar a su ex novia\u00bb\",\"datePublished\":\"2026-03-12T21:17:28+00:00\",\"dateModified\":\"2026-03-12T21:17:30+00:00\",\"mainEntityOfPage\":{\"@id\":\"https:\/\/romanticany.com\/?p=107266\"},\"wordCount\":638,\"commentCount\":0,\"publisher\":{\"@id\":\"https:\/\/romanticany.com\/#organization\"},\"image\":{\"@id\":\"https:\/\/romanticany.com\/?p=107266#primaryimage\"},\"thumbnailUrl\":\"https:\/\/romanticany.com\/wp-content\/uploads\/2026\/03\/Whisk_8f8a4bc1d679758a56b4aacc1ac4536edr.jpg\",\"articleSection\":[\"Sociales\"],\"inLanguage\":\"es\",\"potentialAction\":[{\"@type\":\"CommentAction\",\"name\":\"Comment\",\"target\":[\"https:\/\/romanticany.com\/?p=107266#respond\"]}]},{\"@type\":\"WebPage\",\"@id\":\"https:\/\/romanticany.com\/?p=107266\",\"url\":\"https:\/\/romanticany.com\/?p=107266\",\"name\":\"\\\"Joven hispano acusado de doble homicidio en El Bronx tras robar a su ex novia\\\" - Romantica NY\",\"isPartOf\":{\"@id\":\"https:\/\/romanticany.com\/#website\"},\"primaryImageOfPage\":{\"@id\":\"https:\/\/romanticany.com\/?p=107266#primaryimage\"},\"image\":{\"@id\":\"https:\/\/romanticany.com\/?p=107266#primaryimage\"},\"thumbnailUrl\":\"https:\/\/romanticany.com\/wp-content\/uploads\/2026\/03\/Whisk_8f8a4bc1d679758a56b4aacc1ac4536edr.jpg\",\"datePublished\":\"2026-03-12T21:17:28+00:00\",\"dateModified\":\"2026-03-12T21:17:30+00:00\",\"breadcrumb\":{\"@id\":\"https:\/\/romanticany.com\/?p=107266#breadcrumb\"},\"inLanguage\":\"es\",\"potentialAction\":[{\"@type\":\"ReadAction\",\"target\":[\"https:\/\/romanticany.com\/?p=107266\"]}]},{\"@type\":\"ImageObject\",\"inLanguage\":\"es\",\"@id\":\"https:\/\/romanticany.com\/?p=107266#primaryimage\",\"url\":\"https:\/\/romanticany.com\/wp-content\/uploads\/2026\/03\/Whisk_8f8a4bc1d679758a56b4aacc1ac4536edr.jpg\",\"contentUrl\":\"https:\/\/romanticany.com\/wp-content\/uploads\/2026\/03\/Whisk_8f8a4bc1d679758a56b4aacc1ac4536edr.jpg\",\"width\":1344,\"height\":768},{\"@type\":\"BreadcrumbList\",\"@id\":\"https:\/\/romanticany.com\/?p=107266#breadcrumb\",\"itemListElement\":[{\"@type\":\"ListItem\",\"position\":1,\"name\":\"Portada\",\"item\":\"https:\/\/romanticany.com\/\"},{\"@type\":\"ListItem\",\"position\":2,\"name\":\"\u00abJoven hispano acusado de doble homicidio en El Bronx tras robar a su ex novia\u00bb\"}]},{\"@type\":\"WebSite\",\"@id\":\"https:\/\/romanticany.com\/#website\",\"url\":\"https:\/\/romanticany.com\/\",\"name\":\"Romantica NY\",\"description\":\"AHORA CON SU PERIODICO DIGITAL Y LA MUSICA MAS ROMANTICA EN LA GRAN MANZANA, USA\",\"publisher\":{\"@id\":\"https:\/\/romanticany.com\/#organization\"},\"potentialAction\":[{\"@type\":\"SearchAction\",\"target\":{\"@type\":\"EntryPoint\",\"urlTemplate\":\"https:\/\/romanticany.com\/?s={search_term_string}\"},\"query-input\":{\"@type\":\"PropertyValueSpecification\",\"valueRequired\":true,\"valueName\":\"search_term_string\"}}],\"inLanguage\":\"es\"},{\"@type\":\"Organization\",\"@id\":\"https:\/\/romanticany.com\/#organization\",\"name\":\"Romantica NY\",\"url\":\"https:\/\/romanticany.com\/\",\"logo\":{\"@type\":\"ImageObject\",\"inLanguage\":\"es\",\"@id\":\"https:\/\/romanticany.com\/#\/schema\/logo\/image\/\",\"url\":\"https:\/\/romanticany.com\/wp-content\/uploads\/2025\/01\/Logo-Romantica-3.png\",\"contentUrl\":\"https:\/\/romanticany.com\/wp-content\/uploads\/2025\/01\/Logo-Romantica-3.png\",\"width\":1024,\"height\":1024,\"caption\":\"Romantica NY\"},\"image\":{\"@id\":\"https:\/\/romanticany.com\/#\/schema\/logo\/image\/\"}},{\"@type\":\"Person\",\"@id\":\"https:\/\/romanticany.com\/#\/schema\/person\/be3a3ed4b2ab0af84e4dbe5c3215474c\",\"name\":\"Romantica NY\",\"image\":{\"@type\":\"ImageObject\",\"inLanguage\":\"es\",\"@id\":\"https:\/\/romanticany.com\/#\/schema\/person\/image\/\",\"url\":\"https:\/\/romanticany.com\/wp-content\/uploads\/2025\/01\/cropped-Logo-Romantica-3-96x96.png\",\"contentUrl\":\"https:\/\/romanticany.com\/wp-content\/uploads\/2025\/01\/cropped-Logo-Romantica-3-96x96.png\",\"caption\":\"Romantica NY\"},\"sameAs\":[\"https:\/\/romanticany.com\"],\"url\":\"https:\/\/romanticany.com\/?author=1\"}]}<\/script>\n<!-- \/ Yoast SEO plugin. -->","yoast_head_json":{"title":"\"Joven hispano acusado de doble homicidio en El Bronx tras robar a su ex novia\" - Romantica NY","robots":{"index":"index","follow":"follow","max-snippet":"max-snippet:-1","max-image-preview":"max-image-preview:large","max-video-preview":"max-video-preview:-1"},"canonical":"https:\/\/romanticany.com\/?p=107266","og_locale":"es_ES","og_type":"article","og_title":"\"Joven hispano acusado de doble homicidio en El Bronx tras robar a su ex novia\" - Romantica NY","og_description":"Darwin Mart\u00ednez (20 a\u00f1os), un joven hispano, fue acusado de doble homicidio en El Bronx (Nueva York) tras ser vinculado al tiroteo que mat\u00f3 a Adam Waldropt (29) y Gabriel \u00c1lvarez (22) en Ferry Point Park en julio de 2025. Mart\u00ednez, quien fue detenido el martes 11 de marzo de 2026 por robar a su [&hellip;]","og_url":"https:\/\/romanticany.com\/?p=107266","og_site_name":"Romantica NY","article_published_time":"2026-03-12T21:17:28+00:00","article_modified_time":"2026-03-12T21:17:30+00:00","og_image":[{"width":1344,"height":768,"url":"https:\/\/romanticany.com\/wp-content\/uploads\/2026\/03\/Whisk_8f8a4bc1d679758a56b4aacc1ac4536edr.jpg","type":"image\/jpeg"}],"author":"Romantica NY","twitter_card":"summary_large_image","twitter_misc":{"Escrito por":"Romantica NY","Tiempo de lectura":"4 minutos"},"schema":{"@context":"https:\/\/schema.org","@graph":[{"@type":"Article","@id":"https:\/\/romanticany.com\/?p=107266#article","isPartOf":{"@id":"https:\/\/romanticany.com\/?p=107266"},"author":{"name":"Romantica NY","@id":"https:\/\/romanticany.com\/#\/schema\/person\/be3a3ed4b2ab0af84e4dbe5c3215474c"},"headline":"\u00abJoven hispano acusado de doble homicidio en El Bronx tras robar a su ex novia\u00bb","datePublished":"2026-03-12T21:17:28+00:00","dateModified":"2026-03-12T21:17:30+00:00","mainEntityOfPage":{"@id":"https:\/\/romanticany.com\/?p=107266"},"wordCount":638,"commentCount":0,"publisher":{"@id":"https:\/\/romanticany.com\/#organization"},"image":{"@id":"https:\/\/romanticany.com\/?p=107266#primaryimage"},"thumbnailUrl":"https:\/\/romanticany.com\/wp-content\/uploads\/2026\/03\/Whisk_8f8a4bc1d679758a56b4aacc1ac4536edr.jpg","articleSection":["Sociales"],"inLanguage":"es","potentialAction":[{"@type":"CommentAction","name":"Comment","target":["https:\/\/romanticany.com\/?p=107266#respond"]}]},{"@type":"WebPage","@id":"https:\/\/romanticany.com\/?p=107266","url":"https:\/\/romanticany.com\/?p=107266","name":"\"Joven hispano acusado de doble homicidio en El Bronx tras robar a su ex novia\" - Romantica NY","isPartOf":{"@id":"https:\/\/romanticany.com\/#website"},"primaryImageOfPage":{"@id":"https:\/\/romanticany.com\/?p=107266#primaryimage"},"image":{"@id":"https:\/\/romanticany.com\/?p=107266#primaryimage"},"thumbnailUrl":"https:\/\/romanticany.com\/wp-content\/uploads\/2026\/03\/Whisk_8f8a4bc1d679758a56b4aacc1ac4536edr.jpg","datePublished":"2026-03-12T21:17:28+00:00","dateModified":"2026-03-12T21:17:30+00:00","breadcrumb":{"@id":"https:\/\/romanticany.com\/?p=107266#breadcrumb"},"inLanguage":"es","potentialAction":[{"@type":"ReadAction","target":["https:\/\/romanticany.com\/?p=107266"]}]},{"@type":"ImageObject","inLanguage":"es","@id":"https:\/\/romanticany.com\/?p=107266#primaryimage","url":"https:\/\/romanticany.com\/wp-content\/uploads\/2026\/03\/Whisk_8f8a4bc1d679758a56b4aacc1ac4536edr.jpg","contentUrl":"https:\/\/romanticany.com\/wp-content\/uploads\/2026\/03\/Whisk_8f8a4bc1d679758a56b4aacc1ac4536edr.jpg","width":1344,"height":768},{"@type":"BreadcrumbList","@id":"https:\/\/romanticany.com\/?p=107266#breadcrumb","itemListElement":[{"@type":"ListItem","position":1,"name":"Portada","item":"https:\/\/romanticany.com\/"},{"@type":"ListItem","position":2,"name":"\u00abJoven hispano acusado de doble homicidio en El Bronx tras robar a su ex novia\u00bb"}]},{"@type":"WebSite","@id":"https:\/\/romanticany.com\/#website","url":"https:\/\/romanticany.com\/","name":"Romantica NY","description":"AHORA CON SU PERIODICO DIGITAL Y LA MUSICA MAS ROMANTICA EN LA GRAN MANZANA, USA","publisher":{"@id":"https:\/\/romanticany.com\/#organization"},"potentialAction":[{"@type":"SearchAction","target":{"@type":"EntryPoint","urlTemplate":"https:\/\/romanticany.com\/?s={search_term_string}"},"query-input":{"@type":"PropertyValueSpecification","valueRequired":true,"valueName":"search_term_string"}}],"inLanguage":"es"},{"@type":"Organization","@id":"https:\/\/romanticany.com\/#organization","name":"Romantica NY","url":"https:\/\/romanticany.com\/","logo":{"@type":"ImageObject","inLanguage":"es","@id":"https:\/\/romanticany.com\/#\/schema\/logo\/image\/","url":"https:\/\/romanticany.com\/wp-content\/uploads\/2025\/01\/Logo-Romantica-3.png","contentUrl":"https:\/\/romanticany.com\/wp-content\/uploads\/2025\/01\/Logo-Romantica-3.png","width":1024,"height":1024,"caption":"Romantica NY"},"image":{"@id":"https:\/\/romanticany.com\/#\/schema\/logo\/image\/"}},{"@type":"Person","@id":"https:\/\/romanticany.com\/#\/schema\/person\/be3a3ed4b2ab0af84e4dbe5c3215474c","name":"Romantica NY","image":{"@type":"ImageObject","inLanguage":"es","@id":"https:\/\/romanticany.com\/#\/schema\/person\/image\/","url":"https:\/\/romanticany.com\/wp-content\/uploads\/2025\/01\/cropped-Logo-Romantica-3-96x96.png","contentUrl":"https:\/\/romanticany.com\/wp-content\/uploads\/2025\/01\/cropped-Logo-Romantica-3-96x96.png","caption":"Romantica NY"},"sameAs":["https:\/\/romanticany.com"],"url":"https:\/\/romanticany.com\/?author=1"}]}},"rttpg_featured_image_url":{"full":["https:\/\/romanticany.com\/wp-content\/uploads\/2026\/03\/Whisk_8f8a4bc1d679758a56b4aacc1ac4536edr.jpg",1344,768,false],"landscape":["https:\/\/romanticany.com\/wp-content\/uploads\/2026\/03\/Whisk_8f8a4bc1d679758a56b4aacc1ac4536edr.jpg",1344,768,false],"portraits":["https:\/\/romanticany.com\/wp-content\/uploads\/2026\/03\/Whisk_8f8a4bc1d679758a56b4aacc1ac4536edr.jpg",1344,768,false],"thumbnail":["https:\/\/romanticany.com\/wp-content\/uploads\/2026\/03\/Whisk_8f8a4bc1d679758a56b4aacc1ac4536edr-150x150.jpg",150,150,true],"medium":["https:\/\/romanticany.com\/wp-content\/uploads\/2026\/03\/Whisk_8f8a4bc1d679758a56b4aacc1ac4536edr-300x171.jpg",300,171,true],"large":["https:\/\/romanticany.com\/wp-content\/uploads\/2026\/03\/Whisk_8f8a4bc1d679758a56b4aacc1ac4536edr-1024x585.jpg",640,366,true],"1536x1536":["https:\/\/romanticany.com\/wp-content\/uploads\/2026\/03\/Whisk_8f8a4bc1d679758a56b4aacc1ac4536edr.jpg",1344,768,false],"2048x2048":["https:\/\/romanticany.com\/wp-content\/uploads\/2026\/03\/Whisk_8f8a4bc1d679758a56b4aacc1ac4536edr.jpg",1344,768,false]},"rttpg_author":{"display_name":"Romantica NY","author_link":"https:\/\/romanticany.com\/?author=1"},"rttpg_comment":0,"rttpg_category":"<a href=\"https:\/\/romanticany.com\/?cat=15\" rel=\"category\">Sociales<\/a>","rttpg_excerpt":"Darwin Mart\u00ednez (20 a\u00f1os), un joven hispano, fue acusado de doble homicidio en El Bronx (Nueva York) tras ser vinculado al tiroteo que mat\u00f3 a Adam Waldropt (29) y Gabriel \u00c1lvarez (22) en Ferry Point Park en julio de 2025. Mart\u00ednez, quien fue detenido el martes 11 de marzo de 2026 por robar a su&hellip;","_links":{"self":[{"href":"https:\/\/romanticany.com\/index.php?rest_route=\/wp\/v2\/posts\/107266","targetHints":{"allow":["GET"]}}],"collection":[{"href":"https:\/\/romanticany.com\/index.php?rest_route=\/wp\/v2\/posts"}],"about":[{"href":"https:\/\/romanticany.com\/index.php?rest_route=\/wp\/v2\/types\/post"}],"author":[{"embeddable":true,"href":"https:\/\/romanticany.com\/index.php?rest_route=\/wp\/v2\/users\/1"}],"replies":[{"embeddable":true,"href":"https:\/\/romanticany.com\/index.php?rest_route=%2Fwp%2Fv2%2Fcomments&post=107266"}],"version-history":[{"count":1,"href":"https:\/\/romanticany.com\/index.php?rest_route=\/wp\/v2\/posts\/107266\/revisions"}],"predecessor-version":[{"id":107268,"href":"https:\/\/romanticany.com\/index.php?rest_route=\/wp\/v2\/posts\/107266\/revisions\/107268"}],"wp:featuredmedia":[{"embeddable":true,"href":"https:\/\/romanticany.com\/index.php?rest_route=\/wp\/v2\/media\/107267"}],"wp:attachment":[{"href":"https:\/\/romanticany.com\/index.php?rest_route=%2Fwp%2Fv2%2Fmedia&parent=107266"}],"wp:term":[{"taxonomy":"category","embeddable":true,"href":"https:\/\/romanticany.com\/index.php?rest_route=%2Fwp%2Fv2%2Fcategories&post=107266"},{"taxonomy":"post_tag","embeddable":true,"href":"https:\/\/romanticany.com\/index.php?rest_route=%2Fwp%2Fv2%2Ftags&post=107266"}],"curies":[{"name":"wp","href":"https:\/\/api.w.org\/{rel}","templated":true}]}}