{"id":107296,"date":"2026-03-13T14:25:07","date_gmt":"2026-03-13T18:25:07","guid":{"rendered":"https:\/\/romanticany.com\/?p=107296"},"modified":"2026-03-13T14:25:12","modified_gmt":"2026-03-13T18:25:12","slug":"minerva-mirabal-la-mujer-detras-del-simbolo-de-libertad-y-justicia-en-republica-dominicana","status":"publish","type":"post","link":"https:\/\/romanticany.com\/?p=107296","title":{"rendered":"\u00abMinerva Mirabal: La mujer detr\u00e1s del s\u00edmbolo de libertad y justicia en Rep\u00fablica Dominicana\u00bb"},"content":{"rendered":"\n<p>El <strong>12 de marzo de 2026<\/strong>, el presidente <strong>Luis Abinader<\/strong> lider\u00f3 los actos por el <strong>centenario del nacimiento de Minerva Mirabal<\/strong>, pero esta vez el enfoque no fue solo en su rol hist\u00f3rico, sino en <strong>su dimensi\u00f3n humana<\/strong>: la mujer, la madre, la esposa y la abogada que, detr\u00e1s del s\u00edmbolo, tuvo una vida llena de pasiones, miedos y sue\u00f1os. En un discurso emotivo, Abinader se dirigi\u00f3 directamente a los <strong>descendientes de Minerva<\/strong>, recordando que <strong>\u00absu legado no es solo pol\u00edtico, sino profundamente personal\u00bb<\/strong>.<\/p>\n\n\n\n<hr class=\"wp-block-separator has-alpha-channel-opacity\"\/>\n\n\n\n<h4 class=\"wp-block-heading\"><strong>1. Minerva: M\u00e1s all\u00e1 del mito<\/strong><\/h4>\n\n\n\n<p>Minerva Mirabal es conocida como <strong>una de las hero\u00ednas de la resistencia contra Trujillo<\/strong>, pero su vida fue mucho m\u00e1s que su lucha pol\u00edtica. Naci\u00f3 en <strong>Salcedo en 1926<\/strong>, en el seno de una familia de clase media con fuertes valores patri\u00f3ticos. Desde ni\u00f1a, destac\u00f3 por su <strong>inteligencia y rebeld\u00eda<\/strong>, lo que la llev\u00f3 a ser una de las primeras mujeres en graduarse de <strong>Derecho<\/strong> en la Universidad Aut\u00f3noma de Santo Domingo.<\/p>\n\n\n\n<p>Casada con <strong>Manolo Tav\u00e1rez Justo<\/strong>, otro l\u00edder de la resistencia, Minerva fue tambi\u00e9n <strong>madre de dos hijos: Minou y Manolito<\/strong>. Su familia fue su pilar, pero tambi\u00e9n su mayor vulnerabilidad, pues el r\u00e9gimen de Trujillo no dud\u00f3 en perseguirla a trav\u00e9s de ellos. En una carta escrita desde la c\u00e1rcel, Minerva le dijo a su hija:<\/p>\n\n\n\n<blockquote class=\"wp-block-quote is-layout-flow wp-block-quote-is-layout-flow\">\n<p><em>\u00abNo tengas miedo, Minou. La libertad es m\u00e1s fuerte que el miedo. Alg\u00fan d\u00eda entender\u00e1s por qu\u00e9 tu madre tuvo que hacer lo que hizo\u00bb<\/em>.<\/p>\n<\/blockquote>\n\n\n\n<hr class=\"wp-block-separator has-alpha-channel-opacity\"\/>\n\n\n\n<h4 class=\"wp-block-heading\"><strong>2. El costo de la resistencia<\/strong><\/h4>\n\n\n\n<p>La vida de Minerva estuvo marcada por la <strong>persecuci\u00f3n constante<\/strong>. Tras rechazar los avances de Trujillo, fue <strong>encarcelada en m\u00faltiples ocasiones<\/strong>, impedida de ejercer su profesi\u00f3n y vigilada de cerca. Sin embargo, nunca claudic\u00f3. Junto a sus hermanas, <strong>Patria y Mar\u00eda Teresa<\/strong>, form\u00f3 parte del <strong>Movimiento 14 de Junio<\/strong>, una de las organizaciones clandestinas m\u00e1s importantes contra la dictadura.<\/p>\n\n\n\n<p>Su esposo, Manolo, tambi\u00e9n fue encarcelado y torturado. En una de sus visitas a la c\u00e1rcel, Minerva le escribi\u00f3:<\/p>\n\n\n\n<blockquote class=\"wp-block-quote is-layout-flow wp-block-quote-is-layout-flow\">\n<p><em>\u00abNo importa cu\u00e1nto dure esta noche. El amanecer siempre llega. Y cuando llegue, ser\u00e1 nuestro\u00bb<\/em>.<\/p>\n<\/blockquote>\n\n\n\n<hr class=\"wp-block-separator has-alpha-channel-opacity\"\/>\n\n\n\n<h4 class=\"wp-block-heading\"><strong>3. El acto conmemorativo: Un homenaje \u00edntimo<\/strong><\/h4>\n\n\n\n<p>Durante la ceremonia en <strong>Ojo de Agua<\/strong>, el presidente Abinader destac\u00f3 la <strong>humanidad de Minerva<\/strong>, leyendo fragmentos de sus cartas y recordando an\u00e9cdotas de su vida cotidiana. Tambi\u00e9n se dirigi\u00f3 a <strong>Minou Tav\u00e1rez Mirabal<\/strong>, hija de Minerva y actual l\u00edder pol\u00edtica, quien agradeci\u00f3 al Estado por <strong>reconocer a su madre no solo como un s\u00edmbolo, sino como una mujer real<\/strong>:<\/p>\n\n\n\n<blockquote class=\"wp-block-quote is-layout-flow wp-block-quote-is-layout-flow\">\n<p><em>\u00abMi madre no fue una estatua. Fue una mujer que am\u00f3, que sufri\u00f3, que ri\u00f3 y que llor\u00f3. Hoy, al conmemorar su centenario, pedimos que se recuerde su humanidad, porque es lo que la hace tan cercana a todos nosotros\u00bb<\/em>.<\/p>\n<\/blockquote>\n\n\n\n<hr class=\"wp-block-separator has-alpha-channel-opacity\"\/>\n\n\n\n<h4 class=\"wp-block-heading\"><strong>4. Su legado en la familia Mirabal<\/strong><\/h4>\n\n\n\n<p>La familia Mirabal ha mantenido vivo su legado a trav\u00e9s de la <strong>Fundaci\u00f3n Hermanas Mirabal<\/strong>, que promueve la <strong>educaci\u00f3n, los derechos humanos y la memoria hist\u00f3rica<\/strong>. Minou Tav\u00e1rez, quien sigui\u00f3 los pasos pol\u00edticos de su madre, destac\u00f3 que <strong>\u00abel mejor homenaje a Minerva es continuar su lucha por una sociedad m\u00e1s justa\u00bb<\/strong>.<\/p>\n\n\n\n<p>El presidente Abinader anunci\u00f3 que, como parte de las conmemoraciones, se <strong>restaurar\u00e1 la Casa Museo Hermanas Mirabal<\/strong> y se crear\u00e1 un <strong>archivo digital<\/strong> con documentos, fotos y testimonios de su vida, para que las futuras generaciones puedan conocerla m\u00e1s all\u00e1 de los libros de historia.<\/p>\n\n\n\n<hr class=\"wp-block-separator has-alpha-channel-opacity\"\/>\n\n\n\n<p><strong>Hashtags:<\/strong><br>#MinervaHumana #MadreYLuchadora #FamiliaMirabal #LegadoFamiliar #MujeresDeCoraje<\/p>\n","protected":false},"excerpt":{"rendered":"<p>El 12 de marzo de 2026, el presidente Luis Abinader lider\u00f3 los actos por el centenario del nacimiento de Minerva Mirabal, pero esta vez el enfoque no fue solo en su rol hist\u00f3rico, sino en su dimensi\u00f3n humana: la mujer, la madre, la esposa y la abogada que, detr\u00e1s del s\u00edmbolo, tuvo una vida llena [&hellip;]<\/p>\n","protected":false},"author":1,"featured_media":107297,"comment_status":"open","ping_status":"closed","sticky":false,"template":"","format":"standard","meta":{"footnotes":""},"categories":[11],"tags":[],"class_list":["post-107296","post","type-post","status-publish","format-standard","has-post-thumbnail","hentry","category-politica"],"yoast_head":"<!-- This site is optimized with the Yoast SEO plugin v24.5 - https:\/\/yoast.com\/wordpress\/plugins\/seo\/ -->\n<title>&quot;Minerva Mirabal: La mujer detr\u00e1s del s\u00edmbolo de libertad y justicia en Rep\u00fablica Dominicana&quot; - Romantica NY<\/title>\n<meta name=\"robots\" content=\"index, follow, max-snippet:-1, max-image-preview:large, max-video-preview:-1\" \/>\n<link rel=\"canonical\" href=\"https:\/\/romanticany.com\/?p=107296\" \/>\n<meta property=\"og:locale\" content=\"es_ES\" \/>\n<meta property=\"og:type\" content=\"article\" \/>\n<meta property=\"og:title\" content=\"&quot;Minerva Mirabal: La mujer detr\u00e1s del s\u00edmbolo de libertad y justicia en Rep\u00fablica Dominicana&quot; - Romantica NY\" \/>\n<meta property=\"og:description\" content=\"El 12 de marzo de 2026, el presidente Luis Abinader lider\u00f3 los actos por el centenario del nacimiento de Minerva Mirabal, pero esta vez el enfoque no fue solo en su rol hist\u00f3rico, sino en su dimensi\u00f3n humana: la mujer, la madre, la esposa y la abogada que, detr\u00e1s del s\u00edmbolo, tuvo una vida llena [&hellip;]\" \/>\n<meta property=\"og:url\" content=\"https:\/\/romanticany.com\/?p=107296\" \/>\n<meta property=\"og:site_name\" content=\"Romantica NY\" \/>\n<meta property=\"article:published_time\" content=\"2026-03-13T18:25:07+00:00\" \/>\n<meta property=\"article:modified_time\" content=\"2026-03-13T18:25:12+00:00\" \/>\n<meta property=\"og:image\" content=\"https:\/\/romanticany.com\/wp-content\/uploads\/2026\/03\/69b320eb56125.jpeg\" \/>\n\t<meta property=\"og:image:width\" content=\"800\" \/>\n\t<meta property=\"og:image:height\" content=\"450\" \/>\n\t<meta property=\"og:image:type\" content=\"image\/jpeg\" \/>\n<meta name=\"author\" content=\"Romantica NY\" \/>\n<meta name=\"twitter:card\" content=\"summary_large_image\" \/>\n<meta name=\"twitter:label1\" content=\"Escrito por\" \/>\n\t<meta name=\"twitter:data1\" content=\"Romantica NY\" \/>\n\t<meta name=\"twitter:label2\" content=\"Tiempo de lectura\" \/>\n\t<meta name=\"twitter:data2\" content=\"3 minutos\" \/>\n<script type=\"application\/ld+json\" class=\"yoast-schema-graph\">{\"@context\":\"https:\/\/schema.org\",\"@graph\":[{\"@type\":\"Article\",\"@id\":\"https:\/\/romanticany.com\/?p=107296#article\",\"isPartOf\":{\"@id\":\"https:\/\/romanticany.com\/?p=107296\"},\"author\":{\"name\":\"Romantica NY\",\"@id\":\"https:\/\/romanticany.com\/#\/schema\/person\/be3a3ed4b2ab0af84e4dbe5c3215474c\"},\"headline\":\"\u00abMinerva Mirabal: La mujer detr\u00e1s del s\u00edmbolo de libertad y justicia en Rep\u00fablica Dominicana\u00bb\",\"datePublished\":\"2026-03-13T18:25:07+00:00\",\"dateModified\":\"2026-03-13T18:25:12+00:00\",\"mainEntityOfPage\":{\"@id\":\"https:\/\/romanticany.com\/?p=107296\"},\"wordCount\":615,\"commentCount\":0,\"publisher\":{\"@id\":\"https:\/\/romanticany.com\/#organization\"},\"image\":{\"@id\":\"https:\/\/romanticany.com\/?p=107296#primaryimage\"},\"thumbnailUrl\":\"https:\/\/romanticany.com\/wp-content\/uploads\/2026\/03\/69b320eb56125.jpeg\",\"articleSection\":[\"Pol\u00edtica\"],\"inLanguage\":\"es\",\"potentialAction\":[{\"@type\":\"CommentAction\",\"name\":\"Comment\",\"target\":[\"https:\/\/romanticany.com\/?p=107296#respond\"]}]},{\"@type\":\"WebPage\",\"@id\":\"https:\/\/romanticany.com\/?p=107296\",\"url\":\"https:\/\/romanticany.com\/?p=107296\",\"name\":\"\\\"Minerva Mirabal: La mujer detr\u00e1s del s\u00edmbolo de libertad y justicia en Rep\u00fablica Dominicana\\\" - Romantica NY\",\"isPartOf\":{\"@id\":\"https:\/\/romanticany.com\/#website\"},\"primaryImageOfPage\":{\"@id\":\"https:\/\/romanticany.com\/?p=107296#primaryimage\"},\"image\":{\"@id\":\"https:\/\/romanticany.com\/?p=107296#primaryimage\"},\"thumbnailUrl\":\"https:\/\/romanticany.com\/wp-content\/uploads\/2026\/03\/69b320eb56125.jpeg\",\"datePublished\":\"2026-03-13T18:25:07+00:00\",\"dateModified\":\"2026-03-13T18:25:12+00:00\",\"breadcrumb\":{\"@id\":\"https:\/\/romanticany.com\/?p=107296#breadcrumb\"},\"inLanguage\":\"es\",\"potentialAction\":[{\"@type\":\"ReadAction\",\"target\":[\"https:\/\/romanticany.com\/?p=107296\"]}]},{\"@type\":\"ImageObject\",\"inLanguage\":\"es\",\"@id\":\"https:\/\/romanticany.com\/?p=107296#primaryimage\",\"url\":\"https:\/\/romanticany.com\/wp-content\/uploads\/2026\/03\/69b320eb56125.jpeg\",\"contentUrl\":\"https:\/\/romanticany.com\/wp-content\/uploads\/2026\/03\/69b320eb56125.jpeg\",\"width\":800,\"height\":450},{\"@type\":\"BreadcrumbList\",\"@id\":\"https:\/\/romanticany.com\/?p=107296#breadcrumb\",\"itemListElement\":[{\"@type\":\"ListItem\",\"position\":1,\"name\":\"Portada\",\"item\":\"https:\/\/romanticany.com\/\"},{\"@type\":\"ListItem\",\"position\":2,\"name\":\"\u00abMinerva Mirabal: La mujer detr\u00e1s del s\u00edmbolo de libertad y justicia en Rep\u00fablica Dominicana\u00bb\"}]},{\"@type\":\"WebSite\",\"@id\":\"https:\/\/romanticany.com\/#website\",\"url\":\"https:\/\/romanticany.com\/\",\"name\":\"Romantica NY\",\"description\":\"AHORA CON SU PERIODICO DIGITAL Y LA MUSICA MAS ROMANTICA EN LA GRAN MANZANA, USA\",\"publisher\":{\"@id\":\"https:\/\/romanticany.com\/#organization\"},\"potentialAction\":[{\"@type\":\"SearchAction\",\"target\":{\"@type\":\"EntryPoint\",\"urlTemplate\":\"https:\/\/romanticany.com\/?s={search_term_string}\"},\"query-input\":{\"@type\":\"PropertyValueSpecification\",\"valueRequired\":true,\"valueName\":\"search_term_string\"}}],\"inLanguage\":\"es\"},{\"@type\":\"Organization\",\"@id\":\"https:\/\/romanticany.com\/#organization\",\"name\":\"Romantica NY\",\"url\":\"https:\/\/romanticany.com\/\",\"logo\":{\"@type\":\"ImageObject\",\"inLanguage\":\"es\",\"@id\":\"https:\/\/romanticany.com\/#\/schema\/logo\/image\/\",\"url\":\"https:\/\/romanticany.com\/wp-content\/uploads\/2025\/01\/Logo-Romantica-3.png\",\"contentUrl\":\"https:\/\/romanticany.com\/wp-content\/uploads\/2025\/01\/Logo-Romantica-3.png\",\"width\":1024,\"height\":1024,\"caption\":\"Romantica NY\"},\"image\":{\"@id\":\"https:\/\/romanticany.com\/#\/schema\/logo\/image\/\"}},{\"@type\":\"Person\",\"@id\":\"https:\/\/romanticany.com\/#\/schema\/person\/be3a3ed4b2ab0af84e4dbe5c3215474c\",\"name\":\"Romantica NY\",\"image\":{\"@type\":\"ImageObject\",\"inLanguage\":\"es\",\"@id\":\"https:\/\/romanticany.com\/#\/schema\/person\/image\/\",\"url\":\"https:\/\/romanticany.com\/wp-content\/uploads\/2025\/01\/cropped-Logo-Romantica-3-96x96.png\",\"contentUrl\":\"https:\/\/romanticany.com\/wp-content\/uploads\/2025\/01\/cropped-Logo-Romantica-3-96x96.png\",\"caption\":\"Romantica NY\"},\"sameAs\":[\"https:\/\/romanticany.com\"],\"url\":\"https:\/\/romanticany.com\/?author=1\"}]}<\/script>\n<!-- \/ Yoast SEO plugin. -->","yoast_head_json":{"title":"\"Minerva Mirabal: La mujer detr\u00e1s del s\u00edmbolo de libertad y justicia en Rep\u00fablica Dominicana\" - Romantica NY","robots":{"index":"index","follow":"follow","max-snippet":"max-snippet:-1","max-image-preview":"max-image-preview:large","max-video-preview":"max-video-preview:-1"},"canonical":"https:\/\/romanticany.com\/?p=107296","og_locale":"es_ES","og_type":"article","og_title":"\"Minerva Mirabal: La mujer detr\u00e1s del s\u00edmbolo de libertad y justicia en Rep\u00fablica Dominicana\" - Romantica NY","og_description":"El 12 de marzo de 2026, el presidente Luis Abinader lider\u00f3 los actos por el centenario del nacimiento de Minerva Mirabal, pero esta vez el enfoque no fue solo en su rol hist\u00f3rico, sino en su dimensi\u00f3n humana: la mujer, la madre, la esposa y la abogada que, detr\u00e1s del s\u00edmbolo, tuvo una vida llena [&hellip;]","og_url":"https:\/\/romanticany.com\/?p=107296","og_site_name":"Romantica NY","article_published_time":"2026-03-13T18:25:07+00:00","article_modified_time":"2026-03-13T18:25:12+00:00","og_image":[{"width":800,"height":450,"url":"https:\/\/romanticany.com\/wp-content\/uploads\/2026\/03\/69b320eb56125.jpeg","type":"image\/jpeg"}],"author":"Romantica NY","twitter_card":"summary_large_image","twitter_misc":{"Escrito por":"Romantica NY","Tiempo de lectura":"3 minutos"},"schema":{"@context":"https:\/\/schema.org","@graph":[{"@type":"Article","@id":"https:\/\/romanticany.com\/?p=107296#article","isPartOf":{"@id":"https:\/\/romanticany.com\/?p=107296"},"author":{"name":"Romantica NY","@id":"https:\/\/romanticany.com\/#\/schema\/person\/be3a3ed4b2ab0af84e4dbe5c3215474c"},"headline":"\u00abMinerva Mirabal: La mujer detr\u00e1s del s\u00edmbolo de libertad y justicia en Rep\u00fablica Dominicana\u00bb","datePublished":"2026-03-13T18:25:07+00:00","dateModified":"2026-03-13T18:25:12+00:00","mainEntityOfPage":{"@id":"https:\/\/romanticany.com\/?p=107296"},"wordCount":615,"commentCount":0,"publisher":{"@id":"https:\/\/romanticany.com\/#organization"},"image":{"@id":"https:\/\/romanticany.com\/?p=107296#primaryimage"},"thumbnailUrl":"https:\/\/romanticany.com\/wp-content\/uploads\/2026\/03\/69b320eb56125.jpeg","articleSection":["Pol\u00edtica"],"inLanguage":"es","potentialAction":[{"@type":"CommentAction","name":"Comment","target":["https:\/\/romanticany.com\/?p=107296#respond"]}]},{"@type":"WebPage","@id":"https:\/\/romanticany.com\/?p=107296","url":"https:\/\/romanticany.com\/?p=107296","name":"\"Minerva Mirabal: La mujer detr\u00e1s del s\u00edmbolo de libertad y justicia en Rep\u00fablica Dominicana\" - Romantica NY","isPartOf":{"@id":"https:\/\/romanticany.com\/#website"},"primaryImageOfPage":{"@id":"https:\/\/romanticany.com\/?p=107296#primaryimage"},"image":{"@id":"https:\/\/romanticany.com\/?p=107296#primaryimage"},"thumbnailUrl":"https:\/\/romanticany.com\/wp-content\/uploads\/2026\/03\/69b320eb56125.jpeg","datePublished":"2026-03-13T18:25:07+00:00","dateModified":"2026-03-13T18:25:12+00:00","breadcrumb":{"@id":"https:\/\/romanticany.com\/?p=107296#breadcrumb"},"inLanguage":"es","potentialAction":[{"@type":"ReadAction","target":["https:\/\/romanticany.com\/?p=107296"]}]},{"@type":"ImageObject","inLanguage":"es","@id":"https:\/\/romanticany.com\/?p=107296#primaryimage","url":"https:\/\/romanticany.com\/wp-content\/uploads\/2026\/03\/69b320eb56125.jpeg","contentUrl":"https:\/\/romanticany.com\/wp-content\/uploads\/2026\/03\/69b320eb56125.jpeg","width":800,"height":450},{"@type":"BreadcrumbList","@id":"https:\/\/romanticany.com\/?p=107296#breadcrumb","itemListElement":[{"@type":"ListItem","position":1,"name":"Portada","item":"https:\/\/romanticany.com\/"},{"@type":"ListItem","position":2,"name":"\u00abMinerva Mirabal: La mujer detr\u00e1s del s\u00edmbolo de libertad y justicia en Rep\u00fablica Dominicana\u00bb"}]},{"@type":"WebSite","@id":"https:\/\/romanticany.com\/#website","url":"https:\/\/romanticany.com\/","name":"Romantica NY","description":"AHORA CON SU PERIODICO DIGITAL Y LA MUSICA MAS ROMANTICA EN LA GRAN MANZANA, USA","publisher":{"@id":"https:\/\/romanticany.com\/#organization"},"potentialAction":[{"@type":"SearchAction","target":{"@type":"EntryPoint","urlTemplate":"https:\/\/romanticany.com\/?s={search_term_string}"},"query-input":{"@type":"PropertyValueSpecification","valueRequired":true,"valueName":"search_term_string"}}],"inLanguage":"es"},{"@type":"Organization","@id":"https:\/\/romanticany.com\/#organization","name":"Romantica NY","url":"https:\/\/romanticany.com\/","logo":{"@type":"ImageObject","inLanguage":"es","@id":"https:\/\/romanticany.com\/#\/schema\/logo\/image\/","url":"https:\/\/romanticany.com\/wp-content\/uploads\/2025\/01\/Logo-Romantica-3.png","contentUrl":"https:\/\/romanticany.com\/wp-content\/uploads\/2025\/01\/Logo-Romantica-3.png","width":1024,"height":1024,"caption":"Romantica NY"},"image":{"@id":"https:\/\/romanticany.com\/#\/schema\/logo\/image\/"}},{"@type":"Person","@id":"https:\/\/romanticany.com\/#\/schema\/person\/be3a3ed4b2ab0af84e4dbe5c3215474c","name":"Romantica NY","image":{"@type":"ImageObject","inLanguage":"es","@id":"https:\/\/romanticany.com\/#\/schema\/person\/image\/","url":"https:\/\/romanticany.com\/wp-content\/uploads\/2025\/01\/cropped-Logo-Romantica-3-96x96.png","contentUrl":"https:\/\/romanticany.com\/wp-content\/uploads\/2025\/01\/cropped-Logo-Romantica-3-96x96.png","caption":"Romantica NY"},"sameAs":["https:\/\/romanticany.com"],"url":"https:\/\/romanticany.com\/?author=1"}]}},"rttpg_featured_image_url":{"full":["https:\/\/romanticany.com\/wp-content\/uploads\/2026\/03\/69b320eb56125.jpeg",800,450,false],"landscape":["https:\/\/romanticany.com\/wp-content\/uploads\/2026\/03\/69b320eb56125.jpeg",800,450,false],"portraits":["https:\/\/romanticany.com\/wp-content\/uploads\/2026\/03\/69b320eb56125.jpeg",800,450,false],"thumbnail":["https:\/\/romanticany.com\/wp-content\/uploads\/2026\/03\/69b320eb56125-150x150.jpeg",150,150,true],"medium":["https:\/\/romanticany.com\/wp-content\/uploads\/2026\/03\/69b320eb56125-300x169.jpeg",300,169,true],"large":["https:\/\/romanticany.com\/wp-content\/uploads\/2026\/03\/69b320eb56125.jpeg",640,360,false],"1536x1536":["https:\/\/romanticany.com\/wp-content\/uploads\/2026\/03\/69b320eb56125.jpeg",800,450,false],"2048x2048":["https:\/\/romanticany.com\/wp-content\/uploads\/2026\/03\/69b320eb56125.jpeg",800,450,false]},"rttpg_author":{"display_name":"Romantica NY","author_link":"https:\/\/romanticany.com\/?author=1"},"rttpg_comment":0,"rttpg_category":"<a href=\"https:\/\/romanticany.com\/?cat=11\" rel=\"category\">Pol\u00edtica<\/a>","rttpg_excerpt":"El 12 de marzo de 2026, el presidente Luis Abinader lider\u00f3 los actos por el centenario del nacimiento de Minerva Mirabal, pero esta vez el enfoque no fue solo en su rol hist\u00f3rico, sino en su dimensi\u00f3n humana: la mujer, la madre, la esposa y la abogada que, detr\u00e1s del s\u00edmbolo, tuvo una vida llena&hellip;","_links":{"self":[{"href":"https:\/\/romanticany.com\/index.php?rest_route=\/wp\/v2\/posts\/107296","targetHints":{"allow":["GET"]}}],"collection":[{"href":"https:\/\/romanticany.com\/index.php?rest_route=\/wp\/v2\/posts"}],"about":[{"href":"https:\/\/romanticany.com\/index.php?rest_route=\/wp\/v2\/types\/post"}],"author":[{"embeddable":true,"href":"https:\/\/romanticany.com\/index.php?rest_route=\/wp\/v2\/users\/1"}],"replies":[{"embeddable":true,"href":"https:\/\/romanticany.com\/index.php?rest_route=%2Fwp%2Fv2%2Fcomments&post=107296"}],"version-history":[{"count":1,"href":"https:\/\/romanticany.com\/index.php?rest_route=\/wp\/v2\/posts\/107296\/revisions"}],"predecessor-version":[{"id":107298,"href":"https:\/\/romanticany.com\/index.php?rest_route=\/wp\/v2\/posts\/107296\/revisions\/107298"}],"wp:featuredmedia":[{"embeddable":true,"href":"https:\/\/romanticany.com\/index.php?rest_route=\/wp\/v2\/media\/107297"}],"wp:attachment":[{"href":"https:\/\/romanticany.com\/index.php?rest_route=%2Fwp%2Fv2%2Fmedia&parent=107296"}],"wp:term":[{"taxonomy":"category","embeddable":true,"href":"https:\/\/romanticany.com\/index.php?rest_route=%2Fwp%2Fv2%2Fcategories&post=107296"},{"taxonomy":"post_tag","embeddable":true,"href":"https:\/\/romanticany.com\/index.php?rest_route=%2Fwp%2Fv2%2Ftags&post=107296"}],"curies":[{"name":"wp","href":"https:\/\/api.w.org\/{rel}","templated":true}]}}