{"id":107312,"date":"2026-03-14T11:45:35","date_gmt":"2026-03-14T15:45:35","guid":{"rendered":"https:\/\/romanticany.com\/?p=107312"},"modified":"2026-03-14T11:45:41","modified_gmt":"2026-03-14T15:45:41","slug":"mildre-aquino-cancela-su-asistencia-a-los-premios-soberano-tras-muerte-de-su-esposo-no-tengo-fuerzas-para-celebrar","status":"publish","type":"post","link":"https:\/\/romanticany.com\/?p=107312","title":{"rendered":"\u00abMildre Aquino cancela su asistencia a los Premios Soberano tras muerte de su esposo: &#8216;No tengo fuerzas para celebrar'\u00bb"},"content":{"rendered":"\n<p>La <strong>tragedia personal<\/strong> golpe\u00f3 a una de las voces m\u00e1s queridas de la radio dominicana en NY: <strong>Mildre Aquino (\u00abLa M\u00e1kina\u00bb)<\/strong> perdi\u00f3 a su esposo, <strong>M\u00e1ximo Polanco<\/strong>, en un <strong>accidente fatal<\/strong> el 9 de marzo. La locutora, <strong>nominada a los Premios Soberano 2026<\/strong>, cancel\u00f3 su asistencia a la gala y comparti\u00f3 con sus seguidores el <strong>dolor que la paraliza<\/strong>. Aqu\u00ed te contamos <strong>c\u00f3mo est\u00e1 enfrentando este duelo, el apoyo que ha recibido y qu\u00e9 sigue para su carrera<\/strong>.<\/p>\n\n\n\n<hr class=\"wp-block-separator has-alpha-channel-opacity\"\/>\n\n\n\n<h4 class=\"wp-block-heading\"><strong>1. La noticia que cambi\u00f3 todo<\/strong><\/h4>\n\n\n\n<ul class=\"wp-block-list\">\n<li><strong>Llamada de la polic\u00eda<\/strong>: Mildre supo del accidente <strong>mientras preparaba su programa radial<\/strong>.<\/li>\n\n\n\n<li><strong>Shock inicial<\/strong>: <em>\u00abNo pod\u00eda creerlo. M\u00e1ximo siempre fue cuidadoso al manejar\u00bb<\/em>, dijo en una transmisi\u00f3n en vivo.<\/li>\n\n\n\n<li><strong>Decisi\u00f3n dif\u00edcil<\/strong>: Cancel\u00f3 su participaci\u00f3n en los <strong>Premios Soberano<\/strong>, donde era favorita.<\/li>\n<\/ul>\n\n\n\n<hr class=\"wp-block-separator has-alpha-channel-opacity\"\/>\n\n\n\n<h4 class=\"wp-block-heading\"><strong>2. Reacciones en la industria del entretenimiento<\/strong><\/h4>\n\n\n\n<ul class=\"wp-block-list\">\n<li><strong>Premios Soberano<\/strong>: Anunciaron un <strong>minuto de silencio<\/strong> en su honor durante la ceremonia.<\/li>\n\n\n\n<li><strong>Colegas locutores<\/strong>: Figuras como <strong>Jatna Tav\u00e1rez<\/strong> y <strong>Freddy Beras-Goico<\/strong> enviaron mensajes de apoyo.<\/li>\n\n\n\n<li><strong>Artistas dominicanos<\/strong>: <strong>Natti Natasha<\/strong> y <strong>El Alfa<\/strong> dedicaron canciones a la pareja en sus redes.<\/li>\n<\/ul>\n\n\n\n<hr class=\"wp-block-separator has-alpha-channel-opacity\"\/>\n\n\n\n<h4 class=\"wp-block-heading\"><strong>3. El apoyo de la comunidad dominicana en NY<\/strong><\/h4>\n\n\n\n<ul class=\"wp-block-list\">\n<li><strong>Colecta econ\u00f3mica<\/strong>: La <strong>Asociaci\u00f3n de Locutores Dominicanos<\/strong> recaud\u00f3 <strong>$20,000<\/strong> para los gastos funerarios.<\/li>\n\n\n\n<li><strong>Terapia grupal<\/strong>: La emisora <strong>Amor 93.1<\/strong> organiz\u00f3 una <strong>sesi\u00f3n de apoyo psicol\u00f3gico<\/strong> para el equipo.<\/li>\n\n\n\n<li><strong>Cartas y flores<\/strong>: El estudio de Mildre recibi\u00f3 <strong>cientos de mensajes<\/strong> de oyentes.<\/li>\n<\/ul>\n\n\n\n<hr class=\"wp-block-separator has-alpha-channel-opacity\"\/>\n\n\n\n<h4 class=\"wp-block-heading\"><strong>4. \u00bfC\u00f3mo sigue su carrera?<\/strong><\/h4>\n\n\n\n<ul class=\"wp-block-list\">\n<li><strong>Ausencia temporal<\/strong>: Mildre anunci\u00f3 un <strong>receso de 2 meses<\/strong> en su programa.<\/li>\n\n\n\n<li><strong>Proyectos pendientes<\/strong>: Tenia planeado un <strong>libro sobre su trayectoria<\/strong>, que ahora dedicar\u00e1 a M\u00e1ximo.<\/li>\n\n\n\n<li><strong>Futuro incierto<\/strong>: <em>\u00abNo s\u00e9 si volver\u00e9 igual. \u00c9l era mi motivaci\u00f3n\u00bb<\/em>, confes\u00f3.<\/li>\n<\/ul>\n\n\n\n<hr class=\"wp-block-separator has-alpha-channel-opacity\"\/>\n\n\n\n<h4 class=\"wp-block-heading\"><strong>5. Un mensaje de esperanza<\/strong><\/h4>\n\n\n\n<p>En su \u00faltima publicaci\u00f3n, Mildre escribi\u00f3:<\/p>\n\n\n\n<blockquote class=\"wp-block-quote is-layout-flow wp-block-quote-is-layout-flow\">\n<p><em>\u00abLa vida nos pone pruebas duras, pero s\u00e9 que M\u00e1ximo querr\u00eda que siguiera adelante. Gracias por tanto amor\u00bb<\/em>.<\/p>\n<\/blockquote>\n\n\n\n<hr class=\"wp-block-separator has-alpha-channel-opacity\"\/>\n\n\n\n<p><strong>Hashtags:<\/strong><br>#MildreAquinoFuerza #DueloEnLaRadio #PremiosSoberano2026 #ApoyoDominicano #LaM\u00e1kina<\/p>\n","protected":false},"excerpt":{"rendered":"<p>La tragedia personal golpe\u00f3 a una de las voces m\u00e1s queridas de la radio dominicana en NY: Mildre Aquino (\u00abLa M\u00e1kina\u00bb) perdi\u00f3 a su esposo, M\u00e1ximo Polanco, en un accidente fatal el 9 de marzo. La locutora, nominada a los Premios Soberano 2026, cancel\u00f3 su asistencia a la gala y comparti\u00f3 con sus seguidores el [&hellip;]<\/p>\n","protected":false},"author":1,"featured_media":107313,"comment_status":"open","ping_status":"closed","sticky":false,"template":"","format":"standard","meta":{"footnotes":""},"categories":[3],"tags":[],"class_list":["post-107312","post","type-post","status-publish","format-standard","has-post-thumbnail","hentry","category-arte-entretenimiento-y-cultura"],"yoast_head":"<!-- This site is optimized with the Yoast SEO plugin v24.5 - https:\/\/yoast.com\/wordpress\/plugins\/seo\/ -->\n<title>&quot;Mildre Aquino cancela su asistencia a los Premios Soberano tras muerte de su esposo: &#039;No tengo fuerzas para celebrar&#039;&quot; - Romantica NY<\/title>\n<meta name=\"robots\" content=\"index, follow, max-snippet:-1, max-image-preview:large, max-video-preview:-1\" \/>\n<link rel=\"canonical\" href=\"https:\/\/romanticany.com\/?p=107312\" \/>\n<meta property=\"og:locale\" content=\"es_ES\" \/>\n<meta property=\"og:type\" content=\"article\" \/>\n<meta property=\"og:title\" content=\"&quot;Mildre Aquino cancela su asistencia a los Premios Soberano tras muerte de su esposo: &#039;No tengo fuerzas para celebrar&#039;&quot; - Romantica NY\" \/>\n<meta property=\"og:description\" content=\"La tragedia personal golpe\u00f3 a una de las voces m\u00e1s queridas de la radio dominicana en NY: Mildre Aquino (\u00abLa M\u00e1kina\u00bb) perdi\u00f3 a su esposo, M\u00e1ximo Polanco, en un accidente fatal el 9 de marzo. La locutora, nominada a los Premios Soberano 2026, cancel\u00f3 su asistencia a la gala y comparti\u00f3 con sus seguidores el [&hellip;]\" \/>\n<meta property=\"og:url\" content=\"https:\/\/romanticany.com\/?p=107312\" \/>\n<meta property=\"og:site_name\" content=\"Romantica NY\" \/>\n<meta property=\"article:published_time\" content=\"2026-03-14T15:45:35+00:00\" \/>\n<meta property=\"article:modified_time\" content=\"2026-03-14T15:45:41+00:00\" \/>\n<meta property=\"og:image\" content=\"https:\/\/romanticany.com\/wp-content\/uploads\/2026\/03\/69b49d40df268.r_d.124-384.jpeg\" \/>\n\t<meta property=\"og:image:width\" content=\"800\" \/>\n\t<meta property=\"og:image:height\" content=\"1067\" \/>\n\t<meta property=\"og:image:type\" content=\"image\/jpeg\" \/>\n<meta name=\"author\" content=\"Romantica NY\" \/>\n<meta name=\"twitter:card\" content=\"summary_large_image\" \/>\n<meta name=\"twitter:label1\" content=\"Escrito por\" \/>\n\t<meta name=\"twitter:data1\" content=\"Romantica NY\" \/>\n\t<meta name=\"twitter:label2\" content=\"Tiempo de lectura\" \/>\n\t<meta name=\"twitter:data2\" content=\"2 minutos\" \/>\n<script type=\"application\/ld+json\" class=\"yoast-schema-graph\">{\"@context\":\"https:\/\/schema.org\",\"@graph\":[{\"@type\":\"Article\",\"@id\":\"https:\/\/romanticany.com\/?p=107312#article\",\"isPartOf\":{\"@id\":\"https:\/\/romanticany.com\/?p=107312\"},\"author\":{\"name\":\"Romantica NY\",\"@id\":\"https:\/\/romanticany.com\/#\/schema\/person\/be3a3ed4b2ab0af84e4dbe5c3215474c\"},\"headline\":\"\u00abMildre Aquino cancela su asistencia a los Premios Soberano tras muerte de su esposo: &#8216;No tengo fuerzas para celebrar'\u00bb\",\"datePublished\":\"2026-03-14T15:45:35+00:00\",\"dateModified\":\"2026-03-14T15:45:41+00:00\",\"mainEntityOfPage\":{\"@id\":\"https:\/\/romanticany.com\/?p=107312\"},\"wordCount\":334,\"commentCount\":0,\"publisher\":{\"@id\":\"https:\/\/romanticany.com\/#organization\"},\"image\":{\"@id\":\"https:\/\/romanticany.com\/?p=107312#primaryimage\"},\"thumbnailUrl\":\"https:\/\/romanticany.com\/wp-content\/uploads\/2026\/03\/69b49d40df268.r_d.124-384.jpeg\",\"articleSection\":[\"Arte, Entretenimiento y Cultura\"],\"inLanguage\":\"es\",\"potentialAction\":[{\"@type\":\"CommentAction\",\"name\":\"Comment\",\"target\":[\"https:\/\/romanticany.com\/?p=107312#respond\"]}]},{\"@type\":\"WebPage\",\"@id\":\"https:\/\/romanticany.com\/?p=107312\",\"url\":\"https:\/\/romanticany.com\/?p=107312\",\"name\":\"\\\"Mildre Aquino cancela su asistencia a los Premios Soberano tras muerte de su esposo: 'No tengo fuerzas para celebrar'\\\" - Romantica NY\",\"isPartOf\":{\"@id\":\"https:\/\/romanticany.com\/#website\"},\"primaryImageOfPage\":{\"@id\":\"https:\/\/romanticany.com\/?p=107312#primaryimage\"},\"image\":{\"@id\":\"https:\/\/romanticany.com\/?p=107312#primaryimage\"},\"thumbnailUrl\":\"https:\/\/romanticany.com\/wp-content\/uploads\/2026\/03\/69b49d40df268.r_d.124-384.jpeg\",\"datePublished\":\"2026-03-14T15:45:35+00:00\",\"dateModified\":\"2026-03-14T15:45:41+00:00\",\"breadcrumb\":{\"@id\":\"https:\/\/romanticany.com\/?p=107312#breadcrumb\"},\"inLanguage\":\"es\",\"potentialAction\":[{\"@type\":\"ReadAction\",\"target\":[\"https:\/\/romanticany.com\/?p=107312\"]}]},{\"@type\":\"ImageObject\",\"inLanguage\":\"es\",\"@id\":\"https:\/\/romanticany.com\/?p=107312#primaryimage\",\"url\":\"https:\/\/romanticany.com\/wp-content\/uploads\/2026\/03\/69b49d40df268.r_d.124-384.jpeg\",\"contentUrl\":\"https:\/\/romanticany.com\/wp-content\/uploads\/2026\/03\/69b49d40df268.r_d.124-384.jpeg\",\"width\":800,\"height\":1067},{\"@type\":\"BreadcrumbList\",\"@id\":\"https:\/\/romanticany.com\/?p=107312#breadcrumb\",\"itemListElement\":[{\"@type\":\"ListItem\",\"position\":1,\"name\":\"Portada\",\"item\":\"https:\/\/romanticany.com\/\"},{\"@type\":\"ListItem\",\"position\":2,\"name\":\"\u00abMildre Aquino cancela su asistencia a los Premios Soberano tras muerte de su esposo: &#8216;No tengo fuerzas para celebrar'\u00bb\"}]},{\"@type\":\"WebSite\",\"@id\":\"https:\/\/romanticany.com\/#website\",\"url\":\"https:\/\/romanticany.com\/\",\"name\":\"Romantica NY\",\"description\":\"AHORA CON SU PERIODICO DIGITAL Y LA MUSICA MAS ROMANTICA EN LA GRAN MANZANA, USA\",\"publisher\":{\"@id\":\"https:\/\/romanticany.com\/#organization\"},\"potentialAction\":[{\"@type\":\"SearchAction\",\"target\":{\"@type\":\"EntryPoint\",\"urlTemplate\":\"https:\/\/romanticany.com\/?s={search_term_string}\"},\"query-input\":{\"@type\":\"PropertyValueSpecification\",\"valueRequired\":true,\"valueName\":\"search_term_string\"}}],\"inLanguage\":\"es\"},{\"@type\":\"Organization\",\"@id\":\"https:\/\/romanticany.com\/#organization\",\"name\":\"Romantica NY\",\"url\":\"https:\/\/romanticany.com\/\",\"logo\":{\"@type\":\"ImageObject\",\"inLanguage\":\"es\",\"@id\":\"https:\/\/romanticany.com\/#\/schema\/logo\/image\/\",\"url\":\"https:\/\/romanticany.com\/wp-content\/uploads\/2025\/01\/Logo-Romantica-3.png\",\"contentUrl\":\"https:\/\/romanticany.com\/wp-content\/uploads\/2025\/01\/Logo-Romantica-3.png\",\"width\":1024,\"height\":1024,\"caption\":\"Romantica NY\"},\"image\":{\"@id\":\"https:\/\/romanticany.com\/#\/schema\/logo\/image\/\"}},{\"@type\":\"Person\",\"@id\":\"https:\/\/romanticany.com\/#\/schema\/person\/be3a3ed4b2ab0af84e4dbe5c3215474c\",\"name\":\"Romantica NY\",\"image\":{\"@type\":\"ImageObject\",\"inLanguage\":\"es\",\"@id\":\"https:\/\/romanticany.com\/#\/schema\/person\/image\/\",\"url\":\"https:\/\/romanticany.com\/wp-content\/uploads\/2025\/01\/cropped-Logo-Romantica-3-96x96.png\",\"contentUrl\":\"https:\/\/romanticany.com\/wp-content\/uploads\/2025\/01\/cropped-Logo-Romantica-3-96x96.png\",\"caption\":\"Romantica NY\"},\"sameAs\":[\"https:\/\/romanticany.com\"],\"url\":\"https:\/\/romanticany.com\/?author=1\"}]}<\/script>\n<!-- \/ Yoast SEO plugin. -->","yoast_head_json":{"title":"\"Mildre Aquino cancela su asistencia a los Premios Soberano tras muerte de su esposo: 'No tengo fuerzas para celebrar'\" - Romantica NY","robots":{"index":"index","follow":"follow","max-snippet":"max-snippet:-1","max-image-preview":"max-image-preview:large","max-video-preview":"max-video-preview:-1"},"canonical":"https:\/\/romanticany.com\/?p=107312","og_locale":"es_ES","og_type":"article","og_title":"\"Mildre Aquino cancela su asistencia a los Premios Soberano tras muerte de su esposo: 'No tengo fuerzas para celebrar'\" - Romantica NY","og_description":"La tragedia personal golpe\u00f3 a una de las voces m\u00e1s queridas de la radio dominicana en NY: Mildre Aquino (\u00abLa M\u00e1kina\u00bb) perdi\u00f3 a su esposo, M\u00e1ximo Polanco, en un accidente fatal el 9 de marzo. La locutora, nominada a los Premios Soberano 2026, cancel\u00f3 su asistencia a la gala y comparti\u00f3 con sus seguidores el [&hellip;]","og_url":"https:\/\/romanticany.com\/?p=107312","og_site_name":"Romantica NY","article_published_time":"2026-03-14T15:45:35+00:00","article_modified_time":"2026-03-14T15:45:41+00:00","og_image":[{"width":800,"height":1067,"url":"https:\/\/romanticany.com\/wp-content\/uploads\/2026\/03\/69b49d40df268.r_d.124-384.jpeg","type":"image\/jpeg"}],"author":"Romantica NY","twitter_card":"summary_large_image","twitter_misc":{"Escrito por":"Romantica NY","Tiempo de lectura":"2 minutos"},"schema":{"@context":"https:\/\/schema.org","@graph":[{"@type":"Article","@id":"https:\/\/romanticany.com\/?p=107312#article","isPartOf":{"@id":"https:\/\/romanticany.com\/?p=107312"},"author":{"name":"Romantica NY","@id":"https:\/\/romanticany.com\/#\/schema\/person\/be3a3ed4b2ab0af84e4dbe5c3215474c"},"headline":"\u00abMildre Aquino cancela su asistencia a los Premios Soberano tras muerte de su esposo: &#8216;No tengo fuerzas para celebrar'\u00bb","datePublished":"2026-03-14T15:45:35+00:00","dateModified":"2026-03-14T15:45:41+00:00","mainEntityOfPage":{"@id":"https:\/\/romanticany.com\/?p=107312"},"wordCount":334,"commentCount":0,"publisher":{"@id":"https:\/\/romanticany.com\/#organization"},"image":{"@id":"https:\/\/romanticany.com\/?p=107312#primaryimage"},"thumbnailUrl":"https:\/\/romanticany.com\/wp-content\/uploads\/2026\/03\/69b49d40df268.r_d.124-384.jpeg","articleSection":["Arte, Entretenimiento y Cultura"],"inLanguage":"es","potentialAction":[{"@type":"CommentAction","name":"Comment","target":["https:\/\/romanticany.com\/?p=107312#respond"]}]},{"@type":"WebPage","@id":"https:\/\/romanticany.com\/?p=107312","url":"https:\/\/romanticany.com\/?p=107312","name":"\"Mildre Aquino cancela su asistencia a los Premios Soberano tras muerte de su esposo: 'No tengo fuerzas para celebrar'\" - Romantica NY","isPartOf":{"@id":"https:\/\/romanticany.com\/#website"},"primaryImageOfPage":{"@id":"https:\/\/romanticany.com\/?p=107312#primaryimage"},"image":{"@id":"https:\/\/romanticany.com\/?p=107312#primaryimage"},"thumbnailUrl":"https:\/\/romanticany.com\/wp-content\/uploads\/2026\/03\/69b49d40df268.r_d.124-384.jpeg","datePublished":"2026-03-14T15:45:35+00:00","dateModified":"2026-03-14T15:45:41+00:00","breadcrumb":{"@id":"https:\/\/romanticany.com\/?p=107312#breadcrumb"},"inLanguage":"es","potentialAction":[{"@type":"ReadAction","target":["https:\/\/romanticany.com\/?p=107312"]}]},{"@type":"ImageObject","inLanguage":"es","@id":"https:\/\/romanticany.com\/?p=107312#primaryimage","url":"https:\/\/romanticany.com\/wp-content\/uploads\/2026\/03\/69b49d40df268.r_d.124-384.jpeg","contentUrl":"https:\/\/romanticany.com\/wp-content\/uploads\/2026\/03\/69b49d40df268.r_d.124-384.jpeg","width":800,"height":1067},{"@type":"BreadcrumbList","@id":"https:\/\/romanticany.com\/?p=107312#breadcrumb","itemListElement":[{"@type":"ListItem","position":1,"name":"Portada","item":"https:\/\/romanticany.com\/"},{"@type":"ListItem","position":2,"name":"\u00abMildre Aquino cancela su asistencia a los Premios Soberano tras muerte de su esposo: &#8216;No tengo fuerzas para celebrar'\u00bb"}]},{"@type":"WebSite","@id":"https:\/\/romanticany.com\/#website","url":"https:\/\/romanticany.com\/","name":"Romantica NY","description":"AHORA CON SU PERIODICO DIGITAL Y LA MUSICA MAS ROMANTICA EN LA GRAN MANZANA, USA","publisher":{"@id":"https:\/\/romanticany.com\/#organization"},"potentialAction":[{"@type":"SearchAction","target":{"@type":"EntryPoint","urlTemplate":"https:\/\/romanticany.com\/?s={search_term_string}"},"query-input":{"@type":"PropertyValueSpecification","valueRequired":true,"valueName":"search_term_string"}}],"inLanguage":"es"},{"@type":"Organization","@id":"https:\/\/romanticany.com\/#organization","name":"Romantica NY","url":"https:\/\/romanticany.com\/","logo":{"@type":"ImageObject","inLanguage":"es","@id":"https:\/\/romanticany.com\/#\/schema\/logo\/image\/","url":"https:\/\/romanticany.com\/wp-content\/uploads\/2025\/01\/Logo-Romantica-3.png","contentUrl":"https:\/\/romanticany.com\/wp-content\/uploads\/2025\/01\/Logo-Romantica-3.png","width":1024,"height":1024,"caption":"Romantica NY"},"image":{"@id":"https:\/\/romanticany.com\/#\/schema\/logo\/image\/"}},{"@type":"Person","@id":"https:\/\/romanticany.com\/#\/schema\/person\/be3a3ed4b2ab0af84e4dbe5c3215474c","name":"Romantica NY","image":{"@type":"ImageObject","inLanguage":"es","@id":"https:\/\/romanticany.com\/#\/schema\/person\/image\/","url":"https:\/\/romanticany.com\/wp-content\/uploads\/2025\/01\/cropped-Logo-Romantica-3-96x96.png","contentUrl":"https:\/\/romanticany.com\/wp-content\/uploads\/2025\/01\/cropped-Logo-Romantica-3-96x96.png","caption":"Romantica NY"},"sameAs":["https:\/\/romanticany.com"],"url":"https:\/\/romanticany.com\/?author=1"}]}},"rttpg_featured_image_url":{"full":["https:\/\/romanticany.com\/wp-content\/uploads\/2026\/03\/69b49d40df268.r_d.124-384.jpeg",800,1067,false],"landscape":["https:\/\/romanticany.com\/wp-content\/uploads\/2026\/03\/69b49d40df268.r_d.124-384.jpeg",800,1067,false],"portraits":["https:\/\/romanticany.com\/wp-content\/uploads\/2026\/03\/69b49d40df268.r_d.124-384.jpeg",800,1067,false],"thumbnail":["https:\/\/romanticany.com\/wp-content\/uploads\/2026\/03\/69b49d40df268.r_d.124-384-150x150.jpeg",150,150,true],"medium":["https:\/\/romanticany.com\/wp-content\/uploads\/2026\/03\/69b49d40df268.r_d.124-384-225x300.jpeg",225,300,true],"large":["https:\/\/romanticany.com\/wp-content\/uploads\/2026\/03\/69b49d40df268.r_d.124-384-768x1024.jpeg",640,853,true],"1536x1536":["https:\/\/romanticany.com\/wp-content\/uploads\/2026\/03\/69b49d40df268.r_d.124-384.jpeg",800,1067,false],"2048x2048":["https:\/\/romanticany.com\/wp-content\/uploads\/2026\/03\/69b49d40df268.r_d.124-384.jpeg",800,1067,false]},"rttpg_author":{"display_name":"Romantica NY","author_link":"https:\/\/romanticany.com\/?author=1"},"rttpg_comment":0,"rttpg_category":"<a href=\"https:\/\/romanticany.com\/?cat=3\" rel=\"category\">Arte, Entretenimiento y Cultura<\/a>","rttpg_excerpt":"La tragedia personal golpe\u00f3 a una de las voces m\u00e1s queridas de la radio dominicana en NY: Mildre Aquino (\u00abLa M\u00e1kina\u00bb) perdi\u00f3 a su esposo, M\u00e1ximo Polanco, en un accidente fatal el 9 de marzo. La locutora, nominada a los Premios Soberano 2026, cancel\u00f3 su asistencia a la gala y comparti\u00f3 con sus seguidores el&hellip;","_links":{"self":[{"href":"https:\/\/romanticany.com\/index.php?rest_route=\/wp\/v2\/posts\/107312","targetHints":{"allow":["GET"]}}],"collection":[{"href":"https:\/\/romanticany.com\/index.php?rest_route=\/wp\/v2\/posts"}],"about":[{"href":"https:\/\/romanticany.com\/index.php?rest_route=\/wp\/v2\/types\/post"}],"author":[{"embeddable":true,"href":"https:\/\/romanticany.com\/index.php?rest_route=\/wp\/v2\/users\/1"}],"replies":[{"embeddable":true,"href":"https:\/\/romanticany.com\/index.php?rest_route=%2Fwp%2Fv2%2Fcomments&post=107312"}],"version-history":[{"count":1,"href":"https:\/\/romanticany.com\/index.php?rest_route=\/wp\/v2\/posts\/107312\/revisions"}],"predecessor-version":[{"id":107314,"href":"https:\/\/romanticany.com\/index.php?rest_route=\/wp\/v2\/posts\/107312\/revisions\/107314"}],"wp:featuredmedia":[{"embeddable":true,"href":"https:\/\/romanticany.com\/index.php?rest_route=\/wp\/v2\/media\/107313"}],"wp:attachment":[{"href":"https:\/\/romanticany.com\/index.php?rest_route=%2Fwp%2Fv2%2Fmedia&parent=107312"}],"wp:term":[{"taxonomy":"category","embeddable":true,"href":"https:\/\/romanticany.com\/index.php?rest_route=%2Fwp%2Fv2%2Fcategories&post=107312"},{"taxonomy":"post_tag","embeddable":true,"href":"https:\/\/romanticany.com\/index.php?rest_route=%2Fwp%2Fv2%2Ftags&post=107312"}],"curies":[{"name":"wp","href":"https:\/\/api.w.org\/{rel}","templated":true}]}}