{"id":107376,"date":"2026-03-16T11:08:52","date_gmt":"2026-03-16T15:08:52","guid":{"rendered":"https:\/\/romanticany.com\/?p=107376"},"modified":"2026-03-16T11:08:55","modified_gmt":"2026-03-16T15:08:55","slug":"abinader-destaca-el-legado-del-equipo-dominicano-en-el-clasico-mundial-un-ejemplo-de-garra-y-pasion-para-el-pais","status":"publish","type":"post","link":"https:\/\/romanticany.com\/?p=107376","title":{"rendered":"\u00abAbinader destaca el legado del equipo dominicano en el Cl\u00e1sico Mundial: &#8216;Un ejemplo de garra y pasi\u00f3n para el pa\u00eds'\u00bb"},"content":{"rendered":"\n<p>El presidente <strong>Luis Abinader<\/strong> expres\u00f3 su <strong>agradecimiento y admiraci\u00f3n<\/strong> por el equipo de <strong>Rep\u00fablica Dominicana<\/strong> tras su participaci\u00f3n en el <strong>Cl\u00e1sico Mundial de B\u00e9isbol 2026<\/strong>, donde a pesar de la <strong>eliminaci\u00f3n en semifinales ante Estados Unidos<\/strong>, los jugadores <strong>dejaron un legado de garra, pasi\u00f3n y entrega<\/strong> que ser\u00e1 recordado por a\u00f1os. El mandatario, quien sigui\u00f3 el partido desde el <strong>Malec\u00f3n de Santo Domingo<\/strong> junto a la alcaldesa <strong>Carolina Mej\u00eda<\/strong> y el jefe de la Polic\u00eda Nacional, <strong>Andr\u00e9s Modesto Cruz Cruz<\/strong>, destac\u00f3 el <strong>esfuerzo y la dedicaci\u00f3n<\/strong> de los jugadores, quienes representaron al pa\u00eds con <strong>orgullo y determinaci\u00f3n<\/strong>.<\/p>\n\n\n\n<hr class=\"wp-block-separator has-alpha-channel-opacity\"\/>\n\n\n\n<h3 class=\"wp-block-heading\"><strong>Un partido que emocion\u00f3 al pa\u00eds<\/strong><\/h3>\n\n\n\n<p>El encuentro entre <strong>Rep\u00fablica Dominicana y Estados Unidos<\/strong> mantuvo en vilo a todo el pa\u00eds, con miles de aficionados reunidos en <strong>calles, plazas y colmadones<\/strong> para apoyar al equipo quisqueyano. Aunque el resultado final fue una <strong>derrota por 2-1<\/strong>, el presidente Abinader <strong>resalt\u00f3 la importancia del esfuerzo colectivo<\/strong> y la <strong>uni\u00f3n nacional<\/strong> en torno al equipo, que a pesar de la eliminaci\u00f3n, <strong>demostr\u00f3 una vez m\u00e1s su calidad y compromiso<\/strong>.<\/p>\n\n\n\n<p><em>\u00abAunque el resultado no fue el esperado, el equipo dominicano dej\u00f3 un legado de lucha y pasi\u00f3n que inspirar\u00e1 a futuras generaciones\u00bb<\/em>, escribi\u00f3 Abinader en sus redes sociales, donde tambi\u00e9n <strong>agradeci\u00f3 a los jugadores por su entrega<\/strong> y por <strong>representar con dignidad<\/strong> a Rep\u00fablica Dominicana en el torneo.<\/p>\n\n\n\n<hr class=\"wp-block-separator has-alpha-channel-opacity\"\/>\n\n\n\n<h3 class=\"wp-block-heading\"><strong>El desarrollo del partido: Un duelo ajustado<\/strong><\/h3>\n\n\n\n<p>El partido comenz\u00f3 con un <strong>jonr\u00f3n de Junior Caminero<\/strong> en el segundo inning, que puso a Rep\u00fablica Dominicana <strong>en ventaja<\/strong>. Sin embargo, Estados Unidos <strong>reaccion\u00f3 con dos cuadrangulares<\/strong> en el cuarto inning, cambiando el rumbo del juego. Aunque el equipo dominicano <strong>tuvo oportunidades para empatar<\/strong>, no logr\u00f3 concretar las jugadas clave, y el marcador final de <strong>2-1<\/strong> dej\u00f3 a los aficionados con un <strong>sabor agridulce<\/strong>.<\/p>\n\n\n\n<p>A pesar de la derrota, los jugadores <strong>demostraron garra y coraz\u00f3n<\/strong>, luchando hasta el \u00faltimo out y dejando en claro que <strong>el b\u00e9isbol dominicano sigue siendo una potencia<\/strong> en el escenario internacional.<\/p>\n\n\n\n<hr class=\"wp-block-separator has-alpha-channel-opacity\"\/>\n\n\n\n<h3 class=\"wp-block-heading\"><strong>El futuro del b\u00e9isbol dominicano<\/strong><\/h3>\n\n\n\n<p>El presidente Abinader <strong>reconoci\u00f3 el legado<\/strong> del equipo y destac\u00f3 que, aunque el sue\u00f1o de la corona no se cumpli\u00f3 esta vez, los jugadores <strong>dejan un ejemplo de lucha y determinaci\u00f3n<\/strong> para las futuras generaciones. <em>\u00abGracias por representar a nuestro pa\u00eds con tanto orgullo y dedicaci\u00f3n\u00bb<\/em>, escribi\u00f3 el mandatario, quien tambi\u00e9n <strong>agradeci\u00f3 a los aficionados<\/strong> por su apoyo incondicional durante todo el torneo.<\/p>\n\n\n\n<p>El equipo dominicano, integrado por <strong>estrellas de Grandes Ligas<\/strong> como <strong>Juan Soto, Julio Rodr\u00edguez y Vladimir Guerrero Jr.<\/strong>, <strong>demostr\u00f3 una vez m\u00e1s su calidad y compromiso<\/strong>, dejando claro que el <strong>futuro del b\u00e9isbol dominicano<\/strong> sigue siendo brillante y lleno de esperanza.<\/p>\n","protected":false},"excerpt":{"rendered":"<p>El presidente Luis Abinader expres\u00f3 su agradecimiento y admiraci\u00f3n por el equipo de Rep\u00fablica Dominicana tras su participaci\u00f3n en el Cl\u00e1sico Mundial de B\u00e9isbol 2026, donde a pesar de la eliminaci\u00f3n en semifinales ante Estados Unidos, los jugadores dejaron un legado de garra, pasi\u00f3n y entrega que ser\u00e1 recordado por a\u00f1os. El mandatario, quien sigui\u00f3 [&hellip;]<\/p>\n","protected":false},"author":1,"featured_media":107377,"comment_status":"open","ping_status":"closed","sticky":false,"template":"","format":"standard","meta":{"footnotes":""},"categories":[11],"tags":[],"class_list":["post-107376","post","type-post","status-publish","format-standard","has-post-thumbnail","hentry","category-politica"],"yoast_head":"<!-- This site is optimized with the Yoast SEO plugin v24.5 - https:\/\/yoast.com\/wordpress\/plugins\/seo\/ -->\n<title>&quot;Abinader destaca el legado del equipo dominicano en el Cl\u00e1sico Mundial: &#039;Un ejemplo de garra y pasi\u00f3n para el pa\u00eds&#039;&quot; - Romantica NY<\/title>\n<meta name=\"robots\" content=\"index, follow, max-snippet:-1, max-image-preview:large, max-video-preview:-1\" \/>\n<link rel=\"canonical\" href=\"https:\/\/romanticany.com\/?p=107376\" \/>\n<meta property=\"og:locale\" content=\"es_ES\" \/>\n<meta property=\"og:type\" content=\"article\" \/>\n<meta property=\"og:title\" content=\"&quot;Abinader destaca el legado del equipo dominicano en el Cl\u00e1sico Mundial: &#039;Un ejemplo de garra y pasi\u00f3n para el pa\u00eds&#039;&quot; - Romantica NY\" \/>\n<meta property=\"og:description\" content=\"El presidente Luis Abinader expres\u00f3 su agradecimiento y admiraci\u00f3n por el equipo de Rep\u00fablica Dominicana tras su participaci\u00f3n en el Cl\u00e1sico Mundial de B\u00e9isbol 2026, donde a pesar de la eliminaci\u00f3n en semifinales ante Estados Unidos, los jugadores dejaron un legado de garra, pasi\u00f3n y entrega que ser\u00e1 recordado por a\u00f1os. El mandatario, quien sigui\u00f3 [&hellip;]\" \/>\n<meta property=\"og:url\" content=\"https:\/\/romanticany.com\/?p=107376\" \/>\n<meta property=\"og:site_name\" content=\"Romantica NY\" \/>\n<meta property=\"article:published_time\" content=\"2026-03-16T15:08:52+00:00\" \/>\n<meta property=\"article:modified_time\" content=\"2026-03-16T15:08:55+00:00\" \/>\n<meta property=\"og:image\" content=\"https:\/\/romanticany.com\/wp-content\/uploads\/2026\/03\/presidente-abinader-agradece-a-rd-por-su-entrega-en-el-clasico-mundial-59cc0386-focus-min0.04-0.3-896-504.jpg\" \/>\n\t<meta property=\"og:image:width\" content=\"895\" \/>\n\t<meta property=\"og:image:height\" content=\"504\" \/>\n\t<meta property=\"og:image:type\" content=\"image\/jpeg\" \/>\n<meta name=\"author\" content=\"Romantica NY\" \/>\n<meta name=\"twitter:card\" content=\"summary_large_image\" \/>\n<meta name=\"twitter:label1\" content=\"Escrito por\" \/>\n\t<meta name=\"twitter:data1\" content=\"Romantica NY\" \/>\n\t<meta name=\"twitter:label2\" content=\"Tiempo de lectura\" \/>\n\t<meta name=\"twitter:data2\" content=\"3 minutos\" \/>\n<script type=\"application\/ld+json\" class=\"yoast-schema-graph\">{\"@context\":\"https:\/\/schema.org\",\"@graph\":[{\"@type\":\"Article\",\"@id\":\"https:\/\/romanticany.com\/?p=107376#article\",\"isPartOf\":{\"@id\":\"https:\/\/romanticany.com\/?p=107376\"},\"author\":{\"name\":\"Romantica NY\",\"@id\":\"https:\/\/romanticany.com\/#\/schema\/person\/be3a3ed4b2ab0af84e4dbe5c3215474c\"},\"headline\":\"\u00abAbinader destaca el legado del equipo dominicano en el Cl\u00e1sico Mundial: &#8216;Un ejemplo de garra y pasi\u00f3n para el pa\u00eds'\u00bb\",\"datePublished\":\"2026-03-16T15:08:52+00:00\",\"dateModified\":\"2026-03-16T15:08:55+00:00\",\"mainEntityOfPage\":{\"@id\":\"https:\/\/romanticany.com\/?p=107376\"},\"wordCount\":493,\"commentCount\":0,\"publisher\":{\"@id\":\"https:\/\/romanticany.com\/#organization\"},\"image\":{\"@id\":\"https:\/\/romanticany.com\/?p=107376#primaryimage\"},\"thumbnailUrl\":\"https:\/\/romanticany.com\/wp-content\/uploads\/2026\/03\/presidente-abinader-agradece-a-rd-por-su-entrega-en-el-clasico-mundial-59cc0386-focus-min0.04-0.3-896-504.jpg\",\"articleSection\":[\"Pol\u00edtica\"],\"inLanguage\":\"es\",\"potentialAction\":[{\"@type\":\"CommentAction\",\"name\":\"Comment\",\"target\":[\"https:\/\/romanticany.com\/?p=107376#respond\"]}]},{\"@type\":\"WebPage\",\"@id\":\"https:\/\/romanticany.com\/?p=107376\",\"url\":\"https:\/\/romanticany.com\/?p=107376\",\"name\":\"\\\"Abinader destaca el legado del equipo dominicano en el Cl\u00e1sico Mundial: 'Un ejemplo de garra y pasi\u00f3n para el pa\u00eds'\\\" - Romantica NY\",\"isPartOf\":{\"@id\":\"https:\/\/romanticany.com\/#website\"},\"primaryImageOfPage\":{\"@id\":\"https:\/\/romanticany.com\/?p=107376#primaryimage\"},\"image\":{\"@id\":\"https:\/\/romanticany.com\/?p=107376#primaryimage\"},\"thumbnailUrl\":\"https:\/\/romanticany.com\/wp-content\/uploads\/2026\/03\/presidente-abinader-agradece-a-rd-por-su-entrega-en-el-clasico-mundial-59cc0386-focus-min0.04-0.3-896-504.jpg\",\"datePublished\":\"2026-03-16T15:08:52+00:00\",\"dateModified\":\"2026-03-16T15:08:55+00:00\",\"breadcrumb\":{\"@id\":\"https:\/\/romanticany.com\/?p=107376#breadcrumb\"},\"inLanguage\":\"es\",\"potentialAction\":[{\"@type\":\"ReadAction\",\"target\":[\"https:\/\/romanticany.com\/?p=107376\"]}]},{\"@type\":\"ImageObject\",\"inLanguage\":\"es\",\"@id\":\"https:\/\/romanticany.com\/?p=107376#primaryimage\",\"url\":\"https:\/\/romanticany.com\/wp-content\/uploads\/2026\/03\/presidente-abinader-agradece-a-rd-por-su-entrega-en-el-clasico-mundial-59cc0386-focus-min0.04-0.3-896-504.jpg\",\"contentUrl\":\"https:\/\/romanticany.com\/wp-content\/uploads\/2026\/03\/presidente-abinader-agradece-a-rd-por-su-entrega-en-el-clasico-mundial-59cc0386-focus-min0.04-0.3-896-504.jpg\",\"width\":895,\"height\":504},{\"@type\":\"BreadcrumbList\",\"@id\":\"https:\/\/romanticany.com\/?p=107376#breadcrumb\",\"itemListElement\":[{\"@type\":\"ListItem\",\"position\":1,\"name\":\"Portada\",\"item\":\"https:\/\/romanticany.com\/\"},{\"@type\":\"ListItem\",\"position\":2,\"name\":\"\u00abAbinader destaca el legado del equipo dominicano en el Cl\u00e1sico Mundial: &#8216;Un ejemplo de garra y pasi\u00f3n para el pa\u00eds'\u00bb\"}]},{\"@type\":\"WebSite\",\"@id\":\"https:\/\/romanticany.com\/#website\",\"url\":\"https:\/\/romanticany.com\/\",\"name\":\"Romantica NY\",\"description\":\"AHORA CON SU PERIODICO DIGITAL Y LA MUSICA MAS ROMANTICA EN LA GRAN MANZANA, USA\",\"publisher\":{\"@id\":\"https:\/\/romanticany.com\/#organization\"},\"potentialAction\":[{\"@type\":\"SearchAction\",\"target\":{\"@type\":\"EntryPoint\",\"urlTemplate\":\"https:\/\/romanticany.com\/?s={search_term_string}\"},\"query-input\":{\"@type\":\"PropertyValueSpecification\",\"valueRequired\":true,\"valueName\":\"search_term_string\"}}],\"inLanguage\":\"es\"},{\"@type\":\"Organization\",\"@id\":\"https:\/\/romanticany.com\/#organization\",\"name\":\"Romantica NY\",\"url\":\"https:\/\/romanticany.com\/\",\"logo\":{\"@type\":\"ImageObject\",\"inLanguage\":\"es\",\"@id\":\"https:\/\/romanticany.com\/#\/schema\/logo\/image\/\",\"url\":\"https:\/\/romanticany.com\/wp-content\/uploads\/2025\/01\/Logo-Romantica-3.png\",\"contentUrl\":\"https:\/\/romanticany.com\/wp-content\/uploads\/2025\/01\/Logo-Romantica-3.png\",\"width\":1024,\"height\":1024,\"caption\":\"Romantica NY\"},\"image\":{\"@id\":\"https:\/\/romanticany.com\/#\/schema\/logo\/image\/\"}},{\"@type\":\"Person\",\"@id\":\"https:\/\/romanticany.com\/#\/schema\/person\/be3a3ed4b2ab0af84e4dbe5c3215474c\",\"name\":\"Romantica NY\",\"image\":{\"@type\":\"ImageObject\",\"inLanguage\":\"es\",\"@id\":\"https:\/\/romanticany.com\/#\/schema\/person\/image\/\",\"url\":\"https:\/\/romanticany.com\/wp-content\/uploads\/2025\/01\/cropped-Logo-Romantica-3-96x96.png\",\"contentUrl\":\"https:\/\/romanticany.com\/wp-content\/uploads\/2025\/01\/cropped-Logo-Romantica-3-96x96.png\",\"caption\":\"Romantica NY\"},\"sameAs\":[\"https:\/\/romanticany.com\"],\"url\":\"https:\/\/romanticany.com\/?author=1\"}]}<\/script>\n<!-- \/ Yoast SEO plugin. -->","yoast_head_json":{"title":"\"Abinader destaca el legado del equipo dominicano en el Cl\u00e1sico Mundial: 'Un ejemplo de garra y pasi\u00f3n para el pa\u00eds'\" - Romantica NY","robots":{"index":"index","follow":"follow","max-snippet":"max-snippet:-1","max-image-preview":"max-image-preview:large","max-video-preview":"max-video-preview:-1"},"canonical":"https:\/\/romanticany.com\/?p=107376","og_locale":"es_ES","og_type":"article","og_title":"\"Abinader destaca el legado del equipo dominicano en el Cl\u00e1sico Mundial: 'Un ejemplo de garra y pasi\u00f3n para el pa\u00eds'\" - Romantica NY","og_description":"El presidente Luis Abinader expres\u00f3 su agradecimiento y admiraci\u00f3n por el equipo de Rep\u00fablica Dominicana tras su participaci\u00f3n en el Cl\u00e1sico Mundial de B\u00e9isbol 2026, donde a pesar de la eliminaci\u00f3n en semifinales ante Estados Unidos, los jugadores dejaron un legado de garra, pasi\u00f3n y entrega que ser\u00e1 recordado por a\u00f1os. El mandatario, quien sigui\u00f3 [&hellip;]","og_url":"https:\/\/romanticany.com\/?p=107376","og_site_name":"Romantica NY","article_published_time":"2026-03-16T15:08:52+00:00","article_modified_time":"2026-03-16T15:08:55+00:00","og_image":[{"width":895,"height":504,"url":"https:\/\/romanticany.com\/wp-content\/uploads\/2026\/03\/presidente-abinader-agradece-a-rd-por-su-entrega-en-el-clasico-mundial-59cc0386-focus-min0.04-0.3-896-504.jpg","type":"image\/jpeg"}],"author":"Romantica NY","twitter_card":"summary_large_image","twitter_misc":{"Escrito por":"Romantica NY","Tiempo de lectura":"3 minutos"},"schema":{"@context":"https:\/\/schema.org","@graph":[{"@type":"Article","@id":"https:\/\/romanticany.com\/?p=107376#article","isPartOf":{"@id":"https:\/\/romanticany.com\/?p=107376"},"author":{"name":"Romantica NY","@id":"https:\/\/romanticany.com\/#\/schema\/person\/be3a3ed4b2ab0af84e4dbe5c3215474c"},"headline":"\u00abAbinader destaca el legado del equipo dominicano en el Cl\u00e1sico Mundial: &#8216;Un ejemplo de garra y pasi\u00f3n para el pa\u00eds'\u00bb","datePublished":"2026-03-16T15:08:52+00:00","dateModified":"2026-03-16T15:08:55+00:00","mainEntityOfPage":{"@id":"https:\/\/romanticany.com\/?p=107376"},"wordCount":493,"commentCount":0,"publisher":{"@id":"https:\/\/romanticany.com\/#organization"},"image":{"@id":"https:\/\/romanticany.com\/?p=107376#primaryimage"},"thumbnailUrl":"https:\/\/romanticany.com\/wp-content\/uploads\/2026\/03\/presidente-abinader-agradece-a-rd-por-su-entrega-en-el-clasico-mundial-59cc0386-focus-min0.04-0.3-896-504.jpg","articleSection":["Pol\u00edtica"],"inLanguage":"es","potentialAction":[{"@type":"CommentAction","name":"Comment","target":["https:\/\/romanticany.com\/?p=107376#respond"]}]},{"@type":"WebPage","@id":"https:\/\/romanticany.com\/?p=107376","url":"https:\/\/romanticany.com\/?p=107376","name":"\"Abinader destaca el legado del equipo dominicano en el Cl\u00e1sico Mundial: 'Un ejemplo de garra y pasi\u00f3n para el pa\u00eds'\" - Romantica NY","isPartOf":{"@id":"https:\/\/romanticany.com\/#website"},"primaryImageOfPage":{"@id":"https:\/\/romanticany.com\/?p=107376#primaryimage"},"image":{"@id":"https:\/\/romanticany.com\/?p=107376#primaryimage"},"thumbnailUrl":"https:\/\/romanticany.com\/wp-content\/uploads\/2026\/03\/presidente-abinader-agradece-a-rd-por-su-entrega-en-el-clasico-mundial-59cc0386-focus-min0.04-0.3-896-504.jpg","datePublished":"2026-03-16T15:08:52+00:00","dateModified":"2026-03-16T15:08:55+00:00","breadcrumb":{"@id":"https:\/\/romanticany.com\/?p=107376#breadcrumb"},"inLanguage":"es","potentialAction":[{"@type":"ReadAction","target":["https:\/\/romanticany.com\/?p=107376"]}]},{"@type":"ImageObject","inLanguage":"es","@id":"https:\/\/romanticany.com\/?p=107376#primaryimage","url":"https:\/\/romanticany.com\/wp-content\/uploads\/2026\/03\/presidente-abinader-agradece-a-rd-por-su-entrega-en-el-clasico-mundial-59cc0386-focus-min0.04-0.3-896-504.jpg","contentUrl":"https:\/\/romanticany.com\/wp-content\/uploads\/2026\/03\/presidente-abinader-agradece-a-rd-por-su-entrega-en-el-clasico-mundial-59cc0386-focus-min0.04-0.3-896-504.jpg","width":895,"height":504},{"@type":"BreadcrumbList","@id":"https:\/\/romanticany.com\/?p=107376#breadcrumb","itemListElement":[{"@type":"ListItem","position":1,"name":"Portada","item":"https:\/\/romanticany.com\/"},{"@type":"ListItem","position":2,"name":"\u00abAbinader destaca el legado del equipo dominicano en el Cl\u00e1sico Mundial: &#8216;Un ejemplo de garra y pasi\u00f3n para el pa\u00eds'\u00bb"}]},{"@type":"WebSite","@id":"https:\/\/romanticany.com\/#website","url":"https:\/\/romanticany.com\/","name":"Romantica NY","description":"AHORA CON SU PERIODICO DIGITAL Y LA MUSICA MAS ROMANTICA EN LA GRAN MANZANA, USA","publisher":{"@id":"https:\/\/romanticany.com\/#organization"},"potentialAction":[{"@type":"SearchAction","target":{"@type":"EntryPoint","urlTemplate":"https:\/\/romanticany.com\/?s={search_term_string}"},"query-input":{"@type":"PropertyValueSpecification","valueRequired":true,"valueName":"search_term_string"}}],"inLanguage":"es"},{"@type":"Organization","@id":"https:\/\/romanticany.com\/#organization","name":"Romantica NY","url":"https:\/\/romanticany.com\/","logo":{"@type":"ImageObject","inLanguage":"es","@id":"https:\/\/romanticany.com\/#\/schema\/logo\/image\/","url":"https:\/\/romanticany.com\/wp-content\/uploads\/2025\/01\/Logo-Romantica-3.png","contentUrl":"https:\/\/romanticany.com\/wp-content\/uploads\/2025\/01\/Logo-Romantica-3.png","width":1024,"height":1024,"caption":"Romantica NY"},"image":{"@id":"https:\/\/romanticany.com\/#\/schema\/logo\/image\/"}},{"@type":"Person","@id":"https:\/\/romanticany.com\/#\/schema\/person\/be3a3ed4b2ab0af84e4dbe5c3215474c","name":"Romantica NY","image":{"@type":"ImageObject","inLanguage":"es","@id":"https:\/\/romanticany.com\/#\/schema\/person\/image\/","url":"https:\/\/romanticany.com\/wp-content\/uploads\/2025\/01\/cropped-Logo-Romantica-3-96x96.png","contentUrl":"https:\/\/romanticany.com\/wp-content\/uploads\/2025\/01\/cropped-Logo-Romantica-3-96x96.png","caption":"Romantica NY"},"sameAs":["https:\/\/romanticany.com"],"url":"https:\/\/romanticany.com\/?author=1"}]}},"rttpg_featured_image_url":{"full":["https:\/\/romanticany.com\/wp-content\/uploads\/2026\/03\/presidente-abinader-agradece-a-rd-por-su-entrega-en-el-clasico-mundial-59cc0386-focus-min0.04-0.3-896-504.jpg",895,504,false],"landscape":["https:\/\/romanticany.com\/wp-content\/uploads\/2026\/03\/presidente-abinader-agradece-a-rd-por-su-entrega-en-el-clasico-mundial-59cc0386-focus-min0.04-0.3-896-504.jpg",895,504,false],"portraits":["https:\/\/romanticany.com\/wp-content\/uploads\/2026\/03\/presidente-abinader-agradece-a-rd-por-su-entrega-en-el-clasico-mundial-59cc0386-focus-min0.04-0.3-896-504.jpg",895,504,false],"thumbnail":["https:\/\/romanticany.com\/wp-content\/uploads\/2026\/03\/presidente-abinader-agradece-a-rd-por-su-entrega-en-el-clasico-mundial-59cc0386-focus-min0.04-0.3-896-504-150x150.jpg",150,150,true],"medium":["https:\/\/romanticany.com\/wp-content\/uploads\/2026\/03\/presidente-abinader-agradece-a-rd-por-su-entrega-en-el-clasico-mundial-59cc0386-focus-min0.04-0.3-896-504-300x169.jpg",300,169,true],"large":["https:\/\/romanticany.com\/wp-content\/uploads\/2026\/03\/presidente-abinader-agradece-a-rd-por-su-entrega-en-el-clasico-mundial-59cc0386-focus-min0.04-0.3-896-504.jpg",640,360,false],"1536x1536":["https:\/\/romanticany.com\/wp-content\/uploads\/2026\/03\/presidente-abinader-agradece-a-rd-por-su-entrega-en-el-clasico-mundial-59cc0386-focus-min0.04-0.3-896-504.jpg",895,504,false],"2048x2048":["https:\/\/romanticany.com\/wp-content\/uploads\/2026\/03\/presidente-abinader-agradece-a-rd-por-su-entrega-en-el-clasico-mundial-59cc0386-focus-min0.04-0.3-896-504.jpg",895,504,false]},"rttpg_author":{"display_name":"Romantica NY","author_link":"https:\/\/romanticany.com\/?author=1"},"rttpg_comment":0,"rttpg_category":"<a href=\"https:\/\/romanticany.com\/?cat=11\" rel=\"category\">Pol\u00edtica<\/a>","rttpg_excerpt":"El presidente Luis Abinader expres\u00f3 su agradecimiento y admiraci\u00f3n por el equipo de Rep\u00fablica Dominicana tras su participaci\u00f3n en el Cl\u00e1sico Mundial de B\u00e9isbol 2026, donde a pesar de la eliminaci\u00f3n en semifinales ante Estados Unidos, los jugadores dejaron un legado de garra, pasi\u00f3n y entrega que ser\u00e1 recordado por a\u00f1os. El mandatario, quien sigui\u00f3&hellip;","_links":{"self":[{"href":"https:\/\/romanticany.com\/index.php?rest_route=\/wp\/v2\/posts\/107376","targetHints":{"allow":["GET"]}}],"collection":[{"href":"https:\/\/romanticany.com\/index.php?rest_route=\/wp\/v2\/posts"}],"about":[{"href":"https:\/\/romanticany.com\/index.php?rest_route=\/wp\/v2\/types\/post"}],"author":[{"embeddable":true,"href":"https:\/\/romanticany.com\/index.php?rest_route=\/wp\/v2\/users\/1"}],"replies":[{"embeddable":true,"href":"https:\/\/romanticany.com\/index.php?rest_route=%2Fwp%2Fv2%2Fcomments&post=107376"}],"version-history":[{"count":1,"href":"https:\/\/romanticany.com\/index.php?rest_route=\/wp\/v2\/posts\/107376\/revisions"}],"predecessor-version":[{"id":107378,"href":"https:\/\/romanticany.com\/index.php?rest_route=\/wp\/v2\/posts\/107376\/revisions\/107378"}],"wp:featuredmedia":[{"embeddable":true,"href":"https:\/\/romanticany.com\/index.php?rest_route=\/wp\/v2\/media\/107377"}],"wp:attachment":[{"href":"https:\/\/romanticany.com\/index.php?rest_route=%2Fwp%2Fv2%2Fmedia&parent=107376"}],"wp:term":[{"taxonomy":"category","embeddable":true,"href":"https:\/\/romanticany.com\/index.php?rest_route=%2Fwp%2Fv2%2Fcategories&post=107376"},{"taxonomy":"post_tag","embeddable":true,"href":"https:\/\/romanticany.com\/index.php?rest_route=%2Fwp%2Fv2%2Ftags&post=107376"}],"curies":[{"name":"wp","href":"https:\/\/api.w.org\/{rel}","templated":true}]}}