{"id":107523,"date":"2026-03-18T23:11:33","date_gmt":"2026-03-19T03:11:33","guid":{"rendered":"https:\/\/romanticany.com\/?p=107523"},"modified":"2026-03-18T23:11:35","modified_gmt":"2026-03-19T03:11:35","slug":"raquel-arbaje-y-infotep-inauguran-aulas-tecnicas-en-capotillo-para-impulsar-empleo-y-emprendimiento-local","status":"publish","type":"post","link":"https:\/\/romanticany.com\/?p=107523","title":{"rendered":"\u00abRaquel Arbaje y Infotep inauguran aulas t\u00e9cnicas en Capotillo para impulsar empleo y emprendimiento local\u00bb"},"content":{"rendered":"\n<p>La <strong>primera dama Raquel Arbaje<\/strong> inaugur\u00f3 este martes un <strong>aula de inform\u00e1tica<\/strong> y un <strong>taller de belleza<\/strong> en el <strong>Centro para el Desarrollo de Capotillo<\/strong>, en colaboraci\u00f3n con el <strong>Instituto Nacional de Formaci\u00f3n T\u00e9cnico Profesional (Infotep)<\/strong>, con el objetivo de <strong>fortalecer las habilidades t\u00e9cnicas<\/strong> de los residentes de la comunidad. Los nuevos espacios, equipados con <strong>tecnolog\u00eda moderna y herramientas profesionales<\/strong>, permitir\u00e1n capacitar a <strong>j\u00f3venes y adultos<\/strong> en \u00e1reas como <strong>inform\u00e1tica, peluquer\u00eda y cuidado personal<\/strong>, brindando oportunidades para <strong>acceder a empleos formales o emprender sus propios negocios<\/strong>. Durante el acto, Arbaje resalt\u00f3 que la <strong>formaci\u00f3n t\u00e9cnica<\/strong> es fundamental para el <strong>desarrollo comunitario<\/strong> y la <strong>generaci\u00f3n de oportunidades<\/strong>, especialmente para <strong>mujeres y j\u00f3venes en situaciones vulnerables<\/strong>. La directora de Infotep, <strong>Maira Morla Pineda<\/strong>, destac\u00f3 que esta iniciativa forma parte de los esfuerzos de la instituci\u00f3n para <strong>acercar la educaci\u00f3n t\u00e9cnica a sectores con menos recursos<\/strong>, mientras que el presidente del centro comunitario, <strong>Ram\u00f3n Jim\u00e9nez<\/strong>, agradeci\u00f3 el apoyo y se\u00f1al\u00f3 que estos espacios son una <strong>oportunidad real<\/strong> para que los residentes mejoren sus perspectivas laborales.<\/p>\n\n\n\n<hr class=\"wp-block-separator has-alpha-channel-opacity\"\/>\n\n\n\n<h3 class=\"wp-block-heading\"><strong>\ud83d\udcbb Nuevos espacios para la formaci\u00f3n t\u00e9cnica<\/strong><\/h3>\n\n\n\n<ol class=\"wp-block-list\">\n<li><strong>Aula de inform\u00e1tica:<\/strong>\n<ul class=\"wp-block-list\">\n<li><strong>Equipada con computadoras y software actualizado<\/strong> para ense\u00f1ar <strong>habilidades digitales<\/strong> (ofim\u00e1tica, dise\u00f1o gr\u00e1fico, programaci\u00f3n b\u00e1sica).<\/li>\n\n\n\n<li><strong>Objetivo:<\/strong> Preparar a los estudiantes para trabajos en <strong>tecnolog\u00eda y administraci\u00f3n<\/strong>.<\/li>\n<\/ul>\n<\/li>\n\n\n\n<li><strong>Taller de belleza:<\/strong>\n<ul class=\"wp-block-list\">\n<li><strong>Herramientas profesionales<\/strong> para formaci\u00f3n en <strong>peluquer\u00eda, maquillaje y cuidado personal<\/strong>.<\/li>\n\n\n\n<li><strong>Enfoque emprendedor:<\/strong> Los graduados podr\u00e1n <strong>abrir sus propios negocios<\/strong> o trabajar en el sector de belleza.<\/li>\n<\/ul>\n<\/li>\n<\/ol>\n\n\n\n<p><em>\u00abEstos espacios son una puerta abierta al futuro para los j\u00f3venes de Capotillo\u00bb<\/em>, afirm\u00f3 <strong>Raquel Arbaje<\/strong>.<\/p>\n\n\n\n<hr class=\"wp-block-separator has-alpha-channel-opacity\"\/>\n\n\n\n<h3 class=\"wp-block-heading\"><strong>\ud83c\udf93 Formaci\u00f3n t\u00e9cnica como motor de desarrollo<\/strong><\/h3>\n\n\n\n<ol class=\"wp-block-list\">\n<li><strong>Impacto en la comunidad:<\/strong>\n<ul class=\"wp-block-list\">\n<li><strong>Capacitaci\u00f3n accesible<\/strong> para residentes de <strong>Capotillo y zonas cercanas<\/strong>.<\/li>\n\n\n\n<li><strong>Enfoque en grupos vulnerables<\/strong>: Mujeres, j\u00f3venes y desempleados.<\/li>\n<\/ul>\n<\/li>\n\n\n\n<li><strong>Apoyo de Infotep:<\/strong>\n<ul class=\"wp-block-list\">\n<li><strong>Programas formativos<\/strong> con instructores calificados.<\/li>\n\n\n\n<li><strong>Certificaciones oficiales<\/strong> que validan las habilidades adquiridas.<\/li>\n\n\n\n<li><strong>Seguimiento post-capacitaci\u00f3n<\/strong> para garantizar la inserci\u00f3n laboral.<\/li>\n<\/ul>\n<\/li>\n<\/ol>\n\n\n\n<p><em>\u00abLa formaci\u00f3n t\u00e9cnica es una herramienta clave para romper ciclos de pobreza y generar oportunidades\u00bb<\/em>, destac\u00f3 <strong>Maira Morla Pineda<\/strong>.<\/p>\n\n\n\n<hr class=\"wp-block-separator has-alpha-channel-opacity\"\/>\n\n\n\n<h3 class=\"wp-block-heading\"><strong>\ud83e\udd1d Trabajo conjunto entre instituciones y comunidad<\/strong><\/h3>\n\n\n\n<ol class=\"wp-block-list\">\n<li><strong>Rol de la Primera Dama:<\/strong>\n<ul class=\"wp-block-list\">\n<li><strong>Gesti\u00f3n de recursos<\/strong> para equipar los espacios.<\/li>\n\n\n\n<li><strong>Coordinaci\u00f3n con Infotep<\/strong> y otras entidades para ampliar el impacto.<\/li>\n<\/ul>\n<\/li>\n\n\n\n<li><strong>Participaci\u00f3n comunitaria:<\/strong>\n<ul class=\"wp-block-list\">\n<li><strong>Centro para el Desarrollo de Capotillo<\/strong> como eje del proyecto.<\/li>\n\n\n\n<li><strong>L\u00edderes locales<\/strong> involucrados en la identificaci\u00f3n de necesidades.<\/li>\n<\/ul>\n<\/li>\n<\/ol>\n\n\n\n<p><em>\u00abEste proyecto es un ejemplo de c\u00f3mo la colaboraci\u00f3n entre instituciones y comunidad puede cambiar vidas\u00bb<\/em>, se\u00f1al\u00f3 <strong>Ram\u00f3n Jim\u00e9nez<\/strong>.<\/p>\n\n\n\n<hr class=\"wp-block-separator has-alpha-channel-opacity\"\/>\n\n\n\n<h3 class=\"wp-block-heading\"><strong>\ud83d\udcca Beneficios del proyecto para Capotillo<\/strong><\/h3>\n\n\n\n<figure class=\"wp-block-table\"><table class=\"has-fixed-layout\"><thead><tr><th>\u00c1rea de impacto<\/th><th>Beneficios concretos<\/th><\/tr><\/thead><tbody><tr><td><strong>Empleo<\/strong><\/td><td>Oportunidades en <strong>tecnolog\u00eda, belleza y servicios<\/strong>.<\/td><\/tr><tr><td><strong>Emprendimiento<\/strong><\/td><td>Posibilidad de <strong>crear negocios propios<\/strong> (salones, talleres).<\/td><\/tr><tr><td><strong>Educaci\u00f3n<\/strong><\/td><td><strong>Certificaciones t\u00e9cnicas<\/strong> que mejoran el perfil profesional.<\/td><\/tr><tr><td><strong>Desarrollo comunitario<\/strong><\/td><td><strong>Reducci\u00f3n de desigualdades<\/strong> y mejora en la calidad de vida.<\/td><\/tr><tr><td><strong>Inclusi\u00f3n de g\u00e9nero<\/strong><\/td><td><strong>Oportunidades para mujeres<\/strong>, principales beneficiarias del proyecto.<\/td><\/tr><\/tbody><\/table><\/figure>\n\n\n\n<hr class=\"wp-block-separator has-alpha-channel-opacity\"\/>\n\n\n\n<h3 class=\"wp-block-heading\"><strong>\ud83d\udcac Declaraciones clave del evento<\/strong><\/h3>\n\n\n\n<ul class=\"wp-block-list\">\n<li><strong>Raquel Arbaje (Primera Dama):<\/strong><br><em>\u00abLa educaci\u00f3n t\u00e9cnica es una semilla que transforma comunidades. Hoy damos un paso m\u00e1s para que los j\u00f3venes de Capotillo tengan un futuro prometedor\u00bb<\/em>.<\/li>\n\n\n\n<li><strong>Maira Morla Pineda (Directora de Infotep):<\/strong><br><em>\u00abEn Infotep creemos que la formaci\u00f3n t\u00e9cnica es la clave para el desarrollo. Estos espacios son un testimonio de nuestro compromiso con las comunidades\u00bb<\/em>.<\/li>\n\n\n\n<li><strong>Ram\u00f3n Jim\u00e9nez (Presidente del Centro de Capotillo):<\/strong><br><em>\u00abAgradecemos a la primera dama y a Infotep por hacer realidad este sue\u00f1o. Ahora nuestros j\u00f3venes tendr\u00e1n herramientas para salir adelante\u00bb<\/em>.<\/li>\n<\/ul>\n\n\n\n<hr class=\"wp-block-separator has-alpha-channel-opacity\"\/>\n\n\n\n<h3 class=\"wp-block-heading\"><strong>\ud83c\udf1f \u00bfPor qu\u00e9 este proyecto es importante?<\/strong><\/h3>\n\n\n\n<ol class=\"wp-block-list\">\n<li><strong>Reduce la brecha de oportunidades<\/strong> en zonas vulnerables.<\/li>\n\n\n\n<li><strong>Fomenta el emprendimiento<\/strong> y la autonom\u00eda econ\u00f3mica.<\/li>\n\n\n\n<li><strong>Prepara a los j\u00f3venes<\/strong> para el mercado laboral moderno.<\/li>\n\n\n\n<li><strong>Fortalece el tejido social<\/strong> al promover educaci\u00f3n y trabajo colaborativo.<\/li>\n<\/ol>\n\n\n\n<p><em>\u00abIniciativas como esta demuestran que, con voluntad y recursos, podemos construir un futuro mejor para todos\u00bb<\/em>, concluy\u00f3 Arbaje.<\/p>\n\n\n\n<hr class=\"wp-block-separator has-alpha-channel-opacity\"\/>\n\n\n\n<p><strong>\u00bfQu\u00e9 opinas de iniciativas como esta que combinan formaci\u00f3n t\u00e9cnica y desarrollo comunitario?<\/strong> \u00bfCrees que deber\u00edan replicarse en otras zonas del pa\u00eds? \ud83c\udf93\ud83d\udca1<\/p>\n","protected":false},"excerpt":{"rendered":"<p>La primera dama Raquel Arbaje inaugur\u00f3 este martes un aula de inform\u00e1tica y un taller de belleza en el Centro para el Desarrollo de Capotillo, en colaboraci\u00f3n con el Instituto Nacional de Formaci\u00f3n T\u00e9cnico Profesional (Infotep), con el objetivo de fortalecer las habilidades t\u00e9cnicas de los residentes de la comunidad. Los nuevos espacios, equipados con [&hellip;]<\/p>\n","protected":false},"author":1,"featured_media":107524,"comment_status":"open","ping_status":"closed","sticky":false,"template":"","format":"standard","meta":{"footnotes":""},"categories":[11],"tags":[],"class_list":["post-107523","post","type-post","status-publish","format-standard","has-post-thumbnail","hentry","category-politica"],"yoast_head":"<!-- This site is optimized with the Yoast SEO plugin v24.5 - https:\/\/yoast.com\/wordpress\/plugins\/seo\/ -->\n<title>&quot;Raquel Arbaje y Infotep inauguran aulas t\u00e9cnicas en Capotillo para impulsar empleo y emprendimiento local&quot; - Romantica NY<\/title>\n<meta name=\"robots\" content=\"index, follow, max-snippet:-1, max-image-preview:large, max-video-preview:-1\" \/>\n<link rel=\"canonical\" href=\"https:\/\/romanticany.com\/?p=107523\" \/>\n<meta property=\"og:locale\" content=\"es_ES\" \/>\n<meta property=\"og:type\" content=\"article\" \/>\n<meta property=\"og:title\" content=\"&quot;Raquel Arbaje y Infotep inauguran aulas t\u00e9cnicas en Capotillo para impulsar empleo y emprendimiento local&quot; - Romantica NY\" \/>\n<meta property=\"og:description\" content=\"La primera dama Raquel Arbaje inaugur\u00f3 este martes un aula de inform\u00e1tica y un taller de belleza en el Centro para el Desarrollo de Capotillo, en colaboraci\u00f3n con el Instituto Nacional de Formaci\u00f3n T\u00e9cnico Profesional (Infotep), con el objetivo de fortalecer las habilidades t\u00e9cnicas de los residentes de la comunidad. Los nuevos espacios, equipados con [&hellip;]\" \/>\n<meta property=\"og:url\" content=\"https:\/\/romanticany.com\/?p=107523\" \/>\n<meta property=\"og:site_name\" content=\"Romantica NY\" \/>\n<meta property=\"article:published_time\" content=\"2026-03-19T03:11:33+00:00\" \/>\n<meta property=\"article:modified_time\" content=\"2026-03-19T03:11:35+00:00\" \/>\n<meta property=\"og:image\" content=\"https:\/\/romanticany.com\/wp-content\/uploads\/2026\/03\/Primera-dama-inaugura-aulas-de-belleza-e-informatica-equipadas-por-INFOTEP-en-Capotillo-728x453-1.jpg\" \/>\n\t<meta property=\"og:image:width\" content=\"728\" \/>\n\t<meta property=\"og:image:height\" content=\"453\" \/>\n\t<meta property=\"og:image:type\" content=\"image\/jpeg\" \/>\n<meta name=\"author\" content=\"Romantica NY\" \/>\n<meta name=\"twitter:card\" content=\"summary_large_image\" \/>\n<meta name=\"twitter:label1\" content=\"Escrito por\" \/>\n\t<meta name=\"twitter:data1\" content=\"Romantica NY\" \/>\n\t<meta name=\"twitter:label2\" content=\"Tiempo de lectura\" \/>\n\t<meta name=\"twitter:data2\" content=\"4 minutos\" \/>\n<script type=\"application\/ld+json\" class=\"yoast-schema-graph\">{\"@context\":\"https:\/\/schema.org\",\"@graph\":[{\"@type\":\"Article\",\"@id\":\"https:\/\/romanticany.com\/?p=107523#article\",\"isPartOf\":{\"@id\":\"https:\/\/romanticany.com\/?p=107523\"},\"author\":{\"name\":\"Romantica NY\",\"@id\":\"https:\/\/romanticany.com\/#\/schema\/person\/be3a3ed4b2ab0af84e4dbe5c3215474c\"},\"headline\":\"\u00abRaquel Arbaje y Infotep inauguran aulas t\u00e9cnicas en Capotillo para impulsar empleo y emprendimiento local\u00bb\",\"datePublished\":\"2026-03-19T03:11:33+00:00\",\"dateModified\":\"2026-03-19T03:11:35+00:00\",\"mainEntityOfPage\":{\"@id\":\"https:\/\/romanticany.com\/?p=107523\"},\"wordCount\":706,\"commentCount\":0,\"publisher\":{\"@id\":\"https:\/\/romanticany.com\/#organization\"},\"image\":{\"@id\":\"https:\/\/romanticany.com\/?p=107523#primaryimage\"},\"thumbnailUrl\":\"https:\/\/romanticany.com\/wp-content\/uploads\/2026\/03\/Primera-dama-inaugura-aulas-de-belleza-e-informatica-equipadas-por-INFOTEP-en-Capotillo-728x453-1.jpg\",\"articleSection\":[\"Pol\u00edtica\"],\"inLanguage\":\"es\",\"potentialAction\":[{\"@type\":\"CommentAction\",\"name\":\"Comment\",\"target\":[\"https:\/\/romanticany.com\/?p=107523#respond\"]}]},{\"@type\":\"WebPage\",\"@id\":\"https:\/\/romanticany.com\/?p=107523\",\"url\":\"https:\/\/romanticany.com\/?p=107523\",\"name\":\"\\\"Raquel Arbaje y Infotep inauguran aulas t\u00e9cnicas en Capotillo para impulsar empleo y emprendimiento local\\\" - Romantica NY\",\"isPartOf\":{\"@id\":\"https:\/\/romanticany.com\/#website\"},\"primaryImageOfPage\":{\"@id\":\"https:\/\/romanticany.com\/?p=107523#primaryimage\"},\"image\":{\"@id\":\"https:\/\/romanticany.com\/?p=107523#primaryimage\"},\"thumbnailUrl\":\"https:\/\/romanticany.com\/wp-content\/uploads\/2026\/03\/Primera-dama-inaugura-aulas-de-belleza-e-informatica-equipadas-por-INFOTEP-en-Capotillo-728x453-1.jpg\",\"datePublished\":\"2026-03-19T03:11:33+00:00\",\"dateModified\":\"2026-03-19T03:11:35+00:00\",\"breadcrumb\":{\"@id\":\"https:\/\/romanticany.com\/?p=107523#breadcrumb\"},\"inLanguage\":\"es\",\"potentialAction\":[{\"@type\":\"ReadAction\",\"target\":[\"https:\/\/romanticany.com\/?p=107523\"]}]},{\"@type\":\"ImageObject\",\"inLanguage\":\"es\",\"@id\":\"https:\/\/romanticany.com\/?p=107523#primaryimage\",\"url\":\"https:\/\/romanticany.com\/wp-content\/uploads\/2026\/03\/Primera-dama-inaugura-aulas-de-belleza-e-informatica-equipadas-por-INFOTEP-en-Capotillo-728x453-1.jpg\",\"contentUrl\":\"https:\/\/romanticany.com\/wp-content\/uploads\/2026\/03\/Primera-dama-inaugura-aulas-de-belleza-e-informatica-equipadas-por-INFOTEP-en-Capotillo-728x453-1.jpg\",\"width\":728,\"height\":453},{\"@type\":\"BreadcrumbList\",\"@id\":\"https:\/\/romanticany.com\/?p=107523#breadcrumb\",\"itemListElement\":[{\"@type\":\"ListItem\",\"position\":1,\"name\":\"Portada\",\"item\":\"https:\/\/romanticany.com\/\"},{\"@type\":\"ListItem\",\"position\":2,\"name\":\"\u00abRaquel Arbaje y Infotep inauguran aulas t\u00e9cnicas en Capotillo para impulsar empleo y emprendimiento local\u00bb\"}]},{\"@type\":\"WebSite\",\"@id\":\"https:\/\/romanticany.com\/#website\",\"url\":\"https:\/\/romanticany.com\/\",\"name\":\"Romantica NY\",\"description\":\"AHORA CON SU PERIODICO DIGITAL Y LA MUSICA MAS ROMANTICA EN LA GRAN MANZANA, USA\",\"publisher\":{\"@id\":\"https:\/\/romanticany.com\/#organization\"},\"potentialAction\":[{\"@type\":\"SearchAction\",\"target\":{\"@type\":\"EntryPoint\",\"urlTemplate\":\"https:\/\/romanticany.com\/?s={search_term_string}\"},\"query-input\":{\"@type\":\"PropertyValueSpecification\",\"valueRequired\":true,\"valueName\":\"search_term_string\"}}],\"inLanguage\":\"es\"},{\"@type\":\"Organization\",\"@id\":\"https:\/\/romanticany.com\/#organization\",\"name\":\"Romantica NY\",\"url\":\"https:\/\/romanticany.com\/\",\"logo\":{\"@type\":\"ImageObject\",\"inLanguage\":\"es\",\"@id\":\"https:\/\/romanticany.com\/#\/schema\/logo\/image\/\",\"url\":\"https:\/\/romanticany.com\/wp-content\/uploads\/2025\/01\/Logo-Romantica-3.png\",\"contentUrl\":\"https:\/\/romanticany.com\/wp-content\/uploads\/2025\/01\/Logo-Romantica-3.png\",\"width\":1024,\"height\":1024,\"caption\":\"Romantica NY\"},\"image\":{\"@id\":\"https:\/\/romanticany.com\/#\/schema\/logo\/image\/\"}},{\"@type\":\"Person\",\"@id\":\"https:\/\/romanticany.com\/#\/schema\/person\/be3a3ed4b2ab0af84e4dbe5c3215474c\",\"name\":\"Romantica NY\",\"image\":{\"@type\":\"ImageObject\",\"inLanguage\":\"es\",\"@id\":\"https:\/\/romanticany.com\/#\/schema\/person\/image\/\",\"url\":\"https:\/\/romanticany.com\/wp-content\/uploads\/2025\/01\/cropped-Logo-Romantica-3-96x96.png\",\"contentUrl\":\"https:\/\/romanticany.com\/wp-content\/uploads\/2025\/01\/cropped-Logo-Romantica-3-96x96.png\",\"caption\":\"Romantica NY\"},\"sameAs\":[\"https:\/\/romanticany.com\"],\"url\":\"https:\/\/romanticany.com\/?author=1\"}]}<\/script>\n<!-- \/ Yoast SEO plugin. -->","yoast_head_json":{"title":"\"Raquel Arbaje y Infotep inauguran aulas t\u00e9cnicas en Capotillo para impulsar empleo y emprendimiento local\" - Romantica NY","robots":{"index":"index","follow":"follow","max-snippet":"max-snippet:-1","max-image-preview":"max-image-preview:large","max-video-preview":"max-video-preview:-1"},"canonical":"https:\/\/romanticany.com\/?p=107523","og_locale":"es_ES","og_type":"article","og_title":"\"Raquel Arbaje y Infotep inauguran aulas t\u00e9cnicas en Capotillo para impulsar empleo y emprendimiento local\" - Romantica NY","og_description":"La primera dama Raquel Arbaje inaugur\u00f3 este martes un aula de inform\u00e1tica y un taller de belleza en el Centro para el Desarrollo de Capotillo, en colaboraci\u00f3n con el Instituto Nacional de Formaci\u00f3n T\u00e9cnico Profesional (Infotep), con el objetivo de fortalecer las habilidades t\u00e9cnicas de los residentes de la comunidad. Los nuevos espacios, equipados con [&hellip;]","og_url":"https:\/\/romanticany.com\/?p=107523","og_site_name":"Romantica NY","article_published_time":"2026-03-19T03:11:33+00:00","article_modified_time":"2026-03-19T03:11:35+00:00","og_image":[{"width":728,"height":453,"url":"https:\/\/romanticany.com\/wp-content\/uploads\/2026\/03\/Primera-dama-inaugura-aulas-de-belleza-e-informatica-equipadas-por-INFOTEP-en-Capotillo-728x453-1.jpg","type":"image\/jpeg"}],"author":"Romantica NY","twitter_card":"summary_large_image","twitter_misc":{"Escrito por":"Romantica NY","Tiempo de lectura":"4 minutos"},"schema":{"@context":"https:\/\/schema.org","@graph":[{"@type":"Article","@id":"https:\/\/romanticany.com\/?p=107523#article","isPartOf":{"@id":"https:\/\/romanticany.com\/?p=107523"},"author":{"name":"Romantica NY","@id":"https:\/\/romanticany.com\/#\/schema\/person\/be3a3ed4b2ab0af84e4dbe5c3215474c"},"headline":"\u00abRaquel Arbaje y Infotep inauguran aulas t\u00e9cnicas en Capotillo para impulsar empleo y emprendimiento local\u00bb","datePublished":"2026-03-19T03:11:33+00:00","dateModified":"2026-03-19T03:11:35+00:00","mainEntityOfPage":{"@id":"https:\/\/romanticany.com\/?p=107523"},"wordCount":706,"commentCount":0,"publisher":{"@id":"https:\/\/romanticany.com\/#organization"},"image":{"@id":"https:\/\/romanticany.com\/?p=107523#primaryimage"},"thumbnailUrl":"https:\/\/romanticany.com\/wp-content\/uploads\/2026\/03\/Primera-dama-inaugura-aulas-de-belleza-e-informatica-equipadas-por-INFOTEP-en-Capotillo-728x453-1.jpg","articleSection":["Pol\u00edtica"],"inLanguage":"es","potentialAction":[{"@type":"CommentAction","name":"Comment","target":["https:\/\/romanticany.com\/?p=107523#respond"]}]},{"@type":"WebPage","@id":"https:\/\/romanticany.com\/?p=107523","url":"https:\/\/romanticany.com\/?p=107523","name":"\"Raquel Arbaje y Infotep inauguran aulas t\u00e9cnicas en Capotillo para impulsar empleo y emprendimiento local\" - Romantica NY","isPartOf":{"@id":"https:\/\/romanticany.com\/#website"},"primaryImageOfPage":{"@id":"https:\/\/romanticany.com\/?p=107523#primaryimage"},"image":{"@id":"https:\/\/romanticany.com\/?p=107523#primaryimage"},"thumbnailUrl":"https:\/\/romanticany.com\/wp-content\/uploads\/2026\/03\/Primera-dama-inaugura-aulas-de-belleza-e-informatica-equipadas-por-INFOTEP-en-Capotillo-728x453-1.jpg","datePublished":"2026-03-19T03:11:33+00:00","dateModified":"2026-03-19T03:11:35+00:00","breadcrumb":{"@id":"https:\/\/romanticany.com\/?p=107523#breadcrumb"},"inLanguage":"es","potentialAction":[{"@type":"ReadAction","target":["https:\/\/romanticany.com\/?p=107523"]}]},{"@type":"ImageObject","inLanguage":"es","@id":"https:\/\/romanticany.com\/?p=107523#primaryimage","url":"https:\/\/romanticany.com\/wp-content\/uploads\/2026\/03\/Primera-dama-inaugura-aulas-de-belleza-e-informatica-equipadas-por-INFOTEP-en-Capotillo-728x453-1.jpg","contentUrl":"https:\/\/romanticany.com\/wp-content\/uploads\/2026\/03\/Primera-dama-inaugura-aulas-de-belleza-e-informatica-equipadas-por-INFOTEP-en-Capotillo-728x453-1.jpg","width":728,"height":453},{"@type":"BreadcrumbList","@id":"https:\/\/romanticany.com\/?p=107523#breadcrumb","itemListElement":[{"@type":"ListItem","position":1,"name":"Portada","item":"https:\/\/romanticany.com\/"},{"@type":"ListItem","position":2,"name":"\u00abRaquel Arbaje y Infotep inauguran aulas t\u00e9cnicas en Capotillo para impulsar empleo y emprendimiento local\u00bb"}]},{"@type":"WebSite","@id":"https:\/\/romanticany.com\/#website","url":"https:\/\/romanticany.com\/","name":"Romantica NY","description":"AHORA CON SU PERIODICO DIGITAL Y LA MUSICA MAS ROMANTICA EN LA GRAN MANZANA, USA","publisher":{"@id":"https:\/\/romanticany.com\/#organization"},"potentialAction":[{"@type":"SearchAction","target":{"@type":"EntryPoint","urlTemplate":"https:\/\/romanticany.com\/?s={search_term_string}"},"query-input":{"@type":"PropertyValueSpecification","valueRequired":true,"valueName":"search_term_string"}}],"inLanguage":"es"},{"@type":"Organization","@id":"https:\/\/romanticany.com\/#organization","name":"Romantica NY","url":"https:\/\/romanticany.com\/","logo":{"@type":"ImageObject","inLanguage":"es","@id":"https:\/\/romanticany.com\/#\/schema\/logo\/image\/","url":"https:\/\/romanticany.com\/wp-content\/uploads\/2025\/01\/Logo-Romantica-3.png","contentUrl":"https:\/\/romanticany.com\/wp-content\/uploads\/2025\/01\/Logo-Romantica-3.png","width":1024,"height":1024,"caption":"Romantica NY"},"image":{"@id":"https:\/\/romanticany.com\/#\/schema\/logo\/image\/"}},{"@type":"Person","@id":"https:\/\/romanticany.com\/#\/schema\/person\/be3a3ed4b2ab0af84e4dbe5c3215474c","name":"Romantica NY","image":{"@type":"ImageObject","inLanguage":"es","@id":"https:\/\/romanticany.com\/#\/schema\/person\/image\/","url":"https:\/\/romanticany.com\/wp-content\/uploads\/2025\/01\/cropped-Logo-Romantica-3-96x96.png","contentUrl":"https:\/\/romanticany.com\/wp-content\/uploads\/2025\/01\/cropped-Logo-Romantica-3-96x96.png","caption":"Romantica NY"},"sameAs":["https:\/\/romanticany.com"],"url":"https:\/\/romanticany.com\/?author=1"}]}},"rttpg_featured_image_url":{"full":["https:\/\/romanticany.com\/wp-content\/uploads\/2026\/03\/Primera-dama-inaugura-aulas-de-belleza-e-informatica-equipadas-por-INFOTEP-en-Capotillo-728x453-1.jpg",728,453,false],"landscape":["https:\/\/romanticany.com\/wp-content\/uploads\/2026\/03\/Primera-dama-inaugura-aulas-de-belleza-e-informatica-equipadas-por-INFOTEP-en-Capotillo-728x453-1.jpg",728,453,false],"portraits":["https:\/\/romanticany.com\/wp-content\/uploads\/2026\/03\/Primera-dama-inaugura-aulas-de-belleza-e-informatica-equipadas-por-INFOTEP-en-Capotillo-728x453-1.jpg",728,453,false],"thumbnail":["https:\/\/romanticany.com\/wp-content\/uploads\/2026\/03\/Primera-dama-inaugura-aulas-de-belleza-e-informatica-equipadas-por-INFOTEP-en-Capotillo-728x453-1-150x150.jpg",150,150,true],"medium":["https:\/\/romanticany.com\/wp-content\/uploads\/2026\/03\/Primera-dama-inaugura-aulas-de-belleza-e-informatica-equipadas-por-INFOTEP-en-Capotillo-728x453-1-300x187.jpg",300,187,true],"large":["https:\/\/romanticany.com\/wp-content\/uploads\/2026\/03\/Primera-dama-inaugura-aulas-de-belleza-e-informatica-equipadas-por-INFOTEP-en-Capotillo-728x453-1.jpg",640,398,false],"1536x1536":["https:\/\/romanticany.com\/wp-content\/uploads\/2026\/03\/Primera-dama-inaugura-aulas-de-belleza-e-informatica-equipadas-por-INFOTEP-en-Capotillo-728x453-1.jpg",728,453,false],"2048x2048":["https:\/\/romanticany.com\/wp-content\/uploads\/2026\/03\/Primera-dama-inaugura-aulas-de-belleza-e-informatica-equipadas-por-INFOTEP-en-Capotillo-728x453-1.jpg",728,453,false]},"rttpg_author":{"display_name":"Romantica NY","author_link":"https:\/\/romanticany.com\/?author=1"},"rttpg_comment":0,"rttpg_category":"<a href=\"https:\/\/romanticany.com\/?cat=11\" rel=\"category\">Pol\u00edtica<\/a>","rttpg_excerpt":"La primera dama Raquel Arbaje inaugur\u00f3 este martes un aula de inform\u00e1tica y un taller de belleza en el Centro para el Desarrollo de Capotillo, en colaboraci\u00f3n con el Instituto Nacional de Formaci\u00f3n T\u00e9cnico Profesional (Infotep), con el objetivo de fortalecer las habilidades t\u00e9cnicas de los residentes de la comunidad. Los nuevos espacios, equipados con&hellip;","_links":{"self":[{"href":"https:\/\/romanticany.com\/index.php?rest_route=\/wp\/v2\/posts\/107523","targetHints":{"allow":["GET"]}}],"collection":[{"href":"https:\/\/romanticany.com\/index.php?rest_route=\/wp\/v2\/posts"}],"about":[{"href":"https:\/\/romanticany.com\/index.php?rest_route=\/wp\/v2\/types\/post"}],"author":[{"embeddable":true,"href":"https:\/\/romanticany.com\/index.php?rest_route=\/wp\/v2\/users\/1"}],"replies":[{"embeddable":true,"href":"https:\/\/romanticany.com\/index.php?rest_route=%2Fwp%2Fv2%2Fcomments&post=107523"}],"version-history":[{"count":1,"href":"https:\/\/romanticany.com\/index.php?rest_route=\/wp\/v2\/posts\/107523\/revisions"}],"predecessor-version":[{"id":107525,"href":"https:\/\/romanticany.com\/index.php?rest_route=\/wp\/v2\/posts\/107523\/revisions\/107525"}],"wp:featuredmedia":[{"embeddable":true,"href":"https:\/\/romanticany.com\/index.php?rest_route=\/wp\/v2\/media\/107524"}],"wp:attachment":[{"href":"https:\/\/romanticany.com\/index.php?rest_route=%2Fwp%2Fv2%2Fmedia&parent=107523"}],"wp:term":[{"taxonomy":"category","embeddable":true,"href":"https:\/\/romanticany.com\/index.php?rest_route=%2Fwp%2Fv2%2Fcategories&post=107523"},{"taxonomy":"post_tag","embeddable":true,"href":"https:\/\/romanticany.com\/index.php?rest_route=%2Fwp%2Fv2%2Ftags&post=107523"}],"curies":[{"name":"wp","href":"https:\/\/api.w.org\/{rel}","templated":true}]}}