{"id":109335,"date":"2026-04-25T22:11:48","date_gmt":"2026-04-26T02:11:48","guid":{"rendered":"https:\/\/romanticany.com\/?p=109335"},"modified":"2026-04-25T22:11:51","modified_gmt":"2026-04-26T02:11:51","slug":"adriano-espaillat-recibe-amplio-respaldo-de-lideres-dominicanos-en-su-campana-de-reeleccion","status":"publish","type":"post","link":"https:\/\/romanticany.com\/?p=109335","title":{"rendered":"Adriano Espaillat recibe amplio respaldo de l\u00edderes dominicanos en su campa\u00f1a de reelecci\u00f3n"},"content":{"rendered":"\n<p>Nueva York.\u2013 En una contundente demostraci\u00f3n de unidad pol\u00edtica y compromiso comunitario, el congresista Adriano Espaillat recibi\u00f3 un respaldo amplio y multisectorial durante un encuentro celebrado en el Distrito 13, donde convergieron l\u00edderes de la comunidad, representantes de partidos dominicanos, organizaciones y diversos sectores, de cara a las elecciones primarias del 23 de junio.<\/p>\n\n\n\n<figure class=\"wp-block-image size-large\"><img decoding=\"async\" src=\"https:\/\/periodicolataza.com\/wp-content\/uploads\/2026\/04\/WhatsApp-Image-2026-04-25-at-9.07.52-PM-1-1024x576.jpeg\" alt=\"\" class=\"wp-image-95191\"\/><\/figure>\n\n\n\n<p>Durante su intervenci\u00f3n, Espaillat hizo un firme llamado a la unidad en un momento clave para la di\u00e1spora.<\/p>\n\n\n\n<p>\u201cNo vamos a permitir que nos arrebaten lo que nos ha costado tanto construir; esta comunidad ha escrito su historia con sacrificio, con sudor y hasta con sangre, y la vamos a defender unidos. Si no tienes un asiento en la mesa donde se toman decisiones, est\u00e1s en el men\u00fa\u201d, afirm\u00f3 el congresista, al advertir sobre los desaf\u00edos pol\u00edticos y econ\u00f3micos que enfrenta la comunidad dominicana.<\/p>\n\n\n\n<p>El evento reuni\u00f3 a representantes del PRM, PLD, PRD, Fuerza del Pueblo y Partido Reformista, as\u00ed como a l\u00edderes comunitarios, empresarios, profesionales de la salud, activistas y j\u00f3venes, reflejando una integraci\u00f3n s\u00f3lida en torno al proceso pol\u00edtico.<\/p>\n\n\n\n<p>El concejal del Bronx Oswald Feliz destac\u00f3 la trayectoria del congresista.<br>\u201cAdriano ha estado presente en los momentos m\u00e1s dif\u00edciles de nuestra comunidad. Hoy nos toca defender ese legado y asegurar su continuidad\u201d, expres\u00f3.<\/p>\n\n\n\n<p>El asamble\u00edsta Manny De Los Santos subray\u00f3 el significado de la representaci\u00f3n alcanzada.<br>\u201cEsto no se trata solo de una candidatura, sino del sacrificio de toda una comunidad que ha luchado por tener voz en el Congreso\u201d, se\u00f1al\u00f3.<\/p>\n\n\n\n<p>Por su parte, la concejal Carmen De La Rosa enfatiz\u00f3 el valor del trabajo colectivo.<br>\u201cNuestra comunidad ha avanzado gracias a la unidad. Hoy m\u00e1s que nunca debemos salir a las calles, tocar puertas y defender lo que hemos construido juntos\u201d, manifest\u00f3.<\/p>\n\n\n\n<p>Uno de los momentos m\u00e1s destacados fue la intervenci\u00f3n del asamble\u00edsta George \u00c1lvarez, quien resalt\u00f3 la cohesi\u00f3n alcanzada.<br>\u201cEste es un momento especial. La unidad que estamos viendo hoy es real. Aqu\u00ed est\u00e1n todos los sectores trabajando juntos en una misma direcci\u00f3n\u201d, afirm\u00f3.<\/p>\n\n\n\n<p>El diputado de ultramar Cirilo Moronta llam\u00f3 a intensificar la movilizaci\u00f3n.<br>\u201cTenemos la responsabilidad de trabajar sin descanso para garantizar que Adriano contin\u00fae represent\u00e1ndonos con dignidad y compromiso en el Congreso de los Estados Unidos\u201d, indic\u00f3.<\/p>\n\n\n\n<p>Desde el liderazgo comunitario, Paola Mart\u00ednez destac\u00f3 el impacto generacional del congresista.<br>\u201cEl apoyo de Espaillat a j\u00f3venes y mujeres ha sido clave. Hoy somos resultado de ese trabajo y estamos aqu\u00ed para devolverlo\u201d, sostuvo.<\/p>\n\n\n\n<p>En tanto, Mariel de la Cruz insisti\u00f3 en la acci\u00f3n directa.<br>\u201cNo basta con apoyar, hay que actuar. Dos o tres horas semanales pueden marcar la diferencia en esta elecci\u00f3n\u201d, puntualiz\u00f3.<\/p>\n\n\n\n<p>Representantes de distintas corrientes pol\u00edticas tambi\u00e9n manifestaron su respaldo. Leidy Laura Fern\u00e1ndez, de la Fuerza del Pueblo, afirm\u00f3 que \u201cesta candidatura representa a toda la comunidad dominicana\u201d, mientras que Neftal\u00ed Fuerte, del PRM, sostuvo que \u201cEspaillat ha abierto puertas y ha demostrado que s\u00ed se puede liderar con resultados\u201d.<\/p>\n\n\n\n<p>El respaldo multisectorial incluy\u00f3 adem\u00e1s la presencia de reconocidos l\u00edderes comunitarios y profesionales como Arturo Ortiz (PLD), Francisco Spies, \u00c9lida Almonte, Jos\u00e9 Van Troy, Nurys de Oleo, Steve Santana, Elieser Bueno y el doctor Fajardo.<\/p>\n\n\n\n<p>En sus palabras de cierre, Espaillat agradeci\u00f3 el apoyo recibido y reiter\u00f3 el llamado a la acci\u00f3n colectiva, destacando el compromiso de quienes contin\u00faan activos en el trabajo comunitario.<\/p>\n\n\n\n<p>El encuentro concluy\u00f3 con una jornada de movilizaci\u00f3n, en la que los asistentes salieron organizados a tocar puertas, reafirmando su compromiso con la participaci\u00f3n y la defensa de la representaci\u00f3n pol\u00edtica de la comunidad dominicana.<\/p>\n\n\n\n<h3 class=\"wp-block-heading\" id=\"h-\">#<\/h3>\n","protected":false},"excerpt":{"rendered":"<p>Nueva York.\u2013 En una contundente demostraci\u00f3n de unidad pol\u00edtica y compromiso comunitario, el congresista Adriano Espaillat recibi\u00f3 un respaldo amplio y multisectorial durante un encuentro celebrado en el Distrito 13, donde convergieron l\u00edderes de la comunidad, representantes de partidos dominicanos, organizaciones y diversos sectores, de cara a las elecciones primarias del 23 de junio. Durante [&hellip;]<\/p>\n","protected":false},"author":1,"featured_media":109336,"comment_status":"open","ping_status":"closed","sticky":false,"template":"","format":"standard","meta":{"footnotes":""},"categories":[11],"tags":[],"class_list":["post-109335","post","type-post","status-publish","format-standard","has-post-thumbnail","hentry","category-politica"],"yoast_head":"<!-- This site is optimized with the Yoast SEO plugin v24.5 - https:\/\/yoast.com\/wordpress\/plugins\/seo\/ -->\n<title>Adriano Espaillat recibe amplio respaldo de l\u00edderes dominicanos en su campa\u00f1a de reelecci\u00f3n - Romantica NY<\/title>\n<meta name=\"robots\" content=\"index, follow, max-snippet:-1, max-image-preview:large, max-video-preview:-1\" \/>\n<link rel=\"canonical\" href=\"https:\/\/romanticany.com\/?p=109335\" \/>\n<meta property=\"og:locale\" content=\"es_ES\" \/>\n<meta property=\"og:type\" content=\"article\" \/>\n<meta property=\"og:title\" content=\"Adriano Espaillat recibe amplio respaldo de l\u00edderes dominicanos en su campa\u00f1a de reelecci\u00f3n - Romantica NY\" \/>\n<meta property=\"og:description\" content=\"Nueva York.\u2013 En una contundente demostraci\u00f3n de unidad pol\u00edtica y compromiso comunitario, el congresista Adriano Espaillat recibi\u00f3 un respaldo amplio y multisectorial durante un encuentro celebrado en el Distrito 13, donde convergieron l\u00edderes de la comunidad, representantes de partidos dominicanos, organizaciones y diversos sectores, de cara a las elecciones primarias del 23 de junio. Durante [&hellip;]\" \/>\n<meta property=\"og:url\" content=\"https:\/\/romanticany.com\/?p=109335\" \/>\n<meta property=\"og:site_name\" content=\"Romantica NY\" \/>\n<meta property=\"article:published_time\" content=\"2026-04-26T02:11:48+00:00\" \/>\n<meta property=\"article:modified_time\" content=\"2026-04-26T02:11:51+00:00\" \/>\n<meta property=\"og:image\" content=\"https:\/\/romanticany.com\/wp-content\/uploads\/2026\/04\/WhatsApp-Image-2026-04-25-at-9.07.52-PM.jpeg\" \/>\n\t<meta property=\"og:image:width\" content=\"2016\" \/>\n\t<meta property=\"og:image:height\" content=\"1134\" \/>\n\t<meta property=\"og:image:type\" content=\"image\/jpeg\" \/>\n<meta name=\"author\" content=\"Romantica NY\" \/>\n<meta name=\"twitter:card\" content=\"summary_large_image\" \/>\n<meta name=\"twitter:label1\" content=\"Escrito por\" \/>\n\t<meta name=\"twitter:data1\" content=\"Romantica NY\" \/>\n\t<meta name=\"twitter:label2\" content=\"Tiempo de lectura\" \/>\n\t<meta name=\"twitter:data2\" content=\"4 minutos\" \/>\n<script type=\"application\/ld+json\" class=\"yoast-schema-graph\">{\"@context\":\"https:\/\/schema.org\",\"@graph\":[{\"@type\":\"Article\",\"@id\":\"https:\/\/romanticany.com\/?p=109335#article\",\"isPartOf\":{\"@id\":\"https:\/\/romanticany.com\/?p=109335\"},\"author\":{\"name\":\"Romantica NY\",\"@id\":\"https:\/\/romanticany.com\/#\/schema\/person\/be3a3ed4b2ab0af84e4dbe5c3215474c\"},\"headline\":\"Adriano Espaillat recibe amplio respaldo de l\u00edderes dominicanos en su campa\u00f1a de reelecci\u00f3n\",\"datePublished\":\"2026-04-26T02:11:48+00:00\",\"dateModified\":\"2026-04-26T02:11:51+00:00\",\"mainEntityOfPage\":{\"@id\":\"https:\/\/romanticany.com\/?p=109335\"},\"wordCount\":640,\"commentCount\":0,\"publisher\":{\"@id\":\"https:\/\/romanticany.com\/#organization\"},\"image\":{\"@id\":\"https:\/\/romanticany.com\/?p=109335#primaryimage\"},\"thumbnailUrl\":\"https:\/\/romanticany.com\/wp-content\/uploads\/2026\/04\/WhatsApp-Image-2026-04-25-at-9.07.52-PM.jpeg\",\"articleSection\":[\"Pol\u00edtica\"],\"inLanguage\":\"es\",\"potentialAction\":[{\"@type\":\"CommentAction\",\"name\":\"Comment\",\"target\":[\"https:\/\/romanticany.com\/?p=109335#respond\"]}]},{\"@type\":\"WebPage\",\"@id\":\"https:\/\/romanticany.com\/?p=109335\",\"url\":\"https:\/\/romanticany.com\/?p=109335\",\"name\":\"Adriano Espaillat recibe amplio respaldo de l\u00edderes dominicanos en su campa\u00f1a de reelecci\u00f3n - Romantica NY\",\"isPartOf\":{\"@id\":\"https:\/\/romanticany.com\/#website\"},\"primaryImageOfPage\":{\"@id\":\"https:\/\/romanticany.com\/?p=109335#primaryimage\"},\"image\":{\"@id\":\"https:\/\/romanticany.com\/?p=109335#primaryimage\"},\"thumbnailUrl\":\"https:\/\/romanticany.com\/wp-content\/uploads\/2026\/04\/WhatsApp-Image-2026-04-25-at-9.07.52-PM.jpeg\",\"datePublished\":\"2026-04-26T02:11:48+00:00\",\"dateModified\":\"2026-04-26T02:11:51+00:00\",\"breadcrumb\":{\"@id\":\"https:\/\/romanticany.com\/?p=109335#breadcrumb\"},\"inLanguage\":\"es\",\"potentialAction\":[{\"@type\":\"ReadAction\",\"target\":[\"https:\/\/romanticany.com\/?p=109335\"]}]},{\"@type\":\"ImageObject\",\"inLanguage\":\"es\",\"@id\":\"https:\/\/romanticany.com\/?p=109335#primaryimage\",\"url\":\"https:\/\/romanticany.com\/wp-content\/uploads\/2026\/04\/WhatsApp-Image-2026-04-25-at-9.07.52-PM.jpeg\",\"contentUrl\":\"https:\/\/romanticany.com\/wp-content\/uploads\/2026\/04\/WhatsApp-Image-2026-04-25-at-9.07.52-PM.jpeg\",\"width\":2016,\"height\":1134},{\"@type\":\"BreadcrumbList\",\"@id\":\"https:\/\/romanticany.com\/?p=109335#breadcrumb\",\"itemListElement\":[{\"@type\":\"ListItem\",\"position\":1,\"name\":\"Portada\",\"item\":\"https:\/\/romanticany.com\/\"},{\"@type\":\"ListItem\",\"position\":2,\"name\":\"Adriano Espaillat recibe amplio respaldo de l\u00edderes dominicanos en su campa\u00f1a de reelecci\u00f3n\"}]},{\"@type\":\"WebSite\",\"@id\":\"https:\/\/romanticany.com\/#website\",\"url\":\"https:\/\/romanticany.com\/\",\"name\":\"Romantica NY\",\"description\":\"AHORA CON SU PERIODICO DIGITAL Y LA MUSICA MAS ROMANTICA EN LA GRAN MANZANA, USA\",\"publisher\":{\"@id\":\"https:\/\/romanticany.com\/#organization\"},\"potentialAction\":[{\"@type\":\"SearchAction\",\"target\":{\"@type\":\"EntryPoint\",\"urlTemplate\":\"https:\/\/romanticany.com\/?s={search_term_string}\"},\"query-input\":{\"@type\":\"PropertyValueSpecification\",\"valueRequired\":true,\"valueName\":\"search_term_string\"}}],\"inLanguage\":\"es\"},{\"@type\":\"Organization\",\"@id\":\"https:\/\/romanticany.com\/#organization\",\"name\":\"Romantica NY\",\"url\":\"https:\/\/romanticany.com\/\",\"logo\":{\"@type\":\"ImageObject\",\"inLanguage\":\"es\",\"@id\":\"https:\/\/romanticany.com\/#\/schema\/logo\/image\/\",\"url\":\"https:\/\/romanticany.com\/wp-content\/uploads\/2025\/01\/Logo-Romantica-3.png\",\"contentUrl\":\"https:\/\/romanticany.com\/wp-content\/uploads\/2025\/01\/Logo-Romantica-3.png\",\"width\":1024,\"height\":1024,\"caption\":\"Romantica NY\"},\"image\":{\"@id\":\"https:\/\/romanticany.com\/#\/schema\/logo\/image\/\"}},{\"@type\":\"Person\",\"@id\":\"https:\/\/romanticany.com\/#\/schema\/person\/be3a3ed4b2ab0af84e4dbe5c3215474c\",\"name\":\"Romantica NY\",\"image\":{\"@type\":\"ImageObject\",\"inLanguage\":\"es\",\"@id\":\"https:\/\/romanticany.com\/#\/schema\/person\/image\/\",\"url\":\"https:\/\/romanticany.com\/wp-content\/uploads\/2025\/01\/cropped-Logo-Romantica-3-96x96.png\",\"contentUrl\":\"https:\/\/romanticany.com\/wp-content\/uploads\/2025\/01\/cropped-Logo-Romantica-3-96x96.png\",\"caption\":\"Romantica NY\"},\"sameAs\":[\"https:\/\/romanticany.com\"],\"url\":\"https:\/\/romanticany.com\/?author=1\"}]}<\/script>\n<!-- \/ Yoast SEO plugin. -->","yoast_head_json":{"title":"Adriano Espaillat recibe amplio respaldo de l\u00edderes dominicanos en su campa\u00f1a de reelecci\u00f3n - Romantica NY","robots":{"index":"index","follow":"follow","max-snippet":"max-snippet:-1","max-image-preview":"max-image-preview:large","max-video-preview":"max-video-preview:-1"},"canonical":"https:\/\/romanticany.com\/?p=109335","og_locale":"es_ES","og_type":"article","og_title":"Adriano Espaillat recibe amplio respaldo de l\u00edderes dominicanos en su campa\u00f1a de reelecci\u00f3n - Romantica NY","og_description":"Nueva York.\u2013 En una contundente demostraci\u00f3n de unidad pol\u00edtica y compromiso comunitario, el congresista Adriano Espaillat recibi\u00f3 un respaldo amplio y multisectorial durante un encuentro celebrado en el Distrito 13, donde convergieron l\u00edderes de la comunidad, representantes de partidos dominicanos, organizaciones y diversos sectores, de cara a las elecciones primarias del 23 de junio. Durante [&hellip;]","og_url":"https:\/\/romanticany.com\/?p=109335","og_site_name":"Romantica NY","article_published_time":"2026-04-26T02:11:48+00:00","article_modified_time":"2026-04-26T02:11:51+00:00","og_image":[{"width":2016,"height":1134,"url":"https:\/\/romanticany.com\/wp-content\/uploads\/2026\/04\/WhatsApp-Image-2026-04-25-at-9.07.52-PM.jpeg","type":"image\/jpeg"}],"author":"Romantica NY","twitter_card":"summary_large_image","twitter_misc":{"Escrito por":"Romantica NY","Tiempo de lectura":"4 minutos"},"schema":{"@context":"https:\/\/schema.org","@graph":[{"@type":"Article","@id":"https:\/\/romanticany.com\/?p=109335#article","isPartOf":{"@id":"https:\/\/romanticany.com\/?p=109335"},"author":{"name":"Romantica NY","@id":"https:\/\/romanticany.com\/#\/schema\/person\/be3a3ed4b2ab0af84e4dbe5c3215474c"},"headline":"Adriano Espaillat recibe amplio respaldo de l\u00edderes dominicanos en su campa\u00f1a de reelecci\u00f3n","datePublished":"2026-04-26T02:11:48+00:00","dateModified":"2026-04-26T02:11:51+00:00","mainEntityOfPage":{"@id":"https:\/\/romanticany.com\/?p=109335"},"wordCount":640,"commentCount":0,"publisher":{"@id":"https:\/\/romanticany.com\/#organization"},"image":{"@id":"https:\/\/romanticany.com\/?p=109335#primaryimage"},"thumbnailUrl":"https:\/\/romanticany.com\/wp-content\/uploads\/2026\/04\/WhatsApp-Image-2026-04-25-at-9.07.52-PM.jpeg","articleSection":["Pol\u00edtica"],"inLanguage":"es","potentialAction":[{"@type":"CommentAction","name":"Comment","target":["https:\/\/romanticany.com\/?p=109335#respond"]}]},{"@type":"WebPage","@id":"https:\/\/romanticany.com\/?p=109335","url":"https:\/\/romanticany.com\/?p=109335","name":"Adriano Espaillat recibe amplio respaldo de l\u00edderes dominicanos en su campa\u00f1a de reelecci\u00f3n - Romantica NY","isPartOf":{"@id":"https:\/\/romanticany.com\/#website"},"primaryImageOfPage":{"@id":"https:\/\/romanticany.com\/?p=109335#primaryimage"},"image":{"@id":"https:\/\/romanticany.com\/?p=109335#primaryimage"},"thumbnailUrl":"https:\/\/romanticany.com\/wp-content\/uploads\/2026\/04\/WhatsApp-Image-2026-04-25-at-9.07.52-PM.jpeg","datePublished":"2026-04-26T02:11:48+00:00","dateModified":"2026-04-26T02:11:51+00:00","breadcrumb":{"@id":"https:\/\/romanticany.com\/?p=109335#breadcrumb"},"inLanguage":"es","potentialAction":[{"@type":"ReadAction","target":["https:\/\/romanticany.com\/?p=109335"]}]},{"@type":"ImageObject","inLanguage":"es","@id":"https:\/\/romanticany.com\/?p=109335#primaryimage","url":"https:\/\/romanticany.com\/wp-content\/uploads\/2026\/04\/WhatsApp-Image-2026-04-25-at-9.07.52-PM.jpeg","contentUrl":"https:\/\/romanticany.com\/wp-content\/uploads\/2026\/04\/WhatsApp-Image-2026-04-25-at-9.07.52-PM.jpeg","width":2016,"height":1134},{"@type":"BreadcrumbList","@id":"https:\/\/romanticany.com\/?p=109335#breadcrumb","itemListElement":[{"@type":"ListItem","position":1,"name":"Portada","item":"https:\/\/romanticany.com\/"},{"@type":"ListItem","position":2,"name":"Adriano Espaillat recibe amplio respaldo de l\u00edderes dominicanos en su campa\u00f1a de reelecci\u00f3n"}]},{"@type":"WebSite","@id":"https:\/\/romanticany.com\/#website","url":"https:\/\/romanticany.com\/","name":"Romantica NY","description":"AHORA CON SU PERIODICO DIGITAL Y LA MUSICA MAS ROMANTICA EN LA GRAN MANZANA, USA","publisher":{"@id":"https:\/\/romanticany.com\/#organization"},"potentialAction":[{"@type":"SearchAction","target":{"@type":"EntryPoint","urlTemplate":"https:\/\/romanticany.com\/?s={search_term_string}"},"query-input":{"@type":"PropertyValueSpecification","valueRequired":true,"valueName":"search_term_string"}}],"inLanguage":"es"},{"@type":"Organization","@id":"https:\/\/romanticany.com\/#organization","name":"Romantica NY","url":"https:\/\/romanticany.com\/","logo":{"@type":"ImageObject","inLanguage":"es","@id":"https:\/\/romanticany.com\/#\/schema\/logo\/image\/","url":"https:\/\/romanticany.com\/wp-content\/uploads\/2025\/01\/Logo-Romantica-3.png","contentUrl":"https:\/\/romanticany.com\/wp-content\/uploads\/2025\/01\/Logo-Romantica-3.png","width":1024,"height":1024,"caption":"Romantica NY"},"image":{"@id":"https:\/\/romanticany.com\/#\/schema\/logo\/image\/"}},{"@type":"Person","@id":"https:\/\/romanticany.com\/#\/schema\/person\/be3a3ed4b2ab0af84e4dbe5c3215474c","name":"Romantica NY","image":{"@type":"ImageObject","inLanguage":"es","@id":"https:\/\/romanticany.com\/#\/schema\/person\/image\/","url":"https:\/\/romanticany.com\/wp-content\/uploads\/2025\/01\/cropped-Logo-Romantica-3-96x96.png","contentUrl":"https:\/\/romanticany.com\/wp-content\/uploads\/2025\/01\/cropped-Logo-Romantica-3-96x96.png","caption":"Romantica NY"},"sameAs":["https:\/\/romanticany.com"],"url":"https:\/\/romanticany.com\/?author=1"}]}},"rttpg_featured_image_url":{"full":["https:\/\/romanticany.com\/wp-content\/uploads\/2026\/04\/WhatsApp-Image-2026-04-25-at-9.07.52-PM.jpeg",2016,1134,false],"landscape":["https:\/\/romanticany.com\/wp-content\/uploads\/2026\/04\/WhatsApp-Image-2026-04-25-at-9.07.52-PM.jpeg",2016,1134,false],"portraits":["https:\/\/romanticany.com\/wp-content\/uploads\/2026\/04\/WhatsApp-Image-2026-04-25-at-9.07.52-PM.jpeg",2016,1134,false],"thumbnail":["https:\/\/romanticany.com\/wp-content\/uploads\/2026\/04\/WhatsApp-Image-2026-04-25-at-9.07.52-PM-150x150.jpeg",150,150,true],"medium":["https:\/\/romanticany.com\/wp-content\/uploads\/2026\/04\/WhatsApp-Image-2026-04-25-at-9.07.52-PM-300x169.jpeg",300,169,true],"large":["https:\/\/romanticany.com\/wp-content\/uploads\/2026\/04\/WhatsApp-Image-2026-04-25-at-9.07.52-PM-1024x576.jpeg",640,360,true],"1536x1536":["https:\/\/romanticany.com\/wp-content\/uploads\/2026\/04\/WhatsApp-Image-2026-04-25-at-9.07.52-PM-1536x864.jpeg",1536,864,true],"2048x2048":["https:\/\/romanticany.com\/wp-content\/uploads\/2026\/04\/WhatsApp-Image-2026-04-25-at-9.07.52-PM.jpeg",2016,1134,false]},"rttpg_author":{"display_name":"Romantica NY","author_link":"https:\/\/romanticany.com\/?author=1"},"rttpg_comment":0,"rttpg_category":"<a href=\"https:\/\/romanticany.com\/?cat=11\" rel=\"category\">Pol\u00edtica<\/a>","rttpg_excerpt":"Nueva York.\u2013 En una contundente demostraci\u00f3n de unidad pol\u00edtica y compromiso comunitario, el congresista Adriano Espaillat recibi\u00f3 un respaldo amplio y multisectorial durante un encuentro celebrado en el Distrito 13, donde convergieron l\u00edderes de la comunidad, representantes de partidos dominicanos, organizaciones y diversos sectores, de cara a las elecciones primarias del 23 de junio. Durante&hellip;","_links":{"self":[{"href":"https:\/\/romanticany.com\/index.php?rest_route=\/wp\/v2\/posts\/109335","targetHints":{"allow":["GET"]}}],"collection":[{"href":"https:\/\/romanticany.com\/index.php?rest_route=\/wp\/v2\/posts"}],"about":[{"href":"https:\/\/romanticany.com\/index.php?rest_route=\/wp\/v2\/types\/post"}],"author":[{"embeddable":true,"href":"https:\/\/romanticany.com\/index.php?rest_route=\/wp\/v2\/users\/1"}],"replies":[{"embeddable":true,"href":"https:\/\/romanticany.com\/index.php?rest_route=%2Fwp%2Fv2%2Fcomments&post=109335"}],"version-history":[{"count":1,"href":"https:\/\/romanticany.com\/index.php?rest_route=\/wp\/v2\/posts\/109335\/revisions"}],"predecessor-version":[{"id":109337,"href":"https:\/\/romanticany.com\/index.php?rest_route=\/wp\/v2\/posts\/109335\/revisions\/109337"}],"wp:featuredmedia":[{"embeddable":true,"href":"https:\/\/romanticany.com\/index.php?rest_route=\/wp\/v2\/media\/109336"}],"wp:attachment":[{"href":"https:\/\/romanticany.com\/index.php?rest_route=%2Fwp%2Fv2%2Fmedia&parent=109335"}],"wp:term":[{"taxonomy":"category","embeddable":true,"href":"https:\/\/romanticany.com\/index.php?rest_route=%2Fwp%2Fv2%2Fcategories&post=109335"},{"taxonomy":"post_tag","embeddable":true,"href":"https:\/\/romanticany.com\/index.php?rest_route=%2Fwp%2Fv2%2Ftags&post=109335"}],"curies":[{"name":"wp","href":"https:\/\/api.w.org\/{rel}","templated":true}]}}