{"id":109359,"date":"2026-04-27T06:49:46","date_gmt":"2026-04-27T10:49:46","guid":{"rendered":"https:\/\/romanticany.com\/?p=109359"},"modified":"2026-04-27T06:49:48","modified_gmt":"2026-04-27T10:49:48","slug":"un-momento-historico-francia-juzga-a-la-cupula-de-al-asad-por-crimenes-de-lesa-humanidad-en-un-proceso-sin-precedentes","status":"publish","type":"post","link":"https:\/\/romanticany.com\/?p=109359","title":{"rendered":"Un momento hist\u00f3rico: Francia juzga a la c\u00fapula de Al Asad por cr\u00edmenes de lesa humanidad en un proceso sin precedentes"},"content":{"rendered":"\n<p>Por primera vez en la historia, <strong>altos mandos del r\u00e9gimen sirio de Bashar al Asad<\/strong> \u2014incluyendo a miembros de su <strong>c\u00edrculo m\u00e1s \u00edntimo<\/strong>\u2014 enfrentan un <strong>juicio por cr\u00edmenes de lesa humanidad y cr\u00edmenes de guerra<\/strong> en <strong>Francia<\/strong>. Este proceso, que se desarrolla bajo el principio de <strong>jurisdicci\u00f3n universal<\/strong>, representa un <strong>hito en la lucha contra la impunidad<\/strong> y un <strong>mensaje contundente<\/strong> a los reg\u00edmenes represivos del mundo: <strong>la justicia puede alcanzar a los m\u00e1s poderosos<\/strong>.<\/p>\n\n\n\n<hr class=\"wp-block-separator has-alpha-channel-opacity\"\/>\n\n\n\n<h3 class=\"wp-block-heading\"><strong>\ud83d\udd0d El juicio que podr\u00eda redefinir la justicia internacional<\/strong><\/h3>\n\n\n\n<p>El tribunal de <strong>Par\u00eds<\/strong> ha iniciado este proceso hist\u00f3rico, que se centra en los <strong>cr\u00edmenes cometidos durante la guerra civil siria<\/strong>, incluyendo:<\/p>\n\n\n\n<ul class=\"wp-block-list\">\n<li><strong>Desapariciones forzadas<\/strong>.<\/li>\n\n\n\n<li><strong>Torturas sistem\u00e1ticas<\/strong> en centros de detenci\u00f3n secretos.<\/li>\n\n\n\n<li><strong>Asesinatos y ejecuciones sumarias<\/strong>.<\/li>\n<\/ul>\n\n\n\n<p><em>\u00abEste juicio es un paso gigante hacia la rendici\u00f3n de cuentas. Por primera vez, la c\u00fapula del r\u00e9gimen sirio es llevada ante la justicia, aunque sea en ausencia\u00bb<\/em>, declar\u00f3 un experto en derecho internacional.<\/p>\n\n\n\n<hr class=\"wp-block-separator has-alpha-channel-opacity\"\/>\n\n\n\n<h3 class=\"wp-block-heading\"><strong>\ud83d\udccc Los elementos clave de este proceso hist\u00f3rico<\/strong><\/h3>\n\n\n\n<h4 class=\"wp-block-heading\"><strong>1. \ud83d\udc65 El c\u00edrculo \u00edntimo de Al Asad bajo el foco judicial<\/strong><\/h4>\n\n\n\n<p>Entre los acusados se encuentra el <strong>primo de Bashar al Asad<\/strong>, lo que demuestra que <strong>la impunidad del r\u00e9gimen est\u00e1 comenzando a resquebrajarse<\/strong>. Este juicio es un <strong>precedente crucial<\/strong>, ya que marca la primera vez que <strong>figuras tan cercanas al poder<\/strong> son procesadas por su papel en la <strong>cadena de mando<\/strong> que orden\u00f3 y ejecut\u00f3 atrocidades.<\/p>\n\n\n\n<p><em>\u00abLa inclusi\u00f3n de miembros de la familia Al Asad en este juicio env\u00eda un mensaje claro: nadie est\u00e1 por encima de la ley, sin importar su conexi\u00f3n con el poder\u00bb<\/em>, explic\u00f3 un analista pol\u00edtico.<\/p>\n\n\n\n<hr class=\"wp-block-separator has-alpha-channel-opacity\"\/>\n\n\n\n<h4 class=\"wp-block-heading\"><strong>2. \ud83d\udc80 Cargos por tortura, exterminio y desapariciones<\/strong><\/h4>\n\n\n\n<p>Los acusados enfrentan cargos por:<\/p>\n\n\n\n<ul class=\"wp-block-list\">\n<li><strong>Torturas brutales<\/strong> en prisiones del r\u00e9gimen, donde miles de detidos fueron sometidos a <strong>tratos inhumanos<\/strong>.<\/li>\n\n\n\n<li><strong>Ejecuciones extrajudiciales<\/strong> sin proceso legal.<\/li>\n\n\n\n<li><strong>Desapariciones forzadas<\/strong> de disidentes, muchos de los cuales siguen sin ser localizados.<\/li>\n<\/ul>\n\n\n\n<p><em>\u00abLas pruebas presentadas, incluyendo documentos internos y testimonios de supervivientes, son abrumadoras y demuestran la sistematicidad de estos cr\u00edmenes\u00bb<\/em>, afirm\u00f3 un fiscal del tribunal.<\/p>\n\n\n\n<hr class=\"wp-block-separator has-alpha-channel-opacity\"\/>\n\n\n\n<h4 class=\"wp-block-heading\"><strong>3. \ud83d\udde3\ufe0f Testimonios de supervivientes: La voz de las v\u00edctimas<\/strong><\/h4>\n\n\n\n<p>El juicio se apoya en <strong>testimonios de v\u00edctimas<\/strong> que lograron escapar de los centros de tortura, as\u00ed como en <strong>evidencias documentales<\/strong> que prueban la <strong>responsabilidad directa<\/strong> de los acusados. Estos relatos son <strong>fundamentales<\/strong> para demostrar la <strong>naturaleza sistem\u00e1tica<\/strong> de los abusos cometidos por el r\u00e9gimen.<\/p>\n\n\n\n<p><em>\u00abLos testimonios de los supervivientes son la columna vertebral de este juicio. Su valent\u00eda est\u00e1 ayudando a romper el silencio y a buscar justicia para las miles de v\u00edctimas\u00bb<\/em>, coment\u00f3 una abogada de derechos humanos.<\/p>\n\n\n\n<hr class=\"wp-block-separator has-alpha-channel-opacity\"\/>\n\n\n\n<h4 class=\"wp-block-heading\"><strong>4. \u2696\ufe0f Jurisdicci\u00f3n universal: Francia lidera el camino<\/strong><\/h4>\n\n\n\n<p>Francia ha utilizado el principio de <strong>jurisdicci\u00f3n universal<\/strong>, que permite juzgar cr\u00edmenes de lesa humanidad <strong>independientemente de d\u00f3nde se hayan cometido<\/strong>. Este juicio env\u00eda un <strong>mensaje claro<\/strong> al mundo:<\/p>\n\n\n\n<ul class=\"wp-block-list\">\n<li><strong>Los cr\u00edmenes de lesa humanidad no tienen fecha de caducidad<\/strong>.<\/li>\n\n\n\n<li><strong>Los responsables no podr\u00e1n esconderse<\/strong>, sin importar su cargo o posici\u00f3n.<\/li>\n<\/ul>\n\n\n\n<p><em>\u00abEste proceso es un faro de esperanza para las v\u00edctimas de todo el mundo. Demuestra que, aunque la justicia pueda tardar, eventualmente llega\u00bb<\/em>, declar\u00f3 un representante de <strong>Human Rights Watch<\/strong>.<\/p>\n\n\n\n<hr class=\"wp-block-separator has-alpha-channel-opacity\"\/>\n\n\n\n<h3 class=\"wp-block-heading\"><strong>\ud83c\udf0d Un precedente para la justicia global<\/strong><\/h3>\n\n\n\n<p>Aunque los acusados est\u00e1n siendo juzgados <strong>en ausencia<\/strong>, este proceso tiene un <strong>impacto pol\u00edtico y diplom\u00e1tico enorme<\/strong>:<\/p>\n\n\n\n<ul class=\"wp-block-list\">\n<li><strong>Sienta las bases<\/strong> para futuras detenciones y extradiciones de responsables de cr\u00edmenes similares.<\/li>\n\n\n\n<li><strong>Refuerza la presi\u00f3n internacional<\/strong> sobre el r\u00e9gimen de Al Asad.<\/li>\n\n\n\n<li><strong>Inspira a otros pa\u00edses<\/strong> a seguir el ejemplo y perseguir a los responsables de atrocidades.<\/li>\n<\/ul>\n\n\n\n<p><em>\u00abEste juicio es un momento hist\u00f3rico no solo para Siria, sino para la justicia internacional. Demuestra que, con determinaci\u00f3n, es posible llevar ante la ley a quienes pensaban estar intocables\u00bb<\/em>, se\u00f1al\u00f3 un experto en derechos humanos.<\/p>\n\n\n\n<hr class=\"wp-block-separator has-alpha-channel-opacity\"\/>\n\n\n\n<p><strong>#JusticiaParaSiria #DerechosHumanos #AlAsad #Cr\u00edmenesDeGuerra #TribunalInternacional #Francia #Impunidad #Jurisdicci\u00f3nUniversal<\/strong><\/p>\n","protected":false},"excerpt":{"rendered":"<p>Por primera vez en la historia, altos mandos del r\u00e9gimen sirio de Bashar al Asad \u2014incluyendo a miembros de su c\u00edrculo m\u00e1s \u00edntimo\u2014 enfrentan un juicio por cr\u00edmenes de lesa humanidad y cr\u00edmenes de guerra en Francia. Este proceso, que se desarrolla bajo el principio de jurisdicci\u00f3n universal, representa un hito en la lucha contra [&hellip;]<\/p>\n","protected":false},"author":1,"featured_media":109360,"comment_status":"open","ping_status":"closed","sticky":false,"template":"","format":"standard","meta":{"footnotes":""},"categories":[8],"tags":[],"class_list":["post-109359","post","type-post","status-publish","format-standard","has-post-thumbnail","hentry","category-mundo"],"yoast_head":"<!-- This site is optimized with the Yoast SEO plugin v24.5 - https:\/\/yoast.com\/wordpress\/plugins\/seo\/ -->\n<title>Un momento hist\u00f3rico: Francia juzga a la c\u00fapula de Al Asad por cr\u00edmenes de lesa humanidad en un proceso sin precedentes - Romantica NY<\/title>\n<meta name=\"robots\" content=\"index, follow, max-snippet:-1, max-image-preview:large, max-video-preview:-1\" \/>\n<link rel=\"canonical\" href=\"https:\/\/romanticany.com\/?p=109359\" \/>\n<meta property=\"og:locale\" content=\"es_ES\" \/>\n<meta property=\"og:type\" content=\"article\" \/>\n<meta property=\"og:title\" content=\"Un momento hist\u00f3rico: Francia juzga a la c\u00fapula de Al Asad por cr\u00edmenes de lesa humanidad en un proceso sin precedentes - Romantica NY\" \/>\n<meta property=\"og:description\" content=\"Por primera vez en la historia, altos mandos del r\u00e9gimen sirio de Bashar al Asad \u2014incluyendo a miembros de su c\u00edrculo m\u00e1s \u00edntimo\u2014 enfrentan un juicio por cr\u00edmenes de lesa humanidad y cr\u00edmenes de guerra en Francia. Este proceso, que se desarrolla bajo el principio de jurisdicci\u00f3n universal, representa un hito en la lucha contra [&hellip;]\" \/>\n<meta property=\"og:url\" content=\"https:\/\/romanticany.com\/?p=109359\" \/>\n<meta property=\"og:site_name\" content=\"Romantica NY\" \/>\n<meta property=\"article:published_time\" content=\"2026-04-27T10:49:46+00:00\" \/>\n<meta property=\"article:modified_time\" content=\"2026-04-27T10:49:48+00:00\" \/>\n<meta property=\"og:image\" content=\"https:\/\/romanticany.com\/wp-content\/uploads\/2026\/04\/descarga-4-51.jpg\" \/>\n\t<meta property=\"og:image:width\" content=\"749\" \/>\n\t<meta property=\"og:image:height\" content=\"512\" \/>\n\t<meta property=\"og:image:type\" content=\"image\/jpeg\" \/>\n<meta name=\"author\" content=\"Romantica NY\" \/>\n<meta name=\"twitter:card\" content=\"summary_large_image\" \/>\n<meta name=\"twitter:label1\" content=\"Escrito por\" \/>\n\t<meta name=\"twitter:data1\" content=\"Romantica NY\" \/>\n\t<meta name=\"twitter:label2\" content=\"Tiempo de lectura\" \/>\n\t<meta name=\"twitter:data2\" content=\"4 minutos\" \/>\n<script type=\"application\/ld+json\" class=\"yoast-schema-graph\">{\"@context\":\"https:\/\/schema.org\",\"@graph\":[{\"@type\":\"Article\",\"@id\":\"https:\/\/romanticany.com\/?p=109359#article\",\"isPartOf\":{\"@id\":\"https:\/\/romanticany.com\/?p=109359\"},\"author\":{\"name\":\"Romantica NY\",\"@id\":\"https:\/\/romanticany.com\/#\/schema\/person\/be3a3ed4b2ab0af84e4dbe5c3215474c\"},\"headline\":\"Un momento hist\u00f3rico: Francia juzga a la c\u00fapula de Al Asad por cr\u00edmenes de lesa humanidad en un proceso sin precedentes\",\"datePublished\":\"2026-04-27T10:49:46+00:00\",\"dateModified\":\"2026-04-27T10:49:48+00:00\",\"mainEntityOfPage\":{\"@id\":\"https:\/\/romanticany.com\/?p=109359\"},\"wordCount\":682,\"commentCount\":0,\"publisher\":{\"@id\":\"https:\/\/romanticany.com\/#organization\"},\"image\":{\"@id\":\"https:\/\/romanticany.com\/?p=109359#primaryimage\"},\"thumbnailUrl\":\"https:\/\/romanticany.com\/wp-content\/uploads\/2026\/04\/descarga-4-51.jpg\",\"articleSection\":[\"Mundo\"],\"inLanguage\":\"es\",\"potentialAction\":[{\"@type\":\"CommentAction\",\"name\":\"Comment\",\"target\":[\"https:\/\/romanticany.com\/?p=109359#respond\"]}]},{\"@type\":\"WebPage\",\"@id\":\"https:\/\/romanticany.com\/?p=109359\",\"url\":\"https:\/\/romanticany.com\/?p=109359\",\"name\":\"Un momento hist\u00f3rico: Francia juzga a la c\u00fapula de Al Asad por cr\u00edmenes de lesa humanidad en un proceso sin precedentes - Romantica NY\",\"isPartOf\":{\"@id\":\"https:\/\/romanticany.com\/#website\"},\"primaryImageOfPage\":{\"@id\":\"https:\/\/romanticany.com\/?p=109359#primaryimage\"},\"image\":{\"@id\":\"https:\/\/romanticany.com\/?p=109359#primaryimage\"},\"thumbnailUrl\":\"https:\/\/romanticany.com\/wp-content\/uploads\/2026\/04\/descarga-4-51.jpg\",\"datePublished\":\"2026-04-27T10:49:46+00:00\",\"dateModified\":\"2026-04-27T10:49:48+00:00\",\"breadcrumb\":{\"@id\":\"https:\/\/romanticany.com\/?p=109359#breadcrumb\"},\"inLanguage\":\"es\",\"potentialAction\":[{\"@type\":\"ReadAction\",\"target\":[\"https:\/\/romanticany.com\/?p=109359\"]}]},{\"@type\":\"ImageObject\",\"inLanguage\":\"es\",\"@id\":\"https:\/\/romanticany.com\/?p=109359#primaryimage\",\"url\":\"https:\/\/romanticany.com\/wp-content\/uploads\/2026\/04\/descarga-4-51.jpg\",\"contentUrl\":\"https:\/\/romanticany.com\/wp-content\/uploads\/2026\/04\/descarga-4-51.jpg\",\"width\":749,\"height\":512},{\"@type\":\"BreadcrumbList\",\"@id\":\"https:\/\/romanticany.com\/?p=109359#breadcrumb\",\"itemListElement\":[{\"@type\":\"ListItem\",\"position\":1,\"name\":\"Portada\",\"item\":\"https:\/\/romanticany.com\/\"},{\"@type\":\"ListItem\",\"position\":2,\"name\":\"Un momento hist\u00f3rico: Francia juzga a la c\u00fapula de Al Asad por cr\u00edmenes de lesa humanidad en un proceso sin precedentes\"}]},{\"@type\":\"WebSite\",\"@id\":\"https:\/\/romanticany.com\/#website\",\"url\":\"https:\/\/romanticany.com\/\",\"name\":\"Romantica NY\",\"description\":\"AHORA CON SU PERIODICO DIGITAL Y LA MUSICA MAS ROMANTICA EN LA GRAN MANZANA, USA\",\"publisher\":{\"@id\":\"https:\/\/romanticany.com\/#organization\"},\"potentialAction\":[{\"@type\":\"SearchAction\",\"target\":{\"@type\":\"EntryPoint\",\"urlTemplate\":\"https:\/\/romanticany.com\/?s={search_term_string}\"},\"query-input\":{\"@type\":\"PropertyValueSpecification\",\"valueRequired\":true,\"valueName\":\"search_term_string\"}}],\"inLanguage\":\"es\"},{\"@type\":\"Organization\",\"@id\":\"https:\/\/romanticany.com\/#organization\",\"name\":\"Romantica NY\",\"url\":\"https:\/\/romanticany.com\/\",\"logo\":{\"@type\":\"ImageObject\",\"inLanguage\":\"es\",\"@id\":\"https:\/\/romanticany.com\/#\/schema\/logo\/image\/\",\"url\":\"https:\/\/romanticany.com\/wp-content\/uploads\/2025\/01\/Logo-Romantica-3.png\",\"contentUrl\":\"https:\/\/romanticany.com\/wp-content\/uploads\/2025\/01\/Logo-Romantica-3.png\",\"width\":1024,\"height\":1024,\"caption\":\"Romantica NY\"},\"image\":{\"@id\":\"https:\/\/romanticany.com\/#\/schema\/logo\/image\/\"}},{\"@type\":\"Person\",\"@id\":\"https:\/\/romanticany.com\/#\/schema\/person\/be3a3ed4b2ab0af84e4dbe5c3215474c\",\"name\":\"Romantica NY\",\"image\":{\"@type\":\"ImageObject\",\"inLanguage\":\"es\",\"@id\":\"https:\/\/romanticany.com\/#\/schema\/person\/image\/\",\"url\":\"https:\/\/romanticany.com\/wp-content\/uploads\/2025\/01\/cropped-Logo-Romantica-3-96x96.png\",\"contentUrl\":\"https:\/\/romanticany.com\/wp-content\/uploads\/2025\/01\/cropped-Logo-Romantica-3-96x96.png\",\"caption\":\"Romantica NY\"},\"sameAs\":[\"https:\/\/romanticany.com\"],\"url\":\"https:\/\/romanticany.com\/?author=1\"}]}<\/script>\n<!-- \/ Yoast SEO plugin. -->","yoast_head_json":{"title":"Un momento hist\u00f3rico: Francia juzga a la c\u00fapula de Al Asad por cr\u00edmenes de lesa humanidad en un proceso sin precedentes - Romantica NY","robots":{"index":"index","follow":"follow","max-snippet":"max-snippet:-1","max-image-preview":"max-image-preview:large","max-video-preview":"max-video-preview:-1"},"canonical":"https:\/\/romanticany.com\/?p=109359","og_locale":"es_ES","og_type":"article","og_title":"Un momento hist\u00f3rico: Francia juzga a la c\u00fapula de Al Asad por cr\u00edmenes de lesa humanidad en un proceso sin precedentes - Romantica NY","og_description":"Por primera vez en la historia, altos mandos del r\u00e9gimen sirio de Bashar al Asad \u2014incluyendo a miembros de su c\u00edrculo m\u00e1s \u00edntimo\u2014 enfrentan un juicio por cr\u00edmenes de lesa humanidad y cr\u00edmenes de guerra en Francia. Este proceso, que se desarrolla bajo el principio de jurisdicci\u00f3n universal, representa un hito en la lucha contra [&hellip;]","og_url":"https:\/\/romanticany.com\/?p=109359","og_site_name":"Romantica NY","article_published_time":"2026-04-27T10:49:46+00:00","article_modified_time":"2026-04-27T10:49:48+00:00","og_image":[{"width":749,"height":512,"url":"https:\/\/romanticany.com\/wp-content\/uploads\/2026\/04\/descarga-4-51.jpg","type":"image\/jpeg"}],"author":"Romantica NY","twitter_card":"summary_large_image","twitter_misc":{"Escrito por":"Romantica NY","Tiempo de lectura":"4 minutos"},"schema":{"@context":"https:\/\/schema.org","@graph":[{"@type":"Article","@id":"https:\/\/romanticany.com\/?p=109359#article","isPartOf":{"@id":"https:\/\/romanticany.com\/?p=109359"},"author":{"name":"Romantica NY","@id":"https:\/\/romanticany.com\/#\/schema\/person\/be3a3ed4b2ab0af84e4dbe5c3215474c"},"headline":"Un momento hist\u00f3rico: Francia juzga a la c\u00fapula de Al Asad por cr\u00edmenes de lesa humanidad en un proceso sin precedentes","datePublished":"2026-04-27T10:49:46+00:00","dateModified":"2026-04-27T10:49:48+00:00","mainEntityOfPage":{"@id":"https:\/\/romanticany.com\/?p=109359"},"wordCount":682,"commentCount":0,"publisher":{"@id":"https:\/\/romanticany.com\/#organization"},"image":{"@id":"https:\/\/romanticany.com\/?p=109359#primaryimage"},"thumbnailUrl":"https:\/\/romanticany.com\/wp-content\/uploads\/2026\/04\/descarga-4-51.jpg","articleSection":["Mundo"],"inLanguage":"es","potentialAction":[{"@type":"CommentAction","name":"Comment","target":["https:\/\/romanticany.com\/?p=109359#respond"]}]},{"@type":"WebPage","@id":"https:\/\/romanticany.com\/?p=109359","url":"https:\/\/romanticany.com\/?p=109359","name":"Un momento hist\u00f3rico: Francia juzga a la c\u00fapula de Al Asad por cr\u00edmenes de lesa humanidad en un proceso sin precedentes - Romantica NY","isPartOf":{"@id":"https:\/\/romanticany.com\/#website"},"primaryImageOfPage":{"@id":"https:\/\/romanticany.com\/?p=109359#primaryimage"},"image":{"@id":"https:\/\/romanticany.com\/?p=109359#primaryimage"},"thumbnailUrl":"https:\/\/romanticany.com\/wp-content\/uploads\/2026\/04\/descarga-4-51.jpg","datePublished":"2026-04-27T10:49:46+00:00","dateModified":"2026-04-27T10:49:48+00:00","breadcrumb":{"@id":"https:\/\/romanticany.com\/?p=109359#breadcrumb"},"inLanguage":"es","potentialAction":[{"@type":"ReadAction","target":["https:\/\/romanticany.com\/?p=109359"]}]},{"@type":"ImageObject","inLanguage":"es","@id":"https:\/\/romanticany.com\/?p=109359#primaryimage","url":"https:\/\/romanticany.com\/wp-content\/uploads\/2026\/04\/descarga-4-51.jpg","contentUrl":"https:\/\/romanticany.com\/wp-content\/uploads\/2026\/04\/descarga-4-51.jpg","width":749,"height":512},{"@type":"BreadcrumbList","@id":"https:\/\/romanticany.com\/?p=109359#breadcrumb","itemListElement":[{"@type":"ListItem","position":1,"name":"Portada","item":"https:\/\/romanticany.com\/"},{"@type":"ListItem","position":2,"name":"Un momento hist\u00f3rico: Francia juzga a la c\u00fapula de Al Asad por cr\u00edmenes de lesa humanidad en un proceso sin precedentes"}]},{"@type":"WebSite","@id":"https:\/\/romanticany.com\/#website","url":"https:\/\/romanticany.com\/","name":"Romantica NY","description":"AHORA CON SU PERIODICO DIGITAL Y LA MUSICA MAS ROMANTICA EN LA GRAN MANZANA, USA","publisher":{"@id":"https:\/\/romanticany.com\/#organization"},"potentialAction":[{"@type":"SearchAction","target":{"@type":"EntryPoint","urlTemplate":"https:\/\/romanticany.com\/?s={search_term_string}"},"query-input":{"@type":"PropertyValueSpecification","valueRequired":true,"valueName":"search_term_string"}}],"inLanguage":"es"},{"@type":"Organization","@id":"https:\/\/romanticany.com\/#organization","name":"Romantica NY","url":"https:\/\/romanticany.com\/","logo":{"@type":"ImageObject","inLanguage":"es","@id":"https:\/\/romanticany.com\/#\/schema\/logo\/image\/","url":"https:\/\/romanticany.com\/wp-content\/uploads\/2025\/01\/Logo-Romantica-3.png","contentUrl":"https:\/\/romanticany.com\/wp-content\/uploads\/2025\/01\/Logo-Romantica-3.png","width":1024,"height":1024,"caption":"Romantica NY"},"image":{"@id":"https:\/\/romanticany.com\/#\/schema\/logo\/image\/"}},{"@type":"Person","@id":"https:\/\/romanticany.com\/#\/schema\/person\/be3a3ed4b2ab0af84e4dbe5c3215474c","name":"Romantica NY","image":{"@type":"ImageObject","inLanguage":"es","@id":"https:\/\/romanticany.com\/#\/schema\/person\/image\/","url":"https:\/\/romanticany.com\/wp-content\/uploads\/2025\/01\/cropped-Logo-Romantica-3-96x96.png","contentUrl":"https:\/\/romanticany.com\/wp-content\/uploads\/2025\/01\/cropped-Logo-Romantica-3-96x96.png","caption":"Romantica NY"},"sameAs":["https:\/\/romanticany.com"],"url":"https:\/\/romanticany.com\/?author=1"}]}},"rttpg_featured_image_url":{"full":["https:\/\/romanticany.com\/wp-content\/uploads\/2026\/04\/descarga-4-51.jpg",749,512,false],"landscape":["https:\/\/romanticany.com\/wp-content\/uploads\/2026\/04\/descarga-4-51.jpg",749,512,false],"portraits":["https:\/\/romanticany.com\/wp-content\/uploads\/2026\/04\/descarga-4-51.jpg",749,512,false],"thumbnail":["https:\/\/romanticany.com\/wp-content\/uploads\/2026\/04\/descarga-4-51-150x150.jpg",150,150,true],"medium":["https:\/\/romanticany.com\/wp-content\/uploads\/2026\/04\/descarga-4-51-300x205.jpg",300,205,true],"large":["https:\/\/romanticany.com\/wp-content\/uploads\/2026\/04\/descarga-4-51.jpg",640,437,false],"1536x1536":["https:\/\/romanticany.com\/wp-content\/uploads\/2026\/04\/descarga-4-51.jpg",749,512,false],"2048x2048":["https:\/\/romanticany.com\/wp-content\/uploads\/2026\/04\/descarga-4-51.jpg",749,512,false]},"rttpg_author":{"display_name":"Romantica NY","author_link":"https:\/\/romanticany.com\/?author=1"},"rttpg_comment":0,"rttpg_category":"<a href=\"https:\/\/romanticany.com\/?cat=8\" rel=\"category\">Mundo<\/a>","rttpg_excerpt":"Por primera vez en la historia, altos mandos del r\u00e9gimen sirio de Bashar al Asad \u2014incluyendo a miembros de su c\u00edrculo m\u00e1s \u00edntimo\u2014 enfrentan un juicio por cr\u00edmenes de lesa humanidad y cr\u00edmenes de guerra en Francia. Este proceso, que se desarrolla bajo el principio de jurisdicci\u00f3n universal, representa un hito en la lucha contra&hellip;","_links":{"self":[{"href":"https:\/\/romanticany.com\/index.php?rest_route=\/wp\/v2\/posts\/109359","targetHints":{"allow":["GET"]}}],"collection":[{"href":"https:\/\/romanticany.com\/index.php?rest_route=\/wp\/v2\/posts"}],"about":[{"href":"https:\/\/romanticany.com\/index.php?rest_route=\/wp\/v2\/types\/post"}],"author":[{"embeddable":true,"href":"https:\/\/romanticany.com\/index.php?rest_route=\/wp\/v2\/users\/1"}],"replies":[{"embeddable":true,"href":"https:\/\/romanticany.com\/index.php?rest_route=%2Fwp%2Fv2%2Fcomments&post=109359"}],"version-history":[{"count":1,"href":"https:\/\/romanticany.com\/index.php?rest_route=\/wp\/v2\/posts\/109359\/revisions"}],"predecessor-version":[{"id":109361,"href":"https:\/\/romanticany.com\/index.php?rest_route=\/wp\/v2\/posts\/109359\/revisions\/109361"}],"wp:featuredmedia":[{"embeddable":true,"href":"https:\/\/romanticany.com\/index.php?rest_route=\/wp\/v2\/media\/109360"}],"wp:attachment":[{"href":"https:\/\/romanticany.com\/index.php?rest_route=%2Fwp%2Fv2%2Fmedia&parent=109359"}],"wp:term":[{"taxonomy":"category","embeddable":true,"href":"https:\/\/romanticany.com\/index.php?rest_route=%2Fwp%2Fv2%2Fcategories&post=109359"},{"taxonomy":"post_tag","embeddable":true,"href":"https:\/\/romanticany.com\/index.php?rest_route=%2Fwp%2Fv2%2Ftags&post=109359"}],"curies":[{"name":"wp","href":"https:\/\/api.w.org\/{rel}","templated":true}]}}