{"id":109366,"date":"2026-04-27T07:29:29","date_gmt":"2026-04-27T11:29:29","guid":{"rendered":"https:\/\/romanticany.com\/?p=109366"},"modified":"2026-04-27T07:29:31","modified_gmt":"2026-04-27T11:29:31","slug":"nos-van-a-obligar-a-la-guerra-el-panico-en-familias-latinas-de-nyc-por-el-registro-militar-automatico-y-la-verdad-que-deben-conocer","status":"publish","type":"post","link":"https:\/\/romanticany.com\/?p=109366","title":{"rendered":"\u00bfNos van a obligar a la guerra?\u00bb: El p\u00e1nico en familias latinas de NYC por el registro militar autom\u00e1tico (y la verdad que deben conocer)"},"content":{"rendered":"\n<p>Una <strong>ola de desinformaci\u00f3n<\/strong> ha generado <strong>p\u00e1nico y confusi\u00f3n<\/strong> entre las <strong>familias latinas en Nueva York<\/strong>, luego de que circulara la falsa idea de que, a partir de diciembre de 2026, los j\u00f3venes ser\u00edan <strong>obligados a alistarse en el ej\u00e9rcito<\/strong> y enviados a conflictos b\u00e9licos. Padres como <strong>Jenny Morales<\/strong> y <strong>Alejandro Henao<\/strong> expresaron su <strong>miedo y angustia<\/strong>, creyendo que sus hijos ser\u00edan reclutados por la fuerza. Sin embargo, las autoridades <strong>aclaran que no hay reclutamiento obligatorio<\/strong>, y que el cambio solo implica un <strong>registro autom\u00e1tico<\/strong> en el <strong>Servicio Selectivo<\/strong>. Aqu\u00ed te explicamos <strong>qu\u00e9 es lo que realmente ocurre<\/strong> y por qu\u00e9 no hay raz\u00f3n para temer.<\/p>\n\n\n\n<hr class=\"wp-block-separator has-alpha-channel-opacity\"\/>\n\n\n\n<h3 class=\"wp-block-heading\"><strong>\ud83d\ude28 El miedo que se propag\u00f3: \u00ab\u00bfMis hijos ser\u00e1n enviados a la guerra?\u00bb<\/strong><\/h3>\n\n\n\n<p>El temor comenz\u00f3 cuando <strong>vecina de Jenny Morales<\/strong>, una madre mexicana en <strong>Corona, Queens<\/strong>, le dijo que <strong>todos los j\u00f3venes mayores de 18 a\u00f1os ser\u00edan obligados a unirse al ej\u00e9rcito<\/strong> y enviados a guerras como la de <strong>Ir\u00e1n<\/strong>. Jenny, con dos hijos adolescentes (uno de 19 a\u00f1os y otro que cumplir\u00e1 18 en diciembre), se llen\u00f3 de preocupaci\u00f3n:<\/p>\n\n\n\n<p><em>\u00abLo que menos quiero es que mis hijos terminen en guerras que no son nuestras. Vinimos a este pa\u00eds buscando una vida mejor, no para que los manden a morir\u00bb<\/em>, dijo Jenny, quien teme que sus hijos sean enviados a conflictos b\u00e9licos.<\/p>\n\n\n\n<p>Otro caso es el de <strong>Alejandro Henao<\/strong>, un padre colombiano con un hijo de 17 a\u00f1os, quien tambi\u00e9n crey\u00f3 que su hijo ser\u00eda <strong>obligado a alistarse<\/strong> al cumplir 18 a\u00f1os:<\/p>\n\n\n\n<p><em>\u00abEscuch\u00e9 que no importa si son ciudadanos o solicitantes de asilo, que los van a mandar a la guerra. Eso me aterra\u00bb<\/em>, coment\u00f3 Alejandro, quien incluso consider\u00f3 <strong>emigrar a otro pa\u00eds<\/strong> si su hijo fuera reclutado.<\/p>\n\n\n\n<hr class=\"wp-block-separator has-alpha-channel-opacity\"\/>\n\n\n\n<h3 class=\"wp-block-heading\"><strong>\u26a0\ufe0f \u00bfQu\u00e9 es lo que REALMENTE cambia en diciembre de 2026?<\/strong><\/h3>\n\n\n\n<p>El <strong>Servicio Selectivo de EE.UU.<\/strong> aclar\u00f3 que el cambio <strong>no implica reclutamiento obligatorio<\/strong>, sino solo una <strong>modificaci\u00f3n en el proceso de registro<\/strong>:<\/p>\n\n\n\n<h4 class=\"wp-block-heading\"><strong>1. \ud83d\udcdd Registro autom\u00e1tico (no reclutamiento)<\/strong><\/h4>\n\n\n\n<ul class=\"wp-block-list\">\n<li><strong>Actualmente<\/strong>, los varones entre <strong>18 y 26 a\u00f1os<\/strong> deben registrarse <strong>voluntariamente<\/strong> en el Servicio Selectivo.<\/li>\n\n\n\n<li><strong>A partir de diciembre de 2026<\/strong>, este registro ser\u00e1 <strong>autom\u00e1tico<\/strong> al cumplir 18 a\u00f1os, <strong>eliminando la necesidad de hacerlo manualmente<\/strong>.<\/li>\n\n\n\n<li><strong>No significa que ser\u00e1n reclutados<\/strong>: El registro es solo un <strong>requisito legal<\/strong> para evitar multas o problemas al solicitar <strong>ciudadan\u00eda, pr\u00e9stamos federales o empleos gubernamentales<\/strong>.<\/li>\n<\/ul>\n\n\n\n<p><em>\u00abNo hay ning\u00fan reclutamiento obligatorio en este momento. Lo \u00fanico que cambia es que el registro se har\u00e1 autom\u00e1ticamente, sin que los j\u00f3venes tengan que preocuparse por hacerlo\u00bb<\/em>, explic\u00f3 un oficial de reclutamiento.<\/p>\n\n\n\n<hr class=\"wp-block-separator has-alpha-channel-opacity\"\/>\n\n\n\n<h4 class=\"wp-block-heading\"><strong>2. \ud83c\udfb2 \u00bfC\u00f3mo funcionar\u00eda un reclutamiento obligatorio (si alguna vez ocurriera)?<\/strong><\/h4>\n\n\n\n<p>Aunque <strong>no hay planes actuales<\/strong> para un reclutamiento obligatorio, el Servicio Selectivo tiene un <strong>protocolo<\/strong> en caso de una <strong>emergencia nacional<\/strong> (como una guerra a gran escala):<\/p>\n\n\n\n<ul class=\"wp-block-list\">\n<li><strong>Sorteo por fechas de nacimiento<\/strong>: Se realizar\u00eda una <strong>loter\u00eda<\/strong> para seleccionar a los inscritos de <strong>20 a\u00f1os<\/strong> (y luego a otros grupos de edad si fuera necesario).<\/li>\n\n\n\n<li><strong>Evaluaci\u00f3n f\u00edsica y moral<\/strong>: Solo los seleccionados que pasen pruebas de salud y antecedentes ser\u00edan llamados a servir.<\/li>\n\n\n\n<li><strong>Exenciones y aplazamientos<\/strong>: Quienes sean seleccionados podr\u00edan solicitar <strong>exenciones<\/strong> por motivos m\u00e9dicos, religiosos o de conciencia.<\/li>\n<\/ul>\n\n\n\n<p><em>\u00abEl \u00faltimo reclutamiento obligatorio fue en 1973, durante la Guerra de Vietnam. Desde entonces, no ha habido ning\u00fan llamado similar\u00bb<\/em>, aclar\u00f3 el Servicio Selectivo.<\/p>\n\n\n\n<hr class=\"wp-block-separator has-alpha-channel-opacity\"\/>\n\n\n\n<h3 class=\"wp-block-heading\"><strong>\ud83d\udccb \u00bfQui\u00e9nes est\u00e1n obligados a registrarse?<\/strong><\/h3>\n\n\n\n<p>Seg\u00fan la <strong>Ley de Autorizaci\u00f3n de la Defensa Nacional (2025)<\/strong>, el registro autom\u00e1tico aplicar\u00e1 a:<br>\u2705 <strong>Ciudadanos estadounidenses varones<\/strong> (18-26 a\u00f1os).<br>\u2705 <strong>Residentes permanentes (green card)<\/strong>.<br>\u2705 <strong>Refugiados y solicitantes de asilo<\/strong>.<br>\u2705 <strong>Varones indocumentados<\/strong> que residen en EE.UU.<\/p>\n\n\n\n<p>\ud83d\udeab <strong>Exentos<\/strong>: Quienes tengan visas de <strong>no inmigrante<\/strong> (como turistas o estudiantes).<\/p>\n\n\n\n<hr class=\"wp-block-separator has-alpha-channel-opacity\"\/>\n\n\n\n<h3 class=\"wp-block-heading\"><strong>\ud83d\udca1 \u00bfQu\u00e9 deben hacer las familias?<\/strong><\/h3>\n\n\n\n<ol class=\"wp-block-list\">\n<li><strong>Informarse correctamente<\/strong>: El cambio <strong>no implica reclutamiento obligatorio<\/strong>, solo un registro autom\u00e1tico.<\/li>\n\n\n\n<li><strong>No entrar en p\u00e1nico<\/strong>: Desde 1973, <strong>no ha habido reclutamiento forzoso<\/strong> en EE.UU.<\/li>\n\n\n\n<li><strong>Prepararse para el registro autom\u00e1tico<\/strong>: A partir de diciembre, los j\u00f3venes <strong>no tendr\u00e1n que hacer nada<\/strong>, ya que el sistema lo har\u00e1 por ellos.<\/li>\n\n\n\n<li><strong>Conocer sus derechos<\/strong>: En caso de un hipot\u00e9tico reclutamiento, existen <strong>exenciones y aplazamientos<\/strong> legales.<\/li>\n<\/ol>\n\n\n\n<p><em>\u00abEs importante que la comunidad latina entienda que esto no es un llamado a la guerra, sino un procedimiento administrativo. No hay que asustarse\u00bb<\/em>, dijo <strong>Juanse Cardona<\/strong>, un joven de 18 a\u00f1os que entiende el cambio como una <strong>simplificaci\u00f3n del proceso<\/strong>.<\/p>\n\n\n\n<hr class=\"wp-block-separator has-alpha-channel-opacity\"\/>\n\n\n\n<p><strong>#ServicioSelectivo #ReclutamientoMilitar #Inmigraci\u00f3n #FamiliasLatinas #EEUU #Derechos #NoticiasNYC<\/strong><\/p>\n","protected":false},"excerpt":{"rendered":"<p>Una ola de desinformaci\u00f3n ha generado p\u00e1nico y confusi\u00f3n entre las familias latinas en Nueva York, luego de que circulara la falsa idea de que, a partir de diciembre de 2026, los j\u00f3venes ser\u00edan obligados a alistarse en el ej\u00e9rcito y enviados a conflictos b\u00e9licos. Padres como Jenny Morales y Alejandro Henao expresaron su miedo [&hellip;]<\/p>\n","protected":false},"author":1,"featured_media":109367,"comment_status":"open","ping_status":"closed","sticky":false,"template":"","format":"standard","meta":{"footnotes":""},"categories":[15],"tags":[],"class_list":["post-109366","post","type-post","status-publish","format-standard","has-post-thumbnail","hentry","category-sociales"],"yoast_head":"<!-- This site is optimized with the Yoast SEO plugin v24.5 - https:\/\/yoast.com\/wordpress\/plugins\/seo\/ -->\n<title>\u00bfNos van a obligar a la guerra?&quot;: El p\u00e1nico en familias latinas de NYC por el registro militar autom\u00e1tico (y la verdad que deben conocer) - Romantica NY<\/title>\n<meta name=\"robots\" content=\"index, follow, max-snippet:-1, max-image-preview:large, max-video-preview:-1\" \/>\n<link rel=\"canonical\" href=\"https:\/\/romanticany.com\/?p=109366\" \/>\n<meta property=\"og:locale\" content=\"es_ES\" \/>\n<meta property=\"og:type\" content=\"article\" \/>\n<meta property=\"og:title\" content=\"\u00bfNos van a obligar a la guerra?&quot;: El p\u00e1nico en familias latinas de NYC por el registro militar autom\u00e1tico (y la verdad que deben conocer) - Romantica NY\" \/>\n<meta property=\"og:description\" content=\"Una ola de desinformaci\u00f3n ha generado p\u00e1nico y confusi\u00f3n entre las familias latinas en Nueva York, luego de que circulara la falsa idea de que, a partir de diciembre de 2026, los j\u00f3venes ser\u00edan obligados a alistarse en el ej\u00e9rcito y enviados a conflictos b\u00e9licos. Padres como Jenny Morales y Alejandro Henao expresaron su miedo [&hellip;]\" \/>\n<meta property=\"og:url\" content=\"https:\/\/romanticany.com\/?p=109366\" \/>\n<meta property=\"og:site_name\" content=\"Romantica NY\" \/>\n<meta property=\"article:published_time\" content=\"2026-04-27T11:29:29+00:00\" \/>\n<meta property=\"article:modified_time\" content=\"2026-04-27T11:29:31+00:00\" \/>\n<meta property=\"og:image\" content=\"https:\/\/romanticany.com\/wp-content\/uploads\/2026\/04\/Whisk_c3c683bcd0c1941a4c2407848718de1edr.jpg\" \/>\n\t<meta property=\"og:image:width\" content=\"1344\" \/>\n\t<meta property=\"og:image:height\" content=\"768\" \/>\n\t<meta property=\"og:image:type\" content=\"image\/jpeg\" \/>\n<meta name=\"author\" content=\"Romantica NY\" \/>\n<meta name=\"twitter:card\" content=\"summary_large_image\" \/>\n<meta name=\"twitter:label1\" content=\"Escrito por\" \/>\n\t<meta name=\"twitter:data1\" content=\"Romantica NY\" \/>\n\t<meta name=\"twitter:label2\" content=\"Tiempo de lectura\" \/>\n\t<meta name=\"twitter:data2\" content=\"4 minutos\" \/>\n<script type=\"application\/ld+json\" class=\"yoast-schema-graph\">{\"@context\":\"https:\/\/schema.org\",\"@graph\":[{\"@type\":\"Article\",\"@id\":\"https:\/\/romanticany.com\/?p=109366#article\",\"isPartOf\":{\"@id\":\"https:\/\/romanticany.com\/?p=109366\"},\"author\":{\"name\":\"Romantica NY\",\"@id\":\"https:\/\/romanticany.com\/#\/schema\/person\/be3a3ed4b2ab0af84e4dbe5c3215474c\"},\"headline\":\"\u00bfNos van a obligar a la guerra?\u00bb: El p\u00e1nico en familias latinas de NYC por el registro militar autom\u00e1tico (y la verdad que deben conocer)\",\"datePublished\":\"2026-04-27T11:29:29+00:00\",\"dateModified\":\"2026-04-27T11:29:31+00:00\",\"mainEntityOfPage\":{\"@id\":\"https:\/\/romanticany.com\/?p=109366\"},\"wordCount\":777,\"commentCount\":0,\"publisher\":{\"@id\":\"https:\/\/romanticany.com\/#organization\"},\"image\":{\"@id\":\"https:\/\/romanticany.com\/?p=109366#primaryimage\"},\"thumbnailUrl\":\"https:\/\/romanticany.com\/wp-content\/uploads\/2026\/04\/Whisk_c3c683bcd0c1941a4c2407848718de1edr.jpg\",\"articleSection\":[\"Sociales\"],\"inLanguage\":\"es\",\"potentialAction\":[{\"@type\":\"CommentAction\",\"name\":\"Comment\",\"target\":[\"https:\/\/romanticany.com\/?p=109366#respond\"]}]},{\"@type\":\"WebPage\",\"@id\":\"https:\/\/romanticany.com\/?p=109366\",\"url\":\"https:\/\/romanticany.com\/?p=109366\",\"name\":\"\u00bfNos van a obligar a la guerra?\\\": El p\u00e1nico en familias latinas de NYC por el registro militar autom\u00e1tico (y la verdad que deben conocer) - Romantica NY\",\"isPartOf\":{\"@id\":\"https:\/\/romanticany.com\/#website\"},\"primaryImageOfPage\":{\"@id\":\"https:\/\/romanticany.com\/?p=109366#primaryimage\"},\"image\":{\"@id\":\"https:\/\/romanticany.com\/?p=109366#primaryimage\"},\"thumbnailUrl\":\"https:\/\/romanticany.com\/wp-content\/uploads\/2026\/04\/Whisk_c3c683bcd0c1941a4c2407848718de1edr.jpg\",\"datePublished\":\"2026-04-27T11:29:29+00:00\",\"dateModified\":\"2026-04-27T11:29:31+00:00\",\"breadcrumb\":{\"@id\":\"https:\/\/romanticany.com\/?p=109366#breadcrumb\"},\"inLanguage\":\"es\",\"potentialAction\":[{\"@type\":\"ReadAction\",\"target\":[\"https:\/\/romanticany.com\/?p=109366\"]}]},{\"@type\":\"ImageObject\",\"inLanguage\":\"es\",\"@id\":\"https:\/\/romanticany.com\/?p=109366#primaryimage\",\"url\":\"https:\/\/romanticany.com\/wp-content\/uploads\/2026\/04\/Whisk_c3c683bcd0c1941a4c2407848718de1edr.jpg\",\"contentUrl\":\"https:\/\/romanticany.com\/wp-content\/uploads\/2026\/04\/Whisk_c3c683bcd0c1941a4c2407848718de1edr.jpg\",\"width\":1344,\"height\":768},{\"@type\":\"BreadcrumbList\",\"@id\":\"https:\/\/romanticany.com\/?p=109366#breadcrumb\",\"itemListElement\":[{\"@type\":\"ListItem\",\"position\":1,\"name\":\"Portada\",\"item\":\"https:\/\/romanticany.com\/\"},{\"@type\":\"ListItem\",\"position\":2,\"name\":\"\u00bfNos van a obligar a la guerra?\u00bb: El p\u00e1nico en familias latinas de NYC por el registro militar autom\u00e1tico (y la verdad que deben conocer)\"}]},{\"@type\":\"WebSite\",\"@id\":\"https:\/\/romanticany.com\/#website\",\"url\":\"https:\/\/romanticany.com\/\",\"name\":\"Romantica NY\",\"description\":\"AHORA CON SU PERIODICO DIGITAL Y LA MUSICA MAS ROMANTICA EN LA GRAN MANZANA, USA\",\"publisher\":{\"@id\":\"https:\/\/romanticany.com\/#organization\"},\"potentialAction\":[{\"@type\":\"SearchAction\",\"target\":{\"@type\":\"EntryPoint\",\"urlTemplate\":\"https:\/\/romanticany.com\/?s={search_term_string}\"},\"query-input\":{\"@type\":\"PropertyValueSpecification\",\"valueRequired\":true,\"valueName\":\"search_term_string\"}}],\"inLanguage\":\"es\"},{\"@type\":\"Organization\",\"@id\":\"https:\/\/romanticany.com\/#organization\",\"name\":\"Romantica NY\",\"url\":\"https:\/\/romanticany.com\/\",\"logo\":{\"@type\":\"ImageObject\",\"inLanguage\":\"es\",\"@id\":\"https:\/\/romanticany.com\/#\/schema\/logo\/image\/\",\"url\":\"https:\/\/romanticany.com\/wp-content\/uploads\/2025\/01\/Logo-Romantica-3.png\",\"contentUrl\":\"https:\/\/romanticany.com\/wp-content\/uploads\/2025\/01\/Logo-Romantica-3.png\",\"width\":1024,\"height\":1024,\"caption\":\"Romantica NY\"},\"image\":{\"@id\":\"https:\/\/romanticany.com\/#\/schema\/logo\/image\/\"}},{\"@type\":\"Person\",\"@id\":\"https:\/\/romanticany.com\/#\/schema\/person\/be3a3ed4b2ab0af84e4dbe5c3215474c\",\"name\":\"Romantica NY\",\"image\":{\"@type\":\"ImageObject\",\"inLanguage\":\"es\",\"@id\":\"https:\/\/romanticany.com\/#\/schema\/person\/image\/\",\"url\":\"https:\/\/romanticany.com\/wp-content\/uploads\/2025\/01\/cropped-Logo-Romantica-3-96x96.png\",\"contentUrl\":\"https:\/\/romanticany.com\/wp-content\/uploads\/2025\/01\/cropped-Logo-Romantica-3-96x96.png\",\"caption\":\"Romantica NY\"},\"sameAs\":[\"https:\/\/romanticany.com\"],\"url\":\"https:\/\/romanticany.com\/?author=1\"}]}<\/script>\n<!-- \/ Yoast SEO plugin. -->","yoast_head_json":{"title":"\u00bfNos van a obligar a la guerra?\": El p\u00e1nico en familias latinas de NYC por el registro militar autom\u00e1tico (y la verdad que deben conocer) - Romantica NY","robots":{"index":"index","follow":"follow","max-snippet":"max-snippet:-1","max-image-preview":"max-image-preview:large","max-video-preview":"max-video-preview:-1"},"canonical":"https:\/\/romanticany.com\/?p=109366","og_locale":"es_ES","og_type":"article","og_title":"\u00bfNos van a obligar a la guerra?\": El p\u00e1nico en familias latinas de NYC por el registro militar autom\u00e1tico (y la verdad que deben conocer) - Romantica NY","og_description":"Una ola de desinformaci\u00f3n ha generado p\u00e1nico y confusi\u00f3n entre las familias latinas en Nueva York, luego de que circulara la falsa idea de que, a partir de diciembre de 2026, los j\u00f3venes ser\u00edan obligados a alistarse en el ej\u00e9rcito y enviados a conflictos b\u00e9licos. Padres como Jenny Morales y Alejandro Henao expresaron su miedo [&hellip;]","og_url":"https:\/\/romanticany.com\/?p=109366","og_site_name":"Romantica NY","article_published_time":"2026-04-27T11:29:29+00:00","article_modified_time":"2026-04-27T11:29:31+00:00","og_image":[{"width":1344,"height":768,"url":"https:\/\/romanticany.com\/wp-content\/uploads\/2026\/04\/Whisk_c3c683bcd0c1941a4c2407848718de1edr.jpg","type":"image\/jpeg"}],"author":"Romantica NY","twitter_card":"summary_large_image","twitter_misc":{"Escrito por":"Romantica NY","Tiempo de lectura":"4 minutos"},"schema":{"@context":"https:\/\/schema.org","@graph":[{"@type":"Article","@id":"https:\/\/romanticany.com\/?p=109366#article","isPartOf":{"@id":"https:\/\/romanticany.com\/?p=109366"},"author":{"name":"Romantica NY","@id":"https:\/\/romanticany.com\/#\/schema\/person\/be3a3ed4b2ab0af84e4dbe5c3215474c"},"headline":"\u00bfNos van a obligar a la guerra?\u00bb: El p\u00e1nico en familias latinas de NYC por el registro militar autom\u00e1tico (y la verdad que deben conocer)","datePublished":"2026-04-27T11:29:29+00:00","dateModified":"2026-04-27T11:29:31+00:00","mainEntityOfPage":{"@id":"https:\/\/romanticany.com\/?p=109366"},"wordCount":777,"commentCount":0,"publisher":{"@id":"https:\/\/romanticany.com\/#organization"},"image":{"@id":"https:\/\/romanticany.com\/?p=109366#primaryimage"},"thumbnailUrl":"https:\/\/romanticany.com\/wp-content\/uploads\/2026\/04\/Whisk_c3c683bcd0c1941a4c2407848718de1edr.jpg","articleSection":["Sociales"],"inLanguage":"es","potentialAction":[{"@type":"CommentAction","name":"Comment","target":["https:\/\/romanticany.com\/?p=109366#respond"]}]},{"@type":"WebPage","@id":"https:\/\/romanticany.com\/?p=109366","url":"https:\/\/romanticany.com\/?p=109366","name":"\u00bfNos van a obligar a la guerra?\": El p\u00e1nico en familias latinas de NYC por el registro militar autom\u00e1tico (y la verdad que deben conocer) - Romantica NY","isPartOf":{"@id":"https:\/\/romanticany.com\/#website"},"primaryImageOfPage":{"@id":"https:\/\/romanticany.com\/?p=109366#primaryimage"},"image":{"@id":"https:\/\/romanticany.com\/?p=109366#primaryimage"},"thumbnailUrl":"https:\/\/romanticany.com\/wp-content\/uploads\/2026\/04\/Whisk_c3c683bcd0c1941a4c2407848718de1edr.jpg","datePublished":"2026-04-27T11:29:29+00:00","dateModified":"2026-04-27T11:29:31+00:00","breadcrumb":{"@id":"https:\/\/romanticany.com\/?p=109366#breadcrumb"},"inLanguage":"es","potentialAction":[{"@type":"ReadAction","target":["https:\/\/romanticany.com\/?p=109366"]}]},{"@type":"ImageObject","inLanguage":"es","@id":"https:\/\/romanticany.com\/?p=109366#primaryimage","url":"https:\/\/romanticany.com\/wp-content\/uploads\/2026\/04\/Whisk_c3c683bcd0c1941a4c2407848718de1edr.jpg","contentUrl":"https:\/\/romanticany.com\/wp-content\/uploads\/2026\/04\/Whisk_c3c683bcd0c1941a4c2407848718de1edr.jpg","width":1344,"height":768},{"@type":"BreadcrumbList","@id":"https:\/\/romanticany.com\/?p=109366#breadcrumb","itemListElement":[{"@type":"ListItem","position":1,"name":"Portada","item":"https:\/\/romanticany.com\/"},{"@type":"ListItem","position":2,"name":"\u00bfNos van a obligar a la guerra?\u00bb: El p\u00e1nico en familias latinas de NYC por el registro militar autom\u00e1tico (y la verdad que deben conocer)"}]},{"@type":"WebSite","@id":"https:\/\/romanticany.com\/#website","url":"https:\/\/romanticany.com\/","name":"Romantica NY","description":"AHORA CON SU PERIODICO DIGITAL Y LA MUSICA MAS ROMANTICA EN LA GRAN MANZANA, USA","publisher":{"@id":"https:\/\/romanticany.com\/#organization"},"potentialAction":[{"@type":"SearchAction","target":{"@type":"EntryPoint","urlTemplate":"https:\/\/romanticany.com\/?s={search_term_string}"},"query-input":{"@type":"PropertyValueSpecification","valueRequired":true,"valueName":"search_term_string"}}],"inLanguage":"es"},{"@type":"Organization","@id":"https:\/\/romanticany.com\/#organization","name":"Romantica NY","url":"https:\/\/romanticany.com\/","logo":{"@type":"ImageObject","inLanguage":"es","@id":"https:\/\/romanticany.com\/#\/schema\/logo\/image\/","url":"https:\/\/romanticany.com\/wp-content\/uploads\/2025\/01\/Logo-Romantica-3.png","contentUrl":"https:\/\/romanticany.com\/wp-content\/uploads\/2025\/01\/Logo-Romantica-3.png","width":1024,"height":1024,"caption":"Romantica NY"},"image":{"@id":"https:\/\/romanticany.com\/#\/schema\/logo\/image\/"}},{"@type":"Person","@id":"https:\/\/romanticany.com\/#\/schema\/person\/be3a3ed4b2ab0af84e4dbe5c3215474c","name":"Romantica NY","image":{"@type":"ImageObject","inLanguage":"es","@id":"https:\/\/romanticany.com\/#\/schema\/person\/image\/","url":"https:\/\/romanticany.com\/wp-content\/uploads\/2025\/01\/cropped-Logo-Romantica-3-96x96.png","contentUrl":"https:\/\/romanticany.com\/wp-content\/uploads\/2025\/01\/cropped-Logo-Romantica-3-96x96.png","caption":"Romantica NY"},"sameAs":["https:\/\/romanticany.com"],"url":"https:\/\/romanticany.com\/?author=1"}]}},"rttpg_featured_image_url":{"full":["https:\/\/romanticany.com\/wp-content\/uploads\/2026\/04\/Whisk_c3c683bcd0c1941a4c2407848718de1edr.jpg",1344,768,false],"landscape":["https:\/\/romanticany.com\/wp-content\/uploads\/2026\/04\/Whisk_c3c683bcd0c1941a4c2407848718de1edr.jpg",1344,768,false],"portraits":["https:\/\/romanticany.com\/wp-content\/uploads\/2026\/04\/Whisk_c3c683bcd0c1941a4c2407848718de1edr.jpg",1344,768,false],"thumbnail":["https:\/\/romanticany.com\/wp-content\/uploads\/2026\/04\/Whisk_c3c683bcd0c1941a4c2407848718de1edr-150x150.jpg",150,150,true],"medium":["https:\/\/romanticany.com\/wp-content\/uploads\/2026\/04\/Whisk_c3c683bcd0c1941a4c2407848718de1edr-300x171.jpg",300,171,true],"large":["https:\/\/romanticany.com\/wp-content\/uploads\/2026\/04\/Whisk_c3c683bcd0c1941a4c2407848718de1edr-1024x585.jpg",640,366,true],"1536x1536":["https:\/\/romanticany.com\/wp-content\/uploads\/2026\/04\/Whisk_c3c683bcd0c1941a4c2407848718de1edr.jpg",1344,768,false],"2048x2048":["https:\/\/romanticany.com\/wp-content\/uploads\/2026\/04\/Whisk_c3c683bcd0c1941a4c2407848718de1edr.jpg",1344,768,false]},"rttpg_author":{"display_name":"Romantica NY","author_link":"https:\/\/romanticany.com\/?author=1"},"rttpg_comment":0,"rttpg_category":"<a href=\"https:\/\/romanticany.com\/?cat=15\" rel=\"category\">Sociales<\/a>","rttpg_excerpt":"Una ola de desinformaci\u00f3n ha generado p\u00e1nico y confusi\u00f3n entre las familias latinas en Nueva York, luego de que circulara la falsa idea de que, a partir de diciembre de 2026, los j\u00f3venes ser\u00edan obligados a alistarse en el ej\u00e9rcito y enviados a conflictos b\u00e9licos. Padres como Jenny Morales y Alejandro Henao expresaron su miedo&hellip;","_links":{"self":[{"href":"https:\/\/romanticany.com\/index.php?rest_route=\/wp\/v2\/posts\/109366","targetHints":{"allow":["GET"]}}],"collection":[{"href":"https:\/\/romanticany.com\/index.php?rest_route=\/wp\/v2\/posts"}],"about":[{"href":"https:\/\/romanticany.com\/index.php?rest_route=\/wp\/v2\/types\/post"}],"author":[{"embeddable":true,"href":"https:\/\/romanticany.com\/index.php?rest_route=\/wp\/v2\/users\/1"}],"replies":[{"embeddable":true,"href":"https:\/\/romanticany.com\/index.php?rest_route=%2Fwp%2Fv2%2Fcomments&post=109366"}],"version-history":[{"count":1,"href":"https:\/\/romanticany.com\/index.php?rest_route=\/wp\/v2\/posts\/109366\/revisions"}],"predecessor-version":[{"id":109368,"href":"https:\/\/romanticany.com\/index.php?rest_route=\/wp\/v2\/posts\/109366\/revisions\/109368"}],"wp:featuredmedia":[{"embeddable":true,"href":"https:\/\/romanticany.com\/index.php?rest_route=\/wp\/v2\/media\/109367"}],"wp:attachment":[{"href":"https:\/\/romanticany.com\/index.php?rest_route=%2Fwp%2Fv2%2Fmedia&parent=109366"}],"wp:term":[{"taxonomy":"category","embeddable":true,"href":"https:\/\/romanticany.com\/index.php?rest_route=%2Fwp%2Fv2%2Fcategories&post=109366"},{"taxonomy":"post_tag","embeddable":true,"href":"https:\/\/romanticany.com\/index.php?rest_route=%2Fwp%2Fv2%2Ftags&post=109366"}],"curies":[{"name":"wp","href":"https:\/\/api.w.org\/{rel}","templated":true}]}}