{"id":109409,"date":"2026-04-27T19:15:27","date_gmt":"2026-04-27T23:15:27","guid":{"rendered":"https:\/\/romanticany.com\/?p=109409"},"modified":"2026-04-27T19:15:32","modified_gmt":"2026-04-27T23:15:32","slug":"feria-del-libro-y-la-cultura-cibao-2026-un-exito-historico-con-mas-de-100000-visitantes-y-un-legado-cultural-para-el-cibao","status":"publish","type":"post","link":"https:\/\/romanticany.com\/?p=109409","title":{"rendered":"Feria del Libro y la Cultura Cibao 2026: Un \u00e9xito hist\u00f3rico con m\u00e1s de 100,000 visitantes y un legado cultural para el Cibao"},"content":{"rendered":"\n<p><strong>Santiago de los Caballeros<\/strong> \u2014 La <strong>primera edici\u00f3n de la Feria del Libro y la Cultura Cibao 2026<\/strong> cerr\u00f3 sus puertas con un <strong>rotundo \u00e9xito<\/strong>, atrayendo a <strong>m\u00e1s de 100,000 visitantes<\/strong> y generando <strong>ventas r\u00e9cord de m\u00e1s de 10 millones de pesos en libros<\/strong>. Este evento, que consolid\u00f3 a <strong>Santiago<\/strong> como el <strong>epicentro cultural del norte del pa\u00eds<\/strong>, fue clausurado por la <strong>vicepresidenta Raquel Pe\u00f1a<\/strong> y el <strong>ministro de Cultura, Roberto \u00c1ngel Salcedo<\/strong>, quienes destacaron su <strong>impacto transformador<\/strong> en la promoci\u00f3n de la lectura, la educaci\u00f3n y la identidad cultural del Cibao.<\/p>\n\n\n\n<hr class=\"wp-block-separator has-alpha-channel-opacity\"\/>\n\n\n\n<h3 class=\"wp-block-heading\"><strong>\ud83d\udcd6 Una semana de celebraci\u00f3n cultural y educativa<\/strong><\/h3>\n\n\n\n<p>Durante siete d\u00edas (del <strong>20 al 26 de abril<\/strong>), la feria ofreci\u00f3 una <strong>programaci\u00f3n diversa y enriquecedora<\/strong> con m\u00e1s de <strong>250 actividades<\/strong>, incluyendo:<\/p>\n\n\n\n<ul class=\"wp-block-list\">\n<li><strong>Encuentros literarios<\/strong> con autores nacionales e internacionales.<\/li>\n\n\n\n<li><strong>Talleres creativos<\/strong> para todas las edades, desde ni\u00f1os hasta adultos.<\/li>\n\n\n\n<li><strong>Presentaciones art\u00edsticas<\/strong> que abarcaron m\u00fasica, teatro, danza y poes\u00eda.<\/li>\n\n\n\n<li><strong>Pabellones tem\u00e1ticos<\/strong> como <strong>\u00abIdentidad y Ciudadan\u00eda\u00bb<\/strong> y <strong>\u00abEl Poder de las Buenas Palabras\u00bb<\/strong>, que fomentaron la reflexi\u00f3n y el di\u00e1logo.<\/li>\n\n\n\n<li><strong>Espacios dedicados<\/strong> al c\u00f3mic, la artesan\u00eda, la gastronom\u00eda y las industrias culturales, mostrando la riqueza del Cibao.<\/li>\n<\/ul>\n\n\n\n<p>La <strong>vicepresidenta Raquel Pe\u00f1a<\/strong>, quien particip\u00f3 activamente en el evento, <strong>inaugur\u00f3 un marat\u00f3n de lectura<\/strong> y dict\u00f3 la conferencia <strong>\u00abLeer en medio del ruido\u00bb<\/strong>, resaltando la importancia de la lectura en un mundo lleno de distracciones. <em>\u00abEsta feria ha sido un espacio para celebrar el conocimiento, la cultura y la identidad del Cibao. Es un orgullo ver c\u00f3mo la comunidad ha respondido con tanto entusiasmo\u00bb<\/em>, expres\u00f3 Pe\u00f1a.<\/p>\n\n\n\n<hr class=\"wp-block-separator has-alpha-channel-opacity\"\/>\n\n\n\n<h3 class=\"wp-block-heading\"><strong>\ud83d\udcda Homenaje a Ulises Francisco Espaillat y la riqueza cultural del Cibao<\/strong><\/h3>\n\n\n\n<p>La feria estuvo dedicada a <strong>Ulises Francisco Espaillat<\/strong>, en conmemoraci\u00f3n del <strong>150 aniversario de su gobierno<\/strong>, rindiendo tributo a su legado como <strong>\u00abPadre de la Educaci\u00f3n P\u00fablica\u00bb<\/strong> en Rep\u00fablica Dominicana. El evento cont\u00f3 con la participaci\u00f3n de <strong>representantes de las 14 provincias del Cibao<\/strong>, cada una con su propio <strong>stand cultural<\/strong>, donde se exhibieron libros, artesan\u00edas y tradiciones locales.<\/p>\n\n\n\n<p><em>\u00abEsta feria ha sido un espacio de encuentro, aprendizaje y celebraci\u00f3n de nuestra identidad cultural. Ha demostrado que el Cibao es una regi\u00f3n rica en talento, creatividad y pasi\u00f3n por la cultura\u00bb<\/em>, destac\u00f3 <strong>Roberto \u00c1ngel Salcedo<\/strong>, ministro de Cultura, quien resalt\u00f3 el <strong>impacto regional<\/strong> del evento y su papel como <strong>plataforma de integraci\u00f3n cultural<\/strong>.<\/p>\n\n\n\n<hr class=\"wp-block-separator has-alpha-channel-opacity\"\/>\n\n\n\n<h3 class=\"wp-block-heading\"><strong>\ud83c\udf89 Un evento que super\u00f3 todas las expectativas<\/strong><\/h3>\n\n\n\n<p>La <strong>alta afluencia de p\u00fablico<\/strong> durante toda la semana confirm\u00f3 el \u00e9xito del evento, superando las <strong>expectativas iniciales<\/strong> y posicionando a esta primera edici\u00f3n como uno de los <strong>encuentros culturales m\u00e1s importantes del pa\u00eds<\/strong>. Entre los momentos m\u00e1s destacados se encontraron:<\/p>\n\n\n\n<ul class=\"wp-block-list\">\n<li>La <strong>extensi\u00f3n de actividades<\/strong> a lugares emblem\u00e1ticos de Santiago, como el <strong>Centro Le\u00f3n<\/strong>, el <strong>Ateneo Amantes de la Luz<\/strong> y el <strong>Monumento a los H\u00e9roes de la Restauraci\u00f3n<\/strong>.<\/li>\n\n\n\n<li>La participaci\u00f3n de <strong>m\u00e1s de 100 sellos editoriales y distribuidores de libros<\/strong>, ofreciendo una amplia variedad de t\u00edtulos y g\u00e9neros literarios.<\/li>\n\n\n\n<li>El <strong>cierre espectacular<\/strong> con un <strong>concerto de la Orquesta Filarm\u00f3nica de Santo Domingo<\/strong>, dirigida por <strong>Amaury S\u00e1nchez<\/strong>, que emocion\u00f3 a los asistentes.<\/li>\n<\/ul>\n\n\n\n<p><em>\u00abEl \u00e9xito de esta feria demuestra el amor por la cultura y la lectura que existe en nuestra regi\u00f3n. Es un claro ejemplo de c\u00f3mo el Gobierno, liderado por el presidente <strong>Luis Abinader<\/strong>, est\u00e1 comprometido con la promoci\u00f3n de la educaci\u00f3n y el arte\u00bb<\/em>, afirm\u00f3 Pe\u00f1a.<\/p>\n\n\n\n<hr class=\"wp-block-separator has-alpha-channel-opacity\"\/>\n\n\n\n<h3 class=\"wp-block-heading\"><strong>\ud83d\udcc5 La Feria del Libro y la Cultura Cibao ser\u00e1 un evento anual<\/strong><\/h3>\n\n\n\n<p>Siguiendo el anuncio del <strong>presidente Luis Abinader<\/strong>, la <strong>Feria del Libro y la Cultura Cibao<\/strong> se convertir\u00e1 en un <strong>evento anual<\/strong>. La <strong>segunda edici\u00f3n<\/strong> ya tiene fecha confirmada: se celebrar\u00e1 en <strong>Santiago de los Caballeros del 19 al 25 de abril de 2027<\/strong>.<\/p>\n\n\n\n<p><em>\u00abEste evento no solo enriquece nuestra oferta cultural, sino que tambi\u00e9n impulsa el turismo y la econom\u00eda local. Estamos comprometidos a seguir apoyando iniciativas que promuevan el desarrollo cultural y educativo de Rep\u00fablica Dominicana\u00bb<\/em>, concluy\u00f3 <strong>Roberto \u00c1ngel Salcedo<\/strong>.<\/p>\n\n\n\n<hr class=\"wp-block-separator has-alpha-channel-opacity\"\/>\n\n\n\n<p><strong>#FeriaDelLibroCibao #CulturaRD #SantiagoDeLosCaballeros #RaquelPe\u00f1a #Roberto\u00c1ngelSalcedo #Libros #Lectura #CulturaDominicana #EventosCulturales #Cibao<\/strong><\/p>\n","protected":false},"excerpt":{"rendered":"<p>Santiago de los Caballeros \u2014 La primera edici\u00f3n de la Feria del Libro y la Cultura Cibao 2026 cerr\u00f3 sus puertas con un rotundo \u00e9xito, atrayendo a m\u00e1s de 100,000 visitantes y generando ventas r\u00e9cord de m\u00e1s de 10 millones de pesos en libros. Este evento, que consolid\u00f3 a Santiago como el epicentro cultural del [&hellip;]<\/p>\n","protected":false},"author":1,"featured_media":109410,"comment_status":"open","ping_status":"closed","sticky":false,"template":"","format":"standard","meta":{"footnotes":""},"categories":[11],"tags":[],"class_list":["post-109409","post","type-post","status-publish","format-standard","has-post-thumbnail","hentry","category-politica"],"yoast_head":"<!-- This site is optimized with the Yoast SEO plugin v24.5 - https:\/\/yoast.com\/wordpress\/plugins\/seo\/ -->\n<title>Feria del Libro y la Cultura Cibao 2026: Un \u00e9xito hist\u00f3rico con m\u00e1s de 100,000 visitantes y un legado cultural para el Cibao - Romantica NY<\/title>\n<meta name=\"robots\" content=\"index, follow, max-snippet:-1, max-image-preview:large, max-video-preview:-1\" \/>\n<link rel=\"canonical\" href=\"https:\/\/romanticany.com\/?p=109409\" \/>\n<meta property=\"og:locale\" content=\"es_ES\" \/>\n<meta property=\"og:type\" content=\"article\" \/>\n<meta property=\"og:title\" content=\"Feria del Libro y la Cultura Cibao 2026: Un \u00e9xito hist\u00f3rico con m\u00e1s de 100,000 visitantes y un legado cultural para el Cibao - Romantica NY\" \/>\n<meta property=\"og:description\" content=\"Santiago de los Caballeros \u2014 La primera edici\u00f3n de la Feria del Libro y la Cultura Cibao 2026 cerr\u00f3 sus puertas con un rotundo \u00e9xito, atrayendo a m\u00e1s de 100,000 visitantes y generando ventas r\u00e9cord de m\u00e1s de 10 millones de pesos en libros. Este evento, que consolid\u00f3 a Santiago como el epicentro cultural del [&hellip;]\" \/>\n<meta property=\"og:url\" content=\"https:\/\/romanticany.com\/?p=109409\" \/>\n<meta property=\"og:site_name\" content=\"Romantica NY\" \/>\n<meta property=\"article:published_time\" content=\"2026-04-27T23:15:27+00:00\" \/>\n<meta property=\"article:modified_time\" content=\"2026-04-27T23:15:32+00:00\" \/>\n<meta property=\"og:image\" content=\"https:\/\/romanticany.com\/wp-content\/uploads\/2026\/04\/Vicepresidenta-Raquel-Pena-y-Roberto-Angel-Salcedo-clausuran-Feria-del-Libro-y-la-Cultura-Cibao-2026-.jpg\" \/>\n\t<meta property=\"og:image:width\" content=\"1300\" \/>\n\t<meta property=\"og:image:height\" content=\"731\" \/>\n\t<meta property=\"og:image:type\" content=\"image\/jpeg\" \/>\n<meta name=\"author\" content=\"Romantica NY\" \/>\n<meta name=\"twitter:card\" content=\"summary_large_image\" \/>\n<meta name=\"twitter:label1\" content=\"Escrito por\" \/>\n\t<meta name=\"twitter:data1\" content=\"Romantica NY\" \/>\n\t<meta name=\"twitter:label2\" content=\"Tiempo de lectura\" \/>\n\t<meta name=\"twitter:data2\" content=\"4 minutos\" \/>\n<script type=\"application\/ld+json\" class=\"yoast-schema-graph\">{\"@context\":\"https:\/\/schema.org\",\"@graph\":[{\"@type\":\"Article\",\"@id\":\"https:\/\/romanticany.com\/?p=109409#article\",\"isPartOf\":{\"@id\":\"https:\/\/romanticany.com\/?p=109409\"},\"author\":{\"name\":\"Romantica NY\",\"@id\":\"https:\/\/romanticany.com\/#\/schema\/person\/be3a3ed4b2ab0af84e4dbe5c3215474c\"},\"headline\":\"Feria del Libro y la Cultura Cibao 2026: Un \u00e9xito hist\u00f3rico con m\u00e1s de 100,000 visitantes y un legado cultural para el Cibao\",\"datePublished\":\"2026-04-27T23:15:27+00:00\",\"dateModified\":\"2026-04-27T23:15:32+00:00\",\"mainEntityOfPage\":{\"@id\":\"https:\/\/romanticany.com\/?p=109409\"},\"wordCount\":718,\"commentCount\":0,\"publisher\":{\"@id\":\"https:\/\/romanticany.com\/#organization\"},\"image\":{\"@id\":\"https:\/\/romanticany.com\/?p=109409#primaryimage\"},\"thumbnailUrl\":\"https:\/\/romanticany.com\/wp-content\/uploads\/2026\/04\/Vicepresidenta-Raquel-Pena-y-Roberto-Angel-Salcedo-clausuran-Feria-del-Libro-y-la-Cultura-Cibao-2026-.jpg\",\"articleSection\":[\"Pol\u00edtica\"],\"inLanguage\":\"es\",\"potentialAction\":[{\"@type\":\"CommentAction\",\"name\":\"Comment\",\"target\":[\"https:\/\/romanticany.com\/?p=109409#respond\"]}]},{\"@type\":\"WebPage\",\"@id\":\"https:\/\/romanticany.com\/?p=109409\",\"url\":\"https:\/\/romanticany.com\/?p=109409\",\"name\":\"Feria del Libro y la Cultura Cibao 2026: Un \u00e9xito hist\u00f3rico con m\u00e1s de 100,000 visitantes y un legado cultural para el Cibao - Romantica NY\",\"isPartOf\":{\"@id\":\"https:\/\/romanticany.com\/#website\"},\"primaryImageOfPage\":{\"@id\":\"https:\/\/romanticany.com\/?p=109409#primaryimage\"},\"image\":{\"@id\":\"https:\/\/romanticany.com\/?p=109409#primaryimage\"},\"thumbnailUrl\":\"https:\/\/romanticany.com\/wp-content\/uploads\/2026\/04\/Vicepresidenta-Raquel-Pena-y-Roberto-Angel-Salcedo-clausuran-Feria-del-Libro-y-la-Cultura-Cibao-2026-.jpg\",\"datePublished\":\"2026-04-27T23:15:27+00:00\",\"dateModified\":\"2026-04-27T23:15:32+00:00\",\"breadcrumb\":{\"@id\":\"https:\/\/romanticany.com\/?p=109409#breadcrumb\"},\"inLanguage\":\"es\",\"potentialAction\":[{\"@type\":\"ReadAction\",\"target\":[\"https:\/\/romanticany.com\/?p=109409\"]}]},{\"@type\":\"ImageObject\",\"inLanguage\":\"es\",\"@id\":\"https:\/\/romanticany.com\/?p=109409#primaryimage\",\"url\":\"https:\/\/romanticany.com\/wp-content\/uploads\/2026\/04\/Vicepresidenta-Raquel-Pena-y-Roberto-Angel-Salcedo-clausuran-Feria-del-Libro-y-la-Cultura-Cibao-2026-.jpg\",\"contentUrl\":\"https:\/\/romanticany.com\/wp-content\/uploads\/2026\/04\/Vicepresidenta-Raquel-Pena-y-Roberto-Angel-Salcedo-clausuran-Feria-del-Libro-y-la-Cultura-Cibao-2026-.jpg\",\"width\":1300,\"height\":731},{\"@type\":\"BreadcrumbList\",\"@id\":\"https:\/\/romanticany.com\/?p=109409#breadcrumb\",\"itemListElement\":[{\"@type\":\"ListItem\",\"position\":1,\"name\":\"Portada\",\"item\":\"https:\/\/romanticany.com\/\"},{\"@type\":\"ListItem\",\"position\":2,\"name\":\"Feria del Libro y la Cultura Cibao 2026: Un \u00e9xito hist\u00f3rico con m\u00e1s de 100,000 visitantes y un legado cultural para el Cibao\"}]},{\"@type\":\"WebSite\",\"@id\":\"https:\/\/romanticany.com\/#website\",\"url\":\"https:\/\/romanticany.com\/\",\"name\":\"Romantica NY\",\"description\":\"AHORA CON SU PERIODICO DIGITAL Y LA MUSICA MAS ROMANTICA EN LA GRAN MANZANA, USA\",\"publisher\":{\"@id\":\"https:\/\/romanticany.com\/#organization\"},\"potentialAction\":[{\"@type\":\"SearchAction\",\"target\":{\"@type\":\"EntryPoint\",\"urlTemplate\":\"https:\/\/romanticany.com\/?s={search_term_string}\"},\"query-input\":{\"@type\":\"PropertyValueSpecification\",\"valueRequired\":true,\"valueName\":\"search_term_string\"}}],\"inLanguage\":\"es\"},{\"@type\":\"Organization\",\"@id\":\"https:\/\/romanticany.com\/#organization\",\"name\":\"Romantica NY\",\"url\":\"https:\/\/romanticany.com\/\",\"logo\":{\"@type\":\"ImageObject\",\"inLanguage\":\"es\",\"@id\":\"https:\/\/romanticany.com\/#\/schema\/logo\/image\/\",\"url\":\"https:\/\/romanticany.com\/wp-content\/uploads\/2025\/01\/Logo-Romantica-3.png\",\"contentUrl\":\"https:\/\/romanticany.com\/wp-content\/uploads\/2025\/01\/Logo-Romantica-3.png\",\"width\":1024,\"height\":1024,\"caption\":\"Romantica NY\"},\"image\":{\"@id\":\"https:\/\/romanticany.com\/#\/schema\/logo\/image\/\"}},{\"@type\":\"Person\",\"@id\":\"https:\/\/romanticany.com\/#\/schema\/person\/be3a3ed4b2ab0af84e4dbe5c3215474c\",\"name\":\"Romantica NY\",\"image\":{\"@type\":\"ImageObject\",\"inLanguage\":\"es\",\"@id\":\"https:\/\/romanticany.com\/#\/schema\/person\/image\/\",\"url\":\"https:\/\/romanticany.com\/wp-content\/uploads\/2025\/01\/cropped-Logo-Romantica-3-96x96.png\",\"contentUrl\":\"https:\/\/romanticany.com\/wp-content\/uploads\/2025\/01\/cropped-Logo-Romantica-3-96x96.png\",\"caption\":\"Romantica NY\"},\"sameAs\":[\"https:\/\/romanticany.com\"],\"url\":\"https:\/\/romanticany.com\/?author=1\"}]}<\/script>\n<!-- \/ Yoast SEO plugin. -->","yoast_head_json":{"title":"Feria del Libro y la Cultura Cibao 2026: Un \u00e9xito hist\u00f3rico con m\u00e1s de 100,000 visitantes y un legado cultural para el Cibao - Romantica NY","robots":{"index":"index","follow":"follow","max-snippet":"max-snippet:-1","max-image-preview":"max-image-preview:large","max-video-preview":"max-video-preview:-1"},"canonical":"https:\/\/romanticany.com\/?p=109409","og_locale":"es_ES","og_type":"article","og_title":"Feria del Libro y la Cultura Cibao 2026: Un \u00e9xito hist\u00f3rico con m\u00e1s de 100,000 visitantes y un legado cultural para el Cibao - Romantica NY","og_description":"Santiago de los Caballeros \u2014 La primera edici\u00f3n de la Feria del Libro y la Cultura Cibao 2026 cerr\u00f3 sus puertas con un rotundo \u00e9xito, atrayendo a m\u00e1s de 100,000 visitantes y generando ventas r\u00e9cord de m\u00e1s de 10 millones de pesos en libros. Este evento, que consolid\u00f3 a Santiago como el epicentro cultural del [&hellip;]","og_url":"https:\/\/romanticany.com\/?p=109409","og_site_name":"Romantica NY","article_published_time":"2026-04-27T23:15:27+00:00","article_modified_time":"2026-04-27T23:15:32+00:00","og_image":[{"width":1300,"height":731,"url":"https:\/\/romanticany.com\/wp-content\/uploads\/2026\/04\/Vicepresidenta-Raquel-Pena-y-Roberto-Angel-Salcedo-clausuran-Feria-del-Libro-y-la-Cultura-Cibao-2026-.jpg","type":"image\/jpeg"}],"author":"Romantica NY","twitter_card":"summary_large_image","twitter_misc":{"Escrito por":"Romantica NY","Tiempo de lectura":"4 minutos"},"schema":{"@context":"https:\/\/schema.org","@graph":[{"@type":"Article","@id":"https:\/\/romanticany.com\/?p=109409#article","isPartOf":{"@id":"https:\/\/romanticany.com\/?p=109409"},"author":{"name":"Romantica NY","@id":"https:\/\/romanticany.com\/#\/schema\/person\/be3a3ed4b2ab0af84e4dbe5c3215474c"},"headline":"Feria del Libro y la Cultura Cibao 2026: Un \u00e9xito hist\u00f3rico con m\u00e1s de 100,000 visitantes y un legado cultural para el Cibao","datePublished":"2026-04-27T23:15:27+00:00","dateModified":"2026-04-27T23:15:32+00:00","mainEntityOfPage":{"@id":"https:\/\/romanticany.com\/?p=109409"},"wordCount":718,"commentCount":0,"publisher":{"@id":"https:\/\/romanticany.com\/#organization"},"image":{"@id":"https:\/\/romanticany.com\/?p=109409#primaryimage"},"thumbnailUrl":"https:\/\/romanticany.com\/wp-content\/uploads\/2026\/04\/Vicepresidenta-Raquel-Pena-y-Roberto-Angel-Salcedo-clausuran-Feria-del-Libro-y-la-Cultura-Cibao-2026-.jpg","articleSection":["Pol\u00edtica"],"inLanguage":"es","potentialAction":[{"@type":"CommentAction","name":"Comment","target":["https:\/\/romanticany.com\/?p=109409#respond"]}]},{"@type":"WebPage","@id":"https:\/\/romanticany.com\/?p=109409","url":"https:\/\/romanticany.com\/?p=109409","name":"Feria del Libro y la Cultura Cibao 2026: Un \u00e9xito hist\u00f3rico con m\u00e1s de 100,000 visitantes y un legado cultural para el Cibao - Romantica NY","isPartOf":{"@id":"https:\/\/romanticany.com\/#website"},"primaryImageOfPage":{"@id":"https:\/\/romanticany.com\/?p=109409#primaryimage"},"image":{"@id":"https:\/\/romanticany.com\/?p=109409#primaryimage"},"thumbnailUrl":"https:\/\/romanticany.com\/wp-content\/uploads\/2026\/04\/Vicepresidenta-Raquel-Pena-y-Roberto-Angel-Salcedo-clausuran-Feria-del-Libro-y-la-Cultura-Cibao-2026-.jpg","datePublished":"2026-04-27T23:15:27+00:00","dateModified":"2026-04-27T23:15:32+00:00","breadcrumb":{"@id":"https:\/\/romanticany.com\/?p=109409#breadcrumb"},"inLanguage":"es","potentialAction":[{"@type":"ReadAction","target":["https:\/\/romanticany.com\/?p=109409"]}]},{"@type":"ImageObject","inLanguage":"es","@id":"https:\/\/romanticany.com\/?p=109409#primaryimage","url":"https:\/\/romanticany.com\/wp-content\/uploads\/2026\/04\/Vicepresidenta-Raquel-Pena-y-Roberto-Angel-Salcedo-clausuran-Feria-del-Libro-y-la-Cultura-Cibao-2026-.jpg","contentUrl":"https:\/\/romanticany.com\/wp-content\/uploads\/2026\/04\/Vicepresidenta-Raquel-Pena-y-Roberto-Angel-Salcedo-clausuran-Feria-del-Libro-y-la-Cultura-Cibao-2026-.jpg","width":1300,"height":731},{"@type":"BreadcrumbList","@id":"https:\/\/romanticany.com\/?p=109409#breadcrumb","itemListElement":[{"@type":"ListItem","position":1,"name":"Portada","item":"https:\/\/romanticany.com\/"},{"@type":"ListItem","position":2,"name":"Feria del Libro y la Cultura Cibao 2026: Un \u00e9xito hist\u00f3rico con m\u00e1s de 100,000 visitantes y un legado cultural para el Cibao"}]},{"@type":"WebSite","@id":"https:\/\/romanticany.com\/#website","url":"https:\/\/romanticany.com\/","name":"Romantica NY","description":"AHORA CON SU PERIODICO DIGITAL Y LA MUSICA MAS ROMANTICA EN LA GRAN MANZANA, USA","publisher":{"@id":"https:\/\/romanticany.com\/#organization"},"potentialAction":[{"@type":"SearchAction","target":{"@type":"EntryPoint","urlTemplate":"https:\/\/romanticany.com\/?s={search_term_string}"},"query-input":{"@type":"PropertyValueSpecification","valueRequired":true,"valueName":"search_term_string"}}],"inLanguage":"es"},{"@type":"Organization","@id":"https:\/\/romanticany.com\/#organization","name":"Romantica NY","url":"https:\/\/romanticany.com\/","logo":{"@type":"ImageObject","inLanguage":"es","@id":"https:\/\/romanticany.com\/#\/schema\/logo\/image\/","url":"https:\/\/romanticany.com\/wp-content\/uploads\/2025\/01\/Logo-Romantica-3.png","contentUrl":"https:\/\/romanticany.com\/wp-content\/uploads\/2025\/01\/Logo-Romantica-3.png","width":1024,"height":1024,"caption":"Romantica NY"},"image":{"@id":"https:\/\/romanticany.com\/#\/schema\/logo\/image\/"}},{"@type":"Person","@id":"https:\/\/romanticany.com\/#\/schema\/person\/be3a3ed4b2ab0af84e4dbe5c3215474c","name":"Romantica NY","image":{"@type":"ImageObject","inLanguage":"es","@id":"https:\/\/romanticany.com\/#\/schema\/person\/image\/","url":"https:\/\/romanticany.com\/wp-content\/uploads\/2025\/01\/cropped-Logo-Romantica-3-96x96.png","contentUrl":"https:\/\/romanticany.com\/wp-content\/uploads\/2025\/01\/cropped-Logo-Romantica-3-96x96.png","caption":"Romantica NY"},"sameAs":["https:\/\/romanticany.com"],"url":"https:\/\/romanticany.com\/?author=1"}]}},"rttpg_featured_image_url":{"full":["https:\/\/romanticany.com\/wp-content\/uploads\/2026\/04\/Vicepresidenta-Raquel-Pena-y-Roberto-Angel-Salcedo-clausuran-Feria-del-Libro-y-la-Cultura-Cibao-2026-.jpg",1300,731,false],"landscape":["https:\/\/romanticany.com\/wp-content\/uploads\/2026\/04\/Vicepresidenta-Raquel-Pena-y-Roberto-Angel-Salcedo-clausuran-Feria-del-Libro-y-la-Cultura-Cibao-2026-.jpg",1300,731,false],"portraits":["https:\/\/romanticany.com\/wp-content\/uploads\/2026\/04\/Vicepresidenta-Raquel-Pena-y-Roberto-Angel-Salcedo-clausuran-Feria-del-Libro-y-la-Cultura-Cibao-2026-.jpg",1300,731,false],"thumbnail":["https:\/\/romanticany.com\/wp-content\/uploads\/2026\/04\/Vicepresidenta-Raquel-Pena-y-Roberto-Angel-Salcedo-clausuran-Feria-del-Libro-y-la-Cultura-Cibao-2026--150x150.jpg",150,150,true],"medium":["https:\/\/romanticany.com\/wp-content\/uploads\/2026\/04\/Vicepresidenta-Raquel-Pena-y-Roberto-Angel-Salcedo-clausuran-Feria-del-Libro-y-la-Cultura-Cibao-2026--300x169.jpg",300,169,true],"large":["https:\/\/romanticany.com\/wp-content\/uploads\/2026\/04\/Vicepresidenta-Raquel-Pena-y-Roberto-Angel-Salcedo-clausuran-Feria-del-Libro-y-la-Cultura-Cibao-2026--1024x576.jpg",640,360,true],"1536x1536":["https:\/\/romanticany.com\/wp-content\/uploads\/2026\/04\/Vicepresidenta-Raquel-Pena-y-Roberto-Angel-Salcedo-clausuran-Feria-del-Libro-y-la-Cultura-Cibao-2026-.jpg",1300,731,false],"2048x2048":["https:\/\/romanticany.com\/wp-content\/uploads\/2026\/04\/Vicepresidenta-Raquel-Pena-y-Roberto-Angel-Salcedo-clausuran-Feria-del-Libro-y-la-Cultura-Cibao-2026-.jpg",1300,731,false]},"rttpg_author":{"display_name":"Romantica NY","author_link":"https:\/\/romanticany.com\/?author=1"},"rttpg_comment":0,"rttpg_category":"<a href=\"https:\/\/romanticany.com\/?cat=11\" rel=\"category\">Pol\u00edtica<\/a>","rttpg_excerpt":"Santiago de los Caballeros \u2014 La primera edici\u00f3n de la Feria del Libro y la Cultura Cibao 2026 cerr\u00f3 sus puertas con un rotundo \u00e9xito, atrayendo a m\u00e1s de 100,000 visitantes y generando ventas r\u00e9cord de m\u00e1s de 10 millones de pesos en libros. Este evento, que consolid\u00f3 a Santiago como el epicentro cultural del&hellip;","_links":{"self":[{"href":"https:\/\/romanticany.com\/index.php?rest_route=\/wp\/v2\/posts\/109409","targetHints":{"allow":["GET"]}}],"collection":[{"href":"https:\/\/romanticany.com\/index.php?rest_route=\/wp\/v2\/posts"}],"about":[{"href":"https:\/\/romanticany.com\/index.php?rest_route=\/wp\/v2\/types\/post"}],"author":[{"embeddable":true,"href":"https:\/\/romanticany.com\/index.php?rest_route=\/wp\/v2\/users\/1"}],"replies":[{"embeddable":true,"href":"https:\/\/romanticany.com\/index.php?rest_route=%2Fwp%2Fv2%2Fcomments&post=109409"}],"version-history":[{"count":1,"href":"https:\/\/romanticany.com\/index.php?rest_route=\/wp\/v2\/posts\/109409\/revisions"}],"predecessor-version":[{"id":109411,"href":"https:\/\/romanticany.com\/index.php?rest_route=\/wp\/v2\/posts\/109409\/revisions\/109411"}],"wp:featuredmedia":[{"embeddable":true,"href":"https:\/\/romanticany.com\/index.php?rest_route=\/wp\/v2\/media\/109410"}],"wp:attachment":[{"href":"https:\/\/romanticany.com\/index.php?rest_route=%2Fwp%2Fv2%2Fmedia&parent=109409"}],"wp:term":[{"taxonomy":"category","embeddable":true,"href":"https:\/\/romanticany.com\/index.php?rest_route=%2Fwp%2Fv2%2Fcategories&post=109409"},{"taxonomy":"post_tag","embeddable":true,"href":"https:\/\/romanticany.com\/index.php?rest_route=%2Fwp%2Fv2%2Ftags&post=109409"}],"curies":[{"name":"wp","href":"https:\/\/api.w.org\/{rel}","templated":true}]}}