{"id":109468,"date":"2026-04-28T18:49:54","date_gmt":"2026-04-28T22:49:54","guid":{"rendered":"https:\/\/romanticany.com\/?p=109468"},"modified":"2026-04-28T18:49:56","modified_gmt":"2026-04-28T22:49:56","slug":"luis-abinader-el-gobierno-actua-cada-dia-para-mantener-precios-accesibles-en-medio-de-la-crisis","status":"publish","type":"post","link":"https:\/\/romanticany.com\/?p=109468","title":{"rendered":"\u00abLuis Abinader: &#8216;El Gobierno act\u00faa cada d\u00eda para mantener precios accesibles en medio de la crisis'\u00bb"},"content":{"rendered":"\n<p><strong>Medidas para enfrentar el impacto de la guerra en los mercados<\/strong><br>El presidente Luis Abinader reafirm\u00f3 este martes que su administraci\u00f3n est\u00e1 trabajando <strong>diariamente<\/strong> para estabilizar los precios de los productos b\u00e1sicos, en un contexto marcado por la crisis internacional derivada del conflicto entre Estados Unidos, Israel e Ir\u00e1n. En un acto realizado en el Palacio Nacional con el <strong>Instituto Nacional de Estabilizaci\u00f3n de Precios (Inespre)<\/strong>, el mandatario explic\u00f3 que el objetivo es <strong>agilizar la cadena de suministro<\/strong> para que los productos lleguen de manera m\u00e1s eficiente a los consumidores.<\/p>\n\n\n\n<p><strong>Inespre como garant\u00eda de precios justos<\/strong><br>Abinader recalc\u00f3 que el Inespre debe ser el <strong>puente entre productores y ciudadanos<\/strong>, asegurando que los dominicanos puedan acceder a precios equitativos. \u00abEl Gobierno est\u00e1 enfocado en esto\u00bb, dijo el presidente, quien tambi\u00e9n anunci\u00f3 la incorporaci\u00f3n de <strong>60 nuevos veh\u00edculos<\/strong> para el Inespre. La primera partida de estos veh\u00edculos ya fue entregada, y el resto se distribuir\u00e1 en los pr\u00f3ximos d\u00edas, lo que permitir\u00e1 <strong>ampliar la cobertura<\/strong> de la instituci\u00f3n y garantizar que su presencia en los barrios sea sin\u00f3nimo de <strong>precios regulados y justos<\/strong>.<\/p>\n\n\n\n<p><strong>Protecci\u00f3n del poder adquisitivo en tiempos dif\u00edciles<\/strong><br>El jefe de Estado destac\u00f3 que, a pesar de los desaf\u00edos generados por la guerra y su impacto en la econom\u00eda global, el Gobierno sigue comprometido con <strong>proteger a los consumidores<\/strong>. La Mesa de Precios y Abastecimiento, junto al Inespre, contin\u00faa trabajando para evitar que los productos de la canasta b\u00e1sica sufran incrementos desproporcionados, asegurando as\u00ed el bienestar de la poblaci\u00f3n dominicana.<\/p>\n\n\n\n<hr class=\"wp-block-separator has-alpha-channel-opacity\"\/>\n\n\n\n<p><strong>Hashtags:<\/strong> #LuisAbinader #Inespre #PreciosJustos #Econom\u00eda #CrisisGlobal #Rep\u00fablicaDominicana #Estabilidad #GobiernoRD<\/p>\n","protected":false},"excerpt":{"rendered":"<p>Medidas para enfrentar el impacto de la guerra en los mercadosEl presidente Luis Abinader reafirm\u00f3 este martes que su administraci\u00f3n est\u00e1 trabajando diariamente para estabilizar los precios de los productos b\u00e1sicos, en un contexto marcado por la crisis internacional derivada del conflicto entre Estados Unidos, Israel e Ir\u00e1n. En un acto realizado en el Palacio [&hellip;]<\/p>\n","protected":false},"author":1,"featured_media":109469,"comment_status":"open","ping_status":"closed","sticky":false,"template":"","format":"standard","meta":{"footnotes":""},"categories":[11],"tags":[],"class_list":["post-109468","post","type-post","status-publish","format-standard","has-post-thumbnail","hentry","category-politica"],"yoast_head":"<!-- This site is optimized with the Yoast SEO plugin v24.5 - https:\/\/yoast.com\/wordpress\/plugins\/seo\/ -->\n<title>&quot;Luis Abinader: &#039;El Gobierno act\u00faa cada d\u00eda para mantener precios accesibles en medio de la crisis&#039;&quot; - Romantica NY<\/title>\n<meta name=\"robots\" content=\"index, follow, max-snippet:-1, max-image-preview:large, max-video-preview:-1\" \/>\n<link rel=\"canonical\" href=\"https:\/\/romanticany.com\/?p=109468\" \/>\n<meta property=\"og:locale\" content=\"es_ES\" \/>\n<meta property=\"og:type\" content=\"article\" \/>\n<meta property=\"og:title\" content=\"&quot;Luis Abinader: &#039;El Gobierno act\u00faa cada d\u00eda para mantener precios accesibles en medio de la crisis&#039;&quot; - Romantica NY\" \/>\n<meta property=\"og:description\" content=\"Medidas para enfrentar el impacto de la guerra en los mercadosEl presidente Luis Abinader reafirm\u00f3 este martes que su administraci\u00f3n est\u00e1 trabajando diariamente para estabilizar los precios de los productos b\u00e1sicos, en un contexto marcado por la crisis internacional derivada del conflicto entre Estados Unidos, Israel e Ir\u00e1n. En un acto realizado en el Palacio [&hellip;]\" \/>\n<meta property=\"og:url\" content=\"https:\/\/romanticany.com\/?p=109468\" \/>\n<meta property=\"og:site_name\" content=\"Romantica NY\" \/>\n<meta property=\"article:published_time\" content=\"2026-04-28T22:49:54+00:00\" \/>\n<meta property=\"article:modified_time\" content=\"2026-04-28T22:49:56+00:00\" \/>\n<meta property=\"og:image\" content=\"https:\/\/romanticany.com\/wp-content\/uploads\/2026\/04\/69f11d8039ec2.r_d.2650-2010.jpeg\" \/>\n\t<meta property=\"og:image:width\" content=\"1200\" \/>\n\t<meta property=\"og:image:height\" content=\"592\" \/>\n\t<meta property=\"og:image:type\" content=\"image\/jpeg\" \/>\n<meta name=\"author\" content=\"Romantica NY\" \/>\n<meta name=\"twitter:card\" content=\"summary_large_image\" \/>\n<meta name=\"twitter:label1\" content=\"Escrito por\" \/>\n\t<meta name=\"twitter:data1\" content=\"Romantica NY\" \/>\n\t<meta name=\"twitter:label2\" content=\"Tiempo de lectura\" \/>\n\t<meta name=\"twitter:data2\" content=\"2 minutos\" \/>\n<script type=\"application\/ld+json\" class=\"yoast-schema-graph\">{\"@context\":\"https:\/\/schema.org\",\"@graph\":[{\"@type\":\"Article\",\"@id\":\"https:\/\/romanticany.com\/?p=109468#article\",\"isPartOf\":{\"@id\":\"https:\/\/romanticany.com\/?p=109468\"},\"author\":{\"name\":\"Romantica NY\",\"@id\":\"https:\/\/romanticany.com\/#\/schema\/person\/be3a3ed4b2ab0af84e4dbe5c3215474c\"},\"headline\":\"\u00abLuis Abinader: &#8216;El Gobierno act\u00faa cada d\u00eda para mantener precios accesibles en medio de la crisis'\u00bb\",\"datePublished\":\"2026-04-28T22:49:54+00:00\",\"dateModified\":\"2026-04-28T22:49:56+00:00\",\"mainEntityOfPage\":{\"@id\":\"https:\/\/romanticany.com\/?p=109468\"},\"wordCount\":299,\"commentCount\":0,\"publisher\":{\"@id\":\"https:\/\/romanticany.com\/#organization\"},\"image\":{\"@id\":\"https:\/\/romanticany.com\/?p=109468#primaryimage\"},\"thumbnailUrl\":\"https:\/\/romanticany.com\/wp-content\/uploads\/2026\/04\/69f11d8039ec2.r_d.2650-2010.jpeg\",\"articleSection\":[\"Pol\u00edtica\"],\"inLanguage\":\"es\",\"potentialAction\":[{\"@type\":\"CommentAction\",\"name\":\"Comment\",\"target\":[\"https:\/\/romanticany.com\/?p=109468#respond\"]}]},{\"@type\":\"WebPage\",\"@id\":\"https:\/\/romanticany.com\/?p=109468\",\"url\":\"https:\/\/romanticany.com\/?p=109468\",\"name\":\"\\\"Luis Abinader: 'El Gobierno act\u00faa cada d\u00eda para mantener precios accesibles en medio de la crisis'\\\" - Romantica NY\",\"isPartOf\":{\"@id\":\"https:\/\/romanticany.com\/#website\"},\"primaryImageOfPage\":{\"@id\":\"https:\/\/romanticany.com\/?p=109468#primaryimage\"},\"image\":{\"@id\":\"https:\/\/romanticany.com\/?p=109468#primaryimage\"},\"thumbnailUrl\":\"https:\/\/romanticany.com\/wp-content\/uploads\/2026\/04\/69f11d8039ec2.r_d.2650-2010.jpeg\",\"datePublished\":\"2026-04-28T22:49:54+00:00\",\"dateModified\":\"2026-04-28T22:49:56+00:00\",\"breadcrumb\":{\"@id\":\"https:\/\/romanticany.com\/?p=109468#breadcrumb\"},\"inLanguage\":\"es\",\"potentialAction\":[{\"@type\":\"ReadAction\",\"target\":[\"https:\/\/romanticany.com\/?p=109468\"]}]},{\"@type\":\"ImageObject\",\"inLanguage\":\"es\",\"@id\":\"https:\/\/romanticany.com\/?p=109468#primaryimage\",\"url\":\"https:\/\/romanticany.com\/wp-content\/uploads\/2026\/04\/69f11d8039ec2.r_d.2650-2010.jpeg\",\"contentUrl\":\"https:\/\/romanticany.com\/wp-content\/uploads\/2026\/04\/69f11d8039ec2.r_d.2650-2010.jpeg\",\"width\":1200,\"height\":592},{\"@type\":\"BreadcrumbList\",\"@id\":\"https:\/\/romanticany.com\/?p=109468#breadcrumb\",\"itemListElement\":[{\"@type\":\"ListItem\",\"position\":1,\"name\":\"Portada\",\"item\":\"https:\/\/romanticany.com\/\"},{\"@type\":\"ListItem\",\"position\":2,\"name\":\"\u00abLuis Abinader: &#8216;El Gobierno act\u00faa cada d\u00eda para mantener precios accesibles en medio de la crisis'\u00bb\"}]},{\"@type\":\"WebSite\",\"@id\":\"https:\/\/romanticany.com\/#website\",\"url\":\"https:\/\/romanticany.com\/\",\"name\":\"Romantica NY\",\"description\":\"AHORA CON SU PERIODICO DIGITAL Y LA MUSICA MAS ROMANTICA EN LA GRAN MANZANA, USA\",\"publisher\":{\"@id\":\"https:\/\/romanticany.com\/#organization\"},\"potentialAction\":[{\"@type\":\"SearchAction\",\"target\":{\"@type\":\"EntryPoint\",\"urlTemplate\":\"https:\/\/romanticany.com\/?s={search_term_string}\"},\"query-input\":{\"@type\":\"PropertyValueSpecification\",\"valueRequired\":true,\"valueName\":\"search_term_string\"}}],\"inLanguage\":\"es\"},{\"@type\":\"Organization\",\"@id\":\"https:\/\/romanticany.com\/#organization\",\"name\":\"Romantica NY\",\"url\":\"https:\/\/romanticany.com\/\",\"logo\":{\"@type\":\"ImageObject\",\"inLanguage\":\"es\",\"@id\":\"https:\/\/romanticany.com\/#\/schema\/logo\/image\/\",\"url\":\"https:\/\/romanticany.com\/wp-content\/uploads\/2025\/01\/Logo-Romantica-3.png\",\"contentUrl\":\"https:\/\/romanticany.com\/wp-content\/uploads\/2025\/01\/Logo-Romantica-3.png\",\"width\":1024,\"height\":1024,\"caption\":\"Romantica NY\"},\"image\":{\"@id\":\"https:\/\/romanticany.com\/#\/schema\/logo\/image\/\"}},{\"@type\":\"Person\",\"@id\":\"https:\/\/romanticany.com\/#\/schema\/person\/be3a3ed4b2ab0af84e4dbe5c3215474c\",\"name\":\"Romantica NY\",\"image\":{\"@type\":\"ImageObject\",\"inLanguage\":\"es\",\"@id\":\"https:\/\/romanticany.com\/#\/schema\/person\/image\/\",\"url\":\"https:\/\/romanticany.com\/wp-content\/uploads\/2025\/01\/cropped-Logo-Romantica-3-96x96.png\",\"contentUrl\":\"https:\/\/romanticany.com\/wp-content\/uploads\/2025\/01\/cropped-Logo-Romantica-3-96x96.png\",\"caption\":\"Romantica NY\"},\"sameAs\":[\"https:\/\/romanticany.com\"],\"url\":\"https:\/\/romanticany.com\/?author=1\"}]}<\/script>\n<!-- \/ Yoast SEO plugin. -->","yoast_head_json":{"title":"\"Luis Abinader: 'El Gobierno act\u00faa cada d\u00eda para mantener precios accesibles en medio de la crisis'\" - Romantica NY","robots":{"index":"index","follow":"follow","max-snippet":"max-snippet:-1","max-image-preview":"max-image-preview:large","max-video-preview":"max-video-preview:-1"},"canonical":"https:\/\/romanticany.com\/?p=109468","og_locale":"es_ES","og_type":"article","og_title":"\"Luis Abinader: 'El Gobierno act\u00faa cada d\u00eda para mantener precios accesibles en medio de la crisis'\" - Romantica NY","og_description":"Medidas para enfrentar el impacto de la guerra en los mercadosEl presidente Luis Abinader reafirm\u00f3 este martes que su administraci\u00f3n est\u00e1 trabajando diariamente para estabilizar los precios de los productos b\u00e1sicos, en un contexto marcado por la crisis internacional derivada del conflicto entre Estados Unidos, Israel e Ir\u00e1n. En un acto realizado en el Palacio [&hellip;]","og_url":"https:\/\/romanticany.com\/?p=109468","og_site_name":"Romantica NY","article_published_time":"2026-04-28T22:49:54+00:00","article_modified_time":"2026-04-28T22:49:56+00:00","og_image":[{"width":1200,"height":592,"url":"https:\/\/romanticany.com\/wp-content\/uploads\/2026\/04\/69f11d8039ec2.r_d.2650-2010.jpeg","type":"image\/jpeg"}],"author":"Romantica NY","twitter_card":"summary_large_image","twitter_misc":{"Escrito por":"Romantica NY","Tiempo de lectura":"2 minutos"},"schema":{"@context":"https:\/\/schema.org","@graph":[{"@type":"Article","@id":"https:\/\/romanticany.com\/?p=109468#article","isPartOf":{"@id":"https:\/\/romanticany.com\/?p=109468"},"author":{"name":"Romantica NY","@id":"https:\/\/romanticany.com\/#\/schema\/person\/be3a3ed4b2ab0af84e4dbe5c3215474c"},"headline":"\u00abLuis Abinader: &#8216;El Gobierno act\u00faa cada d\u00eda para mantener precios accesibles en medio de la crisis'\u00bb","datePublished":"2026-04-28T22:49:54+00:00","dateModified":"2026-04-28T22:49:56+00:00","mainEntityOfPage":{"@id":"https:\/\/romanticany.com\/?p=109468"},"wordCount":299,"commentCount":0,"publisher":{"@id":"https:\/\/romanticany.com\/#organization"},"image":{"@id":"https:\/\/romanticany.com\/?p=109468#primaryimage"},"thumbnailUrl":"https:\/\/romanticany.com\/wp-content\/uploads\/2026\/04\/69f11d8039ec2.r_d.2650-2010.jpeg","articleSection":["Pol\u00edtica"],"inLanguage":"es","potentialAction":[{"@type":"CommentAction","name":"Comment","target":["https:\/\/romanticany.com\/?p=109468#respond"]}]},{"@type":"WebPage","@id":"https:\/\/romanticany.com\/?p=109468","url":"https:\/\/romanticany.com\/?p=109468","name":"\"Luis Abinader: 'El Gobierno act\u00faa cada d\u00eda para mantener precios accesibles en medio de la crisis'\" - Romantica NY","isPartOf":{"@id":"https:\/\/romanticany.com\/#website"},"primaryImageOfPage":{"@id":"https:\/\/romanticany.com\/?p=109468#primaryimage"},"image":{"@id":"https:\/\/romanticany.com\/?p=109468#primaryimage"},"thumbnailUrl":"https:\/\/romanticany.com\/wp-content\/uploads\/2026\/04\/69f11d8039ec2.r_d.2650-2010.jpeg","datePublished":"2026-04-28T22:49:54+00:00","dateModified":"2026-04-28T22:49:56+00:00","breadcrumb":{"@id":"https:\/\/romanticany.com\/?p=109468#breadcrumb"},"inLanguage":"es","potentialAction":[{"@type":"ReadAction","target":["https:\/\/romanticany.com\/?p=109468"]}]},{"@type":"ImageObject","inLanguage":"es","@id":"https:\/\/romanticany.com\/?p=109468#primaryimage","url":"https:\/\/romanticany.com\/wp-content\/uploads\/2026\/04\/69f11d8039ec2.r_d.2650-2010.jpeg","contentUrl":"https:\/\/romanticany.com\/wp-content\/uploads\/2026\/04\/69f11d8039ec2.r_d.2650-2010.jpeg","width":1200,"height":592},{"@type":"BreadcrumbList","@id":"https:\/\/romanticany.com\/?p=109468#breadcrumb","itemListElement":[{"@type":"ListItem","position":1,"name":"Portada","item":"https:\/\/romanticany.com\/"},{"@type":"ListItem","position":2,"name":"\u00abLuis Abinader: &#8216;El Gobierno act\u00faa cada d\u00eda para mantener precios accesibles en medio de la crisis'\u00bb"}]},{"@type":"WebSite","@id":"https:\/\/romanticany.com\/#website","url":"https:\/\/romanticany.com\/","name":"Romantica NY","description":"AHORA CON SU PERIODICO DIGITAL Y LA MUSICA MAS ROMANTICA EN LA GRAN MANZANA, USA","publisher":{"@id":"https:\/\/romanticany.com\/#organization"},"potentialAction":[{"@type":"SearchAction","target":{"@type":"EntryPoint","urlTemplate":"https:\/\/romanticany.com\/?s={search_term_string}"},"query-input":{"@type":"PropertyValueSpecification","valueRequired":true,"valueName":"search_term_string"}}],"inLanguage":"es"},{"@type":"Organization","@id":"https:\/\/romanticany.com\/#organization","name":"Romantica NY","url":"https:\/\/romanticany.com\/","logo":{"@type":"ImageObject","inLanguage":"es","@id":"https:\/\/romanticany.com\/#\/schema\/logo\/image\/","url":"https:\/\/romanticany.com\/wp-content\/uploads\/2025\/01\/Logo-Romantica-3.png","contentUrl":"https:\/\/romanticany.com\/wp-content\/uploads\/2025\/01\/Logo-Romantica-3.png","width":1024,"height":1024,"caption":"Romantica NY"},"image":{"@id":"https:\/\/romanticany.com\/#\/schema\/logo\/image\/"}},{"@type":"Person","@id":"https:\/\/romanticany.com\/#\/schema\/person\/be3a3ed4b2ab0af84e4dbe5c3215474c","name":"Romantica NY","image":{"@type":"ImageObject","inLanguage":"es","@id":"https:\/\/romanticany.com\/#\/schema\/person\/image\/","url":"https:\/\/romanticany.com\/wp-content\/uploads\/2025\/01\/cropped-Logo-Romantica-3-96x96.png","contentUrl":"https:\/\/romanticany.com\/wp-content\/uploads\/2025\/01\/cropped-Logo-Romantica-3-96x96.png","caption":"Romantica NY"},"sameAs":["https:\/\/romanticany.com"],"url":"https:\/\/romanticany.com\/?author=1"}]}},"rttpg_featured_image_url":{"full":["https:\/\/romanticany.com\/wp-content\/uploads\/2026\/04\/69f11d8039ec2.r_d.2650-2010.jpeg",1200,592,false],"landscape":["https:\/\/romanticany.com\/wp-content\/uploads\/2026\/04\/69f11d8039ec2.r_d.2650-2010.jpeg",1200,592,false],"portraits":["https:\/\/romanticany.com\/wp-content\/uploads\/2026\/04\/69f11d8039ec2.r_d.2650-2010.jpeg",1200,592,false],"thumbnail":["https:\/\/romanticany.com\/wp-content\/uploads\/2026\/04\/69f11d8039ec2.r_d.2650-2010-150x150.jpeg",150,150,true],"medium":["https:\/\/romanticany.com\/wp-content\/uploads\/2026\/04\/69f11d8039ec2.r_d.2650-2010-300x148.jpeg",300,148,true],"large":["https:\/\/romanticany.com\/wp-content\/uploads\/2026\/04\/69f11d8039ec2.r_d.2650-2010-1024x505.jpeg",640,316,true],"1536x1536":["https:\/\/romanticany.com\/wp-content\/uploads\/2026\/04\/69f11d8039ec2.r_d.2650-2010.jpeg",1200,592,false],"2048x2048":["https:\/\/romanticany.com\/wp-content\/uploads\/2026\/04\/69f11d8039ec2.r_d.2650-2010.jpeg",1200,592,false]},"rttpg_author":{"display_name":"Romantica NY","author_link":"https:\/\/romanticany.com\/?author=1"},"rttpg_comment":0,"rttpg_category":"<a href=\"https:\/\/romanticany.com\/?cat=11\" rel=\"category\">Pol\u00edtica<\/a>","rttpg_excerpt":"Medidas para enfrentar el impacto de la guerra en los mercadosEl presidente Luis Abinader reafirm\u00f3 este martes que su administraci\u00f3n est\u00e1 trabajando diariamente para estabilizar los precios de los productos b\u00e1sicos, en un contexto marcado por la crisis internacional derivada del conflicto entre Estados Unidos, Israel e Ir\u00e1n. En un acto realizado en el Palacio&hellip;","_links":{"self":[{"href":"https:\/\/romanticany.com\/index.php?rest_route=\/wp\/v2\/posts\/109468","targetHints":{"allow":["GET"]}}],"collection":[{"href":"https:\/\/romanticany.com\/index.php?rest_route=\/wp\/v2\/posts"}],"about":[{"href":"https:\/\/romanticany.com\/index.php?rest_route=\/wp\/v2\/types\/post"}],"author":[{"embeddable":true,"href":"https:\/\/romanticany.com\/index.php?rest_route=\/wp\/v2\/users\/1"}],"replies":[{"embeddable":true,"href":"https:\/\/romanticany.com\/index.php?rest_route=%2Fwp%2Fv2%2Fcomments&post=109468"}],"version-history":[{"count":1,"href":"https:\/\/romanticany.com\/index.php?rest_route=\/wp\/v2\/posts\/109468\/revisions"}],"predecessor-version":[{"id":109470,"href":"https:\/\/romanticany.com\/index.php?rest_route=\/wp\/v2\/posts\/109468\/revisions\/109470"}],"wp:featuredmedia":[{"embeddable":true,"href":"https:\/\/romanticany.com\/index.php?rest_route=\/wp\/v2\/media\/109469"}],"wp:attachment":[{"href":"https:\/\/romanticany.com\/index.php?rest_route=%2Fwp%2Fv2%2Fmedia&parent=109468"}],"wp:term":[{"taxonomy":"category","embeddable":true,"href":"https:\/\/romanticany.com\/index.php?rest_route=%2Fwp%2Fv2%2Fcategories&post=109468"},{"taxonomy":"post_tag","embeddable":true,"href":"https:\/\/romanticany.com\/index.php?rest_route=%2Fwp%2Fv2%2Ftags&post=109468"}],"curies":[{"name":"wp","href":"https:\/\/api.w.org\/{rel}","templated":true}]}}