{"id":109481,"date":"2026-04-29T08:55:24","date_gmt":"2026-04-29T12:55:24","guid":{"rendered":"https:\/\/romanticany.com\/?p=109481"},"modified":"2026-04-29T08:55:27","modified_gmt":"2026-04-29T12:55:27","slug":"carlos-iii-a-ee-uu-juntos-somos-mas-fuertes-el-discurso-que-reafirma-la-alianza-en-tiempos-turbulentos","status":"publish","type":"post","link":"https:\/\/romanticany.com\/?p=109481","title":{"rendered":"\u00abCarlos III a EE. UU.: &#8216;Juntos Somos M\u00e1s Fuertes&#8217; \u2013 El Discurso que Reafirma la Alianza en Tiempos Turbulentos\u00bb"},"content":{"rendered":"\n<h4 class=\"wp-block-heading\"><strong>\u00abLa alianza no es nostalgia, es necesidad\u00bb<\/strong><\/h4>\n\n\n\n<p>Con estas palabras, el <strong>Rey Carlos III<\/strong> dej\u00f3 claro el <strong>prop\u00f3sito de su visita a Washington<\/strong> el <strong>29 de abril de 2026<\/strong>: <strong>renovar el compromiso<\/strong> entre Reino Unido y Estados Unidos en un mundo marcado por la <strong>incertidumbre y los conflictos<\/strong>. En un <strong>discurso ante el Congreso estadounidense<\/strong>, el monarca brit\u00e1nico inst\u00f3 a ambas naciones a <strong>reforzar su \u00abrelaci\u00f3n especial\u00bb<\/strong>, describi\u00e9ndola como <strong>\u00abirreemplazable e irrompible\u00bb<\/strong>.<\/p>\n\n\n\n<hr class=\"wp-block-separator has-alpha-channel-opacity\"\/>\n\n\n\n<h4 class=\"wp-block-heading\"><strong>El contexto: Tensiones y oportunidades<\/strong><\/h4>\n\n\n\n<p>La visita de Carlos III se produce en un momento de <strong>fricciones<\/strong> entre la administraci\u00f3n de <strong>Donald Trump<\/strong> y el gobierno brit\u00e1nico de <strong>Keir Starmer<\/strong>, especialmente por:<\/p>\n\n\n\n<ul class=\"wp-block-list\">\n<li>La <strong>guerra en Ucrania<\/strong> y el apoyo a la OTAN.<\/li>\n\n\n\n<li>La <strong>apertura del Estrecho de Ormuz<\/strong> y la participaci\u00f3n militar.<\/li>\n\n\n\n<li>Las <strong>cr\u00edticas de Trump<\/strong> a los aliados europeos por su falta de compromiso en conflictos globales.<\/li>\n<\/ul>\n\n\n\n<p>A pesar de esto, el Rey <strong>evit\u00f3 el tono confrontativo<\/strong> y opt\u00f3 por un mensaje de <strong>unidad y reconciliaci\u00f3n<\/strong>, recordando que la historia de ambos pa\u00edses es <strong>\u00abuna historia de renovaci\u00f3n y asociaci\u00f3n extraordinaria\u00bb<\/strong>.<\/p>\n\n\n\n<hr class=\"wp-block-separator has-alpha-channel-opacity\"\/>\n\n\n\n<h4 class=\"wp-block-heading\"><strong>Los compromisos concretos del discurso<\/strong><\/h4>\n\n\n\n<ol class=\"wp-block-list\">\n<li><strong>Defensa de la democracia<\/strong>: Carlos III subray\u00f3 que la alianza se basa en <strong>valores compartidos<\/strong> como la libertad y el estado de derecho, que deben ser <strong>protegidos en conjunto<\/strong>.<\/li>\n\n\n\n<li><strong>Liderazgo clim\u00e1tico<\/strong>: Inst\u00f3 a ambas potencias a <strong>tomar la delantera<\/strong> en la lucha contra el cambio clim\u00e1tico, destacando que es una <strong>amenaza existencial<\/strong> que requiere acci\u00f3n coordinada.<\/li>\n\n\n\n<li><strong>Seguridad y estabilidad<\/strong>: Destac\u00f3 la importancia de la <strong>coordinaci\u00f3n militar<\/strong> para mantener la paz, especialmente en <strong>Europa y Oriente Medio<\/strong>.<\/li>\n\n\n\n<li><strong>V\u00ednculos econ\u00f3micos y culturales<\/strong>: Abog\u00f3 por un <strong>comercio m\u00e1s fluido<\/strong> y el fortalecimiento de los <strong>intercambios educativos y culturales<\/strong> entre ambos pueblos.<\/li>\n<\/ol>\n\n\n\n<hr class=\"wp-block-separator has-alpha-channel-opacity\"\/>\n\n\n\n<h4 class=\"wp-block-heading\"><strong>Un mensaje para el futuro<\/strong><\/h4>\n\n\n\n<p>El discurso de Carlos III no solo busc\u00f3 <strong>reafirmar la alianza<\/strong>, sino tambi\u00e9n <strong>enviar un mensaje de esperanza<\/strong> sobre el papel que ambos pa\u00edses deben desempe\u00f1ar en el <strong>escenario mundial durante la pr\u00f3xima d\u00e9cada<\/strong>. El monarca concluy\u00f3 con un llamado a <strong>mirar hacia adelante<\/strong>, recordando que la uni\u00f3n entre ambas naciones es un <strong>pilar fundamental para el orden internacional<\/strong>.<\/p>\n\n\n\n<hr class=\"wp-block-separator has-alpha-channel-opacity\"\/>\n\n\n\n<p><strong>Hashtags:<\/strong> #UnidosPorLaPaz #AlianzaTransatl\u00e1ntica #CarlosIIIEnEEUU #FuturoCompartido<\/p>\n","protected":false},"excerpt":{"rendered":"<p>\u00abLa alianza no es nostalgia, es necesidad\u00bb Con estas palabras, el Rey Carlos III dej\u00f3 claro el prop\u00f3sito de su visita a Washington el 29 de abril de 2026: renovar el compromiso entre Reino Unido y Estados Unidos en un mundo marcado por la incertidumbre y los conflictos. En un discurso ante el Congreso estadounidense, [&hellip;]<\/p>\n","protected":false},"author":1,"featured_media":109482,"comment_status":"open","ping_status":"closed","sticky":false,"template":"","format":"standard","meta":{"footnotes":""},"categories":[8],"tags":[],"class_list":["post-109481","post","type-post","status-publish","format-standard","has-post-thumbnail","hentry","category-mundo"],"yoast_head":"<!-- This site is optimized with the Yoast SEO plugin v24.5 - https:\/\/yoast.com\/wordpress\/plugins\/seo\/ -->\n<title>&quot;Carlos III a EE. UU.: &#039;Juntos Somos M\u00e1s Fuertes&#039; \u2013 El Discurso que Reafirma la Alianza en Tiempos Turbulentos&quot; - Romantica NY<\/title>\n<meta name=\"robots\" content=\"index, follow, max-snippet:-1, max-image-preview:large, max-video-preview:-1\" \/>\n<link rel=\"canonical\" href=\"https:\/\/romanticany.com\/?p=109481\" \/>\n<meta property=\"og:locale\" content=\"es_ES\" \/>\n<meta property=\"og:type\" content=\"article\" \/>\n<meta property=\"og:title\" content=\"&quot;Carlos III a EE. UU.: &#039;Juntos Somos M\u00e1s Fuertes&#039; \u2013 El Discurso que Reafirma la Alianza en Tiempos Turbulentos&quot; - Romantica NY\" \/>\n<meta property=\"og:description\" content=\"\u00abLa alianza no es nostalgia, es necesidad\u00bb Con estas palabras, el Rey Carlos III dej\u00f3 claro el prop\u00f3sito de su visita a Washington el 29 de abril de 2026: renovar el compromiso entre Reino Unido y Estados Unidos en un mundo marcado por la incertidumbre y los conflictos. En un discurso ante el Congreso estadounidense, [&hellip;]\" \/>\n<meta property=\"og:url\" content=\"https:\/\/romanticany.com\/?p=109481\" \/>\n<meta property=\"og:site_name\" content=\"Romantica NY\" \/>\n<meta property=\"article:published_time\" content=\"2026-04-29T12:55:24+00:00\" \/>\n<meta property=\"article:modified_time\" content=\"2026-04-29T12:55:27+00:00\" \/>\n<meta property=\"og:image\" content=\"https:\/\/romanticany.com\/wp-content\/uploads\/2026\/04\/descarga-2-66.jpg\" \/>\n\t<meta property=\"og:image:width\" content=\"768\" \/>\n\t<meta property=\"og:image:height\" content=\"432\" \/>\n\t<meta property=\"og:image:type\" content=\"image\/jpeg\" \/>\n<meta name=\"author\" content=\"Romantica NY\" \/>\n<meta name=\"twitter:card\" content=\"summary_large_image\" \/>\n<meta name=\"twitter:label1\" content=\"Escrito por\" \/>\n\t<meta name=\"twitter:data1\" content=\"Romantica NY\" \/>\n\t<meta name=\"twitter:label2\" content=\"Tiempo de lectura\" \/>\n\t<meta name=\"twitter:data2\" content=\"2 minutos\" \/>\n<script type=\"application\/ld+json\" class=\"yoast-schema-graph\">{\"@context\":\"https:\/\/schema.org\",\"@graph\":[{\"@type\":\"Article\",\"@id\":\"https:\/\/romanticany.com\/?p=109481#article\",\"isPartOf\":{\"@id\":\"https:\/\/romanticany.com\/?p=109481\"},\"author\":{\"name\":\"Romantica NY\",\"@id\":\"https:\/\/romanticany.com\/#\/schema\/person\/be3a3ed4b2ab0af84e4dbe5c3215474c\"},\"headline\":\"\u00abCarlos III a EE. UU.: &#8216;Juntos Somos M\u00e1s Fuertes&#8217; \u2013 El Discurso que Reafirma la Alianza en Tiempos Turbulentos\u00bb\",\"datePublished\":\"2026-04-29T12:55:24+00:00\",\"dateModified\":\"2026-04-29T12:55:27+00:00\",\"mainEntityOfPage\":{\"@id\":\"https:\/\/romanticany.com\/?p=109481\"},\"wordCount\":389,\"commentCount\":0,\"publisher\":{\"@id\":\"https:\/\/romanticany.com\/#organization\"},\"image\":{\"@id\":\"https:\/\/romanticany.com\/?p=109481#primaryimage\"},\"thumbnailUrl\":\"https:\/\/romanticany.com\/wp-content\/uploads\/2026\/04\/descarga-2-66.jpg\",\"articleSection\":[\"Mundo\"],\"inLanguage\":\"es\",\"potentialAction\":[{\"@type\":\"CommentAction\",\"name\":\"Comment\",\"target\":[\"https:\/\/romanticany.com\/?p=109481#respond\"]}]},{\"@type\":\"WebPage\",\"@id\":\"https:\/\/romanticany.com\/?p=109481\",\"url\":\"https:\/\/romanticany.com\/?p=109481\",\"name\":\"\\\"Carlos III a EE. UU.: 'Juntos Somos M\u00e1s Fuertes' \u2013 El Discurso que Reafirma la Alianza en Tiempos Turbulentos\\\" - Romantica NY\",\"isPartOf\":{\"@id\":\"https:\/\/romanticany.com\/#website\"},\"primaryImageOfPage\":{\"@id\":\"https:\/\/romanticany.com\/?p=109481#primaryimage\"},\"image\":{\"@id\":\"https:\/\/romanticany.com\/?p=109481#primaryimage\"},\"thumbnailUrl\":\"https:\/\/romanticany.com\/wp-content\/uploads\/2026\/04\/descarga-2-66.jpg\",\"datePublished\":\"2026-04-29T12:55:24+00:00\",\"dateModified\":\"2026-04-29T12:55:27+00:00\",\"breadcrumb\":{\"@id\":\"https:\/\/romanticany.com\/?p=109481#breadcrumb\"},\"inLanguage\":\"es\",\"potentialAction\":[{\"@type\":\"ReadAction\",\"target\":[\"https:\/\/romanticany.com\/?p=109481\"]}]},{\"@type\":\"ImageObject\",\"inLanguage\":\"es\",\"@id\":\"https:\/\/romanticany.com\/?p=109481#primaryimage\",\"url\":\"https:\/\/romanticany.com\/wp-content\/uploads\/2026\/04\/descarga-2-66.jpg\",\"contentUrl\":\"https:\/\/romanticany.com\/wp-content\/uploads\/2026\/04\/descarga-2-66.jpg\",\"width\":768,\"height\":432},{\"@type\":\"BreadcrumbList\",\"@id\":\"https:\/\/romanticany.com\/?p=109481#breadcrumb\",\"itemListElement\":[{\"@type\":\"ListItem\",\"position\":1,\"name\":\"Portada\",\"item\":\"https:\/\/romanticany.com\/\"},{\"@type\":\"ListItem\",\"position\":2,\"name\":\"\u00abCarlos III a EE. UU.: &#8216;Juntos Somos M\u00e1s Fuertes&#8217; \u2013 El Discurso que Reafirma la Alianza en Tiempos Turbulentos\u00bb\"}]},{\"@type\":\"WebSite\",\"@id\":\"https:\/\/romanticany.com\/#website\",\"url\":\"https:\/\/romanticany.com\/\",\"name\":\"Romantica NY\",\"description\":\"AHORA CON SU PERIODICO DIGITAL Y LA MUSICA MAS ROMANTICA EN LA GRAN MANZANA, USA\",\"publisher\":{\"@id\":\"https:\/\/romanticany.com\/#organization\"},\"potentialAction\":[{\"@type\":\"SearchAction\",\"target\":{\"@type\":\"EntryPoint\",\"urlTemplate\":\"https:\/\/romanticany.com\/?s={search_term_string}\"},\"query-input\":{\"@type\":\"PropertyValueSpecification\",\"valueRequired\":true,\"valueName\":\"search_term_string\"}}],\"inLanguage\":\"es\"},{\"@type\":\"Organization\",\"@id\":\"https:\/\/romanticany.com\/#organization\",\"name\":\"Romantica NY\",\"url\":\"https:\/\/romanticany.com\/\",\"logo\":{\"@type\":\"ImageObject\",\"inLanguage\":\"es\",\"@id\":\"https:\/\/romanticany.com\/#\/schema\/logo\/image\/\",\"url\":\"https:\/\/romanticany.com\/wp-content\/uploads\/2025\/01\/Logo-Romantica-3.png\",\"contentUrl\":\"https:\/\/romanticany.com\/wp-content\/uploads\/2025\/01\/Logo-Romantica-3.png\",\"width\":1024,\"height\":1024,\"caption\":\"Romantica NY\"},\"image\":{\"@id\":\"https:\/\/romanticany.com\/#\/schema\/logo\/image\/\"}},{\"@type\":\"Person\",\"@id\":\"https:\/\/romanticany.com\/#\/schema\/person\/be3a3ed4b2ab0af84e4dbe5c3215474c\",\"name\":\"Romantica NY\",\"image\":{\"@type\":\"ImageObject\",\"inLanguage\":\"es\",\"@id\":\"https:\/\/romanticany.com\/#\/schema\/person\/image\/\",\"url\":\"https:\/\/romanticany.com\/wp-content\/uploads\/2025\/01\/cropped-Logo-Romantica-3-96x96.png\",\"contentUrl\":\"https:\/\/romanticany.com\/wp-content\/uploads\/2025\/01\/cropped-Logo-Romantica-3-96x96.png\",\"caption\":\"Romantica NY\"},\"sameAs\":[\"https:\/\/romanticany.com\"],\"url\":\"https:\/\/romanticany.com\/?author=1\"}]}<\/script>\n<!-- \/ Yoast SEO plugin. -->","yoast_head_json":{"title":"\"Carlos III a EE. UU.: 'Juntos Somos M\u00e1s Fuertes' \u2013 El Discurso que Reafirma la Alianza en Tiempos Turbulentos\" - Romantica NY","robots":{"index":"index","follow":"follow","max-snippet":"max-snippet:-1","max-image-preview":"max-image-preview:large","max-video-preview":"max-video-preview:-1"},"canonical":"https:\/\/romanticany.com\/?p=109481","og_locale":"es_ES","og_type":"article","og_title":"\"Carlos III a EE. UU.: 'Juntos Somos M\u00e1s Fuertes' \u2013 El Discurso que Reafirma la Alianza en Tiempos Turbulentos\" - Romantica NY","og_description":"\u00abLa alianza no es nostalgia, es necesidad\u00bb Con estas palabras, el Rey Carlos III dej\u00f3 claro el prop\u00f3sito de su visita a Washington el 29 de abril de 2026: renovar el compromiso entre Reino Unido y Estados Unidos en un mundo marcado por la incertidumbre y los conflictos. En un discurso ante el Congreso estadounidense, [&hellip;]","og_url":"https:\/\/romanticany.com\/?p=109481","og_site_name":"Romantica NY","article_published_time":"2026-04-29T12:55:24+00:00","article_modified_time":"2026-04-29T12:55:27+00:00","og_image":[{"width":768,"height":432,"url":"https:\/\/romanticany.com\/wp-content\/uploads\/2026\/04\/descarga-2-66.jpg","type":"image\/jpeg"}],"author":"Romantica NY","twitter_card":"summary_large_image","twitter_misc":{"Escrito por":"Romantica NY","Tiempo de lectura":"2 minutos"},"schema":{"@context":"https:\/\/schema.org","@graph":[{"@type":"Article","@id":"https:\/\/romanticany.com\/?p=109481#article","isPartOf":{"@id":"https:\/\/romanticany.com\/?p=109481"},"author":{"name":"Romantica NY","@id":"https:\/\/romanticany.com\/#\/schema\/person\/be3a3ed4b2ab0af84e4dbe5c3215474c"},"headline":"\u00abCarlos III a EE. UU.: &#8216;Juntos Somos M\u00e1s Fuertes&#8217; \u2013 El Discurso que Reafirma la Alianza en Tiempos Turbulentos\u00bb","datePublished":"2026-04-29T12:55:24+00:00","dateModified":"2026-04-29T12:55:27+00:00","mainEntityOfPage":{"@id":"https:\/\/romanticany.com\/?p=109481"},"wordCount":389,"commentCount":0,"publisher":{"@id":"https:\/\/romanticany.com\/#organization"},"image":{"@id":"https:\/\/romanticany.com\/?p=109481#primaryimage"},"thumbnailUrl":"https:\/\/romanticany.com\/wp-content\/uploads\/2026\/04\/descarga-2-66.jpg","articleSection":["Mundo"],"inLanguage":"es","potentialAction":[{"@type":"CommentAction","name":"Comment","target":["https:\/\/romanticany.com\/?p=109481#respond"]}]},{"@type":"WebPage","@id":"https:\/\/romanticany.com\/?p=109481","url":"https:\/\/romanticany.com\/?p=109481","name":"\"Carlos III a EE. UU.: 'Juntos Somos M\u00e1s Fuertes' \u2013 El Discurso que Reafirma la Alianza en Tiempos Turbulentos\" - Romantica NY","isPartOf":{"@id":"https:\/\/romanticany.com\/#website"},"primaryImageOfPage":{"@id":"https:\/\/romanticany.com\/?p=109481#primaryimage"},"image":{"@id":"https:\/\/romanticany.com\/?p=109481#primaryimage"},"thumbnailUrl":"https:\/\/romanticany.com\/wp-content\/uploads\/2026\/04\/descarga-2-66.jpg","datePublished":"2026-04-29T12:55:24+00:00","dateModified":"2026-04-29T12:55:27+00:00","breadcrumb":{"@id":"https:\/\/romanticany.com\/?p=109481#breadcrumb"},"inLanguage":"es","potentialAction":[{"@type":"ReadAction","target":["https:\/\/romanticany.com\/?p=109481"]}]},{"@type":"ImageObject","inLanguage":"es","@id":"https:\/\/romanticany.com\/?p=109481#primaryimage","url":"https:\/\/romanticany.com\/wp-content\/uploads\/2026\/04\/descarga-2-66.jpg","contentUrl":"https:\/\/romanticany.com\/wp-content\/uploads\/2026\/04\/descarga-2-66.jpg","width":768,"height":432},{"@type":"BreadcrumbList","@id":"https:\/\/romanticany.com\/?p=109481#breadcrumb","itemListElement":[{"@type":"ListItem","position":1,"name":"Portada","item":"https:\/\/romanticany.com\/"},{"@type":"ListItem","position":2,"name":"\u00abCarlos III a EE. UU.: &#8216;Juntos Somos M\u00e1s Fuertes&#8217; \u2013 El Discurso que Reafirma la Alianza en Tiempos Turbulentos\u00bb"}]},{"@type":"WebSite","@id":"https:\/\/romanticany.com\/#website","url":"https:\/\/romanticany.com\/","name":"Romantica NY","description":"AHORA CON SU PERIODICO DIGITAL Y LA MUSICA MAS ROMANTICA EN LA GRAN MANZANA, USA","publisher":{"@id":"https:\/\/romanticany.com\/#organization"},"potentialAction":[{"@type":"SearchAction","target":{"@type":"EntryPoint","urlTemplate":"https:\/\/romanticany.com\/?s={search_term_string}"},"query-input":{"@type":"PropertyValueSpecification","valueRequired":true,"valueName":"search_term_string"}}],"inLanguage":"es"},{"@type":"Organization","@id":"https:\/\/romanticany.com\/#organization","name":"Romantica NY","url":"https:\/\/romanticany.com\/","logo":{"@type":"ImageObject","inLanguage":"es","@id":"https:\/\/romanticany.com\/#\/schema\/logo\/image\/","url":"https:\/\/romanticany.com\/wp-content\/uploads\/2025\/01\/Logo-Romantica-3.png","contentUrl":"https:\/\/romanticany.com\/wp-content\/uploads\/2025\/01\/Logo-Romantica-3.png","width":1024,"height":1024,"caption":"Romantica NY"},"image":{"@id":"https:\/\/romanticany.com\/#\/schema\/logo\/image\/"}},{"@type":"Person","@id":"https:\/\/romanticany.com\/#\/schema\/person\/be3a3ed4b2ab0af84e4dbe5c3215474c","name":"Romantica NY","image":{"@type":"ImageObject","inLanguage":"es","@id":"https:\/\/romanticany.com\/#\/schema\/person\/image\/","url":"https:\/\/romanticany.com\/wp-content\/uploads\/2025\/01\/cropped-Logo-Romantica-3-96x96.png","contentUrl":"https:\/\/romanticany.com\/wp-content\/uploads\/2025\/01\/cropped-Logo-Romantica-3-96x96.png","caption":"Romantica NY"},"sameAs":["https:\/\/romanticany.com"],"url":"https:\/\/romanticany.com\/?author=1"}]}},"rttpg_featured_image_url":{"full":["https:\/\/romanticany.com\/wp-content\/uploads\/2026\/04\/descarga-2-66.jpg",768,432,false],"landscape":["https:\/\/romanticany.com\/wp-content\/uploads\/2026\/04\/descarga-2-66.jpg",768,432,false],"portraits":["https:\/\/romanticany.com\/wp-content\/uploads\/2026\/04\/descarga-2-66.jpg",768,432,false],"thumbnail":["https:\/\/romanticany.com\/wp-content\/uploads\/2026\/04\/descarga-2-66-150x150.jpg",150,150,true],"medium":["https:\/\/romanticany.com\/wp-content\/uploads\/2026\/04\/descarga-2-66-300x169.jpg",300,169,true],"large":["https:\/\/romanticany.com\/wp-content\/uploads\/2026\/04\/descarga-2-66.jpg",640,360,false],"1536x1536":["https:\/\/romanticany.com\/wp-content\/uploads\/2026\/04\/descarga-2-66.jpg",768,432,false],"2048x2048":["https:\/\/romanticany.com\/wp-content\/uploads\/2026\/04\/descarga-2-66.jpg",768,432,false]},"rttpg_author":{"display_name":"Romantica NY","author_link":"https:\/\/romanticany.com\/?author=1"},"rttpg_comment":0,"rttpg_category":"<a href=\"https:\/\/romanticany.com\/?cat=8\" rel=\"category\">Mundo<\/a>","rttpg_excerpt":"\u00abLa alianza no es nostalgia, es necesidad\u00bb Con estas palabras, el Rey Carlos III dej\u00f3 claro el prop\u00f3sito de su visita a Washington el 29 de abril de 2026: renovar el compromiso entre Reino Unido y Estados Unidos en un mundo marcado por la incertidumbre y los conflictos. En un discurso ante el Congreso estadounidense,&hellip;","_links":{"self":[{"href":"https:\/\/romanticany.com\/index.php?rest_route=\/wp\/v2\/posts\/109481","targetHints":{"allow":["GET"]}}],"collection":[{"href":"https:\/\/romanticany.com\/index.php?rest_route=\/wp\/v2\/posts"}],"about":[{"href":"https:\/\/romanticany.com\/index.php?rest_route=\/wp\/v2\/types\/post"}],"author":[{"embeddable":true,"href":"https:\/\/romanticany.com\/index.php?rest_route=\/wp\/v2\/users\/1"}],"replies":[{"embeddable":true,"href":"https:\/\/romanticany.com\/index.php?rest_route=%2Fwp%2Fv2%2Fcomments&post=109481"}],"version-history":[{"count":1,"href":"https:\/\/romanticany.com\/index.php?rest_route=\/wp\/v2\/posts\/109481\/revisions"}],"predecessor-version":[{"id":109483,"href":"https:\/\/romanticany.com\/index.php?rest_route=\/wp\/v2\/posts\/109481\/revisions\/109483"}],"wp:featuredmedia":[{"embeddable":true,"href":"https:\/\/romanticany.com\/index.php?rest_route=\/wp\/v2\/media\/109482"}],"wp:attachment":[{"href":"https:\/\/romanticany.com\/index.php?rest_route=%2Fwp%2Fv2%2Fmedia&parent=109481"}],"wp:term":[{"taxonomy":"category","embeddable":true,"href":"https:\/\/romanticany.com\/index.php?rest_route=%2Fwp%2Fv2%2Fcategories&post=109481"},{"taxonomy":"post_tag","embeddable":true,"href":"https:\/\/romanticany.com\/index.php?rest_route=%2Fwp%2Fv2%2Ftags&post=109481"}],"curies":[{"name":"wp","href":"https:\/\/api.w.org\/{rel}","templated":true}]}}