{"id":109521,"date":"2026-04-29T16:44:37","date_gmt":"2026-04-29T20:44:37","guid":{"rendered":"https:\/\/romanticany.com\/?p=109521"},"modified":"2026-04-29T16:44:40","modified_gmt":"2026-04-29T20:44:40","slug":"rd-san-francisco-de-macoris-paro-de-24-horas-con-quema-de-neumaticos-por-falta-de-obras-y-servicios","status":"publish","type":"post","link":"https:\/\/romanticany.com\/?p=109521","title":{"rendered":"RD: \u00abSan Francisco de Macor\u00eds: Paro de 24 Horas con Quema de Neum\u00e1ticos por Falta de Obras y Servicios\u00bb"},"content":{"rendered":"\n<h4 class=\"wp-block-heading\"><strong>Una ciudad paralizada: Protestas por demandas no atendidas<\/strong><\/h4>\n\n\n\n<p>San Francisco de Macor\u00eds amaneci\u00f3 este <strong>lunes 27 de abril de 2026<\/strong> con un <strong>paro de 24 horas<\/strong> que incluy\u00f3 <strong>quemas de neum\u00e1ticos<\/strong> y <strong>bloqueos de v\u00edas<\/strong> con escombros. La protesta, convocada por <strong>grupos populares<\/strong>, ten\u00eda como objetivo <strong>exigir soluciones<\/strong> a problemas que, seg\u00fan los manifestantes, <strong>han sido ignorados por las autoridades<\/strong>.<\/p>\n\n\n\n<hr class=\"wp-block-separator has-alpha-channel-opacity\"\/>\n\n\n\n<h4 class=\"wp-block-heading\"><strong>Las calles en llamas: Neum\u00e1ticos y escombros como forma de presi\u00f3n<\/strong><\/h4>\n\n\n\n<p>Durante la jornada, los manifestantes <strong>tomaron varias v\u00edas<\/strong> de la ciudad, donde:<\/p>\n\n\n\n<ul class=\"wp-block-list\">\n<li><strong>Incendiaron neum\u00e1ticos<\/strong> para <strong>obstruir el tr\u00e1nsito<\/strong>.<\/li>\n\n\n\n<li><strong>Colocaron escombros<\/strong> en las calles, generando <strong>interrupciones en el tr\u00e1fico<\/strong>.<\/li>\n<\/ul>\n\n\n\n<p>Estas acciones buscaban <strong>llamar la atenci\u00f3n<\/strong> sobre las <strong>demandas urgentes<\/strong> de la comunidad.<\/p>\n\n\n\n<hr class=\"wp-block-separator has-alpha-channel-opacity\"\/>\n\n\n\n<h4 class=\"wp-block-heading\"><strong>\u00bfQu\u00e9 piden los manifestantes?<\/strong><\/h4>\n\n\n\n<p>Los voceros de las organizaciones convocantes explicaron que el paro responde a <strong>reclamos espec\u00edficos<\/strong>, como:<\/p>\n\n\n\n<ul class=\"wp-block-list\">\n<li><strong>Construcci\u00f3n de obras p\u00fablicas<\/strong> (carreteras, puentes, aceras, etc.).<\/li>\n\n\n\n<li><strong>Mejor\u00eda en servicios b\u00e1sicos<\/strong> (agua potable, electricidad, recolecci\u00f3n de basura).<\/li>\n\n\n\n<li><strong>Fin de la impunidad y la corrupci\u00f3n<\/strong> que, seg\u00fan denuncian, <strong>afecta el desarrollo<\/strong> de la regi\u00f3n.<\/li>\n<\/ul>\n\n\n\n<hr class=\"wp-block-separator has-alpha-channel-opacity\"\/>\n\n\n\n<h4 class=\"wp-block-heading\"><strong>Autoridades en acci\u00f3n: Vigilancia para evitar incidentes<\/strong><\/h4>\n\n\n\n<p>Ante el <strong>paro y las protestas<\/strong>, las autoridades <strong>reforzaron la presencia policial y militar<\/strong> en la zona para:<\/p>\n\n\n\n<ul class=\"wp-block-list\">\n<li><strong>Garantizar la seguridad<\/strong> de los ciudadanos.<\/li>\n\n\n\n<li><strong>Prevenir actos de violencia<\/strong>.<\/li>\n\n\n\n<li><strong>Proteger la infraestructura p\u00fablica<\/strong>.<\/li>\n<\/ul>\n\n\n\n<hr class=\"wp-block-separator has-alpha-channel-opacity\"\/>\n\n\n\n<h4 class=\"wp-block-heading\"><strong>Un malestar que se expande: El Cibao en protesta<\/strong><\/h4>\n\n\n\n<p>El paro en San Francisco de Macor\u00eds <strong>no es un hecho aislado<\/strong>. En los \u00faltimos d\u00edas, <strong>otras ciudades del Cibao<\/strong>, como <strong>Santiago y Salcedo<\/strong>, han registrado <strong>protestas similares<\/strong>, con <strong>quemas de neum\u00e1ticos<\/strong> y <strong>bloqueos de v\u00edas<\/strong> en apoyo a las demandas sociales. Esto refleja un <strong>descontento creciente<\/strong> en la regi\u00f3n por la <strong>falta de respuestas<\/strong> a las necesidades de la poblaci\u00f3n.<\/p>\n\n\n\n<hr class=\"wp-block-separator has-alpha-channel-opacity\"\/>\n\n\n\n<p><strong>Hashtags:<\/strong> #ParoEnSFM #ProtestasEnElCibao #QuemaDeNeum\u00e1ticos #DemandasSociales #Rep\u00fablicaDominicana<\/p>\n\n\n\n<hr class=\"wp-block-separator has-alpha-channel-opacity\"\/>\n","protected":false},"excerpt":{"rendered":"<p>Una ciudad paralizada: Protestas por demandas no atendidas San Francisco de Macor\u00eds amaneci\u00f3 este lunes 27 de abril de 2026 con un paro de 24 horas que incluy\u00f3 quemas de neum\u00e1ticos y bloqueos de v\u00edas con escombros. La protesta, convocada por grupos populares, ten\u00eda como objetivo exigir soluciones a problemas que, seg\u00fan los manifestantes, han [&hellip;]<\/p>\n","protected":false},"author":1,"featured_media":109522,"comment_status":"open","ping_status":"closed","sticky":false,"template":"","format":"standard","meta":{"footnotes":""},"categories":[15],"tags":[],"class_list":["post-109521","post","type-post","status-publish","format-standard","has-post-thumbnail","hentry","category-sociales"],"yoast_head":"<!-- This site is optimized with the Yoast SEO plugin v24.5 - https:\/\/yoast.com\/wordpress\/plugins\/seo\/ -->\n<title>RD: &quot;San Francisco de Macor\u00eds: Paro de 24 Horas con Quema de Neum\u00e1ticos por Falta de Obras y Servicios&quot; - Romantica NY<\/title>\n<meta name=\"robots\" content=\"index, follow, max-snippet:-1, max-image-preview:large, max-video-preview:-1\" \/>\n<link rel=\"canonical\" href=\"https:\/\/romanticany.com\/?p=109521\" \/>\n<meta property=\"og:locale\" content=\"es_ES\" \/>\n<meta property=\"og:type\" content=\"article\" \/>\n<meta property=\"og:title\" content=\"RD: &quot;San Francisco de Macor\u00eds: Paro de 24 Horas con Quema de Neum\u00e1ticos por Falta de Obras y Servicios&quot; - Romantica NY\" \/>\n<meta property=\"og:description\" content=\"Una ciudad paralizada: Protestas por demandas no atendidas San Francisco de Macor\u00eds amaneci\u00f3 este lunes 27 de abril de 2026 con un paro de 24 horas que incluy\u00f3 quemas de neum\u00e1ticos y bloqueos de v\u00edas con escombros. La protesta, convocada por grupos populares, ten\u00eda como objetivo exigir soluciones a problemas que, seg\u00fan los manifestantes, han [&hellip;]\" \/>\n<meta property=\"og:url\" content=\"https:\/\/romanticany.com\/?p=109521\" \/>\n<meta property=\"og:site_name\" content=\"Romantica NY\" \/>\n<meta property=\"article:published_time\" content=\"2026-04-29T20:44:37+00:00\" \/>\n<meta property=\"article:modified_time\" content=\"2026-04-29T20:44:40+00:00\" \/>\n<meta property=\"og:image\" content=\"https:\/\/romanticany.com\/wp-content\/uploads\/2026\/04\/Whisk_fbfeab63ad0db5d8c544c9efe10c8fbceg.jpg\" \/>\n\t<meta property=\"og:image:width\" content=\"1344\" \/>\n\t<meta property=\"og:image:height\" content=\"768\" \/>\n\t<meta property=\"og:image:type\" content=\"image\/jpeg\" \/>\n<meta name=\"author\" content=\"Romantica NY\" \/>\n<meta name=\"twitter:card\" content=\"summary_large_image\" \/>\n<meta name=\"twitter:label1\" content=\"Escrito por\" \/>\n\t<meta name=\"twitter:data1\" content=\"Romantica NY\" \/>\n\t<meta name=\"twitter:label2\" content=\"Tiempo de lectura\" \/>\n\t<meta name=\"twitter:data2\" content=\"2 minutos\" \/>\n<script type=\"application\/ld+json\" class=\"yoast-schema-graph\">{\"@context\":\"https:\/\/schema.org\",\"@graph\":[{\"@type\":\"Article\",\"@id\":\"https:\/\/romanticany.com\/?p=109521#article\",\"isPartOf\":{\"@id\":\"https:\/\/romanticany.com\/?p=109521\"},\"author\":{\"name\":\"Romantica NY\",\"@id\":\"https:\/\/romanticany.com\/#\/schema\/person\/be3a3ed4b2ab0af84e4dbe5c3215474c\"},\"headline\":\"RD: \u00abSan Francisco de Macor\u00eds: Paro de 24 Horas con Quema de Neum\u00e1ticos por Falta de Obras y Servicios\u00bb\",\"datePublished\":\"2026-04-29T20:44:37+00:00\",\"dateModified\":\"2026-04-29T20:44:40+00:00\",\"mainEntityOfPage\":{\"@id\":\"https:\/\/romanticany.com\/?p=109521\"},\"wordCount\":328,\"commentCount\":0,\"publisher\":{\"@id\":\"https:\/\/romanticany.com\/#organization\"},\"image\":{\"@id\":\"https:\/\/romanticany.com\/?p=109521#primaryimage\"},\"thumbnailUrl\":\"https:\/\/romanticany.com\/wp-content\/uploads\/2026\/04\/Whisk_fbfeab63ad0db5d8c544c9efe10c8fbceg.jpg\",\"articleSection\":[\"Sociales\"],\"inLanguage\":\"es\",\"potentialAction\":[{\"@type\":\"CommentAction\",\"name\":\"Comment\",\"target\":[\"https:\/\/romanticany.com\/?p=109521#respond\"]}]},{\"@type\":\"WebPage\",\"@id\":\"https:\/\/romanticany.com\/?p=109521\",\"url\":\"https:\/\/romanticany.com\/?p=109521\",\"name\":\"RD: \\\"San Francisco de Macor\u00eds: Paro de 24 Horas con Quema de Neum\u00e1ticos por Falta de Obras y Servicios\\\" - Romantica NY\",\"isPartOf\":{\"@id\":\"https:\/\/romanticany.com\/#website\"},\"primaryImageOfPage\":{\"@id\":\"https:\/\/romanticany.com\/?p=109521#primaryimage\"},\"image\":{\"@id\":\"https:\/\/romanticany.com\/?p=109521#primaryimage\"},\"thumbnailUrl\":\"https:\/\/romanticany.com\/wp-content\/uploads\/2026\/04\/Whisk_fbfeab63ad0db5d8c544c9efe10c8fbceg.jpg\",\"datePublished\":\"2026-04-29T20:44:37+00:00\",\"dateModified\":\"2026-04-29T20:44:40+00:00\",\"breadcrumb\":{\"@id\":\"https:\/\/romanticany.com\/?p=109521#breadcrumb\"},\"inLanguage\":\"es\",\"potentialAction\":[{\"@type\":\"ReadAction\",\"target\":[\"https:\/\/romanticany.com\/?p=109521\"]}]},{\"@type\":\"ImageObject\",\"inLanguage\":\"es\",\"@id\":\"https:\/\/romanticany.com\/?p=109521#primaryimage\",\"url\":\"https:\/\/romanticany.com\/wp-content\/uploads\/2026\/04\/Whisk_fbfeab63ad0db5d8c544c9efe10c8fbceg.jpg\",\"contentUrl\":\"https:\/\/romanticany.com\/wp-content\/uploads\/2026\/04\/Whisk_fbfeab63ad0db5d8c544c9efe10c8fbceg.jpg\",\"width\":1344,\"height\":768},{\"@type\":\"BreadcrumbList\",\"@id\":\"https:\/\/romanticany.com\/?p=109521#breadcrumb\",\"itemListElement\":[{\"@type\":\"ListItem\",\"position\":1,\"name\":\"Portada\",\"item\":\"https:\/\/romanticany.com\/\"},{\"@type\":\"ListItem\",\"position\":2,\"name\":\"RD: \u00abSan Francisco de Macor\u00eds: Paro de 24 Horas con Quema de Neum\u00e1ticos por Falta de Obras y Servicios\u00bb\"}]},{\"@type\":\"WebSite\",\"@id\":\"https:\/\/romanticany.com\/#website\",\"url\":\"https:\/\/romanticany.com\/\",\"name\":\"Romantica NY\",\"description\":\"AHORA CON SU PERIODICO DIGITAL Y LA MUSICA MAS ROMANTICA EN LA GRAN MANZANA, USA\",\"publisher\":{\"@id\":\"https:\/\/romanticany.com\/#organization\"},\"potentialAction\":[{\"@type\":\"SearchAction\",\"target\":{\"@type\":\"EntryPoint\",\"urlTemplate\":\"https:\/\/romanticany.com\/?s={search_term_string}\"},\"query-input\":{\"@type\":\"PropertyValueSpecification\",\"valueRequired\":true,\"valueName\":\"search_term_string\"}}],\"inLanguage\":\"es\"},{\"@type\":\"Organization\",\"@id\":\"https:\/\/romanticany.com\/#organization\",\"name\":\"Romantica NY\",\"url\":\"https:\/\/romanticany.com\/\",\"logo\":{\"@type\":\"ImageObject\",\"inLanguage\":\"es\",\"@id\":\"https:\/\/romanticany.com\/#\/schema\/logo\/image\/\",\"url\":\"https:\/\/romanticany.com\/wp-content\/uploads\/2025\/01\/Logo-Romantica-3.png\",\"contentUrl\":\"https:\/\/romanticany.com\/wp-content\/uploads\/2025\/01\/Logo-Romantica-3.png\",\"width\":1024,\"height\":1024,\"caption\":\"Romantica NY\"},\"image\":{\"@id\":\"https:\/\/romanticany.com\/#\/schema\/logo\/image\/\"}},{\"@type\":\"Person\",\"@id\":\"https:\/\/romanticany.com\/#\/schema\/person\/be3a3ed4b2ab0af84e4dbe5c3215474c\",\"name\":\"Romantica NY\",\"image\":{\"@type\":\"ImageObject\",\"inLanguage\":\"es\",\"@id\":\"https:\/\/romanticany.com\/#\/schema\/person\/image\/\",\"url\":\"https:\/\/romanticany.com\/wp-content\/uploads\/2025\/01\/cropped-Logo-Romantica-3-96x96.png\",\"contentUrl\":\"https:\/\/romanticany.com\/wp-content\/uploads\/2025\/01\/cropped-Logo-Romantica-3-96x96.png\",\"caption\":\"Romantica NY\"},\"sameAs\":[\"https:\/\/romanticany.com\"],\"url\":\"https:\/\/romanticany.com\/?author=1\"}]}<\/script>\n<!-- \/ Yoast SEO plugin. -->","yoast_head_json":{"title":"RD: \"San Francisco de Macor\u00eds: Paro de 24 Horas con Quema de Neum\u00e1ticos por Falta de Obras y Servicios\" - Romantica NY","robots":{"index":"index","follow":"follow","max-snippet":"max-snippet:-1","max-image-preview":"max-image-preview:large","max-video-preview":"max-video-preview:-1"},"canonical":"https:\/\/romanticany.com\/?p=109521","og_locale":"es_ES","og_type":"article","og_title":"RD: \"San Francisco de Macor\u00eds: Paro de 24 Horas con Quema de Neum\u00e1ticos por Falta de Obras y Servicios\" - Romantica NY","og_description":"Una ciudad paralizada: Protestas por demandas no atendidas San Francisco de Macor\u00eds amaneci\u00f3 este lunes 27 de abril de 2026 con un paro de 24 horas que incluy\u00f3 quemas de neum\u00e1ticos y bloqueos de v\u00edas con escombros. La protesta, convocada por grupos populares, ten\u00eda como objetivo exigir soluciones a problemas que, seg\u00fan los manifestantes, han [&hellip;]","og_url":"https:\/\/romanticany.com\/?p=109521","og_site_name":"Romantica NY","article_published_time":"2026-04-29T20:44:37+00:00","article_modified_time":"2026-04-29T20:44:40+00:00","og_image":[{"width":1344,"height":768,"url":"https:\/\/romanticany.com\/wp-content\/uploads\/2026\/04\/Whisk_fbfeab63ad0db5d8c544c9efe10c8fbceg.jpg","type":"image\/jpeg"}],"author":"Romantica NY","twitter_card":"summary_large_image","twitter_misc":{"Escrito por":"Romantica NY","Tiempo de lectura":"2 minutos"},"schema":{"@context":"https:\/\/schema.org","@graph":[{"@type":"Article","@id":"https:\/\/romanticany.com\/?p=109521#article","isPartOf":{"@id":"https:\/\/romanticany.com\/?p=109521"},"author":{"name":"Romantica NY","@id":"https:\/\/romanticany.com\/#\/schema\/person\/be3a3ed4b2ab0af84e4dbe5c3215474c"},"headline":"RD: \u00abSan Francisco de Macor\u00eds: Paro de 24 Horas con Quema de Neum\u00e1ticos por Falta de Obras y Servicios\u00bb","datePublished":"2026-04-29T20:44:37+00:00","dateModified":"2026-04-29T20:44:40+00:00","mainEntityOfPage":{"@id":"https:\/\/romanticany.com\/?p=109521"},"wordCount":328,"commentCount":0,"publisher":{"@id":"https:\/\/romanticany.com\/#organization"},"image":{"@id":"https:\/\/romanticany.com\/?p=109521#primaryimage"},"thumbnailUrl":"https:\/\/romanticany.com\/wp-content\/uploads\/2026\/04\/Whisk_fbfeab63ad0db5d8c544c9efe10c8fbceg.jpg","articleSection":["Sociales"],"inLanguage":"es","potentialAction":[{"@type":"CommentAction","name":"Comment","target":["https:\/\/romanticany.com\/?p=109521#respond"]}]},{"@type":"WebPage","@id":"https:\/\/romanticany.com\/?p=109521","url":"https:\/\/romanticany.com\/?p=109521","name":"RD: \"San Francisco de Macor\u00eds: Paro de 24 Horas con Quema de Neum\u00e1ticos por Falta de Obras y Servicios\" - Romantica NY","isPartOf":{"@id":"https:\/\/romanticany.com\/#website"},"primaryImageOfPage":{"@id":"https:\/\/romanticany.com\/?p=109521#primaryimage"},"image":{"@id":"https:\/\/romanticany.com\/?p=109521#primaryimage"},"thumbnailUrl":"https:\/\/romanticany.com\/wp-content\/uploads\/2026\/04\/Whisk_fbfeab63ad0db5d8c544c9efe10c8fbceg.jpg","datePublished":"2026-04-29T20:44:37+00:00","dateModified":"2026-04-29T20:44:40+00:00","breadcrumb":{"@id":"https:\/\/romanticany.com\/?p=109521#breadcrumb"},"inLanguage":"es","potentialAction":[{"@type":"ReadAction","target":["https:\/\/romanticany.com\/?p=109521"]}]},{"@type":"ImageObject","inLanguage":"es","@id":"https:\/\/romanticany.com\/?p=109521#primaryimage","url":"https:\/\/romanticany.com\/wp-content\/uploads\/2026\/04\/Whisk_fbfeab63ad0db5d8c544c9efe10c8fbceg.jpg","contentUrl":"https:\/\/romanticany.com\/wp-content\/uploads\/2026\/04\/Whisk_fbfeab63ad0db5d8c544c9efe10c8fbceg.jpg","width":1344,"height":768},{"@type":"BreadcrumbList","@id":"https:\/\/romanticany.com\/?p=109521#breadcrumb","itemListElement":[{"@type":"ListItem","position":1,"name":"Portada","item":"https:\/\/romanticany.com\/"},{"@type":"ListItem","position":2,"name":"RD: \u00abSan Francisco de Macor\u00eds: Paro de 24 Horas con Quema de Neum\u00e1ticos por Falta de Obras y Servicios\u00bb"}]},{"@type":"WebSite","@id":"https:\/\/romanticany.com\/#website","url":"https:\/\/romanticany.com\/","name":"Romantica NY","description":"AHORA CON SU PERIODICO DIGITAL Y LA MUSICA MAS ROMANTICA EN LA GRAN MANZANA, USA","publisher":{"@id":"https:\/\/romanticany.com\/#organization"},"potentialAction":[{"@type":"SearchAction","target":{"@type":"EntryPoint","urlTemplate":"https:\/\/romanticany.com\/?s={search_term_string}"},"query-input":{"@type":"PropertyValueSpecification","valueRequired":true,"valueName":"search_term_string"}}],"inLanguage":"es"},{"@type":"Organization","@id":"https:\/\/romanticany.com\/#organization","name":"Romantica NY","url":"https:\/\/romanticany.com\/","logo":{"@type":"ImageObject","inLanguage":"es","@id":"https:\/\/romanticany.com\/#\/schema\/logo\/image\/","url":"https:\/\/romanticany.com\/wp-content\/uploads\/2025\/01\/Logo-Romantica-3.png","contentUrl":"https:\/\/romanticany.com\/wp-content\/uploads\/2025\/01\/Logo-Romantica-3.png","width":1024,"height":1024,"caption":"Romantica NY"},"image":{"@id":"https:\/\/romanticany.com\/#\/schema\/logo\/image\/"}},{"@type":"Person","@id":"https:\/\/romanticany.com\/#\/schema\/person\/be3a3ed4b2ab0af84e4dbe5c3215474c","name":"Romantica NY","image":{"@type":"ImageObject","inLanguage":"es","@id":"https:\/\/romanticany.com\/#\/schema\/person\/image\/","url":"https:\/\/romanticany.com\/wp-content\/uploads\/2025\/01\/cropped-Logo-Romantica-3-96x96.png","contentUrl":"https:\/\/romanticany.com\/wp-content\/uploads\/2025\/01\/cropped-Logo-Romantica-3-96x96.png","caption":"Romantica NY"},"sameAs":["https:\/\/romanticany.com"],"url":"https:\/\/romanticany.com\/?author=1"}]}},"rttpg_featured_image_url":{"full":["https:\/\/romanticany.com\/wp-content\/uploads\/2026\/04\/Whisk_fbfeab63ad0db5d8c544c9efe10c8fbceg.jpg",1344,768,false],"landscape":["https:\/\/romanticany.com\/wp-content\/uploads\/2026\/04\/Whisk_fbfeab63ad0db5d8c544c9efe10c8fbceg.jpg",1344,768,false],"portraits":["https:\/\/romanticany.com\/wp-content\/uploads\/2026\/04\/Whisk_fbfeab63ad0db5d8c544c9efe10c8fbceg.jpg",1344,768,false],"thumbnail":["https:\/\/romanticany.com\/wp-content\/uploads\/2026\/04\/Whisk_fbfeab63ad0db5d8c544c9efe10c8fbceg-150x150.jpg",150,150,true],"medium":["https:\/\/romanticany.com\/wp-content\/uploads\/2026\/04\/Whisk_fbfeab63ad0db5d8c544c9efe10c8fbceg-300x171.jpg",300,171,true],"large":["https:\/\/romanticany.com\/wp-content\/uploads\/2026\/04\/Whisk_fbfeab63ad0db5d8c544c9efe10c8fbceg-1024x585.jpg",640,366,true],"1536x1536":["https:\/\/romanticany.com\/wp-content\/uploads\/2026\/04\/Whisk_fbfeab63ad0db5d8c544c9efe10c8fbceg.jpg",1344,768,false],"2048x2048":["https:\/\/romanticany.com\/wp-content\/uploads\/2026\/04\/Whisk_fbfeab63ad0db5d8c544c9efe10c8fbceg.jpg",1344,768,false]},"rttpg_author":{"display_name":"Romantica NY","author_link":"https:\/\/romanticany.com\/?author=1"},"rttpg_comment":0,"rttpg_category":"<a href=\"https:\/\/romanticany.com\/?cat=15\" rel=\"category\">Sociales<\/a>","rttpg_excerpt":"Una ciudad paralizada: Protestas por demandas no atendidas San Francisco de Macor\u00eds amaneci\u00f3 este lunes 27 de abril de 2026 con un paro de 24 horas que incluy\u00f3 quemas de neum\u00e1ticos y bloqueos de v\u00edas con escombros. La protesta, convocada por grupos populares, ten\u00eda como objetivo exigir soluciones a problemas que, seg\u00fan los manifestantes, han&hellip;","_links":{"self":[{"href":"https:\/\/romanticany.com\/index.php?rest_route=\/wp\/v2\/posts\/109521","targetHints":{"allow":["GET"]}}],"collection":[{"href":"https:\/\/romanticany.com\/index.php?rest_route=\/wp\/v2\/posts"}],"about":[{"href":"https:\/\/romanticany.com\/index.php?rest_route=\/wp\/v2\/types\/post"}],"author":[{"embeddable":true,"href":"https:\/\/romanticany.com\/index.php?rest_route=\/wp\/v2\/users\/1"}],"replies":[{"embeddable":true,"href":"https:\/\/romanticany.com\/index.php?rest_route=%2Fwp%2Fv2%2Fcomments&post=109521"}],"version-history":[{"count":1,"href":"https:\/\/romanticany.com\/index.php?rest_route=\/wp\/v2\/posts\/109521\/revisions"}],"predecessor-version":[{"id":109523,"href":"https:\/\/romanticany.com\/index.php?rest_route=\/wp\/v2\/posts\/109521\/revisions\/109523"}],"wp:featuredmedia":[{"embeddable":true,"href":"https:\/\/romanticany.com\/index.php?rest_route=\/wp\/v2\/media\/109522"}],"wp:attachment":[{"href":"https:\/\/romanticany.com\/index.php?rest_route=%2Fwp%2Fv2%2Fmedia&parent=109521"}],"wp:term":[{"taxonomy":"category","embeddable":true,"href":"https:\/\/romanticany.com\/index.php?rest_route=%2Fwp%2Fv2%2Fcategories&post=109521"},{"taxonomy":"post_tag","embeddable":true,"href":"https:\/\/romanticany.com\/index.php?rest_route=%2Fwp%2Fv2%2Ftags&post=109521"}],"curies":[{"name":"wp","href":"https:\/\/api.w.org\/{rel}","templated":true}]}}