{"id":109531,"date":"2026-04-30T14:33:21","date_gmt":"2026-04-30T18:33:21","guid":{"rendered":"https:\/\/romanticany.com\/?p=109531"},"modified":"2026-04-30T14:33:25","modified_gmt":"2026-04-30T18:33:25","slug":"congresista-adriano-espaillat-condena-la-decision-de-la-suprema-corte-sobre-la-ley-de-derecho-al-voto","status":"publish","type":"post","link":"https:\/\/romanticany.com\/?p=109531","title":{"rendered":"Congresista Adriano Espaillat condena la decisi\u00f3n de la Suprema Corte sobre la Ley de Derecho al Voto"},"content":{"rendered":"\n<p>Washington, D.C. \u2014 El presidente del Caucus Hispano del Congreso, el congresista Adriano Espaillat (NY-13), conden\u00f3 hoy la decisi\u00f3n de la Corte Suprema de los Estados Unidos en el caso Louisiana v. Callais, se\u00f1alando que el fallo debilita protecciones fundamentales del derecho al voto en Estados Unidos.<\/p>\n\n\n\n<p>\u201cLa decisi\u00f3n de la Corte Suprema ataca el coraz\u00f3n de nuestra democracia. Es el paso m\u00e1s reciente en un esfuerzo de varias d\u00e9cadas por borrar el progreso que culmin\u00f3 en la Ley de Derecho al Voto. Es un doloroso recordatorio del poder ejercido por quienes est\u00e1n dispuestos a eludir la voluntad del pueblo y actuar fuera del proceso pol\u00edtico para reescribir leyes aprobadas por el Congreso\u201d, expres\u00f3 Espaillat.<\/p>\n\n\n\n<p>El congresista advirti\u00f3 que el fallo facilita la marginaci\u00f3n de comunidades negras y latinas, al elevar el est\u00e1ndar legal necesario para demostrar discriminaci\u00f3n racial en la redistribuci\u00f3n de distritos electorales. \u201cEsta decisi\u00f3n les facilita a esos actores de mala fe marginar y borrar a nuestras comunidades. Pero no es el fin. Es un llamado a cada estadounidense que cree en la democracia y el estado de derecho a participar y a luchar por los ideales de nuestra naci\u00f3n\u201d, a\u00f1adi\u00f3.<\/p>\n\n\n\n<p>El caso se origina tras el Censo de 2020, cuando el estado de Luisiana dise\u00f1\u00f3 un mapa congresional con un solo distrito de mayor\u00eda negra, a pesar de que aproximadamente un tercio de su poblaci\u00f3n es afroamericana. Un tribunal inferior determin\u00f3 que este dise\u00f1o violaba la Secci\u00f3n 2 de la Ley de Derecho al Voto y orden\u00f3 la creaci\u00f3n de un segundo distrito de mayor\u00eda negra.<\/p>\n\n\n\n<p>Durante d\u00e9cadas, la Secci\u00f3n 2 de dicha ley ha permitido el uso de datos raciales en la redistribuci\u00f3n de distritos para proteger el poder de voto de las minor\u00edas. Sin embargo, con esta decisi\u00f3n, la Corte Suprema de los Estados Unidos exige ahora evidencia m\u00e1s estricta y expl\u00edcita de discriminaci\u00f3n, lo que dificulta impugnar mapas electorales considerados injustos.<\/p>\n\n\n\n<p>Espaillat concluy\u00f3 reafirmando su compromiso con la defensa del derecho al voto y la equidad democr\u00e1tica, y asegur\u00f3 que continuar\u00e1 trabajando junto al Caucus Hispano del Congreso para proteger los derechos civiles de todas las comunidades en el pa\u00eds.<\/p>\n","protected":false},"excerpt":{"rendered":"<p>Washington, D.C. \u2014 El presidente del Caucus Hispano del Congreso, el congresista Adriano Espaillat (NY-13), conden\u00f3 hoy la decisi\u00f3n de la Corte Suprema de los Estados Unidos en el caso Louisiana v. Callais, se\u00f1alando que el fallo debilita protecciones fundamentales del derecho al voto en Estados Unidos. \u201cLa decisi\u00f3n de la Corte Suprema ataca el [&hellip;]<\/p>\n","protected":false},"author":1,"featured_media":109532,"comment_status":"open","ping_status":"closed","sticky":false,"template":"","format":"standard","meta":{"footnotes":""},"categories":[11],"tags":[],"class_list":["post-109531","post","type-post","status-publish","format-standard","has-post-thumbnail","hentry","category-politica"],"yoast_head":"<!-- This site is optimized with the Yoast SEO plugin v24.5 - https:\/\/yoast.com\/wordpress\/plugins\/seo\/ -->\n<title>Congresista Adriano Espaillat condena la decisi\u00f3n de la Suprema Corte sobre la Ley de Derecho al Voto - Romantica NY<\/title>\n<meta name=\"robots\" content=\"index, follow, max-snippet:-1, max-image-preview:large, max-video-preview:-1\" \/>\n<link rel=\"canonical\" href=\"https:\/\/romanticany.com\/?p=109531\" \/>\n<meta property=\"og:locale\" content=\"es_ES\" \/>\n<meta property=\"og:type\" content=\"article\" \/>\n<meta property=\"og:title\" content=\"Congresista Adriano Espaillat condena la decisi\u00f3n de la Suprema Corte sobre la Ley de Derecho al Voto - Romantica NY\" \/>\n<meta property=\"og:description\" content=\"Washington, D.C. \u2014 El presidente del Caucus Hispano del Congreso, el congresista Adriano Espaillat (NY-13), conden\u00f3 hoy la decisi\u00f3n de la Corte Suprema de los Estados Unidos en el caso Louisiana v. Callais, se\u00f1alando que el fallo debilita protecciones fundamentales del derecho al voto en Estados Unidos. \u201cLa decisi\u00f3n de la Corte Suprema ataca el [&hellip;]\" \/>\n<meta property=\"og:url\" content=\"https:\/\/romanticany.com\/?p=109531\" \/>\n<meta property=\"og:site_name\" content=\"Romantica NY\" \/>\n<meta property=\"article:published_time\" content=\"2026-04-30T18:33:21+00:00\" \/>\n<meta property=\"article:modified_time\" content=\"2026-04-30T18:33:25+00:00\" \/>\n<meta property=\"og:image\" content=\"https:\/\/romanticany.com\/wp-content\/uploads\/2026\/04\/WhatsApp-Image-2026-04-30-at-10.43.27-AM.jpeg\" \/>\n\t<meta property=\"og:image:width\" content=\"2016\" \/>\n\t<meta property=\"og:image:height\" content=\"1134\" \/>\n\t<meta property=\"og:image:type\" content=\"image\/jpeg\" \/>\n<meta name=\"author\" content=\"Romantica NY\" \/>\n<meta name=\"twitter:card\" content=\"summary_large_image\" \/>\n<meta name=\"twitter:label1\" content=\"Escrito por\" \/>\n\t<meta name=\"twitter:data1\" content=\"Romantica NY\" \/>\n\t<meta name=\"twitter:label2\" content=\"Tiempo de lectura\" \/>\n\t<meta name=\"twitter:data2\" content=\"2 minutos\" \/>\n<script type=\"application\/ld+json\" class=\"yoast-schema-graph\">{\"@context\":\"https:\/\/schema.org\",\"@graph\":[{\"@type\":\"Article\",\"@id\":\"https:\/\/romanticany.com\/?p=109531#article\",\"isPartOf\":{\"@id\":\"https:\/\/romanticany.com\/?p=109531\"},\"author\":{\"name\":\"Romantica NY\",\"@id\":\"https:\/\/romanticany.com\/#\/schema\/person\/be3a3ed4b2ab0af84e4dbe5c3215474c\"},\"headline\":\"Congresista Adriano Espaillat condena la decisi\u00f3n de la Suprema Corte sobre la Ley de Derecho al Voto\",\"datePublished\":\"2026-04-30T18:33:21+00:00\",\"dateModified\":\"2026-04-30T18:33:25+00:00\",\"mainEntityOfPage\":{\"@id\":\"https:\/\/romanticany.com\/?p=109531\"},\"wordCount\":403,\"commentCount\":0,\"publisher\":{\"@id\":\"https:\/\/romanticany.com\/#organization\"},\"image\":{\"@id\":\"https:\/\/romanticany.com\/?p=109531#primaryimage\"},\"thumbnailUrl\":\"https:\/\/romanticany.com\/wp-content\/uploads\/2026\/04\/WhatsApp-Image-2026-04-30-at-10.43.27-AM.jpeg\",\"articleSection\":[\"Pol\u00edtica\"],\"inLanguage\":\"es\",\"potentialAction\":[{\"@type\":\"CommentAction\",\"name\":\"Comment\",\"target\":[\"https:\/\/romanticany.com\/?p=109531#respond\"]}]},{\"@type\":\"WebPage\",\"@id\":\"https:\/\/romanticany.com\/?p=109531\",\"url\":\"https:\/\/romanticany.com\/?p=109531\",\"name\":\"Congresista Adriano Espaillat condena la decisi\u00f3n de la Suprema Corte sobre la Ley de Derecho al Voto - Romantica NY\",\"isPartOf\":{\"@id\":\"https:\/\/romanticany.com\/#website\"},\"primaryImageOfPage\":{\"@id\":\"https:\/\/romanticany.com\/?p=109531#primaryimage\"},\"image\":{\"@id\":\"https:\/\/romanticany.com\/?p=109531#primaryimage\"},\"thumbnailUrl\":\"https:\/\/romanticany.com\/wp-content\/uploads\/2026\/04\/WhatsApp-Image-2026-04-30-at-10.43.27-AM.jpeg\",\"datePublished\":\"2026-04-30T18:33:21+00:00\",\"dateModified\":\"2026-04-30T18:33:25+00:00\",\"breadcrumb\":{\"@id\":\"https:\/\/romanticany.com\/?p=109531#breadcrumb\"},\"inLanguage\":\"es\",\"potentialAction\":[{\"@type\":\"ReadAction\",\"target\":[\"https:\/\/romanticany.com\/?p=109531\"]}]},{\"@type\":\"ImageObject\",\"inLanguage\":\"es\",\"@id\":\"https:\/\/romanticany.com\/?p=109531#primaryimage\",\"url\":\"https:\/\/romanticany.com\/wp-content\/uploads\/2026\/04\/WhatsApp-Image-2026-04-30-at-10.43.27-AM.jpeg\",\"contentUrl\":\"https:\/\/romanticany.com\/wp-content\/uploads\/2026\/04\/WhatsApp-Image-2026-04-30-at-10.43.27-AM.jpeg\",\"width\":2016,\"height\":1134},{\"@type\":\"BreadcrumbList\",\"@id\":\"https:\/\/romanticany.com\/?p=109531#breadcrumb\",\"itemListElement\":[{\"@type\":\"ListItem\",\"position\":1,\"name\":\"Portada\",\"item\":\"https:\/\/romanticany.com\/\"},{\"@type\":\"ListItem\",\"position\":2,\"name\":\"Congresista Adriano Espaillat condena la decisi\u00f3n de la Suprema Corte sobre la Ley de Derecho al Voto\"}]},{\"@type\":\"WebSite\",\"@id\":\"https:\/\/romanticany.com\/#website\",\"url\":\"https:\/\/romanticany.com\/\",\"name\":\"Romantica NY\",\"description\":\"AHORA CON SU PERIODICO DIGITAL Y LA MUSICA MAS ROMANTICA EN LA GRAN MANZANA, USA\",\"publisher\":{\"@id\":\"https:\/\/romanticany.com\/#organization\"},\"potentialAction\":[{\"@type\":\"SearchAction\",\"target\":{\"@type\":\"EntryPoint\",\"urlTemplate\":\"https:\/\/romanticany.com\/?s={search_term_string}\"},\"query-input\":{\"@type\":\"PropertyValueSpecification\",\"valueRequired\":true,\"valueName\":\"search_term_string\"}}],\"inLanguage\":\"es\"},{\"@type\":\"Organization\",\"@id\":\"https:\/\/romanticany.com\/#organization\",\"name\":\"Romantica NY\",\"url\":\"https:\/\/romanticany.com\/\",\"logo\":{\"@type\":\"ImageObject\",\"inLanguage\":\"es\",\"@id\":\"https:\/\/romanticany.com\/#\/schema\/logo\/image\/\",\"url\":\"https:\/\/romanticany.com\/wp-content\/uploads\/2025\/01\/Logo-Romantica-3.png\",\"contentUrl\":\"https:\/\/romanticany.com\/wp-content\/uploads\/2025\/01\/Logo-Romantica-3.png\",\"width\":1024,\"height\":1024,\"caption\":\"Romantica NY\"},\"image\":{\"@id\":\"https:\/\/romanticany.com\/#\/schema\/logo\/image\/\"}},{\"@type\":\"Person\",\"@id\":\"https:\/\/romanticany.com\/#\/schema\/person\/be3a3ed4b2ab0af84e4dbe5c3215474c\",\"name\":\"Romantica NY\",\"image\":{\"@type\":\"ImageObject\",\"inLanguage\":\"es\",\"@id\":\"https:\/\/romanticany.com\/#\/schema\/person\/image\/\",\"url\":\"https:\/\/romanticany.com\/wp-content\/uploads\/2025\/01\/cropped-Logo-Romantica-3-96x96.png\",\"contentUrl\":\"https:\/\/romanticany.com\/wp-content\/uploads\/2025\/01\/cropped-Logo-Romantica-3-96x96.png\",\"caption\":\"Romantica NY\"},\"sameAs\":[\"https:\/\/romanticany.com\"],\"url\":\"https:\/\/romanticany.com\/?author=1\"}]}<\/script>\n<!-- \/ Yoast SEO plugin. -->","yoast_head_json":{"title":"Congresista Adriano Espaillat condena la decisi\u00f3n de la Suprema Corte sobre la Ley de Derecho al Voto - Romantica NY","robots":{"index":"index","follow":"follow","max-snippet":"max-snippet:-1","max-image-preview":"max-image-preview:large","max-video-preview":"max-video-preview:-1"},"canonical":"https:\/\/romanticany.com\/?p=109531","og_locale":"es_ES","og_type":"article","og_title":"Congresista Adriano Espaillat condena la decisi\u00f3n de la Suprema Corte sobre la Ley de Derecho al Voto - Romantica NY","og_description":"Washington, D.C. \u2014 El presidente del Caucus Hispano del Congreso, el congresista Adriano Espaillat (NY-13), conden\u00f3 hoy la decisi\u00f3n de la Corte Suprema de los Estados Unidos en el caso Louisiana v. Callais, se\u00f1alando que el fallo debilita protecciones fundamentales del derecho al voto en Estados Unidos. \u201cLa decisi\u00f3n de la Corte Suprema ataca el [&hellip;]","og_url":"https:\/\/romanticany.com\/?p=109531","og_site_name":"Romantica NY","article_published_time":"2026-04-30T18:33:21+00:00","article_modified_time":"2026-04-30T18:33:25+00:00","og_image":[{"width":2016,"height":1134,"url":"https:\/\/romanticany.com\/wp-content\/uploads\/2026\/04\/WhatsApp-Image-2026-04-30-at-10.43.27-AM.jpeg","type":"image\/jpeg"}],"author":"Romantica NY","twitter_card":"summary_large_image","twitter_misc":{"Escrito por":"Romantica NY","Tiempo de lectura":"2 minutos"},"schema":{"@context":"https:\/\/schema.org","@graph":[{"@type":"Article","@id":"https:\/\/romanticany.com\/?p=109531#article","isPartOf":{"@id":"https:\/\/romanticany.com\/?p=109531"},"author":{"name":"Romantica NY","@id":"https:\/\/romanticany.com\/#\/schema\/person\/be3a3ed4b2ab0af84e4dbe5c3215474c"},"headline":"Congresista Adriano Espaillat condena la decisi\u00f3n de la Suprema Corte sobre la Ley de Derecho al Voto","datePublished":"2026-04-30T18:33:21+00:00","dateModified":"2026-04-30T18:33:25+00:00","mainEntityOfPage":{"@id":"https:\/\/romanticany.com\/?p=109531"},"wordCount":403,"commentCount":0,"publisher":{"@id":"https:\/\/romanticany.com\/#organization"},"image":{"@id":"https:\/\/romanticany.com\/?p=109531#primaryimage"},"thumbnailUrl":"https:\/\/romanticany.com\/wp-content\/uploads\/2026\/04\/WhatsApp-Image-2026-04-30-at-10.43.27-AM.jpeg","articleSection":["Pol\u00edtica"],"inLanguage":"es","potentialAction":[{"@type":"CommentAction","name":"Comment","target":["https:\/\/romanticany.com\/?p=109531#respond"]}]},{"@type":"WebPage","@id":"https:\/\/romanticany.com\/?p=109531","url":"https:\/\/romanticany.com\/?p=109531","name":"Congresista Adriano Espaillat condena la decisi\u00f3n de la Suprema Corte sobre la Ley de Derecho al Voto - Romantica NY","isPartOf":{"@id":"https:\/\/romanticany.com\/#website"},"primaryImageOfPage":{"@id":"https:\/\/romanticany.com\/?p=109531#primaryimage"},"image":{"@id":"https:\/\/romanticany.com\/?p=109531#primaryimage"},"thumbnailUrl":"https:\/\/romanticany.com\/wp-content\/uploads\/2026\/04\/WhatsApp-Image-2026-04-30-at-10.43.27-AM.jpeg","datePublished":"2026-04-30T18:33:21+00:00","dateModified":"2026-04-30T18:33:25+00:00","breadcrumb":{"@id":"https:\/\/romanticany.com\/?p=109531#breadcrumb"},"inLanguage":"es","potentialAction":[{"@type":"ReadAction","target":["https:\/\/romanticany.com\/?p=109531"]}]},{"@type":"ImageObject","inLanguage":"es","@id":"https:\/\/romanticany.com\/?p=109531#primaryimage","url":"https:\/\/romanticany.com\/wp-content\/uploads\/2026\/04\/WhatsApp-Image-2026-04-30-at-10.43.27-AM.jpeg","contentUrl":"https:\/\/romanticany.com\/wp-content\/uploads\/2026\/04\/WhatsApp-Image-2026-04-30-at-10.43.27-AM.jpeg","width":2016,"height":1134},{"@type":"BreadcrumbList","@id":"https:\/\/romanticany.com\/?p=109531#breadcrumb","itemListElement":[{"@type":"ListItem","position":1,"name":"Portada","item":"https:\/\/romanticany.com\/"},{"@type":"ListItem","position":2,"name":"Congresista Adriano Espaillat condena la decisi\u00f3n de la Suprema Corte sobre la Ley de Derecho al Voto"}]},{"@type":"WebSite","@id":"https:\/\/romanticany.com\/#website","url":"https:\/\/romanticany.com\/","name":"Romantica NY","description":"AHORA CON SU PERIODICO DIGITAL Y LA MUSICA MAS ROMANTICA EN LA GRAN MANZANA, USA","publisher":{"@id":"https:\/\/romanticany.com\/#organization"},"potentialAction":[{"@type":"SearchAction","target":{"@type":"EntryPoint","urlTemplate":"https:\/\/romanticany.com\/?s={search_term_string}"},"query-input":{"@type":"PropertyValueSpecification","valueRequired":true,"valueName":"search_term_string"}}],"inLanguage":"es"},{"@type":"Organization","@id":"https:\/\/romanticany.com\/#organization","name":"Romantica NY","url":"https:\/\/romanticany.com\/","logo":{"@type":"ImageObject","inLanguage":"es","@id":"https:\/\/romanticany.com\/#\/schema\/logo\/image\/","url":"https:\/\/romanticany.com\/wp-content\/uploads\/2025\/01\/Logo-Romantica-3.png","contentUrl":"https:\/\/romanticany.com\/wp-content\/uploads\/2025\/01\/Logo-Romantica-3.png","width":1024,"height":1024,"caption":"Romantica NY"},"image":{"@id":"https:\/\/romanticany.com\/#\/schema\/logo\/image\/"}},{"@type":"Person","@id":"https:\/\/romanticany.com\/#\/schema\/person\/be3a3ed4b2ab0af84e4dbe5c3215474c","name":"Romantica NY","image":{"@type":"ImageObject","inLanguage":"es","@id":"https:\/\/romanticany.com\/#\/schema\/person\/image\/","url":"https:\/\/romanticany.com\/wp-content\/uploads\/2025\/01\/cropped-Logo-Romantica-3-96x96.png","contentUrl":"https:\/\/romanticany.com\/wp-content\/uploads\/2025\/01\/cropped-Logo-Romantica-3-96x96.png","caption":"Romantica NY"},"sameAs":["https:\/\/romanticany.com"],"url":"https:\/\/romanticany.com\/?author=1"}]}},"rttpg_featured_image_url":{"full":["https:\/\/romanticany.com\/wp-content\/uploads\/2026\/04\/WhatsApp-Image-2026-04-30-at-10.43.27-AM.jpeg",2016,1134,false],"landscape":["https:\/\/romanticany.com\/wp-content\/uploads\/2026\/04\/WhatsApp-Image-2026-04-30-at-10.43.27-AM.jpeg",2016,1134,false],"portraits":["https:\/\/romanticany.com\/wp-content\/uploads\/2026\/04\/WhatsApp-Image-2026-04-30-at-10.43.27-AM.jpeg",2016,1134,false],"thumbnail":["https:\/\/romanticany.com\/wp-content\/uploads\/2026\/04\/WhatsApp-Image-2026-04-30-at-10.43.27-AM-150x150.jpeg",150,150,true],"medium":["https:\/\/romanticany.com\/wp-content\/uploads\/2026\/04\/WhatsApp-Image-2026-04-30-at-10.43.27-AM-300x169.jpeg",300,169,true],"large":["https:\/\/romanticany.com\/wp-content\/uploads\/2026\/04\/WhatsApp-Image-2026-04-30-at-10.43.27-AM-1024x576.jpeg",640,360,true],"1536x1536":["https:\/\/romanticany.com\/wp-content\/uploads\/2026\/04\/WhatsApp-Image-2026-04-30-at-10.43.27-AM-1536x864.jpeg",1536,864,true],"2048x2048":["https:\/\/romanticany.com\/wp-content\/uploads\/2026\/04\/WhatsApp-Image-2026-04-30-at-10.43.27-AM.jpeg",2016,1134,false]},"rttpg_author":{"display_name":"Romantica NY","author_link":"https:\/\/romanticany.com\/?author=1"},"rttpg_comment":0,"rttpg_category":"<a href=\"https:\/\/romanticany.com\/?cat=11\" rel=\"category\">Pol\u00edtica<\/a>","rttpg_excerpt":"Washington, D.C. \u2014 El presidente del Caucus Hispano del Congreso, el congresista Adriano Espaillat (NY-13), conden\u00f3 hoy la decisi\u00f3n de la Corte Suprema de los Estados Unidos en el caso Louisiana v. Callais, se\u00f1alando que el fallo debilita protecciones fundamentales del derecho al voto en Estados Unidos. \u201cLa decisi\u00f3n de la Corte Suprema ataca el&hellip;","_links":{"self":[{"href":"https:\/\/romanticany.com\/index.php?rest_route=\/wp\/v2\/posts\/109531","targetHints":{"allow":["GET"]}}],"collection":[{"href":"https:\/\/romanticany.com\/index.php?rest_route=\/wp\/v2\/posts"}],"about":[{"href":"https:\/\/romanticany.com\/index.php?rest_route=\/wp\/v2\/types\/post"}],"author":[{"embeddable":true,"href":"https:\/\/romanticany.com\/index.php?rest_route=\/wp\/v2\/users\/1"}],"replies":[{"embeddable":true,"href":"https:\/\/romanticany.com\/index.php?rest_route=%2Fwp%2Fv2%2Fcomments&post=109531"}],"version-history":[{"count":1,"href":"https:\/\/romanticany.com\/index.php?rest_route=\/wp\/v2\/posts\/109531\/revisions"}],"predecessor-version":[{"id":109533,"href":"https:\/\/romanticany.com\/index.php?rest_route=\/wp\/v2\/posts\/109531\/revisions\/109533"}],"wp:featuredmedia":[{"embeddable":true,"href":"https:\/\/romanticany.com\/index.php?rest_route=\/wp\/v2\/media\/109532"}],"wp:attachment":[{"href":"https:\/\/romanticany.com\/index.php?rest_route=%2Fwp%2Fv2%2Fmedia&parent=109531"}],"wp:term":[{"taxonomy":"category","embeddable":true,"href":"https:\/\/romanticany.com\/index.php?rest_route=%2Fwp%2Fv2%2Fcategories&post=109531"},{"taxonomy":"post_tag","embeddable":true,"href":"https:\/\/romanticany.com\/index.php?rest_route=%2Fwp%2Fv2%2Ftags&post=109531"}],"curies":[{"name":"wp","href":"https:\/\/api.w.org\/{rel}","templated":true}]}}