{"id":109595,"date":"2026-05-01T16:19:37","date_gmt":"2026-05-01T20:19:37","guid":{"rendered":"https:\/\/romanticany.com\/?p=109595"},"modified":"2026-05-01T16:19:40","modified_gmt":"2026-05-01T20:19:40","slug":"maira-morla-pineda-destaca-el-papel-del-infotep-en-la-formacion-tecnico-profesional-y-el-trabajo-digno-durante-el-dia-del-trabajador","status":"publish","type":"post","link":"https:\/\/romanticany.com\/?p=109595","title":{"rendered":"\u00abMaira Morla Pineda destaca el papel del Infotep en la formaci\u00f3n t\u00e9cnico-profesional y el trabajo digno durante el D\u00eda del Trabajador\u00bb"},"content":{"rendered":"\n<p>La <strong>directora general del Instituto Nacional de Formaci\u00f3n T\u00e9cnico Profesional (Infotep), Maira Morla Pineda<\/strong>, <strong>reafirm\u00f3 el compromiso<\/strong> de la instituci\u00f3n con el <strong>trabajo digno<\/strong> y la <strong>formaci\u00f3n t\u00e9cnico-profesional<\/strong> como pilares esenciales para el <strong>desarrollo de Rep\u00fablica Dominicana<\/strong>. Estas declaraciones fueron realizadas durante el <strong>acto conmemorativo del D\u00eda Internacional de los Trabajadores<\/strong>, organizado por las <strong>Centrales Sindicales<\/strong>, donde Morla Pineda resalt\u00f3 el <strong>impacto transformador<\/strong> del trabajo digno y la <strong>importancia estrat\u00e9gica<\/strong> de la formaci\u00f3n t\u00e9cnico-profesional.<\/p>\n\n\n\n<p>La directora record\u00f3 que el <strong>1\u00b0 de Mayo<\/strong> simboliza la <strong>lucha hist\u00f3rica por los derechos laborales<\/strong> y la necesidad de seguir promoviendo <strong>condiciones de trabajo m\u00e1s justas, equitativas y dignas<\/strong>. <em>\u00abHablar de trabajo es hablar de oportunidades, de crecimiento, de bienestar y de dignidad humana. Y precisamente ah\u00ed radica nuestra misi\u00f3n: formar talento humano, fortalecer capacidades y abrir caminos reales de superaci\u00f3n para miles de dominicanos y dominicanas\u00bb<\/em>, expres\u00f3.<\/p>\n\n\n\n<p>Durante su intervenci\u00f3n, Morla Pineda <strong>inform\u00f3 que en los \u00faltimos cinco a\u00f1os<\/strong>, el Infotep ha <strong>capacitado a m\u00e1s de 4.8 millones de trabajadores y trabajadoras<\/strong>, de los cuales <strong>m\u00e1s de 2.6 millones han recibido certificaciones<\/strong>, lo que representa un <strong>62% del total<\/strong>. Estos logros han contribuido a <strong>fortalecer las oportunidades de empleo y crecimiento laboral<\/strong> para miles de personas en el pa\u00eds.<\/p>\n\n\n\n<p>La directora tambi\u00e9n <strong>resalt\u00f3 el modelo tripartito<\/strong> del Infotep, basado en el <strong>di\u00e1logo social<\/strong> y la participaci\u00f3n de <strong>trabajadores, empleadores y el Estado<\/strong>, que define como una <strong>visi\u00f3n de desarrollo compartido<\/strong>. En este sentido, <strong>reconoci\u00f3 el rol fundamental de las centrales sindicales<\/strong>, como la <strong>CNTD, CNUS y CASC<\/strong>, destacando su <strong>participaci\u00f3n activa en la gobernanza institucional<\/strong> y su <strong>compromiso con la defensa de los derechos de los trabajadores<\/strong>.<\/p>\n\n\n\n<p>Al dirigir su mensaje a los trabajadores dominicanos, Morla Pineda <strong>reconoci\u00f3 su aporte fundamental al desarrollo nacional<\/strong>. <em>\u00abUstedes son el motor de nuestro pa\u00eds. Su esfuerzo diario, su dedicaci\u00f3n y su capacidad de reinventarse son la base sobre la cual se construye el desarrollo nacional\u00bb<\/em>, manifest\u00f3.<\/p>\n\n\n\n<p>Para cerrar, la directora del Infotep <strong>exhort\u00f3 a renovar el compromiso colectivo<\/strong> con un pa\u00eds donde el <strong>trabajo sea sin\u00f3nimo de dignidad, oportunidades y progreso compartido<\/strong>.<\/p>\n","protected":false},"excerpt":{"rendered":"<p>La directora general del Instituto Nacional de Formaci\u00f3n T\u00e9cnico Profesional (Infotep), Maira Morla Pineda, reafirm\u00f3 el compromiso de la instituci\u00f3n con el trabajo digno y la formaci\u00f3n t\u00e9cnico-profesional como pilares esenciales para el desarrollo de Rep\u00fablica Dominicana. Estas declaraciones fueron realizadas durante el acto conmemorativo del D\u00eda Internacional de los Trabajadores, organizado por las Centrales [&hellip;]<\/p>\n","protected":false},"author":1,"featured_media":109596,"comment_status":"open","ping_status":"closed","sticky":false,"template":"","format":"standard","meta":{"footnotes":""},"categories":[10],"tags":[],"class_list":["post-109595","post","type-post","status-publish","format-standard","has-post-thumbnail","hentry","category-opiniones"],"yoast_head":"<!-- This site is optimized with the Yoast SEO plugin v24.5 - https:\/\/yoast.com\/wordpress\/plugins\/seo\/ -->\n<title>&quot;Maira Morla Pineda destaca el papel del Infotep en la formaci\u00f3n t\u00e9cnico-profesional y el trabajo digno durante el D\u00eda del Trabajador&quot; - Romantica NY<\/title>\n<meta name=\"robots\" content=\"index, follow, max-snippet:-1, max-image-preview:large, max-video-preview:-1\" \/>\n<link rel=\"canonical\" href=\"https:\/\/romanticany.com\/?p=109595\" \/>\n<meta property=\"og:locale\" content=\"es_ES\" \/>\n<meta property=\"og:type\" content=\"article\" \/>\n<meta property=\"og:title\" content=\"&quot;Maira Morla Pineda destaca el papel del Infotep en la formaci\u00f3n t\u00e9cnico-profesional y el trabajo digno durante el D\u00eda del Trabajador&quot; - Romantica NY\" \/>\n<meta property=\"og:description\" content=\"La directora general del Instituto Nacional de Formaci\u00f3n T\u00e9cnico Profesional (Infotep), Maira Morla Pineda, reafirm\u00f3 el compromiso de la instituci\u00f3n con el trabajo digno y la formaci\u00f3n t\u00e9cnico-profesional como pilares esenciales para el desarrollo de Rep\u00fablica Dominicana. Estas declaraciones fueron realizadas durante el acto conmemorativo del D\u00eda Internacional de los Trabajadores, organizado por las Centrales [&hellip;]\" \/>\n<meta property=\"og:url\" content=\"https:\/\/romanticany.com\/?p=109595\" \/>\n<meta property=\"og:site_name\" content=\"Romantica NY\" \/>\n<meta property=\"article:published_time\" content=\"2026-05-01T20:19:37+00:00\" \/>\n<meta property=\"article:modified_time\" content=\"2026-05-01T20:19:40+00:00\" \/>\n<meta property=\"og:image\" content=\"https:\/\/romanticany.com\/wp-content\/uploads\/2026\/05\/Infotep-reafirma-compromiso-con-el-trabajo-digno-y-la-formacion-tecnico-profesional.jpg\" \/>\n\t<meta property=\"og:image:width\" content=\"1300\" \/>\n\t<meta property=\"og:image:height\" content=\"731\" \/>\n\t<meta property=\"og:image:type\" content=\"image\/jpeg\" \/>\n<meta name=\"author\" content=\"Romantica NY\" \/>\n<meta name=\"twitter:card\" content=\"summary_large_image\" \/>\n<meta name=\"twitter:label1\" content=\"Escrito por\" \/>\n\t<meta name=\"twitter:data1\" content=\"Romantica NY\" \/>\n\t<meta name=\"twitter:label2\" content=\"Tiempo de lectura\" \/>\n\t<meta name=\"twitter:data2\" content=\"2 minutos\" \/>\n<script type=\"application\/ld+json\" class=\"yoast-schema-graph\">{\"@context\":\"https:\/\/schema.org\",\"@graph\":[{\"@type\":\"Article\",\"@id\":\"https:\/\/romanticany.com\/?p=109595#article\",\"isPartOf\":{\"@id\":\"https:\/\/romanticany.com\/?p=109595\"},\"author\":{\"name\":\"Romantica NY\",\"@id\":\"https:\/\/romanticany.com\/#\/schema\/person\/be3a3ed4b2ab0af84e4dbe5c3215474c\"},\"headline\":\"\u00abMaira Morla Pineda destaca el papel del Infotep en la formaci\u00f3n t\u00e9cnico-profesional y el trabajo digno durante el D\u00eda del Trabajador\u00bb\",\"datePublished\":\"2026-05-01T20:19:37+00:00\",\"dateModified\":\"2026-05-01T20:19:40+00:00\",\"mainEntityOfPage\":{\"@id\":\"https:\/\/romanticany.com\/?p=109595\"},\"wordCount\":393,\"commentCount\":0,\"publisher\":{\"@id\":\"https:\/\/romanticany.com\/#organization\"},\"image\":{\"@id\":\"https:\/\/romanticany.com\/?p=109595#primaryimage\"},\"thumbnailUrl\":\"https:\/\/romanticany.com\/wp-content\/uploads\/2026\/05\/Infotep-reafirma-compromiso-con-el-trabajo-digno-y-la-formacion-tecnico-profesional.jpg\",\"articleSection\":[\"Opiniones\"],\"inLanguage\":\"es\",\"potentialAction\":[{\"@type\":\"CommentAction\",\"name\":\"Comment\",\"target\":[\"https:\/\/romanticany.com\/?p=109595#respond\"]}]},{\"@type\":\"WebPage\",\"@id\":\"https:\/\/romanticany.com\/?p=109595\",\"url\":\"https:\/\/romanticany.com\/?p=109595\",\"name\":\"\\\"Maira Morla Pineda destaca el papel del Infotep en la formaci\u00f3n t\u00e9cnico-profesional y el trabajo digno durante el D\u00eda del Trabajador\\\" - Romantica NY\",\"isPartOf\":{\"@id\":\"https:\/\/romanticany.com\/#website\"},\"primaryImageOfPage\":{\"@id\":\"https:\/\/romanticany.com\/?p=109595#primaryimage\"},\"image\":{\"@id\":\"https:\/\/romanticany.com\/?p=109595#primaryimage\"},\"thumbnailUrl\":\"https:\/\/romanticany.com\/wp-content\/uploads\/2026\/05\/Infotep-reafirma-compromiso-con-el-trabajo-digno-y-la-formacion-tecnico-profesional.jpg\",\"datePublished\":\"2026-05-01T20:19:37+00:00\",\"dateModified\":\"2026-05-01T20:19:40+00:00\",\"breadcrumb\":{\"@id\":\"https:\/\/romanticany.com\/?p=109595#breadcrumb\"},\"inLanguage\":\"es\",\"potentialAction\":[{\"@type\":\"ReadAction\",\"target\":[\"https:\/\/romanticany.com\/?p=109595\"]}]},{\"@type\":\"ImageObject\",\"inLanguage\":\"es\",\"@id\":\"https:\/\/romanticany.com\/?p=109595#primaryimage\",\"url\":\"https:\/\/romanticany.com\/wp-content\/uploads\/2026\/05\/Infotep-reafirma-compromiso-con-el-trabajo-digno-y-la-formacion-tecnico-profesional.jpg\",\"contentUrl\":\"https:\/\/romanticany.com\/wp-content\/uploads\/2026\/05\/Infotep-reafirma-compromiso-con-el-trabajo-digno-y-la-formacion-tecnico-profesional.jpg\",\"width\":1300,\"height\":731},{\"@type\":\"BreadcrumbList\",\"@id\":\"https:\/\/romanticany.com\/?p=109595#breadcrumb\",\"itemListElement\":[{\"@type\":\"ListItem\",\"position\":1,\"name\":\"Portada\",\"item\":\"https:\/\/romanticany.com\/\"},{\"@type\":\"ListItem\",\"position\":2,\"name\":\"\u00abMaira Morla Pineda destaca el papel del Infotep en la formaci\u00f3n t\u00e9cnico-profesional y el trabajo digno durante el D\u00eda del Trabajador\u00bb\"}]},{\"@type\":\"WebSite\",\"@id\":\"https:\/\/romanticany.com\/#website\",\"url\":\"https:\/\/romanticany.com\/\",\"name\":\"Romantica NY\",\"description\":\"AHORA CON SU PERIODICO DIGITAL Y LA MUSICA MAS ROMANTICA EN LA GRAN MANZANA, USA\",\"publisher\":{\"@id\":\"https:\/\/romanticany.com\/#organization\"},\"potentialAction\":[{\"@type\":\"SearchAction\",\"target\":{\"@type\":\"EntryPoint\",\"urlTemplate\":\"https:\/\/romanticany.com\/?s={search_term_string}\"},\"query-input\":{\"@type\":\"PropertyValueSpecification\",\"valueRequired\":true,\"valueName\":\"search_term_string\"}}],\"inLanguage\":\"es\"},{\"@type\":\"Organization\",\"@id\":\"https:\/\/romanticany.com\/#organization\",\"name\":\"Romantica NY\",\"url\":\"https:\/\/romanticany.com\/\",\"logo\":{\"@type\":\"ImageObject\",\"inLanguage\":\"es\",\"@id\":\"https:\/\/romanticany.com\/#\/schema\/logo\/image\/\",\"url\":\"https:\/\/romanticany.com\/wp-content\/uploads\/2025\/01\/Logo-Romantica-3.png\",\"contentUrl\":\"https:\/\/romanticany.com\/wp-content\/uploads\/2025\/01\/Logo-Romantica-3.png\",\"width\":1024,\"height\":1024,\"caption\":\"Romantica NY\"},\"image\":{\"@id\":\"https:\/\/romanticany.com\/#\/schema\/logo\/image\/\"}},{\"@type\":\"Person\",\"@id\":\"https:\/\/romanticany.com\/#\/schema\/person\/be3a3ed4b2ab0af84e4dbe5c3215474c\",\"name\":\"Romantica NY\",\"image\":{\"@type\":\"ImageObject\",\"inLanguage\":\"es\",\"@id\":\"https:\/\/romanticany.com\/#\/schema\/person\/image\/\",\"url\":\"https:\/\/romanticany.com\/wp-content\/uploads\/2025\/01\/cropped-Logo-Romantica-3-96x96.png\",\"contentUrl\":\"https:\/\/romanticany.com\/wp-content\/uploads\/2025\/01\/cropped-Logo-Romantica-3-96x96.png\",\"caption\":\"Romantica NY\"},\"sameAs\":[\"https:\/\/romanticany.com\"],\"url\":\"https:\/\/romanticany.com\/?author=1\"}]}<\/script>\n<!-- \/ Yoast SEO plugin. -->","yoast_head_json":{"title":"\"Maira Morla Pineda destaca el papel del Infotep en la formaci\u00f3n t\u00e9cnico-profesional y el trabajo digno durante el D\u00eda del Trabajador\" - Romantica NY","robots":{"index":"index","follow":"follow","max-snippet":"max-snippet:-1","max-image-preview":"max-image-preview:large","max-video-preview":"max-video-preview:-1"},"canonical":"https:\/\/romanticany.com\/?p=109595","og_locale":"es_ES","og_type":"article","og_title":"\"Maira Morla Pineda destaca el papel del Infotep en la formaci\u00f3n t\u00e9cnico-profesional y el trabajo digno durante el D\u00eda del Trabajador\" - Romantica NY","og_description":"La directora general del Instituto Nacional de Formaci\u00f3n T\u00e9cnico Profesional (Infotep), Maira Morla Pineda, reafirm\u00f3 el compromiso de la instituci\u00f3n con el trabajo digno y la formaci\u00f3n t\u00e9cnico-profesional como pilares esenciales para el desarrollo de Rep\u00fablica Dominicana. Estas declaraciones fueron realizadas durante el acto conmemorativo del D\u00eda Internacional de los Trabajadores, organizado por las Centrales [&hellip;]","og_url":"https:\/\/romanticany.com\/?p=109595","og_site_name":"Romantica NY","article_published_time":"2026-05-01T20:19:37+00:00","article_modified_time":"2026-05-01T20:19:40+00:00","og_image":[{"width":1300,"height":731,"url":"https:\/\/romanticany.com\/wp-content\/uploads\/2026\/05\/Infotep-reafirma-compromiso-con-el-trabajo-digno-y-la-formacion-tecnico-profesional.jpg","type":"image\/jpeg"}],"author":"Romantica NY","twitter_card":"summary_large_image","twitter_misc":{"Escrito por":"Romantica NY","Tiempo de lectura":"2 minutos"},"schema":{"@context":"https:\/\/schema.org","@graph":[{"@type":"Article","@id":"https:\/\/romanticany.com\/?p=109595#article","isPartOf":{"@id":"https:\/\/romanticany.com\/?p=109595"},"author":{"name":"Romantica NY","@id":"https:\/\/romanticany.com\/#\/schema\/person\/be3a3ed4b2ab0af84e4dbe5c3215474c"},"headline":"\u00abMaira Morla Pineda destaca el papel del Infotep en la formaci\u00f3n t\u00e9cnico-profesional y el trabajo digno durante el D\u00eda del Trabajador\u00bb","datePublished":"2026-05-01T20:19:37+00:00","dateModified":"2026-05-01T20:19:40+00:00","mainEntityOfPage":{"@id":"https:\/\/romanticany.com\/?p=109595"},"wordCount":393,"commentCount":0,"publisher":{"@id":"https:\/\/romanticany.com\/#organization"},"image":{"@id":"https:\/\/romanticany.com\/?p=109595#primaryimage"},"thumbnailUrl":"https:\/\/romanticany.com\/wp-content\/uploads\/2026\/05\/Infotep-reafirma-compromiso-con-el-trabajo-digno-y-la-formacion-tecnico-profesional.jpg","articleSection":["Opiniones"],"inLanguage":"es","potentialAction":[{"@type":"CommentAction","name":"Comment","target":["https:\/\/romanticany.com\/?p=109595#respond"]}]},{"@type":"WebPage","@id":"https:\/\/romanticany.com\/?p=109595","url":"https:\/\/romanticany.com\/?p=109595","name":"\"Maira Morla Pineda destaca el papel del Infotep en la formaci\u00f3n t\u00e9cnico-profesional y el trabajo digno durante el D\u00eda del Trabajador\" - Romantica NY","isPartOf":{"@id":"https:\/\/romanticany.com\/#website"},"primaryImageOfPage":{"@id":"https:\/\/romanticany.com\/?p=109595#primaryimage"},"image":{"@id":"https:\/\/romanticany.com\/?p=109595#primaryimage"},"thumbnailUrl":"https:\/\/romanticany.com\/wp-content\/uploads\/2026\/05\/Infotep-reafirma-compromiso-con-el-trabajo-digno-y-la-formacion-tecnico-profesional.jpg","datePublished":"2026-05-01T20:19:37+00:00","dateModified":"2026-05-01T20:19:40+00:00","breadcrumb":{"@id":"https:\/\/romanticany.com\/?p=109595#breadcrumb"},"inLanguage":"es","potentialAction":[{"@type":"ReadAction","target":["https:\/\/romanticany.com\/?p=109595"]}]},{"@type":"ImageObject","inLanguage":"es","@id":"https:\/\/romanticany.com\/?p=109595#primaryimage","url":"https:\/\/romanticany.com\/wp-content\/uploads\/2026\/05\/Infotep-reafirma-compromiso-con-el-trabajo-digno-y-la-formacion-tecnico-profesional.jpg","contentUrl":"https:\/\/romanticany.com\/wp-content\/uploads\/2026\/05\/Infotep-reafirma-compromiso-con-el-trabajo-digno-y-la-formacion-tecnico-profesional.jpg","width":1300,"height":731},{"@type":"BreadcrumbList","@id":"https:\/\/romanticany.com\/?p=109595#breadcrumb","itemListElement":[{"@type":"ListItem","position":1,"name":"Portada","item":"https:\/\/romanticany.com\/"},{"@type":"ListItem","position":2,"name":"\u00abMaira Morla Pineda destaca el papel del Infotep en la formaci\u00f3n t\u00e9cnico-profesional y el trabajo digno durante el D\u00eda del Trabajador\u00bb"}]},{"@type":"WebSite","@id":"https:\/\/romanticany.com\/#website","url":"https:\/\/romanticany.com\/","name":"Romantica NY","description":"AHORA CON SU PERIODICO DIGITAL Y LA MUSICA MAS ROMANTICA EN LA GRAN MANZANA, USA","publisher":{"@id":"https:\/\/romanticany.com\/#organization"},"potentialAction":[{"@type":"SearchAction","target":{"@type":"EntryPoint","urlTemplate":"https:\/\/romanticany.com\/?s={search_term_string}"},"query-input":{"@type":"PropertyValueSpecification","valueRequired":true,"valueName":"search_term_string"}}],"inLanguage":"es"},{"@type":"Organization","@id":"https:\/\/romanticany.com\/#organization","name":"Romantica NY","url":"https:\/\/romanticany.com\/","logo":{"@type":"ImageObject","inLanguage":"es","@id":"https:\/\/romanticany.com\/#\/schema\/logo\/image\/","url":"https:\/\/romanticany.com\/wp-content\/uploads\/2025\/01\/Logo-Romantica-3.png","contentUrl":"https:\/\/romanticany.com\/wp-content\/uploads\/2025\/01\/Logo-Romantica-3.png","width":1024,"height":1024,"caption":"Romantica NY"},"image":{"@id":"https:\/\/romanticany.com\/#\/schema\/logo\/image\/"}},{"@type":"Person","@id":"https:\/\/romanticany.com\/#\/schema\/person\/be3a3ed4b2ab0af84e4dbe5c3215474c","name":"Romantica NY","image":{"@type":"ImageObject","inLanguage":"es","@id":"https:\/\/romanticany.com\/#\/schema\/person\/image\/","url":"https:\/\/romanticany.com\/wp-content\/uploads\/2025\/01\/cropped-Logo-Romantica-3-96x96.png","contentUrl":"https:\/\/romanticany.com\/wp-content\/uploads\/2025\/01\/cropped-Logo-Romantica-3-96x96.png","caption":"Romantica NY"},"sameAs":["https:\/\/romanticany.com"],"url":"https:\/\/romanticany.com\/?author=1"}]}},"rttpg_featured_image_url":{"full":["https:\/\/romanticany.com\/wp-content\/uploads\/2026\/05\/Infotep-reafirma-compromiso-con-el-trabajo-digno-y-la-formacion-tecnico-profesional.jpg",1300,731,false],"landscape":["https:\/\/romanticany.com\/wp-content\/uploads\/2026\/05\/Infotep-reafirma-compromiso-con-el-trabajo-digno-y-la-formacion-tecnico-profesional.jpg",1300,731,false],"portraits":["https:\/\/romanticany.com\/wp-content\/uploads\/2026\/05\/Infotep-reafirma-compromiso-con-el-trabajo-digno-y-la-formacion-tecnico-profesional.jpg",1300,731,false],"thumbnail":["https:\/\/romanticany.com\/wp-content\/uploads\/2026\/05\/Infotep-reafirma-compromiso-con-el-trabajo-digno-y-la-formacion-tecnico-profesional-150x150.jpg",150,150,true],"medium":["https:\/\/romanticany.com\/wp-content\/uploads\/2026\/05\/Infotep-reafirma-compromiso-con-el-trabajo-digno-y-la-formacion-tecnico-profesional-300x169.jpg",300,169,true],"large":["https:\/\/romanticany.com\/wp-content\/uploads\/2026\/05\/Infotep-reafirma-compromiso-con-el-trabajo-digno-y-la-formacion-tecnico-profesional-1024x576.jpg",640,360,true],"1536x1536":["https:\/\/romanticany.com\/wp-content\/uploads\/2026\/05\/Infotep-reafirma-compromiso-con-el-trabajo-digno-y-la-formacion-tecnico-profesional.jpg",1300,731,false],"2048x2048":["https:\/\/romanticany.com\/wp-content\/uploads\/2026\/05\/Infotep-reafirma-compromiso-con-el-trabajo-digno-y-la-formacion-tecnico-profesional.jpg",1300,731,false]},"rttpg_author":{"display_name":"Romantica NY","author_link":"https:\/\/romanticany.com\/?author=1"},"rttpg_comment":0,"rttpg_category":"<a href=\"https:\/\/romanticany.com\/?cat=10\" rel=\"category\">Opiniones<\/a>","rttpg_excerpt":"La directora general del Instituto Nacional de Formaci\u00f3n T\u00e9cnico Profesional (Infotep), Maira Morla Pineda, reafirm\u00f3 el compromiso de la instituci\u00f3n con el trabajo digno y la formaci\u00f3n t\u00e9cnico-profesional como pilares esenciales para el desarrollo de Rep\u00fablica Dominicana. Estas declaraciones fueron realizadas durante el acto conmemorativo del D\u00eda Internacional de los Trabajadores, organizado por las Centrales&hellip;","_links":{"self":[{"href":"https:\/\/romanticany.com\/index.php?rest_route=\/wp\/v2\/posts\/109595","targetHints":{"allow":["GET"]}}],"collection":[{"href":"https:\/\/romanticany.com\/index.php?rest_route=\/wp\/v2\/posts"}],"about":[{"href":"https:\/\/romanticany.com\/index.php?rest_route=\/wp\/v2\/types\/post"}],"author":[{"embeddable":true,"href":"https:\/\/romanticany.com\/index.php?rest_route=\/wp\/v2\/users\/1"}],"replies":[{"embeddable":true,"href":"https:\/\/romanticany.com\/index.php?rest_route=%2Fwp%2Fv2%2Fcomments&post=109595"}],"version-history":[{"count":1,"href":"https:\/\/romanticany.com\/index.php?rest_route=\/wp\/v2\/posts\/109595\/revisions"}],"predecessor-version":[{"id":109597,"href":"https:\/\/romanticany.com\/index.php?rest_route=\/wp\/v2\/posts\/109595\/revisions\/109597"}],"wp:featuredmedia":[{"embeddable":true,"href":"https:\/\/romanticany.com\/index.php?rest_route=\/wp\/v2\/media\/109596"}],"wp:attachment":[{"href":"https:\/\/romanticany.com\/index.php?rest_route=%2Fwp%2Fv2%2Fmedia&parent=109595"}],"wp:term":[{"taxonomy":"category","embeddable":true,"href":"https:\/\/romanticany.com\/index.php?rest_route=%2Fwp%2Fv2%2Fcategories&post=109595"},{"taxonomy":"post_tag","embeddable":true,"href":"https:\/\/romanticany.com\/index.php?rest_route=%2Fwp%2Fv2%2Ftags&post=109595"}],"curies":[{"name":"wp","href":"https:\/\/api.w.org\/{rel}","templated":true}]}}