{"id":112583,"date":"2026-07-19T15:05:49","date_gmt":"2026-07-19T19:05:49","guid":{"rendered":"https:\/\/romanticany.com\/?p=112583"},"modified":"2026-07-19T18:55:09","modified_gmt":"2026-07-19T22:55:09","slug":"gran-parada-dominicana-del-bronx-reconoce-a-cinco-destacadas-personalidades-de-san-cristobal","status":"publish","type":"post","link":"https:\/\/romanticany.com\/?p=112583","title":{"rendered":"Gran Parada Dominicana del Bronx reconoce a cinco destacadas personalidades de San Crist\u00f3bal"},"content":{"rendered":"\n<figure class=\"wp-block-embed is-type-video is-provider-youtube wp-block-embed-youtube wp-embed-aspect-16-9 wp-has-aspect-ratio\"><div class=\"wp-block-embed__wrapper\">\n<iframe title=\"Gran Parada Dominicana del Bronx reconoce a cinco destacadas personalidades de San Crist\u00f3bal\" width=\"640\" height=\"360\" src=\"https:\/\/www.youtube.com\/embed\/EENszPdMcf0?feature=oembed\" frameborder=\"0\" allow=\"accelerometer; autoplay; clipboard-write; encrypted-media; gyroscope; picture-in-picture; web-share\" referrerpolicy=\"strict-origin-when-cross-origin\" allowfullscreen><\/iframe>\n<\/div><\/figure>\n\n\n\n<p class=\"wp-block-paragraph\"><strong>Los homenajes fueron entregados durante el acto de Coronaci\u00f3n de la 37.\u00aa Gran Parada Dominicana del Bronx<\/strong><\/p>\n\n\n\n<p class=\"wp-block-paragraph\"><strong>Por Aquiles Rojas<\/strong><\/p>\n\n\n\n<p class=\"wp-block-paragraph\"><strong>NUEVA YORK.<\/strong>\u2013 La Gran Parada Dominicana del Bronx reconoci\u00f3 este s\u00e1bado a cinco destacadas personalidades de la provincia de San Crist\u00f3bal durante el tradicional acto de Coronaci\u00f3n de la 37.\u00aa edici\u00f3n del evento, en honor a sus valiosos aportes en los \u00e1mbitos de la comunicaci\u00f3n, el arte, el emprendimiento y la creaci\u00f3n de contenido.<\/p>\n\n\n\n<p class=\"wp-block-paragraph\">Los reconocimientos fueron posibles gracias a las gestiones realizadas por Puro Fajardo y Awilda Brito, directivos de la corriente Lealtad Pol\u00edtica, con el prop\u00f3sito de exaltar la trayectoria de sancristobalenses que han contribuido al desarrollo de su provincia y a proyectar positivamente la imagen de la Rep\u00fablica Dominicana.{<\/p>\n\n\n\n<figure class=\"wp-block-image size-full\"><img decoding=\"async\" src=\"https:\/\/ecodelpueblo.com\/wp-content\/uploads\/2026\/07\/WhatsApp-Image-2026-07-19-at-11.32.23-AM-1.jpeg\" alt=\"\" class=\"wp-image-26660\"\/><\/figure>\n\n\n\n<h3 class=\"wp-block-heading\">Homenaje a referentes de la comunicaci\u00f3n, el arte y el emprendimiento<\/h3>\n\n\n\n<p class=\"wp-block-paragraph\">La organizaci\u00f3n destac\u00f3 que los homenajeados representan ejemplos de liderazgo, talento y compromiso social, convirti\u00e9ndose en referentes dentro de sus respectivas \u00e1reas de desempe\u00f1o.<\/p>\n\n\n\n<p class=\"wp-block-paragraph\">Los reconocidos fueron:<\/p>\n\n\n\n<ul class=\"wp-block-list\">\n<li><strong>Fernando Encarnaci\u00f3n Soto \u00abLa Potencia\u00bb<\/strong>, locutor, por su destacada trayectoria en la comunicaci\u00f3n y su aporte al fortalecimiento de los medios de comunicaci\u00f3n en San Crist\u00f3bal y el pa\u00eds.<\/li>\n\n\n\n<li><strong>Nelson Guzm\u00e1n Correa \u00abLa Mole\u00bb<\/strong>, creador de contenido, por promover el talento, la cultura y la identidad sancristobalense a trav\u00e9s de las plataformas digitales.<\/li>\n\n\n\n<li><strong>Jos\u00e9 P\u00e9rez Nina \u00abTamarindo\u00bb<\/strong>, artista, por su contribuci\u00f3n al fortalecimiento de la cultura popular dominicana y por representar con orgullo el talento de San Crist\u00f3bal.<\/li>\n\n\n\n<li><strong>Pascual Linarez de Jes\u00fas<\/strong>, ingeniero y director de 002 Radio TV, por su liderazgo en la comunicaci\u00f3n digital y su compromiso con un ejercicio period\u00edstico responsable.<\/li>\n\n\n\n<li><strong>Isidro Col\u00f3n S\u00e1nchez<\/strong>, empresario, por su trayectoria en el sector automotriz y su aporte al desarrollo econ\u00f3mico y social de la provincia.<\/li>\n<\/ul>\n\n\n\n<figure class=\"wp-block-image size-full\"><img decoding=\"async\" src=\"https:\/\/ecodelpueblo.com\/wp-content\/uploads\/2026\/07\/WhatsApp-Image-2026-07-19-at-11.32.11-AM.jpeg\" alt=\"\" class=\"wp-image-26657\"\/><\/figure>\n\n\n\n<h3 class=\"wp-block-heading\">Felipe Febles resalta el aporte de los homenajeados<\/h3>\n\n\n\n<p class=\"wp-block-paragraph\">El director ejecutivo de la Gran Parada Dominicana del Bronx, Felipe Febles, afirm\u00f3 que estos reconocimientos representan un homenaje al esfuerzo, la perseverancia y la dedicaci\u00f3n de dominicanos que, desde distintos \u00e1mbitos, fortalecen la identidad nacional.<\/p>\n\n\n\n<p class=\"wp-block-paragraph\">\u00abLa Gran Parada Dominicana del Bronx no solo celebra nuestras ra\u00edces y nuestra cultura; tambi\u00e9n reconoce a quienes, con su talento, trabajo y compromiso, ponen en alto el nombre de la Rep\u00fablica Dominicana. Nos sentimos orgullosos de distinguir a estas valiosas personalidades de San Crist\u00f3bal\u00bb.<\/p>\n\n\n\n<h3 class=\"wp-block-heading\">La Gran Parada se celebrar\u00e1 el 26 de julio<\/h3>\n\n\n\n<p class=\"wp-block-paragraph\">La organizaci\u00f3n record\u00f3 que la <strong>37.\u00aa Gran Parada Dominicana del Bronx<\/strong> recorrer\u00e1 la emblem\u00e1tica <strong>Grand Concourse<\/strong> el pr\u00f3ximo domingo <strong>26 de julio<\/strong>, donde miles de dominicanos y amigos de la comunidad participar\u00e1n en un amplio programa de actividades culturales, art\u00edsticas y folcl\u00f3ricas que exaltan el orgullo de la dominicanidad en el exterior.<\/p>\n\n\n\n<p class=\"wp-block-paragraph\">Con <strong>37 a\u00f1os de tradici\u00f3n<\/strong>, la Gran Parada Dominicana del Bronx se ha consolidado como una de las principales celebraciones de la di\u00e1spora dominicana en Estados Unidos, promoviendo la cultura nacional y reconociendo a hombres y mujeres cuyo trabajo enaltece el nombre de la Rep\u00fablica Dominicana dentro y fuera de sus fronteras.<\/p>\n\n\n\n<figure class=\"wp-block-image size-full\"><img decoding=\"async\" src=\"https:\/\/ecodelpueblo.com\/wp-content\/uploads\/2026\/07\/WhatsApp-Image-2026-07-19-at-11.32.25-AM.jpeg\" alt=\"\" class=\"wp-image-26658\"\/><\/figure>\n\n\n\n<figure class=\"wp-block-image size-full\"><img decoding=\"async\" src=\"https:\/\/ecodelpueblo.com\/wp-content\/uploads\/2026\/07\/WhatsApp-Image-2026-07-19-at-11.32.26-AM.jpeg\" alt=\"\" class=\"wp-image-26656\"\/><\/figure>\n\n\n\n<p class=\"wp-block-paragraph\"><\/p>\n","protected":false},"excerpt":{"rendered":"<p>Los homenajes fueron entregados durante el acto de Coronaci\u00f3n de la 37.\u00aa Gran Parada Dominicana del Bronx Por Aquiles Rojas NUEVA YORK.\u2013 La Gran Parada Dominicana del Bronx reconoci\u00f3 este s\u00e1bado a cinco destacadas personalidades de la provincia de San Crist\u00f3bal durante el tradicional acto de Coronaci\u00f3n de la 37.\u00aa edici\u00f3n del evento, en honor [&hellip;]<\/p>\n","protected":false},"author":1,"featured_media":112584,"comment_status":"open","ping_status":"closed","sticky":false,"template":"","format":"standard","meta":{"footnotes":""},"categories":[3],"tags":[],"class_list":["post-112583","post","type-post","status-publish","format-standard","has-post-thumbnail","hentry","category-arte-entretenimiento-y-cultura"],"yoast_head":"<!-- This site is optimized with the Yoast SEO plugin v24.5 - https:\/\/yoast.com\/wordpress\/plugins\/seo\/ -->\n<title>Gran Parada Dominicana del Bronx reconoce a cinco destacadas personalidades de San Crist\u00f3bal - Romantica NY<\/title>\n<meta name=\"robots\" content=\"index, follow, max-snippet:-1, max-image-preview:large, max-video-preview:-1\" \/>\n<link rel=\"canonical\" href=\"https:\/\/romanticany.com\/?p=112583\" \/>\n<meta property=\"og:locale\" content=\"es_ES\" \/>\n<meta property=\"og:type\" content=\"article\" \/>\n<meta property=\"og:title\" content=\"Gran Parada Dominicana del Bronx reconoce a cinco destacadas personalidades de San Crist\u00f3bal - Romantica NY\" \/>\n<meta property=\"og:description\" content=\"Los homenajes fueron entregados durante el acto de Coronaci\u00f3n de la 37.\u00aa Gran Parada Dominicana del Bronx Por Aquiles Rojas NUEVA YORK.\u2013 La Gran Parada Dominicana del Bronx reconoci\u00f3 este s\u00e1bado a cinco destacadas personalidades de la provincia de San Crist\u00f3bal durante el tradicional acto de Coronaci\u00f3n de la 37.\u00aa edici\u00f3n del evento, en honor [&hellip;]\" \/>\n<meta property=\"og:url\" content=\"https:\/\/romanticany.com\/?p=112583\" \/>\n<meta property=\"og:site_name\" content=\"Romantica NY\" \/>\n<meta property=\"article:published_time\" content=\"2026-07-19T19:05:49+00:00\" \/>\n<meta property=\"article:modified_time\" content=\"2026-07-19T22:55:09+00:00\" \/>\n<meta property=\"og:image\" content=\"https:\/\/romanticany.com\/wp-content\/uploads\/2026\/07\/Portada-567222.jpeg\" \/>\n\t<meta property=\"og:image:width\" content=\"1024\" \/>\n\t<meta property=\"og:image:height\" content=\"668\" \/>\n\t<meta property=\"og:image:type\" content=\"image\/jpeg\" \/>\n<meta name=\"author\" content=\"Romantica NY\" \/>\n<meta name=\"twitter:card\" content=\"summary_large_image\" \/>\n<meta name=\"twitter:label1\" content=\"Escrito por\" \/>\n\t<meta name=\"twitter:data1\" content=\"Romantica NY\" \/>\n\t<meta name=\"twitter:label2\" content=\"Tiempo de lectura\" \/>\n\t<meta name=\"twitter:data2\" content=\"4 minutos\" \/>\n<script type=\"application\/ld+json\" class=\"yoast-schema-graph\">{\"@context\":\"https:\/\/schema.org\",\"@graph\":[{\"@type\":\"Article\",\"@id\":\"https:\/\/romanticany.com\/?p=112583#article\",\"isPartOf\":{\"@id\":\"https:\/\/romanticany.com\/?p=112583\"},\"author\":{\"name\":\"Romantica NY\",\"@id\":\"https:\/\/romanticany.com\/#\/schema\/person\/be3a3ed4b2ab0af84e4dbe5c3215474c\"},\"headline\":\"Gran Parada Dominicana del Bronx reconoce a cinco destacadas personalidades de San Crist\u00f3bal\",\"datePublished\":\"2026-07-19T19:05:49+00:00\",\"dateModified\":\"2026-07-19T22:55:09+00:00\",\"mainEntityOfPage\":{\"@id\":\"https:\/\/romanticany.com\/?p=112583\"},\"wordCount\":547,\"commentCount\":0,\"publisher\":{\"@id\":\"https:\/\/romanticany.com\/#organization\"},\"image\":{\"@id\":\"https:\/\/romanticany.com\/?p=112583#primaryimage\"},\"thumbnailUrl\":\"https:\/\/romanticany.com\/wp-content\/uploads\/2026\/07\/Portada-567222.jpeg\",\"articleSection\":[\"Arte, Entretenimiento y Cultura\"],\"inLanguage\":\"es\",\"potentialAction\":[{\"@type\":\"CommentAction\",\"name\":\"Comment\",\"target\":[\"https:\/\/romanticany.com\/?p=112583#respond\"]}]},{\"@type\":\"WebPage\",\"@id\":\"https:\/\/romanticany.com\/?p=112583\",\"url\":\"https:\/\/romanticany.com\/?p=112583\",\"name\":\"Gran Parada Dominicana del Bronx reconoce a cinco destacadas personalidades de San Crist\u00f3bal - Romantica NY\",\"isPartOf\":{\"@id\":\"https:\/\/romanticany.com\/#website\"},\"primaryImageOfPage\":{\"@id\":\"https:\/\/romanticany.com\/?p=112583#primaryimage\"},\"image\":{\"@id\":\"https:\/\/romanticany.com\/?p=112583#primaryimage\"},\"thumbnailUrl\":\"https:\/\/romanticany.com\/wp-content\/uploads\/2026\/07\/Portada-567222.jpeg\",\"datePublished\":\"2026-07-19T19:05:49+00:00\",\"dateModified\":\"2026-07-19T22:55:09+00:00\",\"breadcrumb\":{\"@id\":\"https:\/\/romanticany.com\/?p=112583#breadcrumb\"},\"inLanguage\":\"es\",\"potentialAction\":[{\"@type\":\"ReadAction\",\"target\":[\"https:\/\/romanticany.com\/?p=112583\"]}]},{\"@type\":\"ImageObject\",\"inLanguage\":\"es\",\"@id\":\"https:\/\/romanticany.com\/?p=112583#primaryimage\",\"url\":\"https:\/\/romanticany.com\/wp-content\/uploads\/2026\/07\/Portada-567222.jpeg\",\"contentUrl\":\"https:\/\/romanticany.com\/wp-content\/uploads\/2026\/07\/Portada-567222.jpeg\",\"width\":1024,\"height\":668},{\"@type\":\"BreadcrumbList\",\"@id\":\"https:\/\/romanticany.com\/?p=112583#breadcrumb\",\"itemListElement\":[{\"@type\":\"ListItem\",\"position\":1,\"name\":\"Portada\",\"item\":\"https:\/\/romanticany.com\/\"},{\"@type\":\"ListItem\",\"position\":2,\"name\":\"Gran Parada Dominicana del Bronx reconoce a cinco destacadas personalidades de San Crist\u00f3bal\"}]},{\"@type\":\"WebSite\",\"@id\":\"https:\/\/romanticany.com\/#website\",\"url\":\"https:\/\/romanticany.com\/\",\"name\":\"Romantica NY\",\"description\":\"AHORA CON SU PERIODICO DIGITAL Y LA MUSICA MAS ROMANTICA EN LA GRAN MANZANA, USA\",\"publisher\":{\"@id\":\"https:\/\/romanticany.com\/#organization\"},\"potentialAction\":[{\"@type\":\"SearchAction\",\"target\":{\"@type\":\"EntryPoint\",\"urlTemplate\":\"https:\/\/romanticany.com\/?s={search_term_string}\"},\"query-input\":{\"@type\":\"PropertyValueSpecification\",\"valueRequired\":true,\"valueName\":\"search_term_string\"}}],\"inLanguage\":\"es\"},{\"@type\":\"Organization\",\"@id\":\"https:\/\/romanticany.com\/#organization\",\"name\":\"Romantica NY\",\"url\":\"https:\/\/romanticany.com\/\",\"logo\":{\"@type\":\"ImageObject\",\"inLanguage\":\"es\",\"@id\":\"https:\/\/romanticany.com\/#\/schema\/logo\/image\/\",\"url\":\"https:\/\/romanticany.com\/wp-content\/uploads\/2025\/01\/Logo-Romantica-3.png\",\"contentUrl\":\"https:\/\/romanticany.com\/wp-content\/uploads\/2025\/01\/Logo-Romantica-3.png\",\"width\":1024,\"height\":1024,\"caption\":\"Romantica NY\"},\"image\":{\"@id\":\"https:\/\/romanticany.com\/#\/schema\/logo\/image\/\"}},{\"@type\":\"Person\",\"@id\":\"https:\/\/romanticany.com\/#\/schema\/person\/be3a3ed4b2ab0af84e4dbe5c3215474c\",\"name\":\"Romantica NY\",\"image\":{\"@type\":\"ImageObject\",\"inLanguage\":\"es\",\"@id\":\"https:\/\/romanticany.com\/#\/schema\/person\/image\/\",\"url\":\"https:\/\/romanticany.com\/wp-content\/uploads\/2025\/01\/cropped-Logo-Romantica-3-96x96.png\",\"contentUrl\":\"https:\/\/romanticany.com\/wp-content\/uploads\/2025\/01\/cropped-Logo-Romantica-3-96x96.png\",\"caption\":\"Romantica NY\"},\"sameAs\":[\"https:\/\/romanticany.com\"],\"url\":\"https:\/\/romanticany.com\/?author=1\"}]}<\/script>\n<!-- \/ Yoast SEO plugin. -->","yoast_head_json":{"title":"Gran Parada Dominicana del Bronx reconoce a cinco destacadas personalidades de San Crist\u00f3bal - Romantica NY","robots":{"index":"index","follow":"follow","max-snippet":"max-snippet:-1","max-image-preview":"max-image-preview:large","max-video-preview":"max-video-preview:-1"},"canonical":"https:\/\/romanticany.com\/?p=112583","og_locale":"es_ES","og_type":"article","og_title":"Gran Parada Dominicana del Bronx reconoce a cinco destacadas personalidades de San Crist\u00f3bal - Romantica NY","og_description":"Los homenajes fueron entregados durante el acto de Coronaci\u00f3n de la 37.\u00aa Gran Parada Dominicana del Bronx Por Aquiles Rojas NUEVA YORK.\u2013 La Gran Parada Dominicana del Bronx reconoci\u00f3 este s\u00e1bado a cinco destacadas personalidades de la provincia de San Crist\u00f3bal durante el tradicional acto de Coronaci\u00f3n de la 37.\u00aa edici\u00f3n del evento, en honor [&hellip;]","og_url":"https:\/\/romanticany.com\/?p=112583","og_site_name":"Romantica NY","article_published_time":"2026-07-19T19:05:49+00:00","article_modified_time":"2026-07-19T22:55:09+00:00","og_image":[{"width":1024,"height":668,"url":"https:\/\/romanticany.com\/wp-content\/uploads\/2026\/07\/Portada-567222.jpeg","type":"image\/jpeg"}],"author":"Romantica NY","twitter_card":"summary_large_image","twitter_misc":{"Escrito por":"Romantica NY","Tiempo de lectura":"4 minutos"},"schema":{"@context":"https:\/\/schema.org","@graph":[{"@type":"Article","@id":"https:\/\/romanticany.com\/?p=112583#article","isPartOf":{"@id":"https:\/\/romanticany.com\/?p=112583"},"author":{"name":"Romantica NY","@id":"https:\/\/romanticany.com\/#\/schema\/person\/be3a3ed4b2ab0af84e4dbe5c3215474c"},"headline":"Gran Parada Dominicana del Bronx reconoce a cinco destacadas personalidades de San Crist\u00f3bal","datePublished":"2026-07-19T19:05:49+00:00","dateModified":"2026-07-19T22:55:09+00:00","mainEntityOfPage":{"@id":"https:\/\/romanticany.com\/?p=112583"},"wordCount":547,"commentCount":0,"publisher":{"@id":"https:\/\/romanticany.com\/#organization"},"image":{"@id":"https:\/\/romanticany.com\/?p=112583#primaryimage"},"thumbnailUrl":"https:\/\/romanticany.com\/wp-content\/uploads\/2026\/07\/Portada-567222.jpeg","articleSection":["Arte, Entretenimiento y Cultura"],"inLanguage":"es","potentialAction":[{"@type":"CommentAction","name":"Comment","target":["https:\/\/romanticany.com\/?p=112583#respond"]}]},{"@type":"WebPage","@id":"https:\/\/romanticany.com\/?p=112583","url":"https:\/\/romanticany.com\/?p=112583","name":"Gran Parada Dominicana del Bronx reconoce a cinco destacadas personalidades de San Crist\u00f3bal - Romantica NY","isPartOf":{"@id":"https:\/\/romanticany.com\/#website"},"primaryImageOfPage":{"@id":"https:\/\/romanticany.com\/?p=112583#primaryimage"},"image":{"@id":"https:\/\/romanticany.com\/?p=112583#primaryimage"},"thumbnailUrl":"https:\/\/romanticany.com\/wp-content\/uploads\/2026\/07\/Portada-567222.jpeg","datePublished":"2026-07-19T19:05:49+00:00","dateModified":"2026-07-19T22:55:09+00:00","breadcrumb":{"@id":"https:\/\/romanticany.com\/?p=112583#breadcrumb"},"inLanguage":"es","potentialAction":[{"@type":"ReadAction","target":["https:\/\/romanticany.com\/?p=112583"]}]},{"@type":"ImageObject","inLanguage":"es","@id":"https:\/\/romanticany.com\/?p=112583#primaryimage","url":"https:\/\/romanticany.com\/wp-content\/uploads\/2026\/07\/Portada-567222.jpeg","contentUrl":"https:\/\/romanticany.com\/wp-content\/uploads\/2026\/07\/Portada-567222.jpeg","width":1024,"height":668},{"@type":"BreadcrumbList","@id":"https:\/\/romanticany.com\/?p=112583#breadcrumb","itemListElement":[{"@type":"ListItem","position":1,"name":"Portada","item":"https:\/\/romanticany.com\/"},{"@type":"ListItem","position":2,"name":"Gran Parada Dominicana del Bronx reconoce a cinco destacadas personalidades de San Crist\u00f3bal"}]},{"@type":"WebSite","@id":"https:\/\/romanticany.com\/#website","url":"https:\/\/romanticany.com\/","name":"Romantica NY","description":"AHORA CON SU PERIODICO DIGITAL Y LA MUSICA MAS ROMANTICA EN LA GRAN MANZANA, USA","publisher":{"@id":"https:\/\/romanticany.com\/#organization"},"potentialAction":[{"@type":"SearchAction","target":{"@type":"EntryPoint","urlTemplate":"https:\/\/romanticany.com\/?s={search_term_string}"},"query-input":{"@type":"PropertyValueSpecification","valueRequired":true,"valueName":"search_term_string"}}],"inLanguage":"es"},{"@type":"Organization","@id":"https:\/\/romanticany.com\/#organization","name":"Romantica NY","url":"https:\/\/romanticany.com\/","logo":{"@type":"ImageObject","inLanguage":"es","@id":"https:\/\/romanticany.com\/#\/schema\/logo\/image\/","url":"https:\/\/romanticany.com\/wp-content\/uploads\/2025\/01\/Logo-Romantica-3.png","contentUrl":"https:\/\/romanticany.com\/wp-content\/uploads\/2025\/01\/Logo-Romantica-3.png","width":1024,"height":1024,"caption":"Romantica NY"},"image":{"@id":"https:\/\/romanticany.com\/#\/schema\/logo\/image\/"}},{"@type":"Person","@id":"https:\/\/romanticany.com\/#\/schema\/person\/be3a3ed4b2ab0af84e4dbe5c3215474c","name":"Romantica NY","image":{"@type":"ImageObject","inLanguage":"es","@id":"https:\/\/romanticany.com\/#\/schema\/person\/image\/","url":"https:\/\/romanticany.com\/wp-content\/uploads\/2025\/01\/cropped-Logo-Romantica-3-96x96.png","contentUrl":"https:\/\/romanticany.com\/wp-content\/uploads\/2025\/01\/cropped-Logo-Romantica-3-96x96.png","caption":"Romantica NY"},"sameAs":["https:\/\/romanticany.com"],"url":"https:\/\/romanticany.com\/?author=1"}]}},"rttpg_featured_image_url":{"full":["https:\/\/romanticany.com\/wp-content\/uploads\/2026\/07\/Portada-567222.jpeg",1024,668,false],"landscape":["https:\/\/romanticany.com\/wp-content\/uploads\/2026\/07\/Portada-567222.jpeg",1024,668,false],"portraits":["https:\/\/romanticany.com\/wp-content\/uploads\/2026\/07\/Portada-567222.jpeg",1024,668,false],"thumbnail":["https:\/\/romanticany.com\/wp-content\/uploads\/2026\/07\/Portada-567222-150x150.jpeg",150,150,true],"medium":["https:\/\/romanticany.com\/wp-content\/uploads\/2026\/07\/Portada-567222-300x196.jpeg",300,196,true],"large":["https:\/\/romanticany.com\/wp-content\/uploads\/2026\/07\/Portada-567222.jpeg",640,418,false],"1536x1536":["https:\/\/romanticany.com\/wp-content\/uploads\/2026\/07\/Portada-567222.jpeg",1024,668,false],"2048x2048":["https:\/\/romanticany.com\/wp-content\/uploads\/2026\/07\/Portada-567222.jpeg",1024,668,false]},"rttpg_author":{"display_name":"Romantica NY","author_link":"https:\/\/romanticany.com\/?author=1"},"rttpg_comment":0,"rttpg_category":"<a href=\"https:\/\/romanticany.com\/?cat=3\" rel=\"category\">Arte, Entretenimiento y Cultura<\/a>","rttpg_excerpt":"Los homenajes fueron entregados durante el acto de Coronaci\u00f3n de la 37.\u00aa Gran Parada Dominicana del Bronx Por Aquiles Rojas NUEVA YORK.\u2013 La Gran Parada Dominicana del Bronx reconoci\u00f3 este s\u00e1bado a cinco destacadas personalidades de la provincia de San Crist\u00f3bal durante el tradicional acto de Coronaci\u00f3n de la 37.\u00aa edici\u00f3n del evento, en honor&hellip;","_links":{"self":[{"href":"https:\/\/romanticany.com\/index.php?rest_route=\/wp\/v2\/posts\/112583","targetHints":{"allow":["GET"]}}],"collection":[{"href":"https:\/\/romanticany.com\/index.php?rest_route=\/wp\/v2\/posts"}],"about":[{"href":"https:\/\/romanticany.com\/index.php?rest_route=\/wp\/v2\/types\/post"}],"author":[{"embeddable":true,"href":"https:\/\/romanticany.com\/index.php?rest_route=\/wp\/v2\/users\/1"}],"replies":[{"embeddable":true,"href":"https:\/\/romanticany.com\/index.php?rest_route=%2Fwp%2Fv2%2Fcomments&post=112583"}],"version-history":[{"count":2,"href":"https:\/\/romanticany.com\/index.php?rest_route=\/wp\/v2\/posts\/112583\/revisions"}],"predecessor-version":[{"id":112590,"href":"https:\/\/romanticany.com\/index.php?rest_route=\/wp\/v2\/posts\/112583\/revisions\/112590"}],"wp:featuredmedia":[{"embeddable":true,"href":"https:\/\/romanticany.com\/index.php?rest_route=\/wp\/v2\/media\/112584"}],"wp:attachment":[{"href":"https:\/\/romanticany.com\/index.php?rest_route=%2Fwp%2Fv2%2Fmedia&parent=112583"}],"wp:term":[{"taxonomy":"category","embeddable":true,"href":"https:\/\/romanticany.com\/index.php?rest_route=%2Fwp%2Fv2%2Fcategories&post=112583"},{"taxonomy":"post_tag","embeddable":true,"href":"https:\/\/romanticany.com\/index.php?rest_route=%2Fwp%2Fv2%2Ftags&post=112583"}],"curies":[{"name":"wp","href":"https:\/\/api.w.org\/{rel}","templated":true}]}}