{"id":112609,"date":"2026-07-20T16:28:26","date_gmt":"2026-07-20T20:28:26","guid":{"rendered":"https:\/\/romanticany.com\/?p=112609"},"modified":"2026-07-20T16:28:28","modified_gmt":"2026-07-20T20:28:28","slug":"abinader-inaugura-el-tunel-de-la-plaza-de-la-bandera-una-obra-que-mejora-la-movilidad-y-conecta-el-sur-con-santo-domingo","status":"publish","type":"post","link":"https:\/\/romanticany.com\/?p=112609","title":{"rendered":"\u00abAbinader inaugura el t\u00fanel de la Plaza de la Bandera: Una obra que mejora la movilidad y conecta el Sur con Santo Domingo\u00bb"},"content":{"rendered":"\n<p class=\"wp-block-paragraph\">El <strong>presidente Luis Abinader<\/strong> inaugur\u00f3 este <strong>domingo 19 de julio de 2026<\/strong> el <strong>t\u00fanel de la Plaza de la Bandera<\/strong>, una <strong>obra estrat\u00e9gica<\/strong> que <strong>redefine la movilidad en el Gran Santo Domingo<\/strong> y <strong>facilita la salida hacia la regi\u00f3n Sur<\/strong>. Este proyecto, que <strong>beneficiar\u00e1 a unas 300,000 personas<\/strong>, es uno de los <strong>logros m\u00e1s significativos<\/strong> de su gesti\u00f3n en materia de <strong>infraestructura vial<\/strong>.<\/p>\n\n\n\n<h4 class=\"wp-block-heading\"><strong>Detalles del t\u00fanel<\/strong><\/h4>\n\n\n\n<ul class=\"wp-block-list\">\n<li><strong>Longitud<\/strong>: 1.2 kil\u00f3metros.<\/li>\n\n\n\n<li><strong>Capacidad<\/strong>: <strong>2,500 veh\u00edculos por hora<\/strong>.<\/li>\n\n\n\n<li><strong>Estructura<\/strong>: Cuatro carriles que permiten el <strong>paso soterrado por debajo de la Plaza de la Bandera<\/strong>, eliminando un <strong>punto de congesti\u00f3n clave<\/strong> en la salida hacia el Sur.<\/li>\n<\/ul>\n\n\n\n<h4 class=\"wp-block-heading\"><strong>Financiamiento y impacto<\/strong><\/h4>\n\n\n\n<p class=\"wp-block-paragraph\">La obra, con una <strong>inversi\u00f3n de RD$3,300 millones<\/strong>, fue posible gracias a la <strong>renegociaci\u00f3n del contrato con Aeropuertos Dominicanos Siglo XXI (Aerodom)<\/strong>. El presidente Abinader <strong>destac\u00f3<\/strong> que este proyecto es un <strong>ejemplo de c\u00f3mo los recursos p\u00fablicos pueden convertirse en infraestructura<\/strong> que mejora la <strong>competitividad del pa\u00eds<\/strong> y la <strong>calidad de vida<\/strong> de los ciudadanos.<\/p>\n\n\n\n<h4 class=\"wp-block-heading\"><strong>Un eje de desarrollo para el Sur<\/strong><\/h4>\n\n\n\n<p class=\"wp-block-paragraph\">El t\u00fanel es parte de un <strong>plan integral<\/strong> para modernizar la <strong>infraestructura vial<\/strong> y fortalecer la <strong>conectividad con la regi\u00f3n Sur<\/strong>. Entre las obras complementarias, el presidente mencion\u00f3:<\/p>\n\n\n\n<ul class=\"wp-block-list\">\n<li><strong>Paso a desnivel de Pintura<\/strong>.<\/li>\n\n\n\n<li><strong>Circunvalaciones de Ban\u00ed y Azua<\/strong>.<\/li>\n\n\n\n<li><strong>Extensi\u00f3n del telef\u00e9rico de Santo Domingo hacia Haina<\/strong> y su conexi\u00f3n con el <strong>Metro de Los Alcarrizos<\/strong>.<\/li>\n\n\n\n<li><strong>Mejoras en carreteras<\/strong> que conectan <strong>San Crist\u00f3bal, Peravia, Azua, Barahona y Pedernales<\/strong>.<\/li>\n<\/ul>\n\n\n\n<h4 class=\"wp-block-heading\"><strong>Seguridad y dise\u00f1o<\/strong><\/h4>\n\n\n\n<p class=\"wp-block-paragraph\">El t\u00fanel cuenta con <strong>sistemas de ventilaci\u00f3n, equipos contra incendios, plantas el\u00e9ctricas de emergencia y monitoreo conectado al Sistema 911<\/strong>. Adem\u00e1s, la obra <strong>respet\u00f3 el valor hist\u00f3rico<\/strong> de la Plaza de la Bandera, integrando <strong>desarrollo urbano y conservaci\u00f3n del patrimonio<\/strong>.<\/p>\n\n\n\n<p class=\"wp-block-paragraph\"><em>\u00abDebajo de esta plaza circular\u00e1 el futuro; sobre ella permanece nuestra historia\u00bb<\/em>, expres\u00f3 el presidente Abinader, destacando que la obra <strong>combina progreso, movilidad y visi\u00f3n de futuro<\/strong>.<\/p>\n","protected":false},"excerpt":{"rendered":"<p>El presidente Luis Abinader inaugur\u00f3 este domingo 19 de julio de 2026 el t\u00fanel de la Plaza de la Bandera, una obra estrat\u00e9gica que redefine la movilidad en el Gran Santo Domingo y facilita la salida hacia la regi\u00f3n Sur. Este proyecto, que beneficiar\u00e1 a unas 300,000 personas, es uno de los logros m\u00e1s significativos [&hellip;]<\/p>\n","protected":false},"author":1,"featured_media":112610,"comment_status":"open","ping_status":"closed","sticky":false,"template":"","format":"standard","meta":{"footnotes":""},"categories":[11],"tags":[],"class_list":["post-112609","post","type-post","status-publish","format-standard","has-post-thumbnail","hentry","category-politica"],"yoast_head":"<!-- This site is optimized with the Yoast SEO plugin v24.5 - https:\/\/yoast.com\/wordpress\/plugins\/seo\/ -->\n<title>&quot;Abinader inaugura el t\u00fanel de la Plaza de la Bandera: Una obra que mejora la movilidad y conecta el Sur con Santo Domingo&quot; - Romantica NY<\/title>\n<meta name=\"robots\" content=\"index, follow, max-snippet:-1, max-image-preview:large, max-video-preview:-1\" \/>\n<link rel=\"canonical\" href=\"https:\/\/romanticany.com\/?p=112609\" \/>\n<meta property=\"og:locale\" content=\"es_ES\" \/>\n<meta property=\"og:type\" content=\"article\" \/>\n<meta property=\"og:title\" content=\"&quot;Abinader inaugura el t\u00fanel de la Plaza de la Bandera: Una obra que mejora la movilidad y conecta el Sur con Santo Domingo&quot; - Romantica NY\" \/>\n<meta property=\"og:description\" content=\"El presidente Luis Abinader inaugur\u00f3 este domingo 19 de julio de 2026 el t\u00fanel de la Plaza de la Bandera, una obra estrat\u00e9gica que redefine la movilidad en el Gran Santo Domingo y facilita la salida hacia la regi\u00f3n Sur. Este proyecto, que beneficiar\u00e1 a unas 300,000 personas, es uno de los logros m\u00e1s significativos [&hellip;]\" \/>\n<meta property=\"og:url\" content=\"https:\/\/romanticany.com\/?p=112609\" \/>\n<meta property=\"og:site_name\" content=\"Romantica NY\" \/>\n<meta property=\"article:published_time\" content=\"2026-07-20T20:28:26+00:00\" \/>\n<meta property=\"article:modified_time\" content=\"2026-07-20T20:28:28+00:00\" \/>\n<meta property=\"og:image\" content=\"https:\/\/romanticany.com\/wp-content\/uploads\/2026\/07\/1001866644.jpg\" \/>\n\t<meta property=\"og:image:width\" content=\"1300\" \/>\n\t<meta property=\"og:image:height\" content=\"731\" \/>\n\t<meta property=\"og:image:type\" content=\"image\/jpeg\" \/>\n<meta name=\"author\" content=\"Romantica NY\" \/>\n<meta name=\"twitter:card\" content=\"summary_large_image\" \/>\n<meta name=\"twitter:label1\" content=\"Escrito por\" \/>\n\t<meta name=\"twitter:data1\" content=\"Romantica NY\" \/>\n\t<meta name=\"twitter:label2\" content=\"Tiempo de lectura\" \/>\n\t<meta name=\"twitter:data2\" content=\"2 minutos\" \/>\n<script type=\"application\/ld+json\" class=\"yoast-schema-graph\">{\"@context\":\"https:\/\/schema.org\",\"@graph\":[{\"@type\":\"Article\",\"@id\":\"https:\/\/romanticany.com\/?p=112609#article\",\"isPartOf\":{\"@id\":\"https:\/\/romanticany.com\/?p=112609\"},\"author\":{\"name\":\"Romantica NY\",\"@id\":\"https:\/\/romanticany.com\/#\/schema\/person\/be3a3ed4b2ab0af84e4dbe5c3215474c\"},\"headline\":\"\u00abAbinader inaugura el t\u00fanel de la Plaza de la Bandera: Una obra que mejora la movilidad y conecta el Sur con Santo Domingo\u00bb\",\"datePublished\":\"2026-07-20T20:28:26+00:00\",\"dateModified\":\"2026-07-20T20:28:28+00:00\",\"mainEntityOfPage\":{\"@id\":\"https:\/\/romanticany.com\/?p=112609\"},\"wordCount\":350,\"commentCount\":0,\"publisher\":{\"@id\":\"https:\/\/romanticany.com\/#organization\"},\"image\":{\"@id\":\"https:\/\/romanticany.com\/?p=112609#primaryimage\"},\"thumbnailUrl\":\"https:\/\/romanticany.com\/wp-content\/uploads\/2026\/07\/1001866644.jpg\",\"articleSection\":[\"Pol\u00edtica\"],\"inLanguage\":\"es\",\"potentialAction\":[{\"@type\":\"CommentAction\",\"name\":\"Comment\",\"target\":[\"https:\/\/romanticany.com\/?p=112609#respond\"]}]},{\"@type\":\"WebPage\",\"@id\":\"https:\/\/romanticany.com\/?p=112609\",\"url\":\"https:\/\/romanticany.com\/?p=112609\",\"name\":\"\\\"Abinader inaugura el t\u00fanel de la Plaza de la Bandera: Una obra que mejora la movilidad y conecta el Sur con Santo Domingo\\\" - Romantica NY\",\"isPartOf\":{\"@id\":\"https:\/\/romanticany.com\/#website\"},\"primaryImageOfPage\":{\"@id\":\"https:\/\/romanticany.com\/?p=112609#primaryimage\"},\"image\":{\"@id\":\"https:\/\/romanticany.com\/?p=112609#primaryimage\"},\"thumbnailUrl\":\"https:\/\/romanticany.com\/wp-content\/uploads\/2026\/07\/1001866644.jpg\",\"datePublished\":\"2026-07-20T20:28:26+00:00\",\"dateModified\":\"2026-07-20T20:28:28+00:00\",\"breadcrumb\":{\"@id\":\"https:\/\/romanticany.com\/?p=112609#breadcrumb\"},\"inLanguage\":\"es\",\"potentialAction\":[{\"@type\":\"ReadAction\",\"target\":[\"https:\/\/romanticany.com\/?p=112609\"]}]},{\"@type\":\"ImageObject\",\"inLanguage\":\"es\",\"@id\":\"https:\/\/romanticany.com\/?p=112609#primaryimage\",\"url\":\"https:\/\/romanticany.com\/wp-content\/uploads\/2026\/07\/1001866644.jpg\",\"contentUrl\":\"https:\/\/romanticany.com\/wp-content\/uploads\/2026\/07\/1001866644.jpg\",\"width\":1300,\"height\":731},{\"@type\":\"BreadcrumbList\",\"@id\":\"https:\/\/romanticany.com\/?p=112609#breadcrumb\",\"itemListElement\":[{\"@type\":\"ListItem\",\"position\":1,\"name\":\"Portada\",\"item\":\"https:\/\/romanticany.com\/\"},{\"@type\":\"ListItem\",\"position\":2,\"name\":\"\u00abAbinader inaugura el t\u00fanel de la Plaza de la Bandera: Una obra que mejora la movilidad y conecta el Sur con Santo Domingo\u00bb\"}]},{\"@type\":\"WebSite\",\"@id\":\"https:\/\/romanticany.com\/#website\",\"url\":\"https:\/\/romanticany.com\/\",\"name\":\"Romantica NY\",\"description\":\"AHORA CON SU PERIODICO DIGITAL Y LA MUSICA MAS ROMANTICA EN LA GRAN MANZANA, USA\",\"publisher\":{\"@id\":\"https:\/\/romanticany.com\/#organization\"},\"potentialAction\":[{\"@type\":\"SearchAction\",\"target\":{\"@type\":\"EntryPoint\",\"urlTemplate\":\"https:\/\/romanticany.com\/?s={search_term_string}\"},\"query-input\":{\"@type\":\"PropertyValueSpecification\",\"valueRequired\":true,\"valueName\":\"search_term_string\"}}],\"inLanguage\":\"es\"},{\"@type\":\"Organization\",\"@id\":\"https:\/\/romanticany.com\/#organization\",\"name\":\"Romantica NY\",\"url\":\"https:\/\/romanticany.com\/\",\"logo\":{\"@type\":\"ImageObject\",\"inLanguage\":\"es\",\"@id\":\"https:\/\/romanticany.com\/#\/schema\/logo\/image\/\",\"url\":\"https:\/\/romanticany.com\/wp-content\/uploads\/2025\/01\/Logo-Romantica-3.png\",\"contentUrl\":\"https:\/\/romanticany.com\/wp-content\/uploads\/2025\/01\/Logo-Romantica-3.png\",\"width\":1024,\"height\":1024,\"caption\":\"Romantica NY\"},\"image\":{\"@id\":\"https:\/\/romanticany.com\/#\/schema\/logo\/image\/\"}},{\"@type\":\"Person\",\"@id\":\"https:\/\/romanticany.com\/#\/schema\/person\/be3a3ed4b2ab0af84e4dbe5c3215474c\",\"name\":\"Romantica NY\",\"image\":{\"@type\":\"ImageObject\",\"inLanguage\":\"es\",\"@id\":\"https:\/\/romanticany.com\/#\/schema\/person\/image\/\",\"url\":\"https:\/\/romanticany.com\/wp-content\/uploads\/2025\/01\/cropped-Logo-Romantica-3-96x96.png\",\"contentUrl\":\"https:\/\/romanticany.com\/wp-content\/uploads\/2025\/01\/cropped-Logo-Romantica-3-96x96.png\",\"caption\":\"Romantica NY\"},\"sameAs\":[\"https:\/\/romanticany.com\"],\"url\":\"https:\/\/romanticany.com\/?author=1\"}]}<\/script>\n<!-- \/ Yoast SEO plugin. -->","yoast_head_json":{"title":"\"Abinader inaugura el t\u00fanel de la Plaza de la Bandera: Una obra que mejora la movilidad y conecta el Sur con Santo Domingo\" - Romantica NY","robots":{"index":"index","follow":"follow","max-snippet":"max-snippet:-1","max-image-preview":"max-image-preview:large","max-video-preview":"max-video-preview:-1"},"canonical":"https:\/\/romanticany.com\/?p=112609","og_locale":"es_ES","og_type":"article","og_title":"\"Abinader inaugura el t\u00fanel de la Plaza de la Bandera: Una obra que mejora la movilidad y conecta el Sur con Santo Domingo\" - Romantica NY","og_description":"El presidente Luis Abinader inaugur\u00f3 este domingo 19 de julio de 2026 el t\u00fanel de la Plaza de la Bandera, una obra estrat\u00e9gica que redefine la movilidad en el Gran Santo Domingo y facilita la salida hacia la regi\u00f3n Sur. Este proyecto, que beneficiar\u00e1 a unas 300,000 personas, es uno de los logros m\u00e1s significativos [&hellip;]","og_url":"https:\/\/romanticany.com\/?p=112609","og_site_name":"Romantica NY","article_published_time":"2026-07-20T20:28:26+00:00","article_modified_time":"2026-07-20T20:28:28+00:00","og_image":[{"width":1300,"height":731,"url":"https:\/\/romanticany.com\/wp-content\/uploads\/2026\/07\/1001866644.jpg","type":"image\/jpeg"}],"author":"Romantica NY","twitter_card":"summary_large_image","twitter_misc":{"Escrito por":"Romantica NY","Tiempo de lectura":"2 minutos"},"schema":{"@context":"https:\/\/schema.org","@graph":[{"@type":"Article","@id":"https:\/\/romanticany.com\/?p=112609#article","isPartOf":{"@id":"https:\/\/romanticany.com\/?p=112609"},"author":{"name":"Romantica NY","@id":"https:\/\/romanticany.com\/#\/schema\/person\/be3a3ed4b2ab0af84e4dbe5c3215474c"},"headline":"\u00abAbinader inaugura el t\u00fanel de la Plaza de la Bandera: Una obra que mejora la movilidad y conecta el Sur con Santo Domingo\u00bb","datePublished":"2026-07-20T20:28:26+00:00","dateModified":"2026-07-20T20:28:28+00:00","mainEntityOfPage":{"@id":"https:\/\/romanticany.com\/?p=112609"},"wordCount":350,"commentCount":0,"publisher":{"@id":"https:\/\/romanticany.com\/#organization"},"image":{"@id":"https:\/\/romanticany.com\/?p=112609#primaryimage"},"thumbnailUrl":"https:\/\/romanticany.com\/wp-content\/uploads\/2026\/07\/1001866644.jpg","articleSection":["Pol\u00edtica"],"inLanguage":"es","potentialAction":[{"@type":"CommentAction","name":"Comment","target":["https:\/\/romanticany.com\/?p=112609#respond"]}]},{"@type":"WebPage","@id":"https:\/\/romanticany.com\/?p=112609","url":"https:\/\/romanticany.com\/?p=112609","name":"\"Abinader inaugura el t\u00fanel de la Plaza de la Bandera: Una obra que mejora la movilidad y conecta el Sur con Santo Domingo\" - Romantica NY","isPartOf":{"@id":"https:\/\/romanticany.com\/#website"},"primaryImageOfPage":{"@id":"https:\/\/romanticany.com\/?p=112609#primaryimage"},"image":{"@id":"https:\/\/romanticany.com\/?p=112609#primaryimage"},"thumbnailUrl":"https:\/\/romanticany.com\/wp-content\/uploads\/2026\/07\/1001866644.jpg","datePublished":"2026-07-20T20:28:26+00:00","dateModified":"2026-07-20T20:28:28+00:00","breadcrumb":{"@id":"https:\/\/romanticany.com\/?p=112609#breadcrumb"},"inLanguage":"es","potentialAction":[{"@type":"ReadAction","target":["https:\/\/romanticany.com\/?p=112609"]}]},{"@type":"ImageObject","inLanguage":"es","@id":"https:\/\/romanticany.com\/?p=112609#primaryimage","url":"https:\/\/romanticany.com\/wp-content\/uploads\/2026\/07\/1001866644.jpg","contentUrl":"https:\/\/romanticany.com\/wp-content\/uploads\/2026\/07\/1001866644.jpg","width":1300,"height":731},{"@type":"BreadcrumbList","@id":"https:\/\/romanticany.com\/?p=112609#breadcrumb","itemListElement":[{"@type":"ListItem","position":1,"name":"Portada","item":"https:\/\/romanticany.com\/"},{"@type":"ListItem","position":2,"name":"\u00abAbinader inaugura el t\u00fanel de la Plaza de la Bandera: Una obra que mejora la movilidad y conecta el Sur con Santo Domingo\u00bb"}]},{"@type":"WebSite","@id":"https:\/\/romanticany.com\/#website","url":"https:\/\/romanticany.com\/","name":"Romantica NY","description":"AHORA CON SU PERIODICO DIGITAL Y LA MUSICA MAS ROMANTICA EN LA GRAN MANZANA, USA","publisher":{"@id":"https:\/\/romanticany.com\/#organization"},"potentialAction":[{"@type":"SearchAction","target":{"@type":"EntryPoint","urlTemplate":"https:\/\/romanticany.com\/?s={search_term_string}"},"query-input":{"@type":"PropertyValueSpecification","valueRequired":true,"valueName":"search_term_string"}}],"inLanguage":"es"},{"@type":"Organization","@id":"https:\/\/romanticany.com\/#organization","name":"Romantica NY","url":"https:\/\/romanticany.com\/","logo":{"@type":"ImageObject","inLanguage":"es","@id":"https:\/\/romanticany.com\/#\/schema\/logo\/image\/","url":"https:\/\/romanticany.com\/wp-content\/uploads\/2025\/01\/Logo-Romantica-3.png","contentUrl":"https:\/\/romanticany.com\/wp-content\/uploads\/2025\/01\/Logo-Romantica-3.png","width":1024,"height":1024,"caption":"Romantica NY"},"image":{"@id":"https:\/\/romanticany.com\/#\/schema\/logo\/image\/"}},{"@type":"Person","@id":"https:\/\/romanticany.com\/#\/schema\/person\/be3a3ed4b2ab0af84e4dbe5c3215474c","name":"Romantica NY","image":{"@type":"ImageObject","inLanguage":"es","@id":"https:\/\/romanticany.com\/#\/schema\/person\/image\/","url":"https:\/\/romanticany.com\/wp-content\/uploads\/2025\/01\/cropped-Logo-Romantica-3-96x96.png","contentUrl":"https:\/\/romanticany.com\/wp-content\/uploads\/2025\/01\/cropped-Logo-Romantica-3-96x96.png","caption":"Romantica NY"},"sameAs":["https:\/\/romanticany.com"],"url":"https:\/\/romanticany.com\/?author=1"}]}},"rttpg_featured_image_url":{"full":["https:\/\/romanticany.com\/wp-content\/uploads\/2026\/07\/1001866644.jpg",1300,731,false],"landscape":["https:\/\/romanticany.com\/wp-content\/uploads\/2026\/07\/1001866644.jpg",1300,731,false],"portraits":["https:\/\/romanticany.com\/wp-content\/uploads\/2026\/07\/1001866644.jpg",1300,731,false],"thumbnail":["https:\/\/romanticany.com\/wp-content\/uploads\/2026\/07\/1001866644-150x150.jpg",150,150,true],"medium":["https:\/\/romanticany.com\/wp-content\/uploads\/2026\/07\/1001866644-300x169.jpg",300,169,true],"large":["https:\/\/romanticany.com\/wp-content\/uploads\/2026\/07\/1001866644-1024x576.jpg",640,360,true],"1536x1536":["https:\/\/romanticany.com\/wp-content\/uploads\/2026\/07\/1001866644.jpg",1300,731,false],"2048x2048":["https:\/\/romanticany.com\/wp-content\/uploads\/2026\/07\/1001866644.jpg",1300,731,false]},"rttpg_author":{"display_name":"Romantica NY","author_link":"https:\/\/romanticany.com\/?author=1"},"rttpg_comment":0,"rttpg_category":"<a href=\"https:\/\/romanticany.com\/?cat=11\" rel=\"category\">Pol\u00edtica<\/a>","rttpg_excerpt":"El presidente Luis Abinader inaugur\u00f3 este domingo 19 de julio de 2026 el t\u00fanel de la Plaza de la Bandera, una obra estrat\u00e9gica que redefine la movilidad en el Gran Santo Domingo y facilita la salida hacia la regi\u00f3n Sur. Este proyecto, que beneficiar\u00e1 a unas 300,000 personas, es uno de los logros m\u00e1s significativos&hellip;","_links":{"self":[{"href":"https:\/\/romanticany.com\/index.php?rest_route=\/wp\/v2\/posts\/112609","targetHints":{"allow":["GET"]}}],"collection":[{"href":"https:\/\/romanticany.com\/index.php?rest_route=\/wp\/v2\/posts"}],"about":[{"href":"https:\/\/romanticany.com\/index.php?rest_route=\/wp\/v2\/types\/post"}],"author":[{"embeddable":true,"href":"https:\/\/romanticany.com\/index.php?rest_route=\/wp\/v2\/users\/1"}],"replies":[{"embeddable":true,"href":"https:\/\/romanticany.com\/index.php?rest_route=%2Fwp%2Fv2%2Fcomments&post=112609"}],"version-history":[{"count":1,"href":"https:\/\/romanticany.com\/index.php?rest_route=\/wp\/v2\/posts\/112609\/revisions"}],"predecessor-version":[{"id":112611,"href":"https:\/\/romanticany.com\/index.php?rest_route=\/wp\/v2\/posts\/112609\/revisions\/112611"}],"wp:featuredmedia":[{"embeddable":true,"href":"https:\/\/romanticany.com\/index.php?rest_route=\/wp\/v2\/media\/112610"}],"wp:attachment":[{"href":"https:\/\/romanticany.com\/index.php?rest_route=%2Fwp%2Fv2%2Fmedia&parent=112609"}],"wp:term":[{"taxonomy":"category","embeddable":true,"href":"https:\/\/romanticany.com\/index.php?rest_route=%2Fwp%2Fv2%2Fcategories&post=112609"},{"taxonomy":"post_tag","embeddable":true,"href":"https:\/\/romanticany.com\/index.php?rest_route=%2Fwp%2Fv2%2Ftags&post=112609"}],"curies":[{"name":"wp","href":"https:\/\/api.w.org\/{rel}","templated":true}]}}