{"id":112627,"date":"2026-07-20T18:00:51","date_gmt":"2026-07-20T22:00:51","guid":{"rendered":"https:\/\/romanticany.com\/?p=112627"},"modified":"2026-07-20T18:00:53","modified_gmt":"2026-07-20T22:00:53","slug":"george-alvarez-hace-un-llamado-a-retirar-a-ice-de-las-calles-y-fortalecer-la-rendicion-de-cuentas-en-la-aplicacion-de-las-leyes-migratorias","status":"publish","type":"post","link":"https:\/\/romanticany.com\/?p=112627","title":{"rendered":"George \u00c1lvarez hace un llamado a retirar a ICE de las calles y fortalecer la rendici\u00f3n de cuentas en la aplicaci\u00f3n de las leyes migratorias"},"content":{"rendered":"\n<p class=\"wp-block-paragraph\">El Bronx, NY \u2014 El asamble\u00edsta George \u00c1lvarez expres\u00f3 hoy su profunda preocupaci\u00f3n por el aumento de incidentes fatales relacionados con operativos federales de inmigraci\u00f3n y reiter\u00f3 su llamado al Congreso de los Estados Unidos para retirar al Servicio de Inmigraci\u00f3n y Control de Aduanas (ICE) de las calles, redirigir los recursos destinados a la expansi\u00f3n de la detenci\u00f3n y las deportaciones, y priorizar inversiones en servicios que fortalezcan la seguridad y el bienestar de las comunidades.<\/p>\n\n\n\n<p class=\"wp-block-paragraph\">\u201cUna democracia no pierde su rumbo de un d\u00eda para otro. Es puesta a prueba cuando el miedo se convierte en pol\u00edtica p\u00fablica, cuando la intimidaci\u00f3n se presenta como una herramienta de cumplimiento de la ley y cuando la violencia se justifica como el costo del orden\u201d, manifest\u00f3 el asamble\u00edsta \u00c1lvarez.<\/p>\n\n\n\n<p class=\"wp-block-paragraph\">El legislador se\u00f1al\u00f3 que, desde el regreso del actual presidente a la Casa Blanca, se han reportado m\u00e1s de sesenta muertes de personas bajo custodia de ICE o durante operativos de inmigraci\u00f3n.<\/p>\n\n\n\n<p class=\"wp-block-paragraph\">Entre los casos m\u00e1s recientes mencion\u00f3 a Joan Sebasti\u00e1n Dur\u00e1n Guerrero, un ciudadano colombiano de 26 a\u00f1os autorizado para trabajar en Estados Unidos que falleci\u00f3 tras recibir disparos de agentes de ICE en Maine, y a Lorenzo Salgado Araujo, un trabajador de la construcci\u00f3n en Texas que hab\u00eda residido en el pa\u00eds durante 35 a\u00f1os y que, seg\u00fan su familia, estaba pr\u00f3ximo a regularizar su situaci\u00f3n migratoria, pero muri\u00f3 durante un operativo pese a no ser el objetivo de la intervenci\u00f3n.<\/p>\n\n\n\n<p class=\"wp-block-paragraph\">\u201cDetr\u00e1s de cada una de estas tragedias hay familias, trabajadores y comunidades que enfrentan p\u00e9rdidas irreparables. No podemos permitir que estas muertes se normalicen ni que el ejercicio del poder p\u00fablico se aleje de los principios fundamentales de la dignidad humana y la rendici\u00f3n de cuentas\u201d, afirm\u00f3.<\/p>\n\n\n\n<p class=\"wp-block-paragraph\">\u00c1lvarez sostuvo que los recientes acontecimientos reflejan preocupaciones que trascienden el debate migratorio y plantean interrogantes sobre los l\u00edmites del poder gubernamental y la protecci\u00f3n de los derechos civiles.<\/p>\n\n\n\n<p class=\"wp-block-paragraph\">\u201cCuando agentes operan en veh\u00edculos sin identificaci\u00f3n, cuando trabajadores y transe\u00fantes son apuntados con armas, cuando quienes documentan operativos son amenazados o resultan heridos y cuando los centros de detenci\u00f3n se convierten en escenarios de negligencia y muerte, estamos frente a una discusi\u00f3n sobre el alcance del poder del Estado y el respeto al Estado de derecho\u201d, expres\u00f3.<\/p>\n\n\n\n<p class=\"wp-block-paragraph\">El asamble\u00edsta enfatiz\u00f3 que la rendici\u00f3n de cuentas debe aplicarse a todas las instituciones gubernamentales y afirm\u00f3 que ninguna agencia federal debe estar exenta del cumplimiento de la ley.<\/p>\n\n\n\n<p class=\"wp-block-paragraph\">Como parte de ese llamado, \u00c1lvarez inst\u00f3 al Congreso a retirar a ICE de las calles, congelar y reasignar los recursos destinados a ampliar la detenci\u00f3n, las deportaciones, la vigilancia, la militarizaci\u00f3n de la frontera y la contrataci\u00f3n de nuevos agentes, destinando esos fondos a fortalecer el acceso a la atenci\u00f3n m\u00e9dica, la vivienda, la representaci\u00f3n legal, los servicios de salud mental y otros programas comunitarios que contribuyen a una mayor seguridad p\u00fablica.<\/p>\n\n\n\n<p class=\"wp-block-paragraph\">\u201cEl fortalecimiento de nuestra democracia requiere instituciones transparentes, responsables y comprometidas con la protecci\u00f3n de los derechos humanos. Cada nivel de gobierno tiene la responsabilidad de actuar antes de que los abusos se conviertan en una pr\u00e1ctica aceptada\u201d, concluy\u00f3 el asamble\u00edsta George \u00c1lvarez.<\/p>\n","protected":false},"excerpt":{"rendered":"<p>El Bronx, NY \u2014 El asamble\u00edsta George \u00c1lvarez expres\u00f3 hoy su profunda preocupaci\u00f3n por el aumento de incidentes fatales relacionados con operativos federales de inmigraci\u00f3n y reiter\u00f3 su llamado al Congreso de los Estados Unidos para retirar al Servicio de Inmigraci\u00f3n y Control de Aduanas (ICE) de las calles, redirigir los recursos destinados a la [&hellip;]<\/p>\n","protected":false},"author":1,"featured_media":112628,"comment_status":"open","ping_status":"closed","sticky":false,"template":"","format":"standard","meta":{"footnotes":""},"categories":[11],"tags":[],"class_list":["post-112627","post","type-post","status-publish","format-standard","has-post-thumbnail","hentry","category-politica"],"yoast_head":"<!-- This site is optimized with the Yoast SEO plugin v24.5 - https:\/\/yoast.com\/wordpress\/plugins\/seo\/ -->\n<title>George \u00c1lvarez hace un llamado a retirar a ICE de las calles y fortalecer la rendici\u00f3n de cuentas en la aplicaci\u00f3n de las leyes migratorias - Romantica NY<\/title>\n<meta name=\"robots\" content=\"index, follow, max-snippet:-1, max-image-preview:large, max-video-preview:-1\" \/>\n<link rel=\"canonical\" href=\"https:\/\/romanticany.com\/?p=112627\" \/>\n<meta property=\"og:locale\" content=\"es_ES\" \/>\n<meta property=\"og:type\" content=\"article\" \/>\n<meta property=\"og:title\" content=\"George \u00c1lvarez hace un llamado a retirar a ICE de las calles y fortalecer la rendici\u00f3n de cuentas en la aplicaci\u00f3n de las leyes migratorias - Romantica NY\" \/>\n<meta property=\"og:description\" content=\"El Bronx, NY \u2014 El asamble\u00edsta George \u00c1lvarez expres\u00f3 hoy su profunda preocupaci\u00f3n por el aumento de incidentes fatales relacionados con operativos federales de inmigraci\u00f3n y reiter\u00f3 su llamado al Congreso de los Estados Unidos para retirar al Servicio de Inmigraci\u00f3n y Control de Aduanas (ICE) de las calles, redirigir los recursos destinados a la [&hellip;]\" \/>\n<meta property=\"og:url\" content=\"https:\/\/romanticany.com\/?p=112627\" \/>\n<meta property=\"og:site_name\" content=\"Romantica NY\" \/>\n<meta property=\"article:published_time\" content=\"2026-07-20T22:00:51+00:00\" \/>\n<meta property=\"article:modified_time\" content=\"2026-07-20T22:00:53+00:00\" \/>\n<meta property=\"og:image\" content=\"https:\/\/romanticany.com\/wp-content\/uploads\/2026\/07\/WhatsApp-Image-2026-07-20-at-10.31.16-AM.jpeg\" \/>\n\t<meta property=\"og:image:width\" content=\"1232\" \/>\n\t<meta property=\"og:image:height\" content=\"728\" \/>\n\t<meta property=\"og:image:type\" content=\"image\/jpeg\" \/>\n<meta name=\"author\" content=\"Romantica NY\" \/>\n<meta name=\"twitter:card\" content=\"summary_large_image\" \/>\n<meta name=\"twitter:label1\" content=\"Escrito por\" \/>\n\t<meta name=\"twitter:data1\" content=\"Romantica NY\" \/>\n\t<meta name=\"twitter:label2\" content=\"Tiempo de lectura\" \/>\n\t<meta name=\"twitter:data2\" content=\"3 minutos\" \/>\n<script type=\"application\/ld+json\" class=\"yoast-schema-graph\">{\"@context\":\"https:\/\/schema.org\",\"@graph\":[{\"@type\":\"Article\",\"@id\":\"https:\/\/romanticany.com\/?p=112627#article\",\"isPartOf\":{\"@id\":\"https:\/\/romanticany.com\/?p=112627\"},\"author\":{\"name\":\"Romantica NY\",\"@id\":\"https:\/\/romanticany.com\/#\/schema\/person\/be3a3ed4b2ab0af84e4dbe5c3215474c\"},\"headline\":\"George \u00c1lvarez hace un llamado a retirar a ICE de las calles y fortalecer la rendici\u00f3n de cuentas en la aplicaci\u00f3n de las leyes migratorias\",\"datePublished\":\"2026-07-20T22:00:51+00:00\",\"dateModified\":\"2026-07-20T22:00:53+00:00\",\"mainEntityOfPage\":{\"@id\":\"https:\/\/romanticany.com\/?p=112627\"},\"wordCount\":593,\"commentCount\":0,\"publisher\":{\"@id\":\"https:\/\/romanticany.com\/#organization\"},\"image\":{\"@id\":\"https:\/\/romanticany.com\/?p=112627#primaryimage\"},\"thumbnailUrl\":\"https:\/\/romanticany.com\/wp-content\/uploads\/2026\/07\/WhatsApp-Image-2026-07-20-at-10.31.16-AM.jpeg\",\"articleSection\":[\"Pol\u00edtica\"],\"inLanguage\":\"es\",\"potentialAction\":[{\"@type\":\"CommentAction\",\"name\":\"Comment\",\"target\":[\"https:\/\/romanticany.com\/?p=112627#respond\"]}]},{\"@type\":\"WebPage\",\"@id\":\"https:\/\/romanticany.com\/?p=112627\",\"url\":\"https:\/\/romanticany.com\/?p=112627\",\"name\":\"George \u00c1lvarez hace un llamado a retirar a ICE de las calles y fortalecer la rendici\u00f3n de cuentas en la aplicaci\u00f3n de las leyes migratorias - Romantica NY\",\"isPartOf\":{\"@id\":\"https:\/\/romanticany.com\/#website\"},\"primaryImageOfPage\":{\"@id\":\"https:\/\/romanticany.com\/?p=112627#primaryimage\"},\"image\":{\"@id\":\"https:\/\/romanticany.com\/?p=112627#primaryimage\"},\"thumbnailUrl\":\"https:\/\/romanticany.com\/wp-content\/uploads\/2026\/07\/WhatsApp-Image-2026-07-20-at-10.31.16-AM.jpeg\",\"datePublished\":\"2026-07-20T22:00:51+00:00\",\"dateModified\":\"2026-07-20T22:00:53+00:00\",\"breadcrumb\":{\"@id\":\"https:\/\/romanticany.com\/?p=112627#breadcrumb\"},\"inLanguage\":\"es\",\"potentialAction\":[{\"@type\":\"ReadAction\",\"target\":[\"https:\/\/romanticany.com\/?p=112627\"]}]},{\"@type\":\"ImageObject\",\"inLanguage\":\"es\",\"@id\":\"https:\/\/romanticany.com\/?p=112627#primaryimage\",\"url\":\"https:\/\/romanticany.com\/wp-content\/uploads\/2026\/07\/WhatsApp-Image-2026-07-20-at-10.31.16-AM.jpeg\",\"contentUrl\":\"https:\/\/romanticany.com\/wp-content\/uploads\/2026\/07\/WhatsApp-Image-2026-07-20-at-10.31.16-AM.jpeg\",\"width\":1232,\"height\":728},{\"@type\":\"BreadcrumbList\",\"@id\":\"https:\/\/romanticany.com\/?p=112627#breadcrumb\",\"itemListElement\":[{\"@type\":\"ListItem\",\"position\":1,\"name\":\"Portada\",\"item\":\"https:\/\/romanticany.com\/\"},{\"@type\":\"ListItem\",\"position\":2,\"name\":\"George \u00c1lvarez hace un llamado a retirar a ICE de las calles y fortalecer la rendici\u00f3n de cuentas en la aplicaci\u00f3n de las leyes migratorias\"}]},{\"@type\":\"WebSite\",\"@id\":\"https:\/\/romanticany.com\/#website\",\"url\":\"https:\/\/romanticany.com\/\",\"name\":\"Romantica NY\",\"description\":\"AHORA CON SU PERIODICO DIGITAL Y LA MUSICA MAS ROMANTICA EN LA GRAN MANZANA, USA\",\"publisher\":{\"@id\":\"https:\/\/romanticany.com\/#organization\"},\"potentialAction\":[{\"@type\":\"SearchAction\",\"target\":{\"@type\":\"EntryPoint\",\"urlTemplate\":\"https:\/\/romanticany.com\/?s={search_term_string}\"},\"query-input\":{\"@type\":\"PropertyValueSpecification\",\"valueRequired\":true,\"valueName\":\"search_term_string\"}}],\"inLanguage\":\"es\"},{\"@type\":\"Organization\",\"@id\":\"https:\/\/romanticany.com\/#organization\",\"name\":\"Romantica NY\",\"url\":\"https:\/\/romanticany.com\/\",\"logo\":{\"@type\":\"ImageObject\",\"inLanguage\":\"es\",\"@id\":\"https:\/\/romanticany.com\/#\/schema\/logo\/image\/\",\"url\":\"https:\/\/romanticany.com\/wp-content\/uploads\/2025\/01\/Logo-Romantica-3.png\",\"contentUrl\":\"https:\/\/romanticany.com\/wp-content\/uploads\/2025\/01\/Logo-Romantica-3.png\",\"width\":1024,\"height\":1024,\"caption\":\"Romantica NY\"},\"image\":{\"@id\":\"https:\/\/romanticany.com\/#\/schema\/logo\/image\/\"}},{\"@type\":\"Person\",\"@id\":\"https:\/\/romanticany.com\/#\/schema\/person\/be3a3ed4b2ab0af84e4dbe5c3215474c\",\"name\":\"Romantica NY\",\"image\":{\"@type\":\"ImageObject\",\"inLanguage\":\"es\",\"@id\":\"https:\/\/romanticany.com\/#\/schema\/person\/image\/\",\"url\":\"https:\/\/romanticany.com\/wp-content\/uploads\/2025\/01\/cropped-Logo-Romantica-3-96x96.png\",\"contentUrl\":\"https:\/\/romanticany.com\/wp-content\/uploads\/2025\/01\/cropped-Logo-Romantica-3-96x96.png\",\"caption\":\"Romantica NY\"},\"sameAs\":[\"https:\/\/romanticany.com\"],\"url\":\"https:\/\/romanticany.com\/?author=1\"}]}<\/script>\n<!-- \/ Yoast SEO plugin. -->","yoast_head_json":{"title":"George \u00c1lvarez hace un llamado a retirar a ICE de las calles y fortalecer la rendici\u00f3n de cuentas en la aplicaci\u00f3n de las leyes migratorias - Romantica NY","robots":{"index":"index","follow":"follow","max-snippet":"max-snippet:-1","max-image-preview":"max-image-preview:large","max-video-preview":"max-video-preview:-1"},"canonical":"https:\/\/romanticany.com\/?p=112627","og_locale":"es_ES","og_type":"article","og_title":"George \u00c1lvarez hace un llamado a retirar a ICE de las calles y fortalecer la rendici\u00f3n de cuentas en la aplicaci\u00f3n de las leyes migratorias - Romantica NY","og_description":"El Bronx, NY \u2014 El asamble\u00edsta George \u00c1lvarez expres\u00f3 hoy su profunda preocupaci\u00f3n por el aumento de incidentes fatales relacionados con operativos federales de inmigraci\u00f3n y reiter\u00f3 su llamado al Congreso de los Estados Unidos para retirar al Servicio de Inmigraci\u00f3n y Control de Aduanas (ICE) de las calles, redirigir los recursos destinados a la [&hellip;]","og_url":"https:\/\/romanticany.com\/?p=112627","og_site_name":"Romantica NY","article_published_time":"2026-07-20T22:00:51+00:00","article_modified_time":"2026-07-20T22:00:53+00:00","og_image":[{"width":1232,"height":728,"url":"https:\/\/romanticany.com\/wp-content\/uploads\/2026\/07\/WhatsApp-Image-2026-07-20-at-10.31.16-AM.jpeg","type":"image\/jpeg"}],"author":"Romantica NY","twitter_card":"summary_large_image","twitter_misc":{"Escrito por":"Romantica NY","Tiempo de lectura":"3 minutos"},"schema":{"@context":"https:\/\/schema.org","@graph":[{"@type":"Article","@id":"https:\/\/romanticany.com\/?p=112627#article","isPartOf":{"@id":"https:\/\/romanticany.com\/?p=112627"},"author":{"name":"Romantica NY","@id":"https:\/\/romanticany.com\/#\/schema\/person\/be3a3ed4b2ab0af84e4dbe5c3215474c"},"headline":"George \u00c1lvarez hace un llamado a retirar a ICE de las calles y fortalecer la rendici\u00f3n de cuentas en la aplicaci\u00f3n de las leyes migratorias","datePublished":"2026-07-20T22:00:51+00:00","dateModified":"2026-07-20T22:00:53+00:00","mainEntityOfPage":{"@id":"https:\/\/romanticany.com\/?p=112627"},"wordCount":593,"commentCount":0,"publisher":{"@id":"https:\/\/romanticany.com\/#organization"},"image":{"@id":"https:\/\/romanticany.com\/?p=112627#primaryimage"},"thumbnailUrl":"https:\/\/romanticany.com\/wp-content\/uploads\/2026\/07\/WhatsApp-Image-2026-07-20-at-10.31.16-AM.jpeg","articleSection":["Pol\u00edtica"],"inLanguage":"es","potentialAction":[{"@type":"CommentAction","name":"Comment","target":["https:\/\/romanticany.com\/?p=112627#respond"]}]},{"@type":"WebPage","@id":"https:\/\/romanticany.com\/?p=112627","url":"https:\/\/romanticany.com\/?p=112627","name":"George \u00c1lvarez hace un llamado a retirar a ICE de las calles y fortalecer la rendici\u00f3n de cuentas en la aplicaci\u00f3n de las leyes migratorias - Romantica NY","isPartOf":{"@id":"https:\/\/romanticany.com\/#website"},"primaryImageOfPage":{"@id":"https:\/\/romanticany.com\/?p=112627#primaryimage"},"image":{"@id":"https:\/\/romanticany.com\/?p=112627#primaryimage"},"thumbnailUrl":"https:\/\/romanticany.com\/wp-content\/uploads\/2026\/07\/WhatsApp-Image-2026-07-20-at-10.31.16-AM.jpeg","datePublished":"2026-07-20T22:00:51+00:00","dateModified":"2026-07-20T22:00:53+00:00","breadcrumb":{"@id":"https:\/\/romanticany.com\/?p=112627#breadcrumb"},"inLanguage":"es","potentialAction":[{"@type":"ReadAction","target":["https:\/\/romanticany.com\/?p=112627"]}]},{"@type":"ImageObject","inLanguage":"es","@id":"https:\/\/romanticany.com\/?p=112627#primaryimage","url":"https:\/\/romanticany.com\/wp-content\/uploads\/2026\/07\/WhatsApp-Image-2026-07-20-at-10.31.16-AM.jpeg","contentUrl":"https:\/\/romanticany.com\/wp-content\/uploads\/2026\/07\/WhatsApp-Image-2026-07-20-at-10.31.16-AM.jpeg","width":1232,"height":728},{"@type":"BreadcrumbList","@id":"https:\/\/romanticany.com\/?p=112627#breadcrumb","itemListElement":[{"@type":"ListItem","position":1,"name":"Portada","item":"https:\/\/romanticany.com\/"},{"@type":"ListItem","position":2,"name":"George \u00c1lvarez hace un llamado a retirar a ICE de las calles y fortalecer la rendici\u00f3n de cuentas en la aplicaci\u00f3n de las leyes migratorias"}]},{"@type":"WebSite","@id":"https:\/\/romanticany.com\/#website","url":"https:\/\/romanticany.com\/","name":"Romantica NY","description":"AHORA CON SU PERIODICO DIGITAL Y LA MUSICA MAS ROMANTICA EN LA GRAN MANZANA, USA","publisher":{"@id":"https:\/\/romanticany.com\/#organization"},"potentialAction":[{"@type":"SearchAction","target":{"@type":"EntryPoint","urlTemplate":"https:\/\/romanticany.com\/?s={search_term_string}"},"query-input":{"@type":"PropertyValueSpecification","valueRequired":true,"valueName":"search_term_string"}}],"inLanguage":"es"},{"@type":"Organization","@id":"https:\/\/romanticany.com\/#organization","name":"Romantica NY","url":"https:\/\/romanticany.com\/","logo":{"@type":"ImageObject","inLanguage":"es","@id":"https:\/\/romanticany.com\/#\/schema\/logo\/image\/","url":"https:\/\/romanticany.com\/wp-content\/uploads\/2025\/01\/Logo-Romantica-3.png","contentUrl":"https:\/\/romanticany.com\/wp-content\/uploads\/2025\/01\/Logo-Romantica-3.png","width":1024,"height":1024,"caption":"Romantica NY"},"image":{"@id":"https:\/\/romanticany.com\/#\/schema\/logo\/image\/"}},{"@type":"Person","@id":"https:\/\/romanticany.com\/#\/schema\/person\/be3a3ed4b2ab0af84e4dbe5c3215474c","name":"Romantica NY","image":{"@type":"ImageObject","inLanguage":"es","@id":"https:\/\/romanticany.com\/#\/schema\/person\/image\/","url":"https:\/\/romanticany.com\/wp-content\/uploads\/2025\/01\/cropped-Logo-Romantica-3-96x96.png","contentUrl":"https:\/\/romanticany.com\/wp-content\/uploads\/2025\/01\/cropped-Logo-Romantica-3-96x96.png","caption":"Romantica NY"},"sameAs":["https:\/\/romanticany.com"],"url":"https:\/\/romanticany.com\/?author=1"}]}},"rttpg_featured_image_url":{"full":["https:\/\/romanticany.com\/wp-content\/uploads\/2026\/07\/WhatsApp-Image-2026-07-20-at-10.31.16-AM.jpeg",1232,728,false],"landscape":["https:\/\/romanticany.com\/wp-content\/uploads\/2026\/07\/WhatsApp-Image-2026-07-20-at-10.31.16-AM.jpeg",1232,728,false],"portraits":["https:\/\/romanticany.com\/wp-content\/uploads\/2026\/07\/WhatsApp-Image-2026-07-20-at-10.31.16-AM.jpeg",1232,728,false],"thumbnail":["https:\/\/romanticany.com\/wp-content\/uploads\/2026\/07\/WhatsApp-Image-2026-07-20-at-10.31.16-AM-150x150.jpeg",150,150,true],"medium":["https:\/\/romanticany.com\/wp-content\/uploads\/2026\/07\/WhatsApp-Image-2026-07-20-at-10.31.16-AM-300x177.jpeg",300,177,true],"large":["https:\/\/romanticany.com\/wp-content\/uploads\/2026\/07\/WhatsApp-Image-2026-07-20-at-10.31.16-AM-1024x605.jpeg",640,378,true],"1536x1536":["https:\/\/romanticany.com\/wp-content\/uploads\/2026\/07\/WhatsApp-Image-2026-07-20-at-10.31.16-AM.jpeg",1232,728,false],"2048x2048":["https:\/\/romanticany.com\/wp-content\/uploads\/2026\/07\/WhatsApp-Image-2026-07-20-at-10.31.16-AM.jpeg",1232,728,false]},"rttpg_author":{"display_name":"Romantica NY","author_link":"https:\/\/romanticany.com\/?author=1"},"rttpg_comment":0,"rttpg_category":"<a href=\"https:\/\/romanticany.com\/?cat=11\" rel=\"category\">Pol\u00edtica<\/a>","rttpg_excerpt":"El Bronx, NY \u2014 El asamble\u00edsta George \u00c1lvarez expres\u00f3 hoy su profunda preocupaci\u00f3n por el aumento de incidentes fatales relacionados con operativos federales de inmigraci\u00f3n y reiter\u00f3 su llamado al Congreso de los Estados Unidos para retirar al Servicio de Inmigraci\u00f3n y Control de Aduanas (ICE) de las calles, redirigir los recursos destinados a la&hellip;","_links":{"self":[{"href":"https:\/\/romanticany.com\/index.php?rest_route=\/wp\/v2\/posts\/112627","targetHints":{"allow":["GET"]}}],"collection":[{"href":"https:\/\/romanticany.com\/index.php?rest_route=\/wp\/v2\/posts"}],"about":[{"href":"https:\/\/romanticany.com\/index.php?rest_route=\/wp\/v2\/types\/post"}],"author":[{"embeddable":true,"href":"https:\/\/romanticany.com\/index.php?rest_route=\/wp\/v2\/users\/1"}],"replies":[{"embeddable":true,"href":"https:\/\/romanticany.com\/index.php?rest_route=%2Fwp%2Fv2%2Fcomments&post=112627"}],"version-history":[{"count":1,"href":"https:\/\/romanticany.com\/index.php?rest_route=\/wp\/v2\/posts\/112627\/revisions"}],"predecessor-version":[{"id":112629,"href":"https:\/\/romanticany.com\/index.php?rest_route=\/wp\/v2\/posts\/112627\/revisions\/112629"}],"wp:featuredmedia":[{"embeddable":true,"href":"https:\/\/romanticany.com\/index.php?rest_route=\/wp\/v2\/media\/112628"}],"wp:attachment":[{"href":"https:\/\/romanticany.com\/index.php?rest_route=%2Fwp%2Fv2%2Fmedia&parent=112627"}],"wp:term":[{"taxonomy":"category","embeddable":true,"href":"https:\/\/romanticany.com\/index.php?rest_route=%2Fwp%2Fv2%2Fcategories&post=112627"},{"taxonomy":"post_tag","embeddable":true,"href":"https:\/\/romanticany.com\/index.php?rest_route=%2Fwp%2Fv2%2Ftags&post=112627"}],"curies":[{"name":"wp","href":"https:\/\/api.w.org\/{rel}","templated":true}]}}