{"id":112633,"date":"2026-07-20T19:33:54","date_gmt":"2026-07-20T23:33:54","guid":{"rendered":"https:\/\/romanticany.com\/?p=112633"},"modified":"2026-07-20T19:33:56","modified_gmt":"2026-07-20T23:33:56","slug":"oms-insta-a-europa-a-planificar-todo-el-ano-para-olas-de-calor-no-es-solo-un-problema-de-verano","status":"publish","type":"post","link":"https:\/\/romanticany.com\/?p=112633","title":{"rendered":"\u00abOMS insta a Europa a planificar todo el a\u00f1o para olas de calor: &#8216;No es solo un problema de verano'\u00bb"},"content":{"rendered":"\n<p class=\"wp-block-paragraph\">La <strong>Organizaci\u00f3n Mundial de la Salud (OMS)<\/strong> ha <strong>emitido un llamado urgente<\/strong> a los pa\u00edses europeos para que <strong>incorporen la preparaci\u00f3n para el calor extremo<\/strong> en sus <strong>planes sanitarios anuales<\/strong>, y no solo como una <strong>medida temporal durante el verano<\/strong>. Esta advertencia surge tras el <strong>fallecimiento de casi 10,000 personas<\/strong> en solo <strong>cinco pa\u00edses europeos<\/strong> por causas relacionadas con las <strong>altas temperaturas<\/strong>, una situaci\u00f3n que <strong>podr\u00eda repetirse<\/strong> si no se act\u00faa con rapidez, especialmente porque <strong>Europa se calienta al doble de velocidad que el promedio global<\/strong>.<\/p>\n\n\n\n<h4 class=\"wp-block-heading\"><strong>Nueva gu\u00eda de la OMS para enfrentar el calor<\/strong><\/h4>\n\n\n\n<p class=\"wp-block-paragraph\">Junto a este <strong>llamado a la acci\u00f3n<\/strong>, la <strong>oficina europea de la OMS<\/strong> ha publicado una <strong>gu\u00eda con recomendaciones<\/strong> para <strong>actualizar los planes nacionales frente al calor extremo<\/strong>. La principal innovaci\u00f3n es que <strong>propone integrar el riesgo por calor en el funcionamiento cotidiano de los sistemas de salud<\/strong>, en lugar de <strong>activar respuestas solo cuando se declaran alertas por altas temperaturas<\/strong>.<\/p>\n\n\n\n<h4 class=\"wp-block-heading\"><strong>Recomendaciones clave<\/strong><\/h4>\n\n\n\n<p class=\"wp-block-paragraph\">La gu\u00eda de la OMS incluye <strong>medidas concretas<\/strong> para mejorar la preparaci\u00f3n:<br>\ud83d\udd39 <strong>Adaptar hospitales y centros de salud<\/strong> para que <strong>resistan temperaturas extremas<\/strong>.<br>\ud83d\udd39 <strong>Crear espacios refrigerados<\/strong> accesibles para la poblaci\u00f3n.<br>\ud83d\udd39 <strong>Asegurar el acceso a agua<\/strong> en todas las instalaciones sanitarias.<br>\ud83d\udd39 <strong>Capacitar al personal m\u00e9dico<\/strong> para <strong>identificar tempranamente golpes de calor<\/strong> y otras afecciones relacionadas.<br>\ud83d\udd39 <strong>Desarrollar protocolos espec\u00edficos<\/strong> para proteger a los <strong>grupos m\u00e1s vulnerables<\/strong> (ancianos, ni\u00f1os, personas con enfermedades cr\u00f3nicas).<br>\ud83d\udd39 <strong>Establecer una coordinaci\u00f3n autom\u00e1tica<\/strong> entre <strong>sanidad, municipios y servicios meteorol\u00f3gicos<\/strong>.<br>\ud83d\udd39 <strong>Implementar campa\u00f1as de comunicaci\u00f3n y sistemas de alerta temprana<\/strong> para <strong>concienciar a la poblaci\u00f3n<\/strong> y <strong>fomentar la participaci\u00f3n ciudadana<\/strong> en la protecci\u00f3n de los grupos de riesgo.<\/p>\n\n\n\n<h4 class=\"wp-block-heading\"><strong>Un problema que ya no es estacional<\/strong><\/h4>\n\n\n\n<p class=\"wp-block-paragraph\">La OMS <strong>subraya<\/strong> que las <strong>olas de calor ya no son un fen\u00f3meno estacional<\/strong>, sino un <strong>problema recurrente y en aumento<\/strong> debido al <strong>cambio clim\u00e1tico<\/strong>. Por ello, la <strong>preparaci\u00f3n continua<\/strong> es esencial para <strong>evitar muertes prevenibles<\/strong> y <strong>proteger la salud p\u00fablica<\/strong> en un contexto de <strong>calentamiento global acelerado<\/strong>.<\/p>\n","protected":false},"excerpt":{"rendered":"<p>La Organizaci\u00f3n Mundial de la Salud (OMS) ha emitido un llamado urgente a los pa\u00edses europeos para que incorporen la preparaci\u00f3n para el calor extremo en sus planes sanitarios anuales, y no solo como una medida temporal durante el verano. Esta advertencia surge tras el fallecimiento de casi 10,000 personas en solo cinco pa\u00edses europeos [&hellip;]<\/p>\n","protected":false},"author":1,"featured_media":112634,"comment_status":"open","ping_status":"closed","sticky":false,"template":"","format":"standard","meta":{"footnotes":""},"categories":[13],"tags":[],"class_list":["post-112633","post","type-post","status-publish","format-standard","has-post-thumbnail","hentry","category-salud"],"yoast_head":"<!-- This site is optimized with the Yoast SEO plugin v24.5 - https:\/\/yoast.com\/wordpress\/plugins\/seo\/ -->\n<title>&quot;OMS insta a Europa a planificar todo el a\u00f1o para olas de calor: &#039;No es solo un problema de verano&#039;&quot; - Romantica NY<\/title>\n<meta name=\"robots\" content=\"index, follow, max-snippet:-1, max-image-preview:large, max-video-preview:-1\" \/>\n<link rel=\"canonical\" href=\"https:\/\/romanticany.com\/?p=112633\" \/>\n<meta property=\"og:locale\" content=\"es_ES\" \/>\n<meta property=\"og:type\" content=\"article\" \/>\n<meta property=\"og:title\" content=\"&quot;OMS insta a Europa a planificar todo el a\u00f1o para olas de calor: &#039;No es solo un problema de verano&#039;&quot; - Romantica NY\" \/>\n<meta property=\"og:description\" content=\"La Organizaci\u00f3n Mundial de la Salud (OMS) ha emitido un llamado urgente a los pa\u00edses europeos para que incorporen la preparaci\u00f3n para el calor extremo en sus planes sanitarios anuales, y no solo como una medida temporal durante el verano. Esta advertencia surge tras el fallecimiento de casi 10,000 personas en solo cinco pa\u00edses europeos [&hellip;]\" \/>\n<meta property=\"og:url\" content=\"https:\/\/romanticany.com\/?p=112633\" \/>\n<meta property=\"og:site_name\" content=\"Romantica NY\" \/>\n<meta property=\"article:published_time\" content=\"2026-07-20T23:33:54+00:00\" \/>\n<meta property=\"article:modified_time\" content=\"2026-07-20T23:33:56+00:00\" \/>\n<meta property=\"og:image\" content=\"https:\/\/romanticany.com\/wp-content\/uploads\/2026\/07\/Health_prepares_for_extreme_heat_202607201931.jpeg\" \/>\n\t<meta property=\"og:image:width\" content=\"1376\" \/>\n\t<meta property=\"og:image:height\" content=\"768\" \/>\n\t<meta property=\"og:image:type\" content=\"image\/jpeg\" \/>\n<meta name=\"author\" content=\"Romantica NY\" \/>\n<meta name=\"twitter:card\" content=\"summary_large_image\" \/>\n<meta name=\"twitter:label1\" content=\"Escrito por\" \/>\n\t<meta name=\"twitter:data1\" content=\"Romantica NY\" \/>\n\t<meta name=\"twitter:label2\" content=\"Tiempo de lectura\" \/>\n\t<meta name=\"twitter:data2\" content=\"2 minutos\" \/>\n<script type=\"application\/ld+json\" class=\"yoast-schema-graph\">{\"@context\":\"https:\/\/schema.org\",\"@graph\":[{\"@type\":\"Article\",\"@id\":\"https:\/\/romanticany.com\/?p=112633#article\",\"isPartOf\":{\"@id\":\"https:\/\/romanticany.com\/?p=112633\"},\"author\":{\"name\":\"Romantica NY\",\"@id\":\"https:\/\/romanticany.com\/#\/schema\/person\/be3a3ed4b2ab0af84e4dbe5c3215474c\"},\"headline\":\"\u00abOMS insta a Europa a planificar todo el a\u00f1o para olas de calor: &#8216;No es solo un problema de verano'\u00bb\",\"datePublished\":\"2026-07-20T23:33:54+00:00\",\"dateModified\":\"2026-07-20T23:33:56+00:00\",\"mainEntityOfPage\":{\"@id\":\"https:\/\/romanticany.com\/?p=112633\"},\"wordCount\":371,\"commentCount\":0,\"publisher\":{\"@id\":\"https:\/\/romanticany.com\/#organization\"},\"image\":{\"@id\":\"https:\/\/romanticany.com\/?p=112633#primaryimage\"},\"thumbnailUrl\":\"https:\/\/romanticany.com\/wp-content\/uploads\/2026\/07\/Health_prepares_for_extreme_heat_202607201931.jpeg\",\"articleSection\":[\"Salud\"],\"inLanguage\":\"es\",\"potentialAction\":[{\"@type\":\"CommentAction\",\"name\":\"Comment\",\"target\":[\"https:\/\/romanticany.com\/?p=112633#respond\"]}]},{\"@type\":\"WebPage\",\"@id\":\"https:\/\/romanticany.com\/?p=112633\",\"url\":\"https:\/\/romanticany.com\/?p=112633\",\"name\":\"\\\"OMS insta a Europa a planificar todo el a\u00f1o para olas de calor: 'No es solo un problema de verano'\\\" - Romantica NY\",\"isPartOf\":{\"@id\":\"https:\/\/romanticany.com\/#website\"},\"primaryImageOfPage\":{\"@id\":\"https:\/\/romanticany.com\/?p=112633#primaryimage\"},\"image\":{\"@id\":\"https:\/\/romanticany.com\/?p=112633#primaryimage\"},\"thumbnailUrl\":\"https:\/\/romanticany.com\/wp-content\/uploads\/2026\/07\/Health_prepares_for_extreme_heat_202607201931.jpeg\",\"datePublished\":\"2026-07-20T23:33:54+00:00\",\"dateModified\":\"2026-07-20T23:33:56+00:00\",\"breadcrumb\":{\"@id\":\"https:\/\/romanticany.com\/?p=112633#breadcrumb\"},\"inLanguage\":\"es\",\"potentialAction\":[{\"@type\":\"ReadAction\",\"target\":[\"https:\/\/romanticany.com\/?p=112633\"]}]},{\"@type\":\"ImageObject\",\"inLanguage\":\"es\",\"@id\":\"https:\/\/romanticany.com\/?p=112633#primaryimage\",\"url\":\"https:\/\/romanticany.com\/wp-content\/uploads\/2026\/07\/Health_prepares_for_extreme_heat_202607201931.jpeg\",\"contentUrl\":\"https:\/\/romanticany.com\/wp-content\/uploads\/2026\/07\/Health_prepares_for_extreme_heat_202607201931.jpeg\",\"width\":1376,\"height\":768},{\"@type\":\"BreadcrumbList\",\"@id\":\"https:\/\/romanticany.com\/?p=112633#breadcrumb\",\"itemListElement\":[{\"@type\":\"ListItem\",\"position\":1,\"name\":\"Portada\",\"item\":\"https:\/\/romanticany.com\/\"},{\"@type\":\"ListItem\",\"position\":2,\"name\":\"\u00abOMS insta a Europa a planificar todo el a\u00f1o para olas de calor: &#8216;No es solo un problema de verano'\u00bb\"}]},{\"@type\":\"WebSite\",\"@id\":\"https:\/\/romanticany.com\/#website\",\"url\":\"https:\/\/romanticany.com\/\",\"name\":\"Romantica NY\",\"description\":\"AHORA CON SU PERIODICO DIGITAL Y LA MUSICA MAS ROMANTICA EN LA GRAN MANZANA, USA\",\"publisher\":{\"@id\":\"https:\/\/romanticany.com\/#organization\"},\"potentialAction\":[{\"@type\":\"SearchAction\",\"target\":{\"@type\":\"EntryPoint\",\"urlTemplate\":\"https:\/\/romanticany.com\/?s={search_term_string}\"},\"query-input\":{\"@type\":\"PropertyValueSpecification\",\"valueRequired\":true,\"valueName\":\"search_term_string\"}}],\"inLanguage\":\"es\"},{\"@type\":\"Organization\",\"@id\":\"https:\/\/romanticany.com\/#organization\",\"name\":\"Romantica NY\",\"url\":\"https:\/\/romanticany.com\/\",\"logo\":{\"@type\":\"ImageObject\",\"inLanguage\":\"es\",\"@id\":\"https:\/\/romanticany.com\/#\/schema\/logo\/image\/\",\"url\":\"https:\/\/romanticany.com\/wp-content\/uploads\/2025\/01\/Logo-Romantica-3.png\",\"contentUrl\":\"https:\/\/romanticany.com\/wp-content\/uploads\/2025\/01\/Logo-Romantica-3.png\",\"width\":1024,\"height\":1024,\"caption\":\"Romantica NY\"},\"image\":{\"@id\":\"https:\/\/romanticany.com\/#\/schema\/logo\/image\/\"}},{\"@type\":\"Person\",\"@id\":\"https:\/\/romanticany.com\/#\/schema\/person\/be3a3ed4b2ab0af84e4dbe5c3215474c\",\"name\":\"Romantica NY\",\"image\":{\"@type\":\"ImageObject\",\"inLanguage\":\"es\",\"@id\":\"https:\/\/romanticany.com\/#\/schema\/person\/image\/\",\"url\":\"https:\/\/romanticany.com\/wp-content\/uploads\/2025\/01\/cropped-Logo-Romantica-3-96x96.png\",\"contentUrl\":\"https:\/\/romanticany.com\/wp-content\/uploads\/2025\/01\/cropped-Logo-Romantica-3-96x96.png\",\"caption\":\"Romantica NY\"},\"sameAs\":[\"https:\/\/romanticany.com\"],\"url\":\"https:\/\/romanticany.com\/?author=1\"}]}<\/script>\n<!-- \/ Yoast SEO plugin. -->","yoast_head_json":{"title":"\"OMS insta a Europa a planificar todo el a\u00f1o para olas de calor: 'No es solo un problema de verano'\" - Romantica NY","robots":{"index":"index","follow":"follow","max-snippet":"max-snippet:-1","max-image-preview":"max-image-preview:large","max-video-preview":"max-video-preview:-1"},"canonical":"https:\/\/romanticany.com\/?p=112633","og_locale":"es_ES","og_type":"article","og_title":"\"OMS insta a Europa a planificar todo el a\u00f1o para olas de calor: 'No es solo un problema de verano'\" - Romantica NY","og_description":"La Organizaci\u00f3n Mundial de la Salud (OMS) ha emitido un llamado urgente a los pa\u00edses europeos para que incorporen la preparaci\u00f3n para el calor extremo en sus planes sanitarios anuales, y no solo como una medida temporal durante el verano. Esta advertencia surge tras el fallecimiento de casi 10,000 personas en solo cinco pa\u00edses europeos [&hellip;]","og_url":"https:\/\/romanticany.com\/?p=112633","og_site_name":"Romantica NY","article_published_time":"2026-07-20T23:33:54+00:00","article_modified_time":"2026-07-20T23:33:56+00:00","og_image":[{"width":1376,"height":768,"url":"https:\/\/romanticany.com\/wp-content\/uploads\/2026\/07\/Health_prepares_for_extreme_heat_202607201931.jpeg","type":"image\/jpeg"}],"author":"Romantica NY","twitter_card":"summary_large_image","twitter_misc":{"Escrito por":"Romantica NY","Tiempo de lectura":"2 minutos"},"schema":{"@context":"https:\/\/schema.org","@graph":[{"@type":"Article","@id":"https:\/\/romanticany.com\/?p=112633#article","isPartOf":{"@id":"https:\/\/romanticany.com\/?p=112633"},"author":{"name":"Romantica NY","@id":"https:\/\/romanticany.com\/#\/schema\/person\/be3a3ed4b2ab0af84e4dbe5c3215474c"},"headline":"\u00abOMS insta a Europa a planificar todo el a\u00f1o para olas de calor: &#8216;No es solo un problema de verano'\u00bb","datePublished":"2026-07-20T23:33:54+00:00","dateModified":"2026-07-20T23:33:56+00:00","mainEntityOfPage":{"@id":"https:\/\/romanticany.com\/?p=112633"},"wordCount":371,"commentCount":0,"publisher":{"@id":"https:\/\/romanticany.com\/#organization"},"image":{"@id":"https:\/\/romanticany.com\/?p=112633#primaryimage"},"thumbnailUrl":"https:\/\/romanticany.com\/wp-content\/uploads\/2026\/07\/Health_prepares_for_extreme_heat_202607201931.jpeg","articleSection":["Salud"],"inLanguage":"es","potentialAction":[{"@type":"CommentAction","name":"Comment","target":["https:\/\/romanticany.com\/?p=112633#respond"]}]},{"@type":"WebPage","@id":"https:\/\/romanticany.com\/?p=112633","url":"https:\/\/romanticany.com\/?p=112633","name":"\"OMS insta a Europa a planificar todo el a\u00f1o para olas de calor: 'No es solo un problema de verano'\" - Romantica NY","isPartOf":{"@id":"https:\/\/romanticany.com\/#website"},"primaryImageOfPage":{"@id":"https:\/\/romanticany.com\/?p=112633#primaryimage"},"image":{"@id":"https:\/\/romanticany.com\/?p=112633#primaryimage"},"thumbnailUrl":"https:\/\/romanticany.com\/wp-content\/uploads\/2026\/07\/Health_prepares_for_extreme_heat_202607201931.jpeg","datePublished":"2026-07-20T23:33:54+00:00","dateModified":"2026-07-20T23:33:56+00:00","breadcrumb":{"@id":"https:\/\/romanticany.com\/?p=112633#breadcrumb"},"inLanguage":"es","potentialAction":[{"@type":"ReadAction","target":["https:\/\/romanticany.com\/?p=112633"]}]},{"@type":"ImageObject","inLanguage":"es","@id":"https:\/\/romanticany.com\/?p=112633#primaryimage","url":"https:\/\/romanticany.com\/wp-content\/uploads\/2026\/07\/Health_prepares_for_extreme_heat_202607201931.jpeg","contentUrl":"https:\/\/romanticany.com\/wp-content\/uploads\/2026\/07\/Health_prepares_for_extreme_heat_202607201931.jpeg","width":1376,"height":768},{"@type":"BreadcrumbList","@id":"https:\/\/romanticany.com\/?p=112633#breadcrumb","itemListElement":[{"@type":"ListItem","position":1,"name":"Portada","item":"https:\/\/romanticany.com\/"},{"@type":"ListItem","position":2,"name":"\u00abOMS insta a Europa a planificar todo el a\u00f1o para olas de calor: &#8216;No es solo un problema de verano'\u00bb"}]},{"@type":"WebSite","@id":"https:\/\/romanticany.com\/#website","url":"https:\/\/romanticany.com\/","name":"Romantica NY","description":"AHORA CON SU PERIODICO DIGITAL Y LA MUSICA MAS ROMANTICA EN LA GRAN MANZANA, USA","publisher":{"@id":"https:\/\/romanticany.com\/#organization"},"potentialAction":[{"@type":"SearchAction","target":{"@type":"EntryPoint","urlTemplate":"https:\/\/romanticany.com\/?s={search_term_string}"},"query-input":{"@type":"PropertyValueSpecification","valueRequired":true,"valueName":"search_term_string"}}],"inLanguage":"es"},{"@type":"Organization","@id":"https:\/\/romanticany.com\/#organization","name":"Romantica NY","url":"https:\/\/romanticany.com\/","logo":{"@type":"ImageObject","inLanguage":"es","@id":"https:\/\/romanticany.com\/#\/schema\/logo\/image\/","url":"https:\/\/romanticany.com\/wp-content\/uploads\/2025\/01\/Logo-Romantica-3.png","contentUrl":"https:\/\/romanticany.com\/wp-content\/uploads\/2025\/01\/Logo-Romantica-3.png","width":1024,"height":1024,"caption":"Romantica NY"},"image":{"@id":"https:\/\/romanticany.com\/#\/schema\/logo\/image\/"}},{"@type":"Person","@id":"https:\/\/romanticany.com\/#\/schema\/person\/be3a3ed4b2ab0af84e4dbe5c3215474c","name":"Romantica NY","image":{"@type":"ImageObject","inLanguage":"es","@id":"https:\/\/romanticany.com\/#\/schema\/person\/image\/","url":"https:\/\/romanticany.com\/wp-content\/uploads\/2025\/01\/cropped-Logo-Romantica-3-96x96.png","contentUrl":"https:\/\/romanticany.com\/wp-content\/uploads\/2025\/01\/cropped-Logo-Romantica-3-96x96.png","caption":"Romantica NY"},"sameAs":["https:\/\/romanticany.com"],"url":"https:\/\/romanticany.com\/?author=1"}]}},"rttpg_featured_image_url":{"full":["https:\/\/romanticany.com\/wp-content\/uploads\/2026\/07\/Health_prepares_for_extreme_heat_202607201931.jpeg",1376,768,false],"landscape":["https:\/\/romanticany.com\/wp-content\/uploads\/2026\/07\/Health_prepares_for_extreme_heat_202607201931.jpeg",1376,768,false],"portraits":["https:\/\/romanticany.com\/wp-content\/uploads\/2026\/07\/Health_prepares_for_extreme_heat_202607201931.jpeg",1376,768,false],"thumbnail":["https:\/\/romanticany.com\/wp-content\/uploads\/2026\/07\/Health_prepares_for_extreme_heat_202607201931-150x150.jpeg",150,150,true],"medium":["https:\/\/romanticany.com\/wp-content\/uploads\/2026\/07\/Health_prepares_for_extreme_heat_202607201931-300x167.jpeg",300,167,true],"large":["https:\/\/romanticany.com\/wp-content\/uploads\/2026\/07\/Health_prepares_for_extreme_heat_202607201931-1024x572.jpeg",640,358,true],"1536x1536":["https:\/\/romanticany.com\/wp-content\/uploads\/2026\/07\/Health_prepares_for_extreme_heat_202607201931.jpeg",1376,768,false],"2048x2048":["https:\/\/romanticany.com\/wp-content\/uploads\/2026\/07\/Health_prepares_for_extreme_heat_202607201931.jpeg",1376,768,false]},"rttpg_author":{"display_name":"Romantica NY","author_link":"https:\/\/romanticany.com\/?author=1"},"rttpg_comment":0,"rttpg_category":"<a href=\"https:\/\/romanticany.com\/?cat=13\" rel=\"category\">Salud<\/a>","rttpg_excerpt":"La Organizaci\u00f3n Mundial de la Salud (OMS) ha emitido un llamado urgente a los pa\u00edses europeos para que incorporen la preparaci\u00f3n para el calor extremo en sus planes sanitarios anuales, y no solo como una medida temporal durante el verano. Esta advertencia surge tras el fallecimiento de casi 10,000 personas en solo cinco pa\u00edses europeos&hellip;","_links":{"self":[{"href":"https:\/\/romanticany.com\/index.php?rest_route=\/wp\/v2\/posts\/112633","targetHints":{"allow":["GET"]}}],"collection":[{"href":"https:\/\/romanticany.com\/index.php?rest_route=\/wp\/v2\/posts"}],"about":[{"href":"https:\/\/romanticany.com\/index.php?rest_route=\/wp\/v2\/types\/post"}],"author":[{"embeddable":true,"href":"https:\/\/romanticany.com\/index.php?rest_route=\/wp\/v2\/users\/1"}],"replies":[{"embeddable":true,"href":"https:\/\/romanticany.com\/index.php?rest_route=%2Fwp%2Fv2%2Fcomments&post=112633"}],"version-history":[{"count":1,"href":"https:\/\/romanticany.com\/index.php?rest_route=\/wp\/v2\/posts\/112633\/revisions"}],"predecessor-version":[{"id":112635,"href":"https:\/\/romanticany.com\/index.php?rest_route=\/wp\/v2\/posts\/112633\/revisions\/112635"}],"wp:featuredmedia":[{"embeddable":true,"href":"https:\/\/romanticany.com\/index.php?rest_route=\/wp\/v2\/media\/112634"}],"wp:attachment":[{"href":"https:\/\/romanticany.com\/index.php?rest_route=%2Fwp%2Fv2%2Fmedia&parent=112633"}],"wp:term":[{"taxonomy":"category","embeddable":true,"href":"https:\/\/romanticany.com\/index.php?rest_route=%2Fwp%2Fv2%2Fcategories&post=112633"},{"taxonomy":"post_tag","embeddable":true,"href":"https:\/\/romanticany.com\/index.php?rest_route=%2Fwp%2Fv2%2Ftags&post=112633"}],"curies":[{"name":"wp","href":"https:\/\/api.w.org\/{rel}","templated":true}]}}