{"id":114328,"date":"2026-08-31T09:33:50","date_gmt":"2026-08-31T13:33:50","guid":{"rendered":"https:\/\/romanticany.com\/?p=114328"},"modified":"2026-08-31T09:33:51","modified_gmt":"2026-08-31T13:33:51","slug":"alianza-internacional-de-capellanes-reconoce-a-personalidades-y-miembros-de-la-prensa-en-nueva-york","status":"publish","type":"post","link":"https:\/\/romanticany.com\/?p=114328","title":{"rendered":"Alianza Internacional de Capellanes reconoce a personalidades y miembros de la prensa en Nueva York"},"content":{"rendered":"\n<p class=\"wp-block-paragraph\">La organizaci\u00f3n destaca aportes de l\u00edderes comunitarios, periodistas y comunicadores a favor de la comunidad y la cooperaci\u00f3n con los cuerpos de seguridad<\/p>\n\n\n\n<p class=\"wp-block-paragraph\"><strong>Por Aquiles Rojas y Manuel Ruiz<\/strong><\/p>\n\n\n\n<p class=\"wp-block-paragraph\">Nueva York.- La Alianza Internacional de Capellanes y Voluntarios de la Polic\u00eda, bajo la direcci\u00f3n del obispo doctor Luis E. Paniagua, comandante en jefe de capellanes y la generala doctora Berkis Montero, secretaria ejecutiva, realiz\u00f3 en esta ciudad el acto de reconocimiento a diversas personalidades, periodistas y comunicadores por sus respectivos aportes a la comunidad.<\/p>\n\n\n\n<p class=\"wp-block-paragraph\">La actividad reuni\u00f3 a representantes de distintos sectores sociales y comunitarios, quienes fueron distinguidos por su trayectoria, compromiso y contribuci\u00f3n al fortalecimiento de los v\u00ednculos entre la comunidad, los medios de comunicaci\u00f3n y las instituciones de seguridad.<\/p>\n\n\n\n<figure class=\"wp-block-image size-large\"><img decoding=\"async\" src=\"https:\/\/mundoaldia.net\/wp-content\/uploads\/2026\/08\/WhatsApp-Image-2026-08-30-at-7.39.14-AM-1024x473.jpeg\" alt=\"\" class=\"wp-image-105163\"\/><\/figure>\n\n\n\n<p class=\"wp-block-paragraph\">\u201cSomos un enlace con la comunidad y la polic\u00eda, trabajando en la vinculaci\u00f3n y respaldo a los cuerpos de seguridad locales, como el Departamento de Polic\u00eda de Nueva York (NYPD), fomentando la cooperaci\u00f3n civil y religiosa\u201d, expres\u00f3 el General, la direcci\u00f3n de la organizaci\u00f3n.<\/p>\n\n\n\n<p class=\"wp-block-paragraph\">La entidad en Nueva York ha estado encabezada y representada por figuras como el obispo doctor Luis E. Paniagua, quien ocupa las funciones de comandante en jefe, junto a una junta ejecutiva integrada por oficiales y l\u00edderes de diferentes rangos.<\/p>\n\n\n\n<p class=\"wp-block-paragraph\">Durante el acto, la generala doctora Berkis Montero tuvo a su cargo las palabras de bienvenida, mientras que el licenciado Eddy Santana, profesional del Derecho, asumi\u00f3 la responsabilidad de la conducci\u00f3n y maestr\u00eda de ceremonias.<\/p>\n\n\n\n<figure class=\"wp-block-image size-large\"><img decoding=\"async\" src=\"https:\/\/mundoaldia.net\/wp-content\/uploads\/2026\/08\/7442e2adde-874x1024.jpeg\" alt=\"\" class=\"wp-image-105164\"\/><\/figure>\n\n\n\n<p class=\"wp-block-paragraph\">El programa incluy\u00f3 la lectura b\u00edblica, a cargo del coronel Reynaldo Sandoval; la oraci\u00f3n de apertura; las palabras de autoridades de la organizaci\u00f3n y la entrada de los abanderados acompa\u00f1ada de la marcha de la Alianza Internacional.<\/p>\n\n\n\n<p class=\"wp-block-paragraph\">Entre las personalidades reconocidas se destacan el c\u00f3nsul general de la Rep\u00fablica Dominicana en Nueva York, Jes\u00fas A. V\u00e1squez Mart\u00ednez, por su trayectoria y servicio a la comunidad dominicana residente en esta ciudad.<\/p>\n\n\n\n<p class=\"wp-block-paragraph\">Tambi\u00e9n recibi\u00f3 reconocimiento Radham\u00e9s Rodr\u00edguez, presidente de United Bodegas of America (UBA), organizaci\u00f3n que agrupa y representa a propietarios de bodegas y peque\u00f1os comercios, adem\u00e1s de desarrollar iniciativas en beneficio de las comunidades donde estos establecimientos operan.<\/p>\n\n\n\n<p class=\"wp-block-paragraph\">La maestr\u00eda de ceremonias estuvo bajo la responsabilidad de profesional de la abogac\u00eda General licenciado en derecho Eddy Santana, incluy\u00f3 igualmente pergaminos y medallas para los reporteros de televisi\u00f3n Manuel Ruiz y Aquiles Rojas, a las periodistas Jenny G\u00f3mez, Ivelka Espino, Yohandry Jimenez, los comunicadores Yary Nin y Miguel \u00c1ngel Sosa, Jorge Rodr\u00edguez, entre otros, quienes han desarrollado una amplia labor de difusi\u00f3n de informaciones de inter\u00e9s para la comunidad.<\/p>\n\n\n\n<figure class=\"wp-block-image size-large\"><img decoding=\"async\" src=\"https:\/\/mundoaldia.net\/wp-content\/uploads\/2026\/08\/WhatsApp-Image-2026-08-30-at-7.39.14-AM-2-1024x474.jpeg\" alt=\"\" class=\"wp-image-105165\"\/><\/figure>\n\n\n\n<p class=\"wp-block-paragraph\">\u201cCelebramos el impacto, la dedicaci\u00f3n y el legado de quienes informan, inspiran y sirven a nuestra comunidad\u201d, expresaron los organizadores al destacar la importancia de reconocer p\u00fablicamente a quienes realizan aportes desde sus respectivas \u00e1reas.<\/p>\n\n\n\n<p class=\"wp-block-paragraph\">La ceremonia fue realizada en el Centro Cristiano localizado en el 390 Melrose St., en Brooklyn, Nueva York, donde representantes de la organizaci\u00f3n resaltaron que el prop\u00f3sito del encuentro estuvo basado en el honor, el reconocimiento y la gratitud hacia personas que han contribuido al bienestar colectivo.<\/p>\n\n\n\n<p class=\"wp-block-paragraph\">La junta ejecutiva de la instituci\u00f3n est\u00e1 integrada, entre otros, por los tenientes generales doctor Roberto B. Amor\u00f3s y doctora Ana D. Paniagua, mientras que el obispo doctor Luis E. Paniagua ejerce como presidente comandante en jefe de la organizaci\u00f3n.<\/p>\n\n\n\n<figure class=\"wp-block-image size-large\"><img decoding=\"async\" src=\"https:\/\/mundoaldia.net\/wp-content\/uploads\/2026\/08\/WhatsApp-Image-2026-08-30-at-7.39.14-AM-1-1024x473.jpeg\" alt=\"\" class=\"wp-image-105166\"\/><\/figure>\n\n\n\n<p class=\"wp-block-paragraph\">La Alianza Internacional de Capellanes y Polic\u00edas de Servicios Voluntarios, conocida en ingl\u00e9s como International Alliance of Chaplains and Law Enforcement, es una organizaci\u00f3n comunitaria y religiosa con sede principal en Nueva York que desarrolla programas de capacitaci\u00f3n, certificaci\u00f3n y servicio comunitario.<\/p>\n\n\n\n<p class=\"wp-block-paragraph\">Entre sus principales funciones se encuentran la formaci\u00f3n y certificaci\u00f3n de capellanes mediante programas de estudio dirigidos a l\u00edderes comunitarios y religiosos, as\u00ed como labores de asistencia humanitaria, consejer\u00eda espiritual y programas de apoyo en vecindarios, centros penitenciarios y hospitales.<\/p>\n\n\n\n<figure class=\"wp-block-image size-large\"><img decoding=\"async\" src=\"https:\/\/mundoaldia.net\/wp-content\/uploads\/2026\/08\/WhatsApp-Image-2026-08-30-at-7.56.08-AM-1024x576.jpeg\" alt=\"\" class=\"wp-image-105167\"\/><\/figure>\n\n\n\n<p class=\"wp-block-paragraph\"><\/p>\n","protected":false},"excerpt":{"rendered":"<p>La organizaci\u00f3n destaca aportes de l\u00edderes comunitarios, periodistas y comunicadores a favor de la comunidad y la cooperaci\u00f3n con los cuerpos de seguridad Por Aquiles Rojas y Manuel Ruiz Nueva York.- La Alianza Internacional de Capellanes y Voluntarios de la Polic\u00eda, bajo la direcci\u00f3n del obispo doctor Luis E. Paniagua, comandante en jefe de capellanes [&hellip;]<\/p>\n","protected":false},"author":1,"featured_media":114329,"comment_status":"open","ping_status":"closed","sticky":false,"template":"","format":"standard","meta":{"footnotes":""},"categories":[15],"tags":[],"class_list":["post-114328","post","type-post","status-publish","format-standard","has-post-thumbnail","hentry","category-sociales"],"yoast_head":"<!-- This site is optimized with the Yoast SEO plugin v24.5 - https:\/\/yoast.com\/wordpress\/plugins\/seo\/ -->\n<title>Alianza Internacional de Capellanes reconoce a personalidades y miembros de la prensa en Nueva York - Romantica NY<\/title>\n<meta name=\"robots\" content=\"index, follow, max-snippet:-1, max-image-preview:large, max-video-preview:-1\" \/>\n<link rel=\"canonical\" href=\"https:\/\/romanticany.com\/?p=114328\" \/>\n<meta property=\"og:locale\" content=\"es_ES\" \/>\n<meta property=\"og:type\" content=\"article\" \/>\n<meta property=\"og:title\" content=\"Alianza Internacional de Capellanes reconoce a personalidades y miembros de la prensa en Nueva York - Romantica NY\" \/>\n<meta property=\"og:description\" content=\"La organizaci\u00f3n destaca aportes de l\u00edderes comunitarios, periodistas y comunicadores a favor de la comunidad y la cooperaci\u00f3n con los cuerpos de seguridad Por Aquiles Rojas y Manuel Ruiz Nueva York.- La Alianza Internacional de Capellanes y Voluntarios de la Polic\u00eda, bajo la direcci\u00f3n del obispo doctor Luis E. Paniagua, comandante en jefe de capellanes [&hellip;]\" \/>\n<meta property=\"og:url\" content=\"https:\/\/romanticany.com\/?p=114328\" \/>\n<meta property=\"og:site_name\" content=\"Romantica NY\" \/>\n<meta property=\"article:published_time\" content=\"2026-08-31T13:33:50+00:00\" \/>\n<meta property=\"article:modified_time\" content=\"2026-08-31T13:33:51+00:00\" \/>\n<meta property=\"og:image\" content=\"https:\/\/romanticany.com\/wp-content\/uploads\/2026\/08\/Portada-324252.jpg\" \/>\n\t<meta property=\"og:image:width\" content=\"670\" \/>\n\t<meta property=\"og:image:height\" content=\"510\" \/>\n\t<meta property=\"og:image:type\" content=\"image\/jpeg\" \/>\n<meta name=\"author\" content=\"Romantica NY\" \/>\n<meta name=\"twitter:card\" content=\"summary_large_image\" \/>\n<meta name=\"twitter:label1\" content=\"Escrito por\" \/>\n\t<meta name=\"twitter:data1\" content=\"Romantica NY\" \/>\n\t<meta name=\"twitter:label2\" content=\"Tiempo de lectura\" \/>\n\t<meta name=\"twitter:data2\" content=\"5 minutos\" \/>\n<script type=\"application\/ld+json\" class=\"yoast-schema-graph\">{\"@context\":\"https:\/\/schema.org\",\"@graph\":[{\"@type\":\"Article\",\"@id\":\"https:\/\/romanticany.com\/?p=114328#article\",\"isPartOf\":{\"@id\":\"https:\/\/romanticany.com\/?p=114328\"},\"author\":{\"name\":\"Romantica NY\",\"@id\":\"https:\/\/romanticany.com\/#\/schema\/person\/be3a3ed4b2ab0af84e4dbe5c3215474c\"},\"headline\":\"Alianza Internacional de Capellanes reconoce a personalidades y miembros de la prensa en Nueva York\",\"datePublished\":\"2026-08-31T13:33:50+00:00\",\"dateModified\":\"2026-08-31T13:33:51+00:00\",\"mainEntityOfPage\":{\"@id\":\"https:\/\/romanticany.com\/?p=114328\"},\"wordCount\":691,\"commentCount\":0,\"publisher\":{\"@id\":\"https:\/\/romanticany.com\/#organization\"},\"image\":{\"@id\":\"https:\/\/romanticany.com\/?p=114328#primaryimage\"},\"thumbnailUrl\":\"https:\/\/romanticany.com\/wp-content\/uploads\/2026\/08\/Portada-324252.jpg\",\"articleSection\":[\"Sociales\"],\"inLanguage\":\"es\",\"potentialAction\":[{\"@type\":\"CommentAction\",\"name\":\"Comment\",\"target\":[\"https:\/\/romanticany.com\/?p=114328#respond\"]}]},{\"@type\":\"WebPage\",\"@id\":\"https:\/\/romanticany.com\/?p=114328\",\"url\":\"https:\/\/romanticany.com\/?p=114328\",\"name\":\"Alianza Internacional de Capellanes reconoce a personalidades y miembros de la prensa en Nueva York - Romantica NY\",\"isPartOf\":{\"@id\":\"https:\/\/romanticany.com\/#website\"},\"primaryImageOfPage\":{\"@id\":\"https:\/\/romanticany.com\/?p=114328#primaryimage\"},\"image\":{\"@id\":\"https:\/\/romanticany.com\/?p=114328#primaryimage\"},\"thumbnailUrl\":\"https:\/\/romanticany.com\/wp-content\/uploads\/2026\/08\/Portada-324252.jpg\",\"datePublished\":\"2026-08-31T13:33:50+00:00\",\"dateModified\":\"2026-08-31T13:33:51+00:00\",\"breadcrumb\":{\"@id\":\"https:\/\/romanticany.com\/?p=114328#breadcrumb\"},\"inLanguage\":\"es\",\"potentialAction\":[{\"@type\":\"ReadAction\",\"target\":[\"https:\/\/romanticany.com\/?p=114328\"]}]},{\"@type\":\"ImageObject\",\"inLanguage\":\"es\",\"@id\":\"https:\/\/romanticany.com\/?p=114328#primaryimage\",\"url\":\"https:\/\/romanticany.com\/wp-content\/uploads\/2026\/08\/Portada-324252.jpg\",\"contentUrl\":\"https:\/\/romanticany.com\/wp-content\/uploads\/2026\/08\/Portada-324252.jpg\",\"width\":670,\"height\":510},{\"@type\":\"BreadcrumbList\",\"@id\":\"https:\/\/romanticany.com\/?p=114328#breadcrumb\",\"itemListElement\":[{\"@type\":\"ListItem\",\"position\":1,\"name\":\"Portada\",\"item\":\"https:\/\/romanticany.com\/\"},{\"@type\":\"ListItem\",\"position\":2,\"name\":\"Alianza Internacional de Capellanes reconoce a personalidades y miembros de la prensa en Nueva York\"}]},{\"@type\":\"WebSite\",\"@id\":\"https:\/\/romanticany.com\/#website\",\"url\":\"https:\/\/romanticany.com\/\",\"name\":\"Romantica NY\",\"description\":\"AHORA CON SU PERIODICO DIGITAL Y LA MUSICA MAS ROMANTICA EN LA GRAN MANZANA, USA\",\"publisher\":{\"@id\":\"https:\/\/romanticany.com\/#organization\"},\"potentialAction\":[{\"@type\":\"SearchAction\",\"target\":{\"@type\":\"EntryPoint\",\"urlTemplate\":\"https:\/\/romanticany.com\/?s={search_term_string}\"},\"query-input\":{\"@type\":\"PropertyValueSpecification\",\"valueRequired\":true,\"valueName\":\"search_term_string\"}}],\"inLanguage\":\"es\"},{\"@type\":\"Organization\",\"@id\":\"https:\/\/romanticany.com\/#organization\",\"name\":\"Romantica NY\",\"url\":\"https:\/\/romanticany.com\/\",\"logo\":{\"@type\":\"ImageObject\",\"inLanguage\":\"es\",\"@id\":\"https:\/\/romanticany.com\/#\/schema\/logo\/image\/\",\"url\":\"https:\/\/romanticany.com\/wp-content\/uploads\/2025\/01\/Logo-Romantica-3.png\",\"contentUrl\":\"https:\/\/romanticany.com\/wp-content\/uploads\/2025\/01\/Logo-Romantica-3.png\",\"width\":1024,\"height\":1024,\"caption\":\"Romantica NY\"},\"image\":{\"@id\":\"https:\/\/romanticany.com\/#\/schema\/logo\/image\/\"}},{\"@type\":\"Person\",\"@id\":\"https:\/\/romanticany.com\/#\/schema\/person\/be3a3ed4b2ab0af84e4dbe5c3215474c\",\"name\":\"Romantica NY\",\"image\":{\"@type\":\"ImageObject\",\"inLanguage\":\"es\",\"@id\":\"https:\/\/romanticany.com\/#\/schema\/person\/image\/\",\"url\":\"https:\/\/romanticany.com\/wp-content\/uploads\/2025\/01\/cropped-Logo-Romantica-3-96x96.png\",\"contentUrl\":\"https:\/\/romanticany.com\/wp-content\/uploads\/2025\/01\/cropped-Logo-Romantica-3-96x96.png\",\"caption\":\"Romantica NY\"},\"sameAs\":[\"https:\/\/romanticany.com\"],\"url\":\"https:\/\/romanticany.com\/?author=1\"}]}<\/script>\n<!-- \/ Yoast SEO plugin. -->","yoast_head_json":{"title":"Alianza Internacional de Capellanes reconoce a personalidades y miembros de la prensa en Nueva York - Romantica NY","robots":{"index":"index","follow":"follow","max-snippet":"max-snippet:-1","max-image-preview":"max-image-preview:large","max-video-preview":"max-video-preview:-1"},"canonical":"https:\/\/romanticany.com\/?p=114328","og_locale":"es_ES","og_type":"article","og_title":"Alianza Internacional de Capellanes reconoce a personalidades y miembros de la prensa en Nueva York - Romantica NY","og_description":"La organizaci\u00f3n destaca aportes de l\u00edderes comunitarios, periodistas y comunicadores a favor de la comunidad y la cooperaci\u00f3n con los cuerpos de seguridad Por Aquiles Rojas y Manuel Ruiz Nueva York.- La Alianza Internacional de Capellanes y Voluntarios de la Polic\u00eda, bajo la direcci\u00f3n del obispo doctor Luis E. Paniagua, comandante en jefe de capellanes [&hellip;]","og_url":"https:\/\/romanticany.com\/?p=114328","og_site_name":"Romantica NY","article_published_time":"2026-08-31T13:33:50+00:00","article_modified_time":"2026-08-31T13:33:51+00:00","og_image":[{"width":670,"height":510,"url":"https:\/\/romanticany.com\/wp-content\/uploads\/2026\/08\/Portada-324252.jpg","type":"image\/jpeg"}],"author":"Romantica NY","twitter_card":"summary_large_image","twitter_misc":{"Escrito por":"Romantica NY","Tiempo de lectura":"5 minutos"},"schema":{"@context":"https:\/\/schema.org","@graph":[{"@type":"Article","@id":"https:\/\/romanticany.com\/?p=114328#article","isPartOf":{"@id":"https:\/\/romanticany.com\/?p=114328"},"author":{"name":"Romantica NY","@id":"https:\/\/romanticany.com\/#\/schema\/person\/be3a3ed4b2ab0af84e4dbe5c3215474c"},"headline":"Alianza Internacional de Capellanes reconoce a personalidades y miembros de la prensa en Nueva York","datePublished":"2026-08-31T13:33:50+00:00","dateModified":"2026-08-31T13:33:51+00:00","mainEntityOfPage":{"@id":"https:\/\/romanticany.com\/?p=114328"},"wordCount":691,"commentCount":0,"publisher":{"@id":"https:\/\/romanticany.com\/#organization"},"image":{"@id":"https:\/\/romanticany.com\/?p=114328#primaryimage"},"thumbnailUrl":"https:\/\/romanticany.com\/wp-content\/uploads\/2026\/08\/Portada-324252.jpg","articleSection":["Sociales"],"inLanguage":"es","potentialAction":[{"@type":"CommentAction","name":"Comment","target":["https:\/\/romanticany.com\/?p=114328#respond"]}]},{"@type":"WebPage","@id":"https:\/\/romanticany.com\/?p=114328","url":"https:\/\/romanticany.com\/?p=114328","name":"Alianza Internacional de Capellanes reconoce a personalidades y miembros de la prensa en Nueva York - Romantica NY","isPartOf":{"@id":"https:\/\/romanticany.com\/#website"},"primaryImageOfPage":{"@id":"https:\/\/romanticany.com\/?p=114328#primaryimage"},"image":{"@id":"https:\/\/romanticany.com\/?p=114328#primaryimage"},"thumbnailUrl":"https:\/\/romanticany.com\/wp-content\/uploads\/2026\/08\/Portada-324252.jpg","datePublished":"2026-08-31T13:33:50+00:00","dateModified":"2026-08-31T13:33:51+00:00","breadcrumb":{"@id":"https:\/\/romanticany.com\/?p=114328#breadcrumb"},"inLanguage":"es","potentialAction":[{"@type":"ReadAction","target":["https:\/\/romanticany.com\/?p=114328"]}]},{"@type":"ImageObject","inLanguage":"es","@id":"https:\/\/romanticany.com\/?p=114328#primaryimage","url":"https:\/\/romanticany.com\/wp-content\/uploads\/2026\/08\/Portada-324252.jpg","contentUrl":"https:\/\/romanticany.com\/wp-content\/uploads\/2026\/08\/Portada-324252.jpg","width":670,"height":510},{"@type":"BreadcrumbList","@id":"https:\/\/romanticany.com\/?p=114328#breadcrumb","itemListElement":[{"@type":"ListItem","position":1,"name":"Portada","item":"https:\/\/romanticany.com\/"},{"@type":"ListItem","position":2,"name":"Alianza Internacional de Capellanes reconoce a personalidades y miembros de la prensa en Nueva York"}]},{"@type":"WebSite","@id":"https:\/\/romanticany.com\/#website","url":"https:\/\/romanticany.com\/","name":"Romantica NY","description":"AHORA CON SU PERIODICO DIGITAL Y LA MUSICA MAS ROMANTICA EN LA GRAN MANZANA, USA","publisher":{"@id":"https:\/\/romanticany.com\/#organization"},"potentialAction":[{"@type":"SearchAction","target":{"@type":"EntryPoint","urlTemplate":"https:\/\/romanticany.com\/?s={search_term_string}"},"query-input":{"@type":"PropertyValueSpecification","valueRequired":true,"valueName":"search_term_string"}}],"inLanguage":"es"},{"@type":"Organization","@id":"https:\/\/romanticany.com\/#organization","name":"Romantica NY","url":"https:\/\/romanticany.com\/","logo":{"@type":"ImageObject","inLanguage":"es","@id":"https:\/\/romanticany.com\/#\/schema\/logo\/image\/","url":"https:\/\/romanticany.com\/wp-content\/uploads\/2025\/01\/Logo-Romantica-3.png","contentUrl":"https:\/\/romanticany.com\/wp-content\/uploads\/2025\/01\/Logo-Romantica-3.png","width":1024,"height":1024,"caption":"Romantica NY"},"image":{"@id":"https:\/\/romanticany.com\/#\/schema\/logo\/image\/"}},{"@type":"Person","@id":"https:\/\/romanticany.com\/#\/schema\/person\/be3a3ed4b2ab0af84e4dbe5c3215474c","name":"Romantica NY","image":{"@type":"ImageObject","inLanguage":"es","@id":"https:\/\/romanticany.com\/#\/schema\/person\/image\/","url":"https:\/\/romanticany.com\/wp-content\/uploads\/2025\/01\/cropped-Logo-Romantica-3-96x96.png","contentUrl":"https:\/\/romanticany.com\/wp-content\/uploads\/2025\/01\/cropped-Logo-Romantica-3-96x96.png","caption":"Romantica NY"},"sameAs":["https:\/\/romanticany.com"],"url":"https:\/\/romanticany.com\/?author=1"}]}},"rttpg_featured_image_url":{"full":["https:\/\/romanticany.com\/wp-content\/uploads\/2026\/08\/Portada-324252.jpg",670,510,false],"landscape":["https:\/\/romanticany.com\/wp-content\/uploads\/2026\/08\/Portada-324252.jpg",670,510,false],"portraits":["https:\/\/romanticany.com\/wp-content\/uploads\/2026\/08\/Portada-324252.jpg",670,510,false],"thumbnail":["https:\/\/romanticany.com\/wp-content\/uploads\/2026\/08\/Portada-324252-150x150.jpg",150,150,true],"medium":["https:\/\/romanticany.com\/wp-content\/uploads\/2026\/08\/Portada-324252-300x228.jpg",300,228,true],"large":["https:\/\/romanticany.com\/wp-content\/uploads\/2026\/08\/Portada-324252.jpg",640,487,false],"1536x1536":["https:\/\/romanticany.com\/wp-content\/uploads\/2026\/08\/Portada-324252.jpg",670,510,false],"2048x2048":["https:\/\/romanticany.com\/wp-content\/uploads\/2026\/08\/Portada-324252.jpg",670,510,false]},"rttpg_author":{"display_name":"Romantica NY","author_link":"https:\/\/romanticany.com\/?author=1"},"rttpg_comment":0,"rttpg_category":"<a href=\"https:\/\/romanticany.com\/?cat=15\" rel=\"category\">Sociales<\/a>","rttpg_excerpt":"La organizaci\u00f3n destaca aportes de l\u00edderes comunitarios, periodistas y comunicadores a favor de la comunidad y la cooperaci\u00f3n con los cuerpos de seguridad Por Aquiles Rojas y Manuel Ruiz Nueva York.- La Alianza Internacional de Capellanes y Voluntarios de la Polic\u00eda, bajo la direcci\u00f3n del obispo doctor Luis E. Paniagua, comandante en jefe de capellanes&hellip;","_links":{"self":[{"href":"https:\/\/romanticany.com\/index.php?rest_route=\/wp\/v2\/posts\/114328","targetHints":{"allow":["GET"]}}],"collection":[{"href":"https:\/\/romanticany.com\/index.php?rest_route=\/wp\/v2\/posts"}],"about":[{"href":"https:\/\/romanticany.com\/index.php?rest_route=\/wp\/v2\/types\/post"}],"author":[{"embeddable":true,"href":"https:\/\/romanticany.com\/index.php?rest_route=\/wp\/v2\/users\/1"}],"replies":[{"embeddable":true,"href":"https:\/\/romanticany.com\/index.php?rest_route=%2Fwp%2Fv2%2Fcomments&post=114328"}],"version-history":[{"count":1,"href":"https:\/\/romanticany.com\/index.php?rest_route=\/wp\/v2\/posts\/114328\/revisions"}],"predecessor-version":[{"id":114330,"href":"https:\/\/romanticany.com\/index.php?rest_route=\/wp\/v2\/posts\/114328\/revisions\/114330"}],"wp:featuredmedia":[{"embeddable":true,"href":"https:\/\/romanticany.com\/index.php?rest_route=\/wp\/v2\/media\/114329"}],"wp:attachment":[{"href":"https:\/\/romanticany.com\/index.php?rest_route=%2Fwp%2Fv2%2Fmedia&parent=114328"}],"wp:term":[{"taxonomy":"category","embeddable":true,"href":"https:\/\/romanticany.com\/index.php?rest_route=%2Fwp%2Fv2%2Fcategories&post=114328"},{"taxonomy":"post_tag","embeddable":true,"href":"https:\/\/romanticany.com\/index.php?rest_route=%2Fwp%2Fv2%2Ftags&post=114328"}],"curies":[{"name":"wp","href":"https:\/\/api.w.org\/{rel}","templated":true}]}}