{"id":114331,"date":"2026-08-31T09:44:11","date_gmt":"2026-08-31T13:44:11","guid":{"rendered":"https:\/\/romanticany.com\/?p=114331"},"modified":"2026-08-31T09:44:12","modified_gmt":"2026-08-31T13:44:12","slug":"yary-nin-entre-las-personalidades-distinguidas-en-la-primera-edicion-de-dominicanos-de-excelencia-2026","status":"publish","type":"post","link":"https:\/\/romanticany.com\/?p=114331","title":{"rendered":"Yary Nin, entre las personalidades distinguidas en la primera edici\u00f3n de \u201cDominicanos de Excelencia 2026\u201d"},"content":{"rendered":"\n<p class=\"wp-block-paragraph\">Hartford, Connecticut. \u2014 La trayectoria, liderazgo y aportes de destacados dominicanos fueron reconocidos durante la primera edici\u00f3n de \u201cDominicanos de Excelencia 2026\u201d, una significativa ceremonia celebrada en el hist\u00f3rico City Hall de Hartford, Connecticut, que reuni\u00f3 a personalidades con una destacada trayectoria en diferentes \u00e1reas y comunidades.<\/p>\n\n\n\n<p class=\"wp-block-paragraph\">Entre las figuras distinguidas se encuentra la comunicadora, periodista, productora y maestra de ceremonias Yary Nin, conocida como La Primera Dama de la Televisi\u00f3n de New York, quien recibi\u00f3 un reconocimiento por su trayectoria profesional, liderazgo y compromiso con la comunidad dominicana.<\/p>\n\n\n\n<figure class=\"wp-block-image size-large\"><img decoding=\"async\" src=\"https:\/\/ecodelpueblo.com\/wp-content\/uploads\/2026\/08\/WhatsApp-Image-2026-08-30-at-2.54.47-AM-1-683x1024.jpeg\" alt=\"\" class=\"wp-image-28583\"\/><\/figure>\n\n\n\n<p class=\"wp-block-paragraph\">La actividad, encabezada por Henry Rijo, presidente y fundador de Dominicanos de Excelencia, junto a Yane Paredes y el equipo de Proyectos Henry, tuvo como prop\u00f3sito destacar a hombres y mujeres que, desde sus respectivas \u00e1reas profesionales y comunitarias, han construido una trayectoria digna de reconocimiento y representan con orgullo sus ra\u00edces dominicanas.<\/p>\n\n\n\n<p class=\"wp-block-paragraph\">Yary Nin no pudo estar presente durante el momento oficial de la entrega debido a compromisos previamente establecidos. No obstante, posteriormente acudi\u00f3 al hist\u00f3rico City Hall para tomarse la fotograf\u00eda junto a su reconocimiento y compartir este momento especial.<\/p>\n\n\n\n<p class=\"wp-block-paragraph\">La comunicadora agradeci\u00f3 profundamente a los organizadores por tomar en cuenta su trayectoria, as\u00ed como a toda la gente de Conexico, por el c\u00e1lido recibimiento y por hacerla sentir parte de su comunidad.<\/p>\n\n\n\n<p class=\"wp-block-paragraph\">Tambi\u00e9n extendi\u00f3 un agradecimiento especial a Dinosca, quien le hizo llegar un video del momento en que fue recibido su reconocimiento, permiti\u00e9ndole vivir de manera especial ese instante a pesar de no haber podido estar presente.<\/p>\n\n\n\n<p class=\"wp-block-paragraph\">La distinci\u00f3n se suma a la trayectoria de una comunicadora que durante a\u00f1os ha utilizado los medios como plataforma para informar, conectar y dar visibilidad al talento, las historias y los acontecimientos de la comunidad dominicana en Nueva York y otros escenarios.<\/p>\n\n\n\n<p class=\"wp-block-paragraph\">\u201cDominicanos de Excelencia 2026\u201d se convirti\u00f3 as\u00ed en un encuentro para celebrar el esfuerzo, la dedicaci\u00f3n y las historias de \u00e9xito de diversas personalidades dominicanas, reafirmando la importancia de reconocer a quienes, desde sus diferentes \u00e1mbitos, contin\u00faan dejando huellas positivas en la sociedad.<\/p>\n\n\n\n<figure class=\"wp-block-image size-full\"><img decoding=\"async\" src=\"https:\/\/ecodelpueblo.com\/wp-content\/uploads\/2026\/08\/WhatsApp-Image-2026-08-30-at-2.54.47-AM-3.jpeg\" alt=\"\" class=\"wp-image-28584\"\/><\/figure>\n\n\n\n<figure class=\"wp-block-image size-large\"><img decoding=\"async\" src=\"https:\/\/ecodelpueblo.com\/wp-content\/uploads\/2026\/08\/WhatsApp-Image-2026-08-30-at-2.54.47-AM-2-768x1024-1.jpeg\" alt=\"\"\/><\/figure>\n","protected":false},"excerpt":{"rendered":"<p>Hartford, Connecticut. \u2014 La trayectoria, liderazgo y aportes de destacados dominicanos fueron reconocidos durante la primera edici\u00f3n de \u201cDominicanos de Excelencia 2026\u201d, una significativa ceremonia celebrada en el hist\u00f3rico City Hall de Hartford, Connecticut, que reuni\u00f3 a personalidades con una destacada trayectoria en diferentes \u00e1reas y comunidades. Entre las figuras distinguidas se encuentra la comunicadora, [&hellip;]<\/p>\n","protected":false},"author":1,"featured_media":114332,"comment_status":"open","ping_status":"closed","sticky":false,"template":"","format":"standard","meta":{"footnotes":""},"categories":[15],"tags":[],"class_list":["post-114331","post","type-post","status-publish","format-standard","has-post-thumbnail","hentry","category-sociales"],"yoast_head":"<!-- This site is optimized with the Yoast SEO plugin v24.5 - https:\/\/yoast.com\/wordpress\/plugins\/seo\/ -->\n<title>Yary Nin, entre las personalidades distinguidas en la primera edici\u00f3n de \u201cDominicanos de Excelencia 2026\u201d - Romantica NY<\/title>\n<meta name=\"robots\" content=\"index, follow, max-snippet:-1, max-image-preview:large, max-video-preview:-1\" \/>\n<link rel=\"canonical\" href=\"https:\/\/romanticany.com\/?p=114331\" \/>\n<meta property=\"og:locale\" content=\"es_ES\" \/>\n<meta property=\"og:type\" content=\"article\" \/>\n<meta property=\"og:title\" content=\"Yary Nin, entre las personalidades distinguidas en la primera edici\u00f3n de \u201cDominicanos de Excelencia 2026\u201d - Romantica NY\" \/>\n<meta property=\"og:description\" content=\"Hartford, Connecticut. \u2014 La trayectoria, liderazgo y aportes de destacados dominicanos fueron reconocidos durante la primera edici\u00f3n de \u201cDominicanos de Excelencia 2026\u201d, una significativa ceremonia celebrada en el hist\u00f3rico City Hall de Hartford, Connecticut, que reuni\u00f3 a personalidades con una destacada trayectoria en diferentes \u00e1reas y comunidades. Entre las figuras distinguidas se encuentra la comunicadora, [&hellip;]\" \/>\n<meta property=\"og:url\" content=\"https:\/\/romanticany.com\/?p=114331\" \/>\n<meta property=\"og:site_name\" content=\"Romantica NY\" \/>\n<meta property=\"article:published_time\" content=\"2026-08-31T13:44:11+00:00\" \/>\n<meta property=\"article:modified_time\" content=\"2026-08-31T13:44:12+00:00\" \/>\n<meta property=\"og:image\" content=\"https:\/\/romanticany.com\/wp-content\/uploads\/2026\/08\/Portada-d72242qww.jpeg\" \/>\n\t<meta property=\"og:image:width\" content=\"1129\" \/>\n\t<meta property=\"og:image:height\" content=\"1393\" \/>\n\t<meta property=\"og:image:type\" content=\"image\/jpeg\" \/>\n<meta name=\"author\" content=\"Romantica NY\" \/>\n<meta name=\"twitter:card\" content=\"summary_large_image\" \/>\n<meta name=\"twitter:label1\" content=\"Escrito por\" \/>\n\t<meta name=\"twitter:data1\" content=\"Romantica NY\" \/>\n\t<meta name=\"twitter:label2\" content=\"Tiempo de lectura\" \/>\n\t<meta name=\"twitter:data2\" content=\"3 minutos\" \/>\n<script type=\"application\/ld+json\" class=\"yoast-schema-graph\">{\"@context\":\"https:\/\/schema.org\",\"@graph\":[{\"@type\":\"Article\",\"@id\":\"https:\/\/romanticany.com\/?p=114331#article\",\"isPartOf\":{\"@id\":\"https:\/\/romanticany.com\/?p=114331\"},\"author\":{\"name\":\"Romantica NY\",\"@id\":\"https:\/\/romanticany.com\/#\/schema\/person\/be3a3ed4b2ab0af84e4dbe5c3215474c\"},\"headline\":\"Yary Nin, entre las personalidades distinguidas en la primera edici\u00f3n de \u201cDominicanos de Excelencia 2026\u201d\",\"datePublished\":\"2026-08-31T13:44:11+00:00\",\"dateModified\":\"2026-08-31T13:44:12+00:00\",\"mainEntityOfPage\":{\"@id\":\"https:\/\/romanticany.com\/?p=114331\"},\"wordCount\":361,\"commentCount\":0,\"publisher\":{\"@id\":\"https:\/\/romanticany.com\/#organization\"},\"image\":{\"@id\":\"https:\/\/romanticany.com\/?p=114331#primaryimage\"},\"thumbnailUrl\":\"https:\/\/romanticany.com\/wp-content\/uploads\/2026\/08\/Portada-d72242qww.jpeg\",\"articleSection\":[\"Sociales\"],\"inLanguage\":\"es\",\"potentialAction\":[{\"@type\":\"CommentAction\",\"name\":\"Comment\",\"target\":[\"https:\/\/romanticany.com\/?p=114331#respond\"]}]},{\"@type\":\"WebPage\",\"@id\":\"https:\/\/romanticany.com\/?p=114331\",\"url\":\"https:\/\/romanticany.com\/?p=114331\",\"name\":\"Yary Nin, entre las personalidades distinguidas en la primera edici\u00f3n de \u201cDominicanos de Excelencia 2026\u201d - Romantica NY\",\"isPartOf\":{\"@id\":\"https:\/\/romanticany.com\/#website\"},\"primaryImageOfPage\":{\"@id\":\"https:\/\/romanticany.com\/?p=114331#primaryimage\"},\"image\":{\"@id\":\"https:\/\/romanticany.com\/?p=114331#primaryimage\"},\"thumbnailUrl\":\"https:\/\/romanticany.com\/wp-content\/uploads\/2026\/08\/Portada-d72242qww.jpeg\",\"datePublished\":\"2026-08-31T13:44:11+00:00\",\"dateModified\":\"2026-08-31T13:44:12+00:00\",\"breadcrumb\":{\"@id\":\"https:\/\/romanticany.com\/?p=114331#breadcrumb\"},\"inLanguage\":\"es\",\"potentialAction\":[{\"@type\":\"ReadAction\",\"target\":[\"https:\/\/romanticany.com\/?p=114331\"]}]},{\"@type\":\"ImageObject\",\"inLanguage\":\"es\",\"@id\":\"https:\/\/romanticany.com\/?p=114331#primaryimage\",\"url\":\"https:\/\/romanticany.com\/wp-content\/uploads\/2026\/08\/Portada-d72242qww.jpeg\",\"contentUrl\":\"https:\/\/romanticany.com\/wp-content\/uploads\/2026\/08\/Portada-d72242qww.jpeg\",\"width\":1129,\"height\":1393},{\"@type\":\"BreadcrumbList\",\"@id\":\"https:\/\/romanticany.com\/?p=114331#breadcrumb\",\"itemListElement\":[{\"@type\":\"ListItem\",\"position\":1,\"name\":\"Portada\",\"item\":\"https:\/\/romanticany.com\/\"},{\"@type\":\"ListItem\",\"position\":2,\"name\":\"Yary Nin, entre las personalidades distinguidas en la primera edici\u00f3n de \u201cDominicanos de Excelencia 2026\u201d\"}]},{\"@type\":\"WebSite\",\"@id\":\"https:\/\/romanticany.com\/#website\",\"url\":\"https:\/\/romanticany.com\/\",\"name\":\"Romantica NY\",\"description\":\"AHORA CON SU PERIODICO DIGITAL Y LA MUSICA MAS ROMANTICA EN LA GRAN MANZANA, USA\",\"publisher\":{\"@id\":\"https:\/\/romanticany.com\/#organization\"},\"potentialAction\":[{\"@type\":\"SearchAction\",\"target\":{\"@type\":\"EntryPoint\",\"urlTemplate\":\"https:\/\/romanticany.com\/?s={search_term_string}\"},\"query-input\":{\"@type\":\"PropertyValueSpecification\",\"valueRequired\":true,\"valueName\":\"search_term_string\"}}],\"inLanguage\":\"es\"},{\"@type\":\"Organization\",\"@id\":\"https:\/\/romanticany.com\/#organization\",\"name\":\"Romantica NY\",\"url\":\"https:\/\/romanticany.com\/\",\"logo\":{\"@type\":\"ImageObject\",\"inLanguage\":\"es\",\"@id\":\"https:\/\/romanticany.com\/#\/schema\/logo\/image\/\",\"url\":\"https:\/\/romanticany.com\/wp-content\/uploads\/2025\/01\/Logo-Romantica-3.png\",\"contentUrl\":\"https:\/\/romanticany.com\/wp-content\/uploads\/2025\/01\/Logo-Romantica-3.png\",\"width\":1024,\"height\":1024,\"caption\":\"Romantica NY\"},\"image\":{\"@id\":\"https:\/\/romanticany.com\/#\/schema\/logo\/image\/\"}},{\"@type\":\"Person\",\"@id\":\"https:\/\/romanticany.com\/#\/schema\/person\/be3a3ed4b2ab0af84e4dbe5c3215474c\",\"name\":\"Romantica NY\",\"image\":{\"@type\":\"ImageObject\",\"inLanguage\":\"es\",\"@id\":\"https:\/\/romanticany.com\/#\/schema\/person\/image\/\",\"url\":\"https:\/\/romanticany.com\/wp-content\/uploads\/2025\/01\/cropped-Logo-Romantica-3-96x96.png\",\"contentUrl\":\"https:\/\/romanticany.com\/wp-content\/uploads\/2025\/01\/cropped-Logo-Romantica-3-96x96.png\",\"caption\":\"Romantica NY\"},\"sameAs\":[\"https:\/\/romanticany.com\"],\"url\":\"https:\/\/romanticany.com\/?author=1\"}]}<\/script>\n<!-- \/ Yoast SEO plugin. -->","yoast_head_json":{"title":"Yary Nin, entre las personalidades distinguidas en la primera edici\u00f3n de \u201cDominicanos de Excelencia 2026\u201d - Romantica NY","robots":{"index":"index","follow":"follow","max-snippet":"max-snippet:-1","max-image-preview":"max-image-preview:large","max-video-preview":"max-video-preview:-1"},"canonical":"https:\/\/romanticany.com\/?p=114331","og_locale":"es_ES","og_type":"article","og_title":"Yary Nin, entre las personalidades distinguidas en la primera edici\u00f3n de \u201cDominicanos de Excelencia 2026\u201d - Romantica NY","og_description":"Hartford, Connecticut. \u2014 La trayectoria, liderazgo y aportes de destacados dominicanos fueron reconocidos durante la primera edici\u00f3n de \u201cDominicanos de Excelencia 2026\u201d, una significativa ceremonia celebrada en el hist\u00f3rico City Hall de Hartford, Connecticut, que reuni\u00f3 a personalidades con una destacada trayectoria en diferentes \u00e1reas y comunidades. Entre las figuras distinguidas se encuentra la comunicadora, [&hellip;]","og_url":"https:\/\/romanticany.com\/?p=114331","og_site_name":"Romantica NY","article_published_time":"2026-08-31T13:44:11+00:00","article_modified_time":"2026-08-31T13:44:12+00:00","og_image":[{"width":1129,"height":1393,"url":"https:\/\/romanticany.com\/wp-content\/uploads\/2026\/08\/Portada-d72242qww.jpeg","type":"image\/jpeg"}],"author":"Romantica NY","twitter_card":"summary_large_image","twitter_misc":{"Escrito por":"Romantica NY","Tiempo de lectura":"3 minutos"},"schema":{"@context":"https:\/\/schema.org","@graph":[{"@type":"Article","@id":"https:\/\/romanticany.com\/?p=114331#article","isPartOf":{"@id":"https:\/\/romanticany.com\/?p=114331"},"author":{"name":"Romantica NY","@id":"https:\/\/romanticany.com\/#\/schema\/person\/be3a3ed4b2ab0af84e4dbe5c3215474c"},"headline":"Yary Nin, entre las personalidades distinguidas en la primera edici\u00f3n de \u201cDominicanos de Excelencia 2026\u201d","datePublished":"2026-08-31T13:44:11+00:00","dateModified":"2026-08-31T13:44:12+00:00","mainEntityOfPage":{"@id":"https:\/\/romanticany.com\/?p=114331"},"wordCount":361,"commentCount":0,"publisher":{"@id":"https:\/\/romanticany.com\/#organization"},"image":{"@id":"https:\/\/romanticany.com\/?p=114331#primaryimage"},"thumbnailUrl":"https:\/\/romanticany.com\/wp-content\/uploads\/2026\/08\/Portada-d72242qww.jpeg","articleSection":["Sociales"],"inLanguage":"es","potentialAction":[{"@type":"CommentAction","name":"Comment","target":["https:\/\/romanticany.com\/?p=114331#respond"]}]},{"@type":"WebPage","@id":"https:\/\/romanticany.com\/?p=114331","url":"https:\/\/romanticany.com\/?p=114331","name":"Yary Nin, entre las personalidades distinguidas en la primera edici\u00f3n de \u201cDominicanos de Excelencia 2026\u201d - Romantica NY","isPartOf":{"@id":"https:\/\/romanticany.com\/#website"},"primaryImageOfPage":{"@id":"https:\/\/romanticany.com\/?p=114331#primaryimage"},"image":{"@id":"https:\/\/romanticany.com\/?p=114331#primaryimage"},"thumbnailUrl":"https:\/\/romanticany.com\/wp-content\/uploads\/2026\/08\/Portada-d72242qww.jpeg","datePublished":"2026-08-31T13:44:11+00:00","dateModified":"2026-08-31T13:44:12+00:00","breadcrumb":{"@id":"https:\/\/romanticany.com\/?p=114331#breadcrumb"},"inLanguage":"es","potentialAction":[{"@type":"ReadAction","target":["https:\/\/romanticany.com\/?p=114331"]}]},{"@type":"ImageObject","inLanguage":"es","@id":"https:\/\/romanticany.com\/?p=114331#primaryimage","url":"https:\/\/romanticany.com\/wp-content\/uploads\/2026\/08\/Portada-d72242qww.jpeg","contentUrl":"https:\/\/romanticany.com\/wp-content\/uploads\/2026\/08\/Portada-d72242qww.jpeg","width":1129,"height":1393},{"@type":"BreadcrumbList","@id":"https:\/\/romanticany.com\/?p=114331#breadcrumb","itemListElement":[{"@type":"ListItem","position":1,"name":"Portada","item":"https:\/\/romanticany.com\/"},{"@type":"ListItem","position":2,"name":"Yary Nin, entre las personalidades distinguidas en la primera edici\u00f3n de \u201cDominicanos de Excelencia 2026\u201d"}]},{"@type":"WebSite","@id":"https:\/\/romanticany.com\/#website","url":"https:\/\/romanticany.com\/","name":"Romantica NY","description":"AHORA CON SU PERIODICO DIGITAL Y LA MUSICA MAS ROMANTICA EN LA GRAN MANZANA, USA","publisher":{"@id":"https:\/\/romanticany.com\/#organization"},"potentialAction":[{"@type":"SearchAction","target":{"@type":"EntryPoint","urlTemplate":"https:\/\/romanticany.com\/?s={search_term_string}"},"query-input":{"@type":"PropertyValueSpecification","valueRequired":true,"valueName":"search_term_string"}}],"inLanguage":"es"},{"@type":"Organization","@id":"https:\/\/romanticany.com\/#organization","name":"Romantica NY","url":"https:\/\/romanticany.com\/","logo":{"@type":"ImageObject","inLanguage":"es","@id":"https:\/\/romanticany.com\/#\/schema\/logo\/image\/","url":"https:\/\/romanticany.com\/wp-content\/uploads\/2025\/01\/Logo-Romantica-3.png","contentUrl":"https:\/\/romanticany.com\/wp-content\/uploads\/2025\/01\/Logo-Romantica-3.png","width":1024,"height":1024,"caption":"Romantica NY"},"image":{"@id":"https:\/\/romanticany.com\/#\/schema\/logo\/image\/"}},{"@type":"Person","@id":"https:\/\/romanticany.com\/#\/schema\/person\/be3a3ed4b2ab0af84e4dbe5c3215474c","name":"Romantica NY","image":{"@type":"ImageObject","inLanguage":"es","@id":"https:\/\/romanticany.com\/#\/schema\/person\/image\/","url":"https:\/\/romanticany.com\/wp-content\/uploads\/2025\/01\/cropped-Logo-Romantica-3-96x96.png","contentUrl":"https:\/\/romanticany.com\/wp-content\/uploads\/2025\/01\/cropped-Logo-Romantica-3-96x96.png","caption":"Romantica NY"},"sameAs":["https:\/\/romanticany.com"],"url":"https:\/\/romanticany.com\/?author=1"}]}},"rttpg_featured_image_url":{"full":["https:\/\/romanticany.com\/wp-content\/uploads\/2026\/08\/Portada-d72242qww.jpeg",1129,1393,false],"landscape":["https:\/\/romanticany.com\/wp-content\/uploads\/2026\/08\/Portada-d72242qww.jpeg",1129,1393,false],"portraits":["https:\/\/romanticany.com\/wp-content\/uploads\/2026\/08\/Portada-d72242qww.jpeg",1129,1393,false],"thumbnail":["https:\/\/romanticany.com\/wp-content\/uploads\/2026\/08\/Portada-d72242qww-150x150.jpeg",150,150,true],"medium":["https:\/\/romanticany.com\/wp-content\/uploads\/2026\/08\/Portada-d72242qww-243x300.jpeg",243,300,true],"large":["https:\/\/romanticany.com\/wp-content\/uploads\/2026\/08\/Portada-d72242qww-830x1024.jpeg",640,790,true],"1536x1536":["https:\/\/romanticany.com\/wp-content\/uploads\/2026\/08\/Portada-d72242qww.jpeg",1129,1393,false],"2048x2048":["https:\/\/romanticany.com\/wp-content\/uploads\/2026\/08\/Portada-d72242qww.jpeg",1129,1393,false]},"rttpg_author":{"display_name":"Romantica NY","author_link":"https:\/\/romanticany.com\/?author=1"},"rttpg_comment":0,"rttpg_category":"<a href=\"https:\/\/romanticany.com\/?cat=15\" rel=\"category\">Sociales<\/a>","rttpg_excerpt":"Hartford, Connecticut. \u2014 La trayectoria, liderazgo y aportes de destacados dominicanos fueron reconocidos durante la primera edici\u00f3n de \u201cDominicanos de Excelencia 2026\u201d, una significativa ceremonia celebrada en el hist\u00f3rico City Hall de Hartford, Connecticut, que reuni\u00f3 a personalidades con una destacada trayectoria en diferentes \u00e1reas y comunidades. Entre las figuras distinguidas se encuentra la comunicadora,&hellip;","_links":{"self":[{"href":"https:\/\/romanticany.com\/index.php?rest_route=\/wp\/v2\/posts\/114331","targetHints":{"allow":["GET"]}}],"collection":[{"href":"https:\/\/romanticany.com\/index.php?rest_route=\/wp\/v2\/posts"}],"about":[{"href":"https:\/\/romanticany.com\/index.php?rest_route=\/wp\/v2\/types\/post"}],"author":[{"embeddable":true,"href":"https:\/\/romanticany.com\/index.php?rest_route=\/wp\/v2\/users\/1"}],"replies":[{"embeddable":true,"href":"https:\/\/romanticany.com\/index.php?rest_route=%2Fwp%2Fv2%2Fcomments&post=114331"}],"version-history":[{"count":1,"href":"https:\/\/romanticany.com\/index.php?rest_route=\/wp\/v2\/posts\/114331\/revisions"}],"predecessor-version":[{"id":114333,"href":"https:\/\/romanticany.com\/index.php?rest_route=\/wp\/v2\/posts\/114331\/revisions\/114333"}],"wp:featuredmedia":[{"embeddable":true,"href":"https:\/\/romanticany.com\/index.php?rest_route=\/wp\/v2\/media\/114332"}],"wp:attachment":[{"href":"https:\/\/romanticany.com\/index.php?rest_route=%2Fwp%2Fv2%2Fmedia&parent=114331"}],"wp:term":[{"taxonomy":"category","embeddable":true,"href":"https:\/\/romanticany.com\/index.php?rest_route=%2Fwp%2Fv2%2Fcategories&post=114331"},{"taxonomy":"post_tag","embeddable":true,"href":"https:\/\/romanticany.com\/index.php?rest_route=%2Fwp%2Fv2%2Ftags&post=114331"}],"curies":[{"name":"wp","href":"https:\/\/api.w.org\/{rel}","templated":true}]}}