{"id":114349,"date":"2026-08-31T11:26:49","date_gmt":"2026-08-31T15:26:49","guid":{"rendered":"https:\/\/romanticany.com\/?p=114349"},"modified":"2026-08-31T11:26:50","modified_gmt":"2026-08-31T15:26:50","slug":"republica-dominicana-y-honduras-unen-fuerzas-acuerdos-en-seguridad-comercio-y-estabilidad-en-la-region","status":"publish","type":"post","link":"https:\/\/romanticany.com\/?p=114349","title":{"rendered":"\u00a0\u00abRep\u00fablica Dominicana y Honduras unen fuerzas: Acuerdos en seguridad, comercio y estabilidad en la regi\u00f3n\u00bb"},"content":{"rendered":"\n<h4 class=\"wp-block-heading\"><strong>Una visita que marca un hito en la cooperaci\u00f3n bilateral<\/strong><\/h4>\n\n\n\n<p class=\"wp-block-paragraph\">Los presidentes <strong>Luis Abinader (Rep\u00fablica Dominicana)<\/strong> y <strong>Nasry Asfura (Honduras)<\/strong> se reunieron para <strong>fortalecer la cooperaci\u00f3n<\/strong> en \u00e1reas como <strong>seguridad, comercio, inversi\u00f3n, turismo, migraci\u00f3n, salud y agricultura<\/strong>. Durante la visita oficial de Asfura, ambos mandatarios <strong>reafirmaron su compromiso<\/strong> con la <strong>democracia, los derechos humanos y la estabilidad regional<\/strong>, adem\u00e1s de expresar su <strong>preocupaci\u00f3n por Hait\u00ed<\/strong> y llamar a la <strong>comunidad internacional<\/strong> a intensificar sus esfuerzos para su estabilizaci\u00f3n.<\/p>\n\n\n\n<hr class=\"wp-block-separator has-alpha-channel-opacity\"\/>\n\n\n\n<h4 class=\"wp-block-heading\"><strong>Acuerdos estrat\u00e9gicos para el futuro<\/strong><\/h4>\n\n\n\n<p class=\"wp-block-paragraph\">En una <strong>declaraci\u00f3n conjunta<\/strong>, ambos presidentes destacaron la importancia de trabajar juntos en:<\/p>\n\n\n\n<ul class=\"wp-block-list\">\n<li><strong>Seguridad regional<\/strong>: Cooperaci\u00f3n contra el\u00a0<strong>crimen organizado transnacional<\/strong>.<\/li>\n\n\n\n<li><strong>Comercio y inversi\u00f3n<\/strong>: Promoci\u00f3n de\u00a0<strong>mayores flujos comerciales<\/strong>\u00a0y apoyo al\u00a0<strong>sector privado<\/strong>.<\/li>\n\n\n\n<li><strong>Turismo<\/strong>: Incremento del\u00a0<strong>intercambio tur\u00edstico<\/strong>\u00a0y actualizaci\u00f3n del\u00a0<strong>Acuerdo de Cooperaci\u00f3n Tur\u00edstica<\/strong>.<\/li>\n\n\n\n<li><strong>Salud<\/strong>: Intercambio de\u00a0<strong>experiencias y buenas pr\u00e1cticas<\/strong>\u00a0en el sector farmac\u00e9utico.<\/li>\n\n\n\n<li><strong>Agricultura<\/strong>: Cooperaci\u00f3n en\u00a0<strong>tecnolog\u00edas agropecuarias<\/strong>\u00a0para mejorar la productividad.<\/li>\n<\/ul>\n\n\n\n<hr class=\"wp-block-separator has-alpha-channel-opacity\"\/>\n\n\n\n<h4 class=\"wp-block-heading\"><strong>Hait\u00ed: Un llamado a la acci\u00f3n internacional<\/strong><\/h4>\n\n\n\n<p class=\"wp-block-paragraph\">Ambos mandatarios <strong>expresaron su profunda preocupaci\u00f3n<\/strong> por la situaci\u00f3n en <strong>Hait\u00ed<\/strong> y exhortaron a la <strong>comunidad internacional<\/strong> a redoblar sus esfuerzos para encontrar una <strong>soluci\u00f3n integral<\/strong>. Adem\u00e1s, <strong>reafirmaron su apoyo<\/strong> a la <strong>Fuerza de Represi\u00f3n de las Bandas (GSF)<\/strong>, autorizada por el <strong>Consejo de Seguridad de la ONU<\/strong>, y llamaron a la <strong>renovaci\u00f3n de su mandato<\/strong> antes del <strong>30 de septiembre de 2026<\/strong>.<\/p>\n\n\n\n<hr class=\"wp-block-separator has-alpha-channel-opacity\"\/>\n\n\n\n<h4 class=\"wp-block-heading\"><strong>Cooperaci\u00f3n en gesti\u00f3n del sargazo y migraci\u00f3n<\/strong><\/h4>\n\n\n\n<p class=\"wp-block-paragraph\">Los presidentes tambi\u00e9n abordaron el <strong>problema del sargazo<\/strong> en el <strong>Gran Caribe<\/strong>, que afecta a las costas y econom\u00edas de ambos pa\u00edses. Acordaron <strong>fortalecer la cooperaci\u00f3n<\/strong> para el <strong>monitoreo y gesti\u00f3n<\/strong> de este fen\u00f3meno. Adem\u00e1s, <strong>reiteraron su compromiso<\/strong> con la <strong>cooperaci\u00f3n migratoria<\/strong>, incluyendo la <strong>protecci\u00f3n de sus nacionales<\/strong> y el intercambio de <strong>buenas pr\u00e1cticas consulares<\/strong>.<\/p>\n\n\n\n<hr class=\"wp-block-separator has-alpha-channel-opacity\"\/>\n\n\n\n<h4 class=\"wp-block-heading\"><strong>Pr\u00f3ximos pasos: Visita de Abinader a Honduras en 2027<\/strong><\/h4>\n\n\n\n<p class=\"wp-block-paragraph\">Como parte de los acuerdos, se <strong>planific\u00f3 una visita oficial<\/strong> del presidente <strong>Abinader a Honduras en 2027<\/strong> para evaluar el cumplimiento de los compromisos. Asfura agradeci\u00f3 la <strong>hospitalidad<\/strong> recibida y extendi\u00f3 una <strong>invitaci\u00f3n formal<\/strong> a Abinader para continuar fortaleciendo los lazos entre ambas naciones.<\/p>\n\n\n\n<hr class=\"wp-block-separator has-alpha-channel-opacity\"\/>\n\n\n\n<p class=\"wp-block-paragraph\"><strong>Hashtags<\/strong>: #Rep\u00fablicaDominicana #Honduras #Cooperaci\u00f3nBilateral #Seguridad #Comercio #Turismo #Hait\u00ed #Sargazo<\/p>\n","protected":false},"excerpt":{"rendered":"<p>Una visita que marca un hito en la cooperaci\u00f3n bilateral Los presidentes Luis Abinader (Rep\u00fablica Dominicana) y Nasry Asfura (Honduras) se reunieron para fortalecer la cooperaci\u00f3n en \u00e1reas como seguridad, comercio, inversi\u00f3n, turismo, migraci\u00f3n, salud y agricultura. Durante la visita oficial de Asfura, ambos mandatarios reafirmaron su compromiso con la democracia, los derechos humanos y [&hellip;]<\/p>\n","protected":false},"author":1,"featured_media":114350,"comment_status":"open","ping_status":"closed","sticky":false,"template":"","format":"standard","meta":{"footnotes":""},"categories":[11],"tags":[],"class_list":["post-114349","post","type-post","status-publish","format-standard","has-post-thumbnail","hentry","category-politica"],"yoast_head":"<!-- This site is optimized with the Yoast SEO plugin v24.5 - https:\/\/yoast.com\/wordpress\/plugins\/seo\/ -->\n<title>\u00a0&quot;Rep\u00fablica Dominicana y Honduras unen fuerzas: Acuerdos en seguridad, comercio y estabilidad en la regi\u00f3n&quot; - Romantica NY<\/title>\n<meta name=\"robots\" content=\"index, follow, max-snippet:-1, max-image-preview:large, max-video-preview:-1\" \/>\n<link rel=\"canonical\" href=\"https:\/\/romanticany.com\/?p=114349\" \/>\n<meta property=\"og:locale\" content=\"es_ES\" \/>\n<meta property=\"og:type\" content=\"article\" \/>\n<meta property=\"og:title\" content=\"\u00a0&quot;Rep\u00fablica Dominicana y Honduras unen fuerzas: Acuerdos en seguridad, comercio y estabilidad en la regi\u00f3n&quot; - Romantica NY\" \/>\n<meta property=\"og:description\" content=\"Una visita que marca un hito en la cooperaci\u00f3n bilateral Los presidentes Luis Abinader (Rep\u00fablica Dominicana) y Nasry Asfura (Honduras) se reunieron para fortalecer la cooperaci\u00f3n en \u00e1reas como seguridad, comercio, inversi\u00f3n, turismo, migraci\u00f3n, salud y agricultura. Durante la visita oficial de Asfura, ambos mandatarios reafirmaron su compromiso con la democracia, los derechos humanos y [&hellip;]\" \/>\n<meta property=\"og:url\" content=\"https:\/\/romanticany.com\/?p=114349\" \/>\n<meta property=\"og:site_name\" content=\"Romantica NY\" \/>\n<meta property=\"article:published_time\" content=\"2026-08-31T15:26:49+00:00\" \/>\n<meta property=\"article:modified_time\" content=\"2026-08-31T15:26:50+00:00\" \/>\n<meta property=\"og:image\" content=\"https:\/\/romanticany.com\/wp-content\/uploads\/2026\/08\/puntos-acordados-entre-luis-abinader-y-nasry-juan-asfura-zablah-be23e4ad-focus-0.02-0.42-896-504.jpg\" \/>\n\t<meta property=\"og:image:width\" content=\"896\" \/>\n\t<meta property=\"og:image:height\" content=\"504\" \/>\n\t<meta property=\"og:image:type\" content=\"image\/jpeg\" \/>\n<meta name=\"author\" content=\"Romantica NY\" \/>\n<meta name=\"twitter:card\" content=\"summary_large_image\" \/>\n<meta name=\"twitter:label1\" content=\"Escrito por\" \/>\n\t<meta name=\"twitter:data1\" content=\"Romantica NY\" \/>\n\t<meta name=\"twitter:label2\" content=\"Tiempo de lectura\" \/>\n\t<meta name=\"twitter:data2\" content=\"2 minutos\" \/>\n<script type=\"application\/ld+json\" class=\"yoast-schema-graph\">{\"@context\":\"https:\/\/schema.org\",\"@graph\":[{\"@type\":\"Article\",\"@id\":\"https:\/\/romanticany.com\/?p=114349#article\",\"isPartOf\":{\"@id\":\"https:\/\/romanticany.com\/?p=114349\"},\"author\":{\"name\":\"Romantica NY\",\"@id\":\"https:\/\/romanticany.com\/#\/schema\/person\/be3a3ed4b2ab0af84e4dbe5c3215474c\"},\"headline\":\"\u00a0\u00abRep\u00fablica Dominicana y Honduras unen fuerzas: Acuerdos en seguridad, comercio y estabilidad en la regi\u00f3n\u00bb\",\"datePublished\":\"2026-08-31T15:26:49+00:00\",\"dateModified\":\"2026-08-31T15:26:50+00:00\",\"mainEntityOfPage\":{\"@id\":\"https:\/\/romanticany.com\/?p=114349\"},\"wordCount\":401,\"commentCount\":0,\"publisher\":{\"@id\":\"https:\/\/romanticany.com\/#organization\"},\"image\":{\"@id\":\"https:\/\/romanticany.com\/?p=114349#primaryimage\"},\"thumbnailUrl\":\"https:\/\/romanticany.com\/wp-content\/uploads\/2026\/08\/puntos-acordados-entre-luis-abinader-y-nasry-juan-asfura-zablah-be23e4ad-focus-0.02-0.42-896-504.jpg\",\"articleSection\":[\"Pol\u00edtica\"],\"inLanguage\":\"es\",\"potentialAction\":[{\"@type\":\"CommentAction\",\"name\":\"Comment\",\"target\":[\"https:\/\/romanticany.com\/?p=114349#respond\"]}]},{\"@type\":\"WebPage\",\"@id\":\"https:\/\/romanticany.com\/?p=114349\",\"url\":\"https:\/\/romanticany.com\/?p=114349\",\"name\":\"\u00a0\\\"Rep\u00fablica Dominicana y Honduras unen fuerzas: Acuerdos en seguridad, comercio y estabilidad en la regi\u00f3n\\\" - Romantica NY\",\"isPartOf\":{\"@id\":\"https:\/\/romanticany.com\/#website\"},\"primaryImageOfPage\":{\"@id\":\"https:\/\/romanticany.com\/?p=114349#primaryimage\"},\"image\":{\"@id\":\"https:\/\/romanticany.com\/?p=114349#primaryimage\"},\"thumbnailUrl\":\"https:\/\/romanticany.com\/wp-content\/uploads\/2026\/08\/puntos-acordados-entre-luis-abinader-y-nasry-juan-asfura-zablah-be23e4ad-focus-0.02-0.42-896-504.jpg\",\"datePublished\":\"2026-08-31T15:26:49+00:00\",\"dateModified\":\"2026-08-31T15:26:50+00:00\",\"breadcrumb\":{\"@id\":\"https:\/\/romanticany.com\/?p=114349#breadcrumb\"},\"inLanguage\":\"es\",\"potentialAction\":[{\"@type\":\"ReadAction\",\"target\":[\"https:\/\/romanticany.com\/?p=114349\"]}]},{\"@type\":\"ImageObject\",\"inLanguage\":\"es\",\"@id\":\"https:\/\/romanticany.com\/?p=114349#primaryimage\",\"url\":\"https:\/\/romanticany.com\/wp-content\/uploads\/2026\/08\/puntos-acordados-entre-luis-abinader-y-nasry-juan-asfura-zablah-be23e4ad-focus-0.02-0.42-896-504.jpg\",\"contentUrl\":\"https:\/\/romanticany.com\/wp-content\/uploads\/2026\/08\/puntos-acordados-entre-luis-abinader-y-nasry-juan-asfura-zablah-be23e4ad-focus-0.02-0.42-896-504.jpg\",\"width\":896,\"height\":504},{\"@type\":\"BreadcrumbList\",\"@id\":\"https:\/\/romanticany.com\/?p=114349#breadcrumb\",\"itemListElement\":[{\"@type\":\"ListItem\",\"position\":1,\"name\":\"Portada\",\"item\":\"https:\/\/romanticany.com\/\"},{\"@type\":\"ListItem\",\"position\":2,\"name\":\"\u00a0\u00abRep\u00fablica Dominicana y Honduras unen fuerzas: Acuerdos en seguridad, comercio y estabilidad en la regi\u00f3n\u00bb\"}]},{\"@type\":\"WebSite\",\"@id\":\"https:\/\/romanticany.com\/#website\",\"url\":\"https:\/\/romanticany.com\/\",\"name\":\"Romantica NY\",\"description\":\"AHORA CON SU PERIODICO DIGITAL Y LA MUSICA MAS ROMANTICA EN LA GRAN MANZANA, USA\",\"publisher\":{\"@id\":\"https:\/\/romanticany.com\/#organization\"},\"potentialAction\":[{\"@type\":\"SearchAction\",\"target\":{\"@type\":\"EntryPoint\",\"urlTemplate\":\"https:\/\/romanticany.com\/?s={search_term_string}\"},\"query-input\":{\"@type\":\"PropertyValueSpecification\",\"valueRequired\":true,\"valueName\":\"search_term_string\"}}],\"inLanguage\":\"es\"},{\"@type\":\"Organization\",\"@id\":\"https:\/\/romanticany.com\/#organization\",\"name\":\"Romantica NY\",\"url\":\"https:\/\/romanticany.com\/\",\"logo\":{\"@type\":\"ImageObject\",\"inLanguage\":\"es\",\"@id\":\"https:\/\/romanticany.com\/#\/schema\/logo\/image\/\",\"url\":\"https:\/\/romanticany.com\/wp-content\/uploads\/2025\/01\/Logo-Romantica-3.png\",\"contentUrl\":\"https:\/\/romanticany.com\/wp-content\/uploads\/2025\/01\/Logo-Romantica-3.png\",\"width\":1024,\"height\":1024,\"caption\":\"Romantica NY\"},\"image\":{\"@id\":\"https:\/\/romanticany.com\/#\/schema\/logo\/image\/\"}},{\"@type\":\"Person\",\"@id\":\"https:\/\/romanticany.com\/#\/schema\/person\/be3a3ed4b2ab0af84e4dbe5c3215474c\",\"name\":\"Romantica NY\",\"image\":{\"@type\":\"ImageObject\",\"inLanguage\":\"es\",\"@id\":\"https:\/\/romanticany.com\/#\/schema\/person\/image\/\",\"url\":\"https:\/\/romanticany.com\/wp-content\/uploads\/2025\/01\/cropped-Logo-Romantica-3-96x96.png\",\"contentUrl\":\"https:\/\/romanticany.com\/wp-content\/uploads\/2025\/01\/cropped-Logo-Romantica-3-96x96.png\",\"caption\":\"Romantica NY\"},\"sameAs\":[\"https:\/\/romanticany.com\"],\"url\":\"https:\/\/romanticany.com\/?author=1\"}]}<\/script>\n<!-- \/ Yoast SEO plugin. -->","yoast_head_json":{"title":"\u00a0\"Rep\u00fablica Dominicana y Honduras unen fuerzas: Acuerdos en seguridad, comercio y estabilidad en la regi\u00f3n\" - Romantica NY","robots":{"index":"index","follow":"follow","max-snippet":"max-snippet:-1","max-image-preview":"max-image-preview:large","max-video-preview":"max-video-preview:-1"},"canonical":"https:\/\/romanticany.com\/?p=114349","og_locale":"es_ES","og_type":"article","og_title":"\u00a0\"Rep\u00fablica Dominicana y Honduras unen fuerzas: Acuerdos en seguridad, comercio y estabilidad en la regi\u00f3n\" - Romantica NY","og_description":"Una visita que marca un hito en la cooperaci\u00f3n bilateral Los presidentes Luis Abinader (Rep\u00fablica Dominicana) y Nasry Asfura (Honduras) se reunieron para fortalecer la cooperaci\u00f3n en \u00e1reas como seguridad, comercio, inversi\u00f3n, turismo, migraci\u00f3n, salud y agricultura. Durante la visita oficial de Asfura, ambos mandatarios reafirmaron su compromiso con la democracia, los derechos humanos y [&hellip;]","og_url":"https:\/\/romanticany.com\/?p=114349","og_site_name":"Romantica NY","article_published_time":"2026-08-31T15:26:49+00:00","article_modified_time":"2026-08-31T15:26:50+00:00","og_image":[{"width":896,"height":504,"url":"https:\/\/romanticany.com\/wp-content\/uploads\/2026\/08\/puntos-acordados-entre-luis-abinader-y-nasry-juan-asfura-zablah-be23e4ad-focus-0.02-0.42-896-504.jpg","type":"image\/jpeg"}],"author":"Romantica NY","twitter_card":"summary_large_image","twitter_misc":{"Escrito por":"Romantica NY","Tiempo de lectura":"2 minutos"},"schema":{"@context":"https:\/\/schema.org","@graph":[{"@type":"Article","@id":"https:\/\/romanticany.com\/?p=114349#article","isPartOf":{"@id":"https:\/\/romanticany.com\/?p=114349"},"author":{"name":"Romantica NY","@id":"https:\/\/romanticany.com\/#\/schema\/person\/be3a3ed4b2ab0af84e4dbe5c3215474c"},"headline":"\u00a0\u00abRep\u00fablica Dominicana y Honduras unen fuerzas: Acuerdos en seguridad, comercio y estabilidad en la regi\u00f3n\u00bb","datePublished":"2026-08-31T15:26:49+00:00","dateModified":"2026-08-31T15:26:50+00:00","mainEntityOfPage":{"@id":"https:\/\/romanticany.com\/?p=114349"},"wordCount":401,"commentCount":0,"publisher":{"@id":"https:\/\/romanticany.com\/#organization"},"image":{"@id":"https:\/\/romanticany.com\/?p=114349#primaryimage"},"thumbnailUrl":"https:\/\/romanticany.com\/wp-content\/uploads\/2026\/08\/puntos-acordados-entre-luis-abinader-y-nasry-juan-asfura-zablah-be23e4ad-focus-0.02-0.42-896-504.jpg","articleSection":["Pol\u00edtica"],"inLanguage":"es","potentialAction":[{"@type":"CommentAction","name":"Comment","target":["https:\/\/romanticany.com\/?p=114349#respond"]}]},{"@type":"WebPage","@id":"https:\/\/romanticany.com\/?p=114349","url":"https:\/\/romanticany.com\/?p=114349","name":"\u00a0\"Rep\u00fablica Dominicana y Honduras unen fuerzas: Acuerdos en seguridad, comercio y estabilidad en la regi\u00f3n\" - Romantica NY","isPartOf":{"@id":"https:\/\/romanticany.com\/#website"},"primaryImageOfPage":{"@id":"https:\/\/romanticany.com\/?p=114349#primaryimage"},"image":{"@id":"https:\/\/romanticany.com\/?p=114349#primaryimage"},"thumbnailUrl":"https:\/\/romanticany.com\/wp-content\/uploads\/2026\/08\/puntos-acordados-entre-luis-abinader-y-nasry-juan-asfura-zablah-be23e4ad-focus-0.02-0.42-896-504.jpg","datePublished":"2026-08-31T15:26:49+00:00","dateModified":"2026-08-31T15:26:50+00:00","breadcrumb":{"@id":"https:\/\/romanticany.com\/?p=114349#breadcrumb"},"inLanguage":"es","potentialAction":[{"@type":"ReadAction","target":["https:\/\/romanticany.com\/?p=114349"]}]},{"@type":"ImageObject","inLanguage":"es","@id":"https:\/\/romanticany.com\/?p=114349#primaryimage","url":"https:\/\/romanticany.com\/wp-content\/uploads\/2026\/08\/puntos-acordados-entre-luis-abinader-y-nasry-juan-asfura-zablah-be23e4ad-focus-0.02-0.42-896-504.jpg","contentUrl":"https:\/\/romanticany.com\/wp-content\/uploads\/2026\/08\/puntos-acordados-entre-luis-abinader-y-nasry-juan-asfura-zablah-be23e4ad-focus-0.02-0.42-896-504.jpg","width":896,"height":504},{"@type":"BreadcrumbList","@id":"https:\/\/romanticany.com\/?p=114349#breadcrumb","itemListElement":[{"@type":"ListItem","position":1,"name":"Portada","item":"https:\/\/romanticany.com\/"},{"@type":"ListItem","position":2,"name":"\u00a0\u00abRep\u00fablica Dominicana y Honduras unen fuerzas: Acuerdos en seguridad, comercio y estabilidad en la regi\u00f3n\u00bb"}]},{"@type":"WebSite","@id":"https:\/\/romanticany.com\/#website","url":"https:\/\/romanticany.com\/","name":"Romantica NY","description":"AHORA CON SU PERIODICO DIGITAL Y LA MUSICA MAS ROMANTICA EN LA GRAN MANZANA, USA","publisher":{"@id":"https:\/\/romanticany.com\/#organization"},"potentialAction":[{"@type":"SearchAction","target":{"@type":"EntryPoint","urlTemplate":"https:\/\/romanticany.com\/?s={search_term_string}"},"query-input":{"@type":"PropertyValueSpecification","valueRequired":true,"valueName":"search_term_string"}}],"inLanguage":"es"},{"@type":"Organization","@id":"https:\/\/romanticany.com\/#organization","name":"Romantica NY","url":"https:\/\/romanticany.com\/","logo":{"@type":"ImageObject","inLanguage":"es","@id":"https:\/\/romanticany.com\/#\/schema\/logo\/image\/","url":"https:\/\/romanticany.com\/wp-content\/uploads\/2025\/01\/Logo-Romantica-3.png","contentUrl":"https:\/\/romanticany.com\/wp-content\/uploads\/2025\/01\/Logo-Romantica-3.png","width":1024,"height":1024,"caption":"Romantica NY"},"image":{"@id":"https:\/\/romanticany.com\/#\/schema\/logo\/image\/"}},{"@type":"Person","@id":"https:\/\/romanticany.com\/#\/schema\/person\/be3a3ed4b2ab0af84e4dbe5c3215474c","name":"Romantica NY","image":{"@type":"ImageObject","inLanguage":"es","@id":"https:\/\/romanticany.com\/#\/schema\/person\/image\/","url":"https:\/\/romanticany.com\/wp-content\/uploads\/2025\/01\/cropped-Logo-Romantica-3-96x96.png","contentUrl":"https:\/\/romanticany.com\/wp-content\/uploads\/2025\/01\/cropped-Logo-Romantica-3-96x96.png","caption":"Romantica NY"},"sameAs":["https:\/\/romanticany.com"],"url":"https:\/\/romanticany.com\/?author=1"}]}},"rttpg_featured_image_url":{"full":["https:\/\/romanticany.com\/wp-content\/uploads\/2026\/08\/puntos-acordados-entre-luis-abinader-y-nasry-juan-asfura-zablah-be23e4ad-focus-0.02-0.42-896-504.jpg",896,504,false],"landscape":["https:\/\/romanticany.com\/wp-content\/uploads\/2026\/08\/puntos-acordados-entre-luis-abinader-y-nasry-juan-asfura-zablah-be23e4ad-focus-0.02-0.42-896-504.jpg",896,504,false],"portraits":["https:\/\/romanticany.com\/wp-content\/uploads\/2026\/08\/puntos-acordados-entre-luis-abinader-y-nasry-juan-asfura-zablah-be23e4ad-focus-0.02-0.42-896-504.jpg",896,504,false],"thumbnail":["https:\/\/romanticany.com\/wp-content\/uploads\/2026\/08\/puntos-acordados-entre-luis-abinader-y-nasry-juan-asfura-zablah-be23e4ad-focus-0.02-0.42-896-504-150x150.jpg",150,150,true],"medium":["https:\/\/romanticany.com\/wp-content\/uploads\/2026\/08\/puntos-acordados-entre-luis-abinader-y-nasry-juan-asfura-zablah-be23e4ad-focus-0.02-0.42-896-504-300x169.jpg",300,169,true],"large":["https:\/\/romanticany.com\/wp-content\/uploads\/2026\/08\/puntos-acordados-entre-luis-abinader-y-nasry-juan-asfura-zablah-be23e4ad-focus-0.02-0.42-896-504.jpg",640,360,false],"1536x1536":["https:\/\/romanticany.com\/wp-content\/uploads\/2026\/08\/puntos-acordados-entre-luis-abinader-y-nasry-juan-asfura-zablah-be23e4ad-focus-0.02-0.42-896-504.jpg",896,504,false],"2048x2048":["https:\/\/romanticany.com\/wp-content\/uploads\/2026\/08\/puntos-acordados-entre-luis-abinader-y-nasry-juan-asfura-zablah-be23e4ad-focus-0.02-0.42-896-504.jpg",896,504,false]},"rttpg_author":{"display_name":"Romantica NY","author_link":"https:\/\/romanticany.com\/?author=1"},"rttpg_comment":0,"rttpg_category":"<a href=\"https:\/\/romanticany.com\/?cat=11\" rel=\"category\">Pol\u00edtica<\/a>","rttpg_excerpt":"Una visita que marca un hito en la cooperaci\u00f3n bilateral Los presidentes Luis Abinader (Rep\u00fablica Dominicana) y Nasry Asfura (Honduras) se reunieron para fortalecer la cooperaci\u00f3n en \u00e1reas como seguridad, comercio, inversi\u00f3n, turismo, migraci\u00f3n, salud y agricultura. Durante la visita oficial de Asfura, ambos mandatarios reafirmaron su compromiso con la democracia, los derechos humanos y&hellip;","_links":{"self":[{"href":"https:\/\/romanticany.com\/index.php?rest_route=\/wp\/v2\/posts\/114349","targetHints":{"allow":["GET"]}}],"collection":[{"href":"https:\/\/romanticany.com\/index.php?rest_route=\/wp\/v2\/posts"}],"about":[{"href":"https:\/\/romanticany.com\/index.php?rest_route=\/wp\/v2\/types\/post"}],"author":[{"embeddable":true,"href":"https:\/\/romanticany.com\/index.php?rest_route=\/wp\/v2\/users\/1"}],"replies":[{"embeddable":true,"href":"https:\/\/romanticany.com\/index.php?rest_route=%2Fwp%2Fv2%2Fcomments&post=114349"}],"version-history":[{"count":1,"href":"https:\/\/romanticany.com\/index.php?rest_route=\/wp\/v2\/posts\/114349\/revisions"}],"predecessor-version":[{"id":114351,"href":"https:\/\/romanticany.com\/index.php?rest_route=\/wp\/v2\/posts\/114349\/revisions\/114351"}],"wp:featuredmedia":[{"embeddable":true,"href":"https:\/\/romanticany.com\/index.php?rest_route=\/wp\/v2\/media\/114350"}],"wp:attachment":[{"href":"https:\/\/romanticany.com\/index.php?rest_route=%2Fwp%2Fv2%2Fmedia&parent=114349"}],"wp:term":[{"taxonomy":"category","embeddable":true,"href":"https:\/\/romanticany.com\/index.php?rest_route=%2Fwp%2Fv2%2Fcategories&post=114349"},{"taxonomy":"post_tag","embeddable":true,"href":"https:\/\/romanticany.com\/index.php?rest_route=%2Fwp%2Fv2%2Ftags&post=114349"}],"curies":[{"name":"wp","href":"https:\/\/api.w.org\/{rel}","templated":true}]}}