{"id":114363,"date":"2026-08-31T16:50:28","date_gmt":"2026-08-31T20:50:28","guid":{"rendered":"https:\/\/romanticany.com\/?p=114363"},"modified":"2026-08-31T16:50:30","modified_gmt":"2026-08-31T20:50:30","slug":"nicky-jam-enciende-la-feria-ganadera-con-un-concierto-lleno-de-exitos-y-nostalgia","status":"publish","type":"post","link":"https:\/\/romanticany.com\/?p=114363","title":{"rendered":"\u00abNicky Jam enciende la Feria Ganadera con un concierto lleno de \u00e9xitos y nostalgia\u00bb"},"content":{"rendered":"\n<h4 class=\"wp-block-heading\"><strong>Una noche m\u00e1gica en Santo Domingo<\/strong><\/h4>\n\n\n\n<p class=\"wp-block-paragraph\">El <strong>s\u00e1bado 29 de agosto<\/strong>, el <strong>\u00d3valo de la Feria Ganadera de Santo Domingo<\/strong> vibr\u00f3 al ritmo de Nicky Jam, quien <strong>ofreci\u00f3 un concierto hist\u00f3rico<\/strong> como parte de su <strong>Bohemio World Tour: \u00abLa historia de un legado\u00bb<\/strong>, producido por <strong>ED Live<\/strong>. Ante una <strong>multitud de fan\u00e1ticos<\/strong>, el artista <strong>boricua<\/strong> realiz\u00f3 un <strong>recorrido musical<\/strong> por sus mayores \u00e9xitos, combinando <strong>cl\u00e1sicos del reggaet\u00f3n<\/strong> con sus <strong>producciones m\u00e1s recientes<\/strong>.<\/p>\n\n\n\n<hr class=\"wp-block-separator has-alpha-channel-opacity\"\/>\n\n\n\n<h4 class=\"wp-block-heading\"><strong>El inicio de una fiesta inolvidable<\/strong><\/h4>\n\n\n\n<p class=\"wp-block-paragraph\">El espect\u00e1culo arranc\u00f3 con <strong>\u00e9xitos como \u00abTe Robar\u00e9\u00bb<\/strong>, <strong>\u00abBella y Sensual\u00bb<\/strong> y el <strong>premiado \u00abEl Perd\u00f3n\u00bb<\/strong>, que <strong>pusieron a bailar a todo el p\u00fablico<\/strong> desde el primer momento. Nicky Jam <strong>sorprendi\u00f3 a los asistentes<\/strong> con un <strong>bloque nost\u00e1lgico<\/strong> que incluy\u00f3 <strong>himnos como \u00abMe Voy Pal Party\u00bb<\/strong>, <strong>\u00abYo No Soy Tu Marido\u00bb<\/strong> y <strong>\u00abChambonea\u00bb<\/strong>, generando una <strong>ola de emociones<\/strong> entre los fan\u00e1ticos.<\/p>\n\n\n\n<hr class=\"wp-block-separator has-alpha-channel-opacity\"\/>\n\n\n\n<h4 class=\"wp-block-heading\"><strong>Un show lleno de energ\u00eda y color<\/strong><\/h4>\n\n\n\n<p class=\"wp-block-paragraph\">Con <strong>cambios de vestuario llamativos<\/strong> y un <strong>cuerpo de baile din\u00e1mico<\/strong>, Nicky Jam <strong>mantuvo la energ\u00eda en su punto m\u00e1ximo<\/strong> durante toda la noche. Cada canci\u00f3n fue acompa\u00f1ada por <strong>coreograf\u00edas espectaculares<\/strong> y efectos visuales que <strong>realzaron la experiencia<\/strong>, haciendo que el p\u00fablico <strong>disfrutara de cada momento<\/strong>.<\/p>\n\n\n\n<hr class=\"wp-block-separator has-alpha-channel-opacity\"\/>\n\n\n\n<h4 class=\"wp-block-heading\"><strong>El cierre \u00e9pico: Los temas que definieron una generaci\u00f3n<\/strong><\/h4>\n\n\n\n<p class=\"wp-block-paragraph\">El concierto alcanz\u00f3 su <strong>punto m\u00e1s alto<\/strong> con un <strong>bloque final lleno de super\u00e9xitos<\/strong>, como <strong>\u00abEl Amante\u00bb<\/strong>, <strong>\u00abHasta el Amanecer\u00bb<\/strong> y <strong>\u00abY Si T\u00fa La Ves\u00bb<\/strong>. El <strong>broche de oro<\/strong> fue el <strong>cl\u00e1sico \u00abTravesuras\u00bb<\/strong>, que <strong>reafirm\u00f3 la conexi\u00f3n especial<\/strong> entre el artista y el p\u00fablico dominicano, consolidando el <strong>\u00e9xito de su gira internacional<\/strong> en el <strong>Caribe<\/strong>.<\/p>\n\n\n\n<hr class=\"wp-block-separator has-alpha-channel-opacity\"\/>\n\n\n\n<h4 class=\"wp-block-heading\"><strong>Un legado que perdura<\/strong><\/h4>\n\n\n\n<p class=\"wp-block-paragraph\">Con este concierto, Nicky Jam <strong>demostr\u00f3 una vez m\u00e1s por qu\u00e9 es una leyenda del reggaet\u00f3n<\/strong>, ofreciendo una <strong>noche llena de m\u00fasica, nostalgia y energ\u00eda<\/strong>. Los fan\u00e1ticos <strong>salieron euf\u00f3ricos<\/strong>, con la <strong>sensaci\u00f3n de haber vivido un espect\u00e1culo \u00fanico e inolvidable<\/strong>.<\/p>\n\n\n\n<hr class=\"wp-block-separator has-alpha-channel-opacity\"\/>\n\n\n\n<p class=\"wp-block-paragraph\"><strong>Hashtags<\/strong>: #NickyJam #Concierto #FeriaGanadera #Reggaet\u00f3n #BohemioWorldTour #SantoDomingo #M\u00fasicaUrbana #\u00c9xitos<\/p>\n","protected":false},"excerpt":{"rendered":"<p>Una noche m\u00e1gica en Santo Domingo El s\u00e1bado 29 de agosto, el \u00d3valo de la Feria Ganadera de Santo Domingo vibr\u00f3 al ritmo de Nicky Jam, quien ofreci\u00f3 un concierto hist\u00f3rico como parte de su Bohemio World Tour: \u00abLa historia de un legado\u00bb, producido por ED Live. Ante una multitud de fan\u00e1ticos, el artista boricua [&hellip;]<\/p>\n","protected":false},"author":1,"featured_media":114364,"comment_status":"open","ping_status":"closed","sticky":false,"template":"","format":"standard","meta":{"footnotes":""},"categories":[3],"tags":[],"class_list":["post-114363","post","type-post","status-publish","format-standard","has-post-thumbnail","hentry","category-arte-entretenimiento-y-cultura"],"yoast_head":"<!-- This site is optimized with the Yoast SEO plugin v24.5 - https:\/\/yoast.com\/wordpress\/plugins\/seo\/ -->\n<title>&quot;Nicky Jam enciende la Feria Ganadera con un concierto lleno de \u00e9xitos y nostalgia&quot; - Romantica NY<\/title>\n<meta name=\"robots\" content=\"index, follow, max-snippet:-1, max-image-preview:large, max-video-preview:-1\" \/>\n<link rel=\"canonical\" href=\"https:\/\/romanticany.com\/?p=114363\" \/>\n<meta property=\"og:locale\" content=\"es_ES\" \/>\n<meta property=\"og:type\" content=\"article\" \/>\n<meta property=\"og:title\" content=\"&quot;Nicky Jam enciende la Feria Ganadera con un concierto lleno de \u00e9xitos y nostalgia&quot; - Romantica NY\" \/>\n<meta property=\"og:description\" content=\"Una noche m\u00e1gica en Santo Domingo El s\u00e1bado 29 de agosto, el \u00d3valo de la Feria Ganadera de Santo Domingo vibr\u00f3 al ritmo de Nicky Jam, quien ofreci\u00f3 un concierto hist\u00f3rico como parte de su Bohemio World Tour: \u00abLa historia de un legado\u00bb, producido por ED Live. Ante una multitud de fan\u00e1ticos, el artista boricua [&hellip;]\" \/>\n<meta property=\"og:url\" content=\"https:\/\/romanticany.com\/?p=114363\" \/>\n<meta property=\"og:site_name\" content=\"Romantica NY\" \/>\n<meta property=\"article:published_time\" content=\"2026-08-31T20:50:28+00:00\" \/>\n<meta property=\"article:modified_time\" content=\"2026-08-31T20:50:30+00:00\" \/>\n<meta property=\"og:image\" content=\"https:\/\/romanticany.com\/wp-content\/uploads\/2026\/08\/Mejorar_calidad_202608311637.jpeg\" \/>\n\t<meta property=\"og:image:width\" content=\"1376\" \/>\n\t<meta property=\"og:image:height\" content=\"768\" \/>\n\t<meta property=\"og:image:type\" content=\"image\/jpeg\" \/>\n<meta name=\"author\" content=\"Romantica NY\" \/>\n<meta name=\"twitter:card\" content=\"summary_large_image\" \/>\n<meta name=\"twitter:label1\" content=\"Escrito por\" \/>\n\t<meta name=\"twitter:data1\" content=\"Romantica NY\" \/>\n\t<meta name=\"twitter:label2\" content=\"Tiempo de lectura\" \/>\n\t<meta name=\"twitter:data2\" content=\"2 minutos\" \/>\n<script type=\"application\/ld+json\" class=\"yoast-schema-graph\">{\"@context\":\"https:\/\/schema.org\",\"@graph\":[{\"@type\":\"Article\",\"@id\":\"https:\/\/romanticany.com\/?p=114363#article\",\"isPartOf\":{\"@id\":\"https:\/\/romanticany.com\/?p=114363\"},\"author\":{\"name\":\"Romantica NY\",\"@id\":\"https:\/\/romanticany.com\/#\/schema\/person\/be3a3ed4b2ab0af84e4dbe5c3215474c\"},\"headline\":\"\u00abNicky Jam enciende la Feria Ganadera con un concierto lleno de \u00e9xitos y nostalgia\u00bb\",\"datePublished\":\"2026-08-31T20:50:28+00:00\",\"dateModified\":\"2026-08-31T20:50:30+00:00\",\"mainEntityOfPage\":{\"@id\":\"https:\/\/romanticany.com\/?p=114363\"},\"wordCount\":359,\"commentCount\":0,\"publisher\":{\"@id\":\"https:\/\/romanticany.com\/#organization\"},\"image\":{\"@id\":\"https:\/\/romanticany.com\/?p=114363#primaryimage\"},\"thumbnailUrl\":\"https:\/\/romanticany.com\/wp-content\/uploads\/2026\/08\/Mejorar_calidad_202608311637.jpeg\",\"articleSection\":[\"Arte, Entretenimiento y Cultura\"],\"inLanguage\":\"es\",\"potentialAction\":[{\"@type\":\"CommentAction\",\"name\":\"Comment\",\"target\":[\"https:\/\/romanticany.com\/?p=114363#respond\"]}]},{\"@type\":\"WebPage\",\"@id\":\"https:\/\/romanticany.com\/?p=114363\",\"url\":\"https:\/\/romanticany.com\/?p=114363\",\"name\":\"\\\"Nicky Jam enciende la Feria Ganadera con un concierto lleno de \u00e9xitos y nostalgia\\\" - Romantica NY\",\"isPartOf\":{\"@id\":\"https:\/\/romanticany.com\/#website\"},\"primaryImageOfPage\":{\"@id\":\"https:\/\/romanticany.com\/?p=114363#primaryimage\"},\"image\":{\"@id\":\"https:\/\/romanticany.com\/?p=114363#primaryimage\"},\"thumbnailUrl\":\"https:\/\/romanticany.com\/wp-content\/uploads\/2026\/08\/Mejorar_calidad_202608311637.jpeg\",\"datePublished\":\"2026-08-31T20:50:28+00:00\",\"dateModified\":\"2026-08-31T20:50:30+00:00\",\"breadcrumb\":{\"@id\":\"https:\/\/romanticany.com\/?p=114363#breadcrumb\"},\"inLanguage\":\"es\",\"potentialAction\":[{\"@type\":\"ReadAction\",\"target\":[\"https:\/\/romanticany.com\/?p=114363\"]}]},{\"@type\":\"ImageObject\",\"inLanguage\":\"es\",\"@id\":\"https:\/\/romanticany.com\/?p=114363#primaryimage\",\"url\":\"https:\/\/romanticany.com\/wp-content\/uploads\/2026\/08\/Mejorar_calidad_202608311637.jpeg\",\"contentUrl\":\"https:\/\/romanticany.com\/wp-content\/uploads\/2026\/08\/Mejorar_calidad_202608311637.jpeg\",\"width\":1376,\"height\":768},{\"@type\":\"BreadcrumbList\",\"@id\":\"https:\/\/romanticany.com\/?p=114363#breadcrumb\",\"itemListElement\":[{\"@type\":\"ListItem\",\"position\":1,\"name\":\"Portada\",\"item\":\"https:\/\/romanticany.com\/\"},{\"@type\":\"ListItem\",\"position\":2,\"name\":\"\u00abNicky Jam enciende la Feria Ganadera con un concierto lleno de \u00e9xitos y nostalgia\u00bb\"}]},{\"@type\":\"WebSite\",\"@id\":\"https:\/\/romanticany.com\/#website\",\"url\":\"https:\/\/romanticany.com\/\",\"name\":\"Romantica NY\",\"description\":\"AHORA CON SU PERIODICO DIGITAL Y LA MUSICA MAS ROMANTICA EN LA GRAN MANZANA, USA\",\"publisher\":{\"@id\":\"https:\/\/romanticany.com\/#organization\"},\"potentialAction\":[{\"@type\":\"SearchAction\",\"target\":{\"@type\":\"EntryPoint\",\"urlTemplate\":\"https:\/\/romanticany.com\/?s={search_term_string}\"},\"query-input\":{\"@type\":\"PropertyValueSpecification\",\"valueRequired\":true,\"valueName\":\"search_term_string\"}}],\"inLanguage\":\"es\"},{\"@type\":\"Organization\",\"@id\":\"https:\/\/romanticany.com\/#organization\",\"name\":\"Romantica NY\",\"url\":\"https:\/\/romanticany.com\/\",\"logo\":{\"@type\":\"ImageObject\",\"inLanguage\":\"es\",\"@id\":\"https:\/\/romanticany.com\/#\/schema\/logo\/image\/\",\"url\":\"https:\/\/romanticany.com\/wp-content\/uploads\/2025\/01\/Logo-Romantica-3.png\",\"contentUrl\":\"https:\/\/romanticany.com\/wp-content\/uploads\/2025\/01\/Logo-Romantica-3.png\",\"width\":1024,\"height\":1024,\"caption\":\"Romantica NY\"},\"image\":{\"@id\":\"https:\/\/romanticany.com\/#\/schema\/logo\/image\/\"}},{\"@type\":\"Person\",\"@id\":\"https:\/\/romanticany.com\/#\/schema\/person\/be3a3ed4b2ab0af84e4dbe5c3215474c\",\"name\":\"Romantica NY\",\"image\":{\"@type\":\"ImageObject\",\"inLanguage\":\"es\",\"@id\":\"https:\/\/romanticany.com\/#\/schema\/person\/image\/\",\"url\":\"https:\/\/romanticany.com\/wp-content\/uploads\/2025\/01\/cropped-Logo-Romantica-3-96x96.png\",\"contentUrl\":\"https:\/\/romanticany.com\/wp-content\/uploads\/2025\/01\/cropped-Logo-Romantica-3-96x96.png\",\"caption\":\"Romantica NY\"},\"sameAs\":[\"https:\/\/romanticany.com\"],\"url\":\"https:\/\/romanticany.com\/?author=1\"}]}<\/script>\n<!-- \/ Yoast SEO plugin. -->","yoast_head_json":{"title":"\"Nicky Jam enciende la Feria Ganadera con un concierto lleno de \u00e9xitos y nostalgia\" - Romantica NY","robots":{"index":"index","follow":"follow","max-snippet":"max-snippet:-1","max-image-preview":"max-image-preview:large","max-video-preview":"max-video-preview:-1"},"canonical":"https:\/\/romanticany.com\/?p=114363","og_locale":"es_ES","og_type":"article","og_title":"\"Nicky Jam enciende la Feria Ganadera con un concierto lleno de \u00e9xitos y nostalgia\" - Romantica NY","og_description":"Una noche m\u00e1gica en Santo Domingo El s\u00e1bado 29 de agosto, el \u00d3valo de la Feria Ganadera de Santo Domingo vibr\u00f3 al ritmo de Nicky Jam, quien ofreci\u00f3 un concierto hist\u00f3rico como parte de su Bohemio World Tour: \u00abLa historia de un legado\u00bb, producido por ED Live. Ante una multitud de fan\u00e1ticos, el artista boricua [&hellip;]","og_url":"https:\/\/romanticany.com\/?p=114363","og_site_name":"Romantica NY","article_published_time":"2026-08-31T20:50:28+00:00","article_modified_time":"2026-08-31T20:50:30+00:00","og_image":[{"width":1376,"height":768,"url":"https:\/\/romanticany.com\/wp-content\/uploads\/2026\/08\/Mejorar_calidad_202608311637.jpeg","type":"image\/jpeg"}],"author":"Romantica NY","twitter_card":"summary_large_image","twitter_misc":{"Escrito por":"Romantica NY","Tiempo de lectura":"2 minutos"},"schema":{"@context":"https:\/\/schema.org","@graph":[{"@type":"Article","@id":"https:\/\/romanticany.com\/?p=114363#article","isPartOf":{"@id":"https:\/\/romanticany.com\/?p=114363"},"author":{"name":"Romantica NY","@id":"https:\/\/romanticany.com\/#\/schema\/person\/be3a3ed4b2ab0af84e4dbe5c3215474c"},"headline":"\u00abNicky Jam enciende la Feria Ganadera con un concierto lleno de \u00e9xitos y nostalgia\u00bb","datePublished":"2026-08-31T20:50:28+00:00","dateModified":"2026-08-31T20:50:30+00:00","mainEntityOfPage":{"@id":"https:\/\/romanticany.com\/?p=114363"},"wordCount":359,"commentCount":0,"publisher":{"@id":"https:\/\/romanticany.com\/#organization"},"image":{"@id":"https:\/\/romanticany.com\/?p=114363#primaryimage"},"thumbnailUrl":"https:\/\/romanticany.com\/wp-content\/uploads\/2026\/08\/Mejorar_calidad_202608311637.jpeg","articleSection":["Arte, Entretenimiento y Cultura"],"inLanguage":"es","potentialAction":[{"@type":"CommentAction","name":"Comment","target":["https:\/\/romanticany.com\/?p=114363#respond"]}]},{"@type":"WebPage","@id":"https:\/\/romanticany.com\/?p=114363","url":"https:\/\/romanticany.com\/?p=114363","name":"\"Nicky Jam enciende la Feria Ganadera con un concierto lleno de \u00e9xitos y nostalgia\" - Romantica NY","isPartOf":{"@id":"https:\/\/romanticany.com\/#website"},"primaryImageOfPage":{"@id":"https:\/\/romanticany.com\/?p=114363#primaryimage"},"image":{"@id":"https:\/\/romanticany.com\/?p=114363#primaryimage"},"thumbnailUrl":"https:\/\/romanticany.com\/wp-content\/uploads\/2026\/08\/Mejorar_calidad_202608311637.jpeg","datePublished":"2026-08-31T20:50:28+00:00","dateModified":"2026-08-31T20:50:30+00:00","breadcrumb":{"@id":"https:\/\/romanticany.com\/?p=114363#breadcrumb"},"inLanguage":"es","potentialAction":[{"@type":"ReadAction","target":["https:\/\/romanticany.com\/?p=114363"]}]},{"@type":"ImageObject","inLanguage":"es","@id":"https:\/\/romanticany.com\/?p=114363#primaryimage","url":"https:\/\/romanticany.com\/wp-content\/uploads\/2026\/08\/Mejorar_calidad_202608311637.jpeg","contentUrl":"https:\/\/romanticany.com\/wp-content\/uploads\/2026\/08\/Mejorar_calidad_202608311637.jpeg","width":1376,"height":768},{"@type":"BreadcrumbList","@id":"https:\/\/romanticany.com\/?p=114363#breadcrumb","itemListElement":[{"@type":"ListItem","position":1,"name":"Portada","item":"https:\/\/romanticany.com\/"},{"@type":"ListItem","position":2,"name":"\u00abNicky Jam enciende la Feria Ganadera con un concierto lleno de \u00e9xitos y nostalgia\u00bb"}]},{"@type":"WebSite","@id":"https:\/\/romanticany.com\/#website","url":"https:\/\/romanticany.com\/","name":"Romantica NY","description":"AHORA CON SU PERIODICO DIGITAL Y LA MUSICA MAS ROMANTICA EN LA GRAN MANZANA, USA","publisher":{"@id":"https:\/\/romanticany.com\/#organization"},"potentialAction":[{"@type":"SearchAction","target":{"@type":"EntryPoint","urlTemplate":"https:\/\/romanticany.com\/?s={search_term_string}"},"query-input":{"@type":"PropertyValueSpecification","valueRequired":true,"valueName":"search_term_string"}}],"inLanguage":"es"},{"@type":"Organization","@id":"https:\/\/romanticany.com\/#organization","name":"Romantica NY","url":"https:\/\/romanticany.com\/","logo":{"@type":"ImageObject","inLanguage":"es","@id":"https:\/\/romanticany.com\/#\/schema\/logo\/image\/","url":"https:\/\/romanticany.com\/wp-content\/uploads\/2025\/01\/Logo-Romantica-3.png","contentUrl":"https:\/\/romanticany.com\/wp-content\/uploads\/2025\/01\/Logo-Romantica-3.png","width":1024,"height":1024,"caption":"Romantica NY"},"image":{"@id":"https:\/\/romanticany.com\/#\/schema\/logo\/image\/"}},{"@type":"Person","@id":"https:\/\/romanticany.com\/#\/schema\/person\/be3a3ed4b2ab0af84e4dbe5c3215474c","name":"Romantica NY","image":{"@type":"ImageObject","inLanguage":"es","@id":"https:\/\/romanticany.com\/#\/schema\/person\/image\/","url":"https:\/\/romanticany.com\/wp-content\/uploads\/2025\/01\/cropped-Logo-Romantica-3-96x96.png","contentUrl":"https:\/\/romanticany.com\/wp-content\/uploads\/2025\/01\/cropped-Logo-Romantica-3-96x96.png","caption":"Romantica NY"},"sameAs":["https:\/\/romanticany.com"],"url":"https:\/\/romanticany.com\/?author=1"}]}},"rttpg_featured_image_url":{"full":["https:\/\/romanticany.com\/wp-content\/uploads\/2026\/08\/Mejorar_calidad_202608311637.jpeg",1376,768,false],"landscape":["https:\/\/romanticany.com\/wp-content\/uploads\/2026\/08\/Mejorar_calidad_202608311637.jpeg",1376,768,false],"portraits":["https:\/\/romanticany.com\/wp-content\/uploads\/2026\/08\/Mejorar_calidad_202608311637.jpeg",1376,768,false],"thumbnail":["https:\/\/romanticany.com\/wp-content\/uploads\/2026\/08\/Mejorar_calidad_202608311637-150x150.jpeg",150,150,true],"medium":["https:\/\/romanticany.com\/wp-content\/uploads\/2026\/08\/Mejorar_calidad_202608311637-300x167.jpeg",300,167,true],"large":["https:\/\/romanticany.com\/wp-content\/uploads\/2026\/08\/Mejorar_calidad_202608311637-1024x572.jpeg",640,358,true],"1536x1536":["https:\/\/romanticany.com\/wp-content\/uploads\/2026\/08\/Mejorar_calidad_202608311637.jpeg",1376,768,false],"2048x2048":["https:\/\/romanticany.com\/wp-content\/uploads\/2026\/08\/Mejorar_calidad_202608311637.jpeg",1376,768,false]},"rttpg_author":{"display_name":"Romantica NY","author_link":"https:\/\/romanticany.com\/?author=1"},"rttpg_comment":0,"rttpg_category":"<a href=\"https:\/\/romanticany.com\/?cat=3\" rel=\"category\">Arte, Entretenimiento y Cultura<\/a>","rttpg_excerpt":"Una noche m\u00e1gica en Santo Domingo El s\u00e1bado 29 de agosto, el \u00d3valo de la Feria Ganadera de Santo Domingo vibr\u00f3 al ritmo de Nicky Jam, quien ofreci\u00f3 un concierto hist\u00f3rico como parte de su Bohemio World Tour: \u00abLa historia de un legado\u00bb, producido por ED Live. Ante una multitud de fan\u00e1ticos, el artista boricua&hellip;","_links":{"self":[{"href":"https:\/\/romanticany.com\/index.php?rest_route=\/wp\/v2\/posts\/114363","targetHints":{"allow":["GET"]}}],"collection":[{"href":"https:\/\/romanticany.com\/index.php?rest_route=\/wp\/v2\/posts"}],"about":[{"href":"https:\/\/romanticany.com\/index.php?rest_route=\/wp\/v2\/types\/post"}],"author":[{"embeddable":true,"href":"https:\/\/romanticany.com\/index.php?rest_route=\/wp\/v2\/users\/1"}],"replies":[{"embeddable":true,"href":"https:\/\/romanticany.com\/index.php?rest_route=%2Fwp%2Fv2%2Fcomments&post=114363"}],"version-history":[{"count":1,"href":"https:\/\/romanticany.com\/index.php?rest_route=\/wp\/v2\/posts\/114363\/revisions"}],"predecessor-version":[{"id":114365,"href":"https:\/\/romanticany.com\/index.php?rest_route=\/wp\/v2\/posts\/114363\/revisions\/114365"}],"wp:featuredmedia":[{"embeddable":true,"href":"https:\/\/romanticany.com\/index.php?rest_route=\/wp\/v2\/media\/114364"}],"wp:attachment":[{"href":"https:\/\/romanticany.com\/index.php?rest_route=%2Fwp%2Fv2%2Fmedia&parent=114363"}],"wp:term":[{"taxonomy":"category","embeddable":true,"href":"https:\/\/romanticany.com\/index.php?rest_route=%2Fwp%2Fv2%2Fcategories&post=114363"},{"taxonomy":"post_tag","embeddable":true,"href":"https:\/\/romanticany.com\/index.php?rest_route=%2Fwp%2Fv2%2Ftags&post=114363"}],"curies":[{"name":"wp","href":"https:\/\/api.w.org\/{rel}","templated":true}]}}