{"id":114409,"date":"2026-09-02T09:33:39","date_gmt":"2026-09-02T13:33:39","guid":{"rendered":"https:\/\/romanticany.com\/?p=114409"},"modified":"2026-09-02T09:33:39","modified_gmt":"2026-09-02T13:33:39","slug":"grupo-super-canal-y-sus-talentos-son-reconocidos-en-los-anton-awards","status":"publish","type":"post","link":"https:\/\/romanticany.com\/?p=114409","title":{"rendered":"Grupo Super Canal y sus talentos son reconocidos en los Anton Awards"},"content":{"rendered":"\n<p class=\"wp-block-paragraph\">Santo Domingo, RD. \u2013 Grupo Super Canal 33 recibi\u00f3 reconocimiento especial durante la ceremonia de los Anton Awards, en una distinci\u00f3n que resalta su trayectoria, aporte a la televisi\u00f3n dominicana y el trabajo desarrollado durante sus 26 a\u00f1os de historia.<\/p>\n\n\n\n<p class=\"wp-block-paragraph\">La estatuilla fue otorgado en el marco de una ceremonia dedicada a exaltar el talento, la excelencia y la trayectoria de profesionales vinculados a la comunicaci\u00f3n, el arte, la cultura y otros \u00e1mbitos de desarrollo. La distinci\u00f3n honra la labor realizada por Grupo Super Canal 33, bajo el liderazgo del ingeniero Frank Jorge El\u00edas, as\u00ed como el compromiso de periodistas, productores, presentadores, t\u00e9cnicos y todo el equipo humano que ha contribuido al crecimiento y permanencia de la planta televisora.<\/p>\n\n\n\n<p class=\"wp-block-paragraph\">El galard\u00f3n institucional,fue recibido por la productora y conductora de televisi\u00f3n Adelina Jorge, responsable del programa Se\u00f1al de Vida, espacio de orientaci\u00f3n y formaci\u00f3n que aborda temas relacionados con la fe, los valores, la familia y el crecimiento espiritual, transmitido a trav\u00e9s de Grupo Super Canal.<\/p>\n\n\n\n<p class=\"wp-block-paragraph\">Durante la ceremonia, Adelina Jorge tambi\u00e9n fue homenajeada con un Premio Especial en reconocimiento a sus 30 a\u00f1os de carrera y trayectoria, destacando su aporte y permanencia en la televisi\u00f3n y la comunicaci\u00f3n.<\/p>\n\n\n\n<figure class=\"wp-block-image size-full\"><img decoding=\"async\" src=\"https:\/\/ecodelpueblo.com\/wp-content\/uploads\/2026\/09\/WhatsApp-Image-2026-09-01-at-5.40.43-PM.jpeg\" alt=\"\" class=\"wp-image-28696\"\/><\/figure>\n\n\n\n<p class=\"wp-block-paragraph\"><strong>Reconocimiento a los talentos de Super Canal<\/strong><\/p>\n\n\n\n<p class=\"wp-block-paragraph\">La premiaci\u00f3n tambi\u00e9n sirvi\u00f3 de escenario para distinguir a varios profesionales que forman parte de Grupo Super Canal y que, desde diferentes \u00e1reas, han contribuido al fortalecimiento de su propuesta televisiva.<\/p>\n\n\n\n<p class=\"wp-block-paragraph\">Entre las personalidades reconocidas figura Ildemary Mata, periodista y actual directora de Prensa del grupo, quien recibi\u00f3 distinciones por su labor y desempe\u00f1o profesional como presentadora de noticias 2025 y 2026. Su trayectoria y responsabilidad en la conducci\u00f3n de importantes acontecimientos informativos la han consolidado como una de las figuras representativas del \u00e1rea de prensa de la planta televisora.<\/p>\n\n\n\n<p class=\"wp-block-paragraph\">Asimismo, fue reconocida la veterana periodista y productora Xiomara Gonz\u00e1lez, por su trayectoria y sus aportes al ejercicio period\u00edstico. A lo largo de su carrera se ha caracterizado por desarrollar un periodismo cr\u00edtico y comprometido con los temas de inter\u00e9s social.<\/p>\n\n\n\n<p class=\"wp-block-paragraph\">Tambi\u00e9n fue distinguido el actor Edwardo Mart\u00ednez Sturla, integrante del equipo de producci\u00f3n de Grupo Super Canal, en reconocimiento a su trayectoria y contribuci\u00f3n profesional.<\/p>\n\n\n\n<p class=\"wp-block-paragraph\">El reconocimiento recibido por Grupo Super Canal y varios de sus talentos durante los Anton Awards reafirma el valor de una trayectoria construida a lo largo de m\u00e1s de dos d\u00e9cadas, marcada por el trabajo de hombres y mujeres que, desde distintas funciones, han contribuido a mantener vigente una propuesta televisiva que ha acompa\u00f1ado a varias generaciones de dominicanos.<\/p>\n\n\n\n<p class=\"wp-block-paragraph\">La distinci\u00f3n representa, adem\u00e1s, un reconocimiento al esfuerzo colectivo y al compromiso de una empresa de comunicaci\u00f3n que contin\u00faa apostando por el talento, la producci\u00f3n de contenidos y el desarrollo de profesionales dentro de la televisi\u00f3n dominicana.<\/p>\n\n\n\n<p class=\"wp-block-paragraph\">Durante la ceremonia de los Anton Awards tambi\u00e9n fueron reconocidas otras destacadas figuras por sus aportes, dedicaci\u00f3n y contribuci\u00f3n al desarrollo de la comunicaci\u00f3n, el arte y la televisi\u00f3n en Rep\u00fablica Domi<\/p>\n","protected":false},"excerpt":{"rendered":"<p>Santo Domingo, RD. \u2013 Grupo Super Canal 33 recibi\u00f3 reconocimiento especial durante la ceremonia de los Anton Awards, en una distinci\u00f3n que resalta su trayectoria, aporte a la televisi\u00f3n dominicana y el trabajo desarrollado durante sus 26 a\u00f1os de historia. La estatuilla fue otorgado en el marco de una ceremonia dedicada a exaltar el talento, [&hellip;]<\/p>\n","protected":false},"author":1,"featured_media":114410,"comment_status":"open","ping_status":"closed","sticky":false,"template":"","format":"standard","meta":{"footnotes":""},"categories":[3],"tags":[],"class_list":["post-114409","post","type-post","status-publish","format-standard","has-post-thumbnail","hentry","category-arte-entretenimiento-y-cultura"],"yoast_head":"<!-- This site is optimized with the Yoast SEO plugin v24.5 - https:\/\/yoast.com\/wordpress\/plugins\/seo\/ -->\n<title>Grupo Super Canal y sus talentos son reconocidos en los Anton Awards - Romantica NY<\/title>\n<meta name=\"robots\" content=\"index, follow, max-snippet:-1, max-image-preview:large, max-video-preview:-1\" \/>\n<link rel=\"canonical\" href=\"https:\/\/romanticany.com\/?p=114409\" \/>\n<meta property=\"og:locale\" content=\"es_ES\" \/>\n<meta property=\"og:type\" content=\"article\" \/>\n<meta property=\"og:title\" content=\"Grupo Super Canal y sus talentos son reconocidos en los Anton Awards - Romantica NY\" \/>\n<meta property=\"og:description\" content=\"Santo Domingo, RD. \u2013 Grupo Super Canal 33 recibi\u00f3 reconocimiento especial durante la ceremonia de los Anton Awards, en una distinci\u00f3n que resalta su trayectoria, aporte a la televisi\u00f3n dominicana y el trabajo desarrollado durante sus 26 a\u00f1os de historia. La estatuilla fue otorgado en el marco de una ceremonia dedicada a exaltar el talento, [&hellip;]\" \/>\n<meta property=\"og:url\" content=\"https:\/\/romanticany.com\/?p=114409\" \/>\n<meta property=\"og:site_name\" content=\"Romantica NY\" \/>\n<meta property=\"article:published_time\" content=\"2026-09-02T13:33:39+00:00\" \/>\n<meta property=\"og:image\" content=\"https:\/\/romanticany.com\/wp-content\/uploads\/2026\/09\/Portada-7744157.jpeg\" \/>\n\t<meta property=\"og:image:width\" content=\"768\" \/>\n\t<meta property=\"og:image:height\" content=\"570\" \/>\n\t<meta property=\"og:image:type\" content=\"image\/jpeg\" \/>\n<meta name=\"author\" content=\"Romantica NY\" \/>\n<meta name=\"twitter:card\" content=\"summary_large_image\" \/>\n<meta name=\"twitter:label1\" content=\"Escrito por\" \/>\n\t<meta name=\"twitter:data1\" content=\"Romantica NY\" \/>\n\t<meta name=\"twitter:label2\" content=\"Tiempo de lectura\" \/>\n\t<meta name=\"twitter:data2\" content=\"3 minutos\" \/>\n<script type=\"application\/ld+json\" class=\"yoast-schema-graph\">{\"@context\":\"https:\/\/schema.org\",\"@graph\":[{\"@type\":\"Article\",\"@id\":\"https:\/\/romanticany.com\/?p=114409#article\",\"isPartOf\":{\"@id\":\"https:\/\/romanticany.com\/?p=114409\"},\"author\":{\"name\":\"Romantica NY\",\"@id\":\"https:\/\/romanticany.com\/#\/schema\/person\/be3a3ed4b2ab0af84e4dbe5c3215474c\"},\"headline\":\"Grupo Super Canal y sus talentos son reconocidos en los Anton Awards\",\"datePublished\":\"2026-09-02T13:33:39+00:00\",\"mainEntityOfPage\":{\"@id\":\"https:\/\/romanticany.com\/?p=114409\"},\"wordCount\":539,\"commentCount\":0,\"publisher\":{\"@id\":\"https:\/\/romanticany.com\/#organization\"},\"image\":{\"@id\":\"https:\/\/romanticany.com\/?p=114409#primaryimage\"},\"thumbnailUrl\":\"https:\/\/romanticany.com\/wp-content\/uploads\/2026\/09\/Portada-7744157.jpeg\",\"articleSection\":[\"Arte, Entretenimiento y Cultura\"],\"inLanguage\":\"es\",\"potentialAction\":[{\"@type\":\"CommentAction\",\"name\":\"Comment\",\"target\":[\"https:\/\/romanticany.com\/?p=114409#respond\"]}]},{\"@type\":\"WebPage\",\"@id\":\"https:\/\/romanticany.com\/?p=114409\",\"url\":\"https:\/\/romanticany.com\/?p=114409\",\"name\":\"Grupo Super Canal y sus talentos son reconocidos en los Anton Awards - Romantica NY\",\"isPartOf\":{\"@id\":\"https:\/\/romanticany.com\/#website\"},\"primaryImageOfPage\":{\"@id\":\"https:\/\/romanticany.com\/?p=114409#primaryimage\"},\"image\":{\"@id\":\"https:\/\/romanticany.com\/?p=114409#primaryimage\"},\"thumbnailUrl\":\"https:\/\/romanticany.com\/wp-content\/uploads\/2026\/09\/Portada-7744157.jpeg\",\"datePublished\":\"2026-09-02T13:33:39+00:00\",\"breadcrumb\":{\"@id\":\"https:\/\/romanticany.com\/?p=114409#breadcrumb\"},\"inLanguage\":\"es\",\"potentialAction\":[{\"@type\":\"ReadAction\",\"target\":[\"https:\/\/romanticany.com\/?p=114409\"]}]},{\"@type\":\"ImageObject\",\"inLanguage\":\"es\",\"@id\":\"https:\/\/romanticany.com\/?p=114409#primaryimage\",\"url\":\"https:\/\/romanticany.com\/wp-content\/uploads\/2026\/09\/Portada-7744157.jpeg\",\"contentUrl\":\"https:\/\/romanticany.com\/wp-content\/uploads\/2026\/09\/Portada-7744157.jpeg\",\"width\":768,\"height\":570},{\"@type\":\"BreadcrumbList\",\"@id\":\"https:\/\/romanticany.com\/?p=114409#breadcrumb\",\"itemListElement\":[{\"@type\":\"ListItem\",\"position\":1,\"name\":\"Portada\",\"item\":\"https:\/\/romanticany.com\/\"},{\"@type\":\"ListItem\",\"position\":2,\"name\":\"Grupo Super Canal y sus talentos son reconocidos en los Anton Awards\"}]},{\"@type\":\"WebSite\",\"@id\":\"https:\/\/romanticany.com\/#website\",\"url\":\"https:\/\/romanticany.com\/\",\"name\":\"Romantica NY\",\"description\":\"AHORA CON SU PERIODICO DIGITAL Y LA MUSICA MAS ROMANTICA EN LA GRAN MANZANA, USA\",\"publisher\":{\"@id\":\"https:\/\/romanticany.com\/#organization\"},\"potentialAction\":[{\"@type\":\"SearchAction\",\"target\":{\"@type\":\"EntryPoint\",\"urlTemplate\":\"https:\/\/romanticany.com\/?s={search_term_string}\"},\"query-input\":{\"@type\":\"PropertyValueSpecification\",\"valueRequired\":true,\"valueName\":\"search_term_string\"}}],\"inLanguage\":\"es\"},{\"@type\":\"Organization\",\"@id\":\"https:\/\/romanticany.com\/#organization\",\"name\":\"Romantica NY\",\"url\":\"https:\/\/romanticany.com\/\",\"logo\":{\"@type\":\"ImageObject\",\"inLanguage\":\"es\",\"@id\":\"https:\/\/romanticany.com\/#\/schema\/logo\/image\/\",\"url\":\"https:\/\/romanticany.com\/wp-content\/uploads\/2025\/01\/Logo-Romantica-3.png\",\"contentUrl\":\"https:\/\/romanticany.com\/wp-content\/uploads\/2025\/01\/Logo-Romantica-3.png\",\"width\":1024,\"height\":1024,\"caption\":\"Romantica NY\"},\"image\":{\"@id\":\"https:\/\/romanticany.com\/#\/schema\/logo\/image\/\"}},{\"@type\":\"Person\",\"@id\":\"https:\/\/romanticany.com\/#\/schema\/person\/be3a3ed4b2ab0af84e4dbe5c3215474c\",\"name\":\"Romantica NY\",\"image\":{\"@type\":\"ImageObject\",\"inLanguage\":\"es\",\"@id\":\"https:\/\/romanticany.com\/#\/schema\/person\/image\/\",\"url\":\"https:\/\/romanticany.com\/wp-content\/uploads\/2025\/01\/cropped-Logo-Romantica-3-96x96.png\",\"contentUrl\":\"https:\/\/romanticany.com\/wp-content\/uploads\/2025\/01\/cropped-Logo-Romantica-3-96x96.png\",\"caption\":\"Romantica NY\"},\"sameAs\":[\"https:\/\/romanticany.com\"],\"url\":\"https:\/\/romanticany.com\/?author=1\"}]}<\/script>\n<!-- \/ Yoast SEO plugin. -->","yoast_head_json":{"title":"Grupo Super Canal y sus talentos son reconocidos en los Anton Awards - Romantica NY","robots":{"index":"index","follow":"follow","max-snippet":"max-snippet:-1","max-image-preview":"max-image-preview:large","max-video-preview":"max-video-preview:-1"},"canonical":"https:\/\/romanticany.com\/?p=114409","og_locale":"es_ES","og_type":"article","og_title":"Grupo Super Canal y sus talentos son reconocidos en los Anton Awards - Romantica NY","og_description":"Santo Domingo, RD. \u2013 Grupo Super Canal 33 recibi\u00f3 reconocimiento especial durante la ceremonia de los Anton Awards, en una distinci\u00f3n que resalta su trayectoria, aporte a la televisi\u00f3n dominicana y el trabajo desarrollado durante sus 26 a\u00f1os de historia. La estatuilla fue otorgado en el marco de una ceremonia dedicada a exaltar el talento, [&hellip;]","og_url":"https:\/\/romanticany.com\/?p=114409","og_site_name":"Romantica NY","article_published_time":"2026-09-02T13:33:39+00:00","og_image":[{"width":768,"height":570,"url":"https:\/\/romanticany.com\/wp-content\/uploads\/2026\/09\/Portada-7744157.jpeg","type":"image\/jpeg"}],"author":"Romantica NY","twitter_card":"summary_large_image","twitter_misc":{"Escrito por":"Romantica NY","Tiempo de lectura":"3 minutos"},"schema":{"@context":"https:\/\/schema.org","@graph":[{"@type":"Article","@id":"https:\/\/romanticany.com\/?p=114409#article","isPartOf":{"@id":"https:\/\/romanticany.com\/?p=114409"},"author":{"name":"Romantica NY","@id":"https:\/\/romanticany.com\/#\/schema\/person\/be3a3ed4b2ab0af84e4dbe5c3215474c"},"headline":"Grupo Super Canal y sus talentos son reconocidos en los Anton Awards","datePublished":"2026-09-02T13:33:39+00:00","mainEntityOfPage":{"@id":"https:\/\/romanticany.com\/?p=114409"},"wordCount":539,"commentCount":0,"publisher":{"@id":"https:\/\/romanticany.com\/#organization"},"image":{"@id":"https:\/\/romanticany.com\/?p=114409#primaryimage"},"thumbnailUrl":"https:\/\/romanticany.com\/wp-content\/uploads\/2026\/09\/Portada-7744157.jpeg","articleSection":["Arte, Entretenimiento y Cultura"],"inLanguage":"es","potentialAction":[{"@type":"CommentAction","name":"Comment","target":["https:\/\/romanticany.com\/?p=114409#respond"]}]},{"@type":"WebPage","@id":"https:\/\/romanticany.com\/?p=114409","url":"https:\/\/romanticany.com\/?p=114409","name":"Grupo Super Canal y sus talentos son reconocidos en los Anton Awards - Romantica NY","isPartOf":{"@id":"https:\/\/romanticany.com\/#website"},"primaryImageOfPage":{"@id":"https:\/\/romanticany.com\/?p=114409#primaryimage"},"image":{"@id":"https:\/\/romanticany.com\/?p=114409#primaryimage"},"thumbnailUrl":"https:\/\/romanticany.com\/wp-content\/uploads\/2026\/09\/Portada-7744157.jpeg","datePublished":"2026-09-02T13:33:39+00:00","breadcrumb":{"@id":"https:\/\/romanticany.com\/?p=114409#breadcrumb"},"inLanguage":"es","potentialAction":[{"@type":"ReadAction","target":["https:\/\/romanticany.com\/?p=114409"]}]},{"@type":"ImageObject","inLanguage":"es","@id":"https:\/\/romanticany.com\/?p=114409#primaryimage","url":"https:\/\/romanticany.com\/wp-content\/uploads\/2026\/09\/Portada-7744157.jpeg","contentUrl":"https:\/\/romanticany.com\/wp-content\/uploads\/2026\/09\/Portada-7744157.jpeg","width":768,"height":570},{"@type":"BreadcrumbList","@id":"https:\/\/romanticany.com\/?p=114409#breadcrumb","itemListElement":[{"@type":"ListItem","position":1,"name":"Portada","item":"https:\/\/romanticany.com\/"},{"@type":"ListItem","position":2,"name":"Grupo Super Canal y sus talentos son reconocidos en los Anton Awards"}]},{"@type":"WebSite","@id":"https:\/\/romanticany.com\/#website","url":"https:\/\/romanticany.com\/","name":"Romantica NY","description":"AHORA CON SU PERIODICO DIGITAL Y LA MUSICA MAS ROMANTICA EN LA GRAN MANZANA, USA","publisher":{"@id":"https:\/\/romanticany.com\/#organization"},"potentialAction":[{"@type":"SearchAction","target":{"@type":"EntryPoint","urlTemplate":"https:\/\/romanticany.com\/?s={search_term_string}"},"query-input":{"@type":"PropertyValueSpecification","valueRequired":true,"valueName":"search_term_string"}}],"inLanguage":"es"},{"@type":"Organization","@id":"https:\/\/romanticany.com\/#organization","name":"Romantica NY","url":"https:\/\/romanticany.com\/","logo":{"@type":"ImageObject","inLanguage":"es","@id":"https:\/\/romanticany.com\/#\/schema\/logo\/image\/","url":"https:\/\/romanticany.com\/wp-content\/uploads\/2025\/01\/Logo-Romantica-3.png","contentUrl":"https:\/\/romanticany.com\/wp-content\/uploads\/2025\/01\/Logo-Romantica-3.png","width":1024,"height":1024,"caption":"Romantica NY"},"image":{"@id":"https:\/\/romanticany.com\/#\/schema\/logo\/image\/"}},{"@type":"Person","@id":"https:\/\/romanticany.com\/#\/schema\/person\/be3a3ed4b2ab0af84e4dbe5c3215474c","name":"Romantica NY","image":{"@type":"ImageObject","inLanguage":"es","@id":"https:\/\/romanticany.com\/#\/schema\/person\/image\/","url":"https:\/\/romanticany.com\/wp-content\/uploads\/2025\/01\/cropped-Logo-Romantica-3-96x96.png","contentUrl":"https:\/\/romanticany.com\/wp-content\/uploads\/2025\/01\/cropped-Logo-Romantica-3-96x96.png","caption":"Romantica NY"},"sameAs":["https:\/\/romanticany.com"],"url":"https:\/\/romanticany.com\/?author=1"}]}},"rttpg_featured_image_url":{"full":["https:\/\/romanticany.com\/wp-content\/uploads\/2026\/09\/Portada-7744157.jpeg",768,570,false],"landscape":["https:\/\/romanticany.com\/wp-content\/uploads\/2026\/09\/Portada-7744157.jpeg",768,570,false],"portraits":["https:\/\/romanticany.com\/wp-content\/uploads\/2026\/09\/Portada-7744157.jpeg",768,570,false],"thumbnail":["https:\/\/romanticany.com\/wp-content\/uploads\/2026\/09\/Portada-7744157-150x150.jpeg",150,150,true],"medium":["https:\/\/romanticany.com\/wp-content\/uploads\/2026\/09\/Portada-7744157-300x223.jpeg",300,223,true],"large":["https:\/\/romanticany.com\/wp-content\/uploads\/2026\/09\/Portada-7744157.jpeg",640,475,false],"1536x1536":["https:\/\/romanticany.com\/wp-content\/uploads\/2026\/09\/Portada-7744157.jpeg",768,570,false],"2048x2048":["https:\/\/romanticany.com\/wp-content\/uploads\/2026\/09\/Portada-7744157.jpeg",768,570,false]},"rttpg_author":{"display_name":"Romantica NY","author_link":"https:\/\/romanticany.com\/?author=1"},"rttpg_comment":0,"rttpg_category":"<a href=\"https:\/\/romanticany.com\/?cat=3\" rel=\"category\">Arte, Entretenimiento y Cultura<\/a>","rttpg_excerpt":"Santo Domingo, RD. \u2013 Grupo Super Canal 33 recibi\u00f3 reconocimiento especial durante la ceremonia de los Anton Awards, en una distinci\u00f3n que resalta su trayectoria, aporte a la televisi\u00f3n dominicana y el trabajo desarrollado durante sus 26 a\u00f1os de historia. La estatuilla fue otorgado en el marco de una ceremonia dedicada a exaltar el talento,&hellip;","_links":{"self":[{"href":"https:\/\/romanticany.com\/index.php?rest_route=\/wp\/v2\/posts\/114409","targetHints":{"allow":["GET"]}}],"collection":[{"href":"https:\/\/romanticany.com\/index.php?rest_route=\/wp\/v2\/posts"}],"about":[{"href":"https:\/\/romanticany.com\/index.php?rest_route=\/wp\/v2\/types\/post"}],"author":[{"embeddable":true,"href":"https:\/\/romanticany.com\/index.php?rest_route=\/wp\/v2\/users\/1"}],"replies":[{"embeddable":true,"href":"https:\/\/romanticany.com\/index.php?rest_route=%2Fwp%2Fv2%2Fcomments&post=114409"}],"version-history":[{"count":1,"href":"https:\/\/romanticany.com\/index.php?rest_route=\/wp\/v2\/posts\/114409\/revisions"}],"predecessor-version":[{"id":114411,"href":"https:\/\/romanticany.com\/index.php?rest_route=\/wp\/v2\/posts\/114409\/revisions\/114411"}],"wp:featuredmedia":[{"embeddable":true,"href":"https:\/\/romanticany.com\/index.php?rest_route=\/wp\/v2\/media\/114410"}],"wp:attachment":[{"href":"https:\/\/romanticany.com\/index.php?rest_route=%2Fwp%2Fv2%2Fmedia&parent=114409"}],"wp:term":[{"taxonomy":"category","embeddable":true,"href":"https:\/\/romanticany.com\/index.php?rest_route=%2Fwp%2Fv2%2Fcategories&post=114409"},{"taxonomy":"post_tag","embeddable":true,"href":"https:\/\/romanticany.com\/index.php?rest_route=%2Fwp%2Fv2%2Ftags&post=114409"}],"curies":[{"name":"wp","href":"https:\/\/api.w.org\/{rel}","templated":true}]}}