{"id":114429,"date":"2026-09-02T14:02:20","date_gmt":"2026-09-02T18:02:20","guid":{"rendered":"https:\/\/romanticany.com\/?p=114429"},"modified":"2026-09-02T14:02:21","modified_gmt":"2026-09-02T18:02:21","slug":"evangelina-reyes-fermin-anuncia-la-septima-edicion-de-quisqueya-es-moda-con-30-de-descuento-en-las-entradas-hasta-el-6-de-septiembre","status":"publish","type":"post","link":"https:\/\/romanticany.com\/?p=114429","title":{"rendered":"Evangelina Reyes Ferm\u00edn anuncia la s\u00e9ptima edici\u00f3n de \u201cQuisqueya es Moda\u201d con 30 % de descuento en las entradas hasta el 6 de septiembre"},"content":{"rendered":"\n<p class=\"wp-block-paragraph\">\u00a1Aprovecha la oferta y vive lo nuestro! La donaci\u00f3n general para asistir al evento es de US$100 por persona, mientras que la entrada VIP tiene un costo de US$150 por persona. Quienes compren sus entradas ahora podr\u00e1n obtener un 30 % de descuento hasta el domingo 6 de septiembre de 2026. El gran desfile \u201cQuisqueya es Moda\u201d se celebrar\u00e1 el s\u00e1bado 19 de septiembre en Manhattan, reuniendo dise\u00f1adores, modelos, artistas, l\u00edderes comunitarios y amantes de la moda.<\/p>\n\n\n\n<p class=\"wp-block-paragraph\">Las reservaciones e informaciones pueden realizarse llamando al 347-653-7705.<\/p>\n\n\n\n<p class=\"wp-block-paragraph\"><strong>Por Jos\u00e9 Zabala, creador de contenido<\/strong><\/p>\n\n\n\n<p class=\"wp-block-paragraph\"><strong>Nueva York.\u2013<\/strong> La reconocida dise\u00f1adora dominicana Evangelina Reyes Ferm\u00edn, fundadora y directora de la plataforma cultural \u201cQuisqueya es Moda\u201d, anunci\u00f3 la celebraci\u00f3n de la s\u00e9ptima edici\u00f3n de este importante desfile, que tendr\u00e1 lugar el s\u00e1bado 19 de septiembre de 2026, a las 5:00 de la tarde, en Our Lady of Lourdes School, ubicada en 468 West 143rd Street, New York, NY 10031.<\/p>\n\n\n\n<p class=\"wp-block-paragraph\">Como parte de la promoci\u00f3n especial de esta nueva edici\u00f3n, Reyes Ferm\u00edn anunci\u00f3 que las personas que compren sus entradas ahora podr\u00e1n beneficiarse de un 30 % de descuento, oferta v\u00e1lida solamente hasta el domingo 6 de septiembre de 2026.<\/p>\n\n\n\n<p class=\"wp-block-paragraph\">\u201cEs una oportunidad para que nuestra comunidad aproveche esta oferta, compre sus entradas con anticipaci\u00f3n y venga a celebrar con nosotros. Quisqueya es Moda es de nuestra gente y queremos que todos puedan vivir esta experiencia. \u00a1Vive lo Nuestro!\u201d, es el mensaje de invitaci\u00f3n que acompa\u00f1a esta edici\u00f3n.<\/p>\n\n\n\n<figure class=\"wp-block-image size-large\"><img decoding=\"async\" src=\"https:\/\/zabalaaldia.com\/wp-content\/uploads\/2026\/09\/WhatsApp-Image-2026-09-02-at-1.19.45-PM-1024x731.jpeg\" alt=\"\" class=\"wp-image-205029\"\/><\/figure>\n\n\n\n<p class=\"wp-block-paragraph\"><strong>Quisqueya es Moda: cultura, identidad y talento<\/strong><\/p>\n\n\n\n<p class=\"wp-block-paragraph\">Quisqueya es Moda es mucho m\u00e1s que una pasarela. Es una plataforma art\u00edstica, cultural y comunitaria creada para promover el talento de dise\u00f1adores dominicanos y latinos, tanto establecidos como emergentes.<\/p>\n\n\n\n<p class=\"wp-block-paragraph\">A trav\u00e9s de sus diferentes ediciones, el evento ha convertido la moda en una expresi\u00f3n de identidad, creatividad, emprendimiento y orgullo nacional, proporcionando adem\u00e1s un escenario para modelos, dise\u00f1adores, artistas y emprendedores que buscan mostrar su talento ante un p\u00fablico diverso.<\/p>\n\n\n\n<p class=\"wp-block-paragraph\">La s\u00e9ptima edici\u00f3n promete una tarde y noche llenas de color, elegancia, belleza y cultura, con la participaci\u00f3n de numerosos modelos, dise\u00f1adores, artistas, personalidades e invitados especiales. La producci\u00f3n presentar\u00e1 diferentes colecciones y propuestas que reflejar\u00e1n la diversidad, innovaci\u00f3n y riqueza cultural de la comunidad dominicana y latina en Nueva York.<\/p>\n\n\n\n<p class=\"wp-block-paragraph\">\u201cQuisqueya es Moda naci\u00f3 para abrir puertas, reconocer el talento de nuestra gente y demostrar que la moda tambi\u00e9n es cultura, identidad y una poderosa herramienta de superaci\u00f3n. En esta s\u00e9ptima edici\u00f3n continuaremos celebrando la creatividad, la belleza y el orgullo de nuestras ra\u00edces\u201d, expres\u00f3 Evangelina Reyes Ferm\u00edn.<\/p>\n\n\n\n<p class=\"wp-block-paragraph\">La plataforma se ha consolidado como una importante vitrina para dise\u00f1adores residentes en Estados Unidos y Rep\u00fablica Dominicana. Adem\u00e1s de mostrar creaciones originales, el desfile facilita conexiones entre profesionales de la industria, modelos, emprendedores, artistas y representantes de la comunidad.<\/p>\n\n\n\n<p class=\"wp-block-paragraph\">En su edici\u00f3n anterior, celebrada bajo el lema \u201cModa y Salud\u201d, Quisqueya es Moda reuni\u00f3 a destacados dise\u00f1adores dominicanos y present\u00f3 propuestas de gran calidad. El cierre estuvo a cargo de la reconocida dise\u00f1adora Giannina Azar, quien present\u00f3 su colecci\u00f3n \u201cOpulencia\u201d, reafirmando el crecimiento alcanzado por la plataforma.<\/p>\n\n\n\n<p class=\"wp-block-paragraph\">La celebraci\u00f3n de 2026 busca continuar fortaleciendo ese recorrido, brindando nuevas oportunidades a modelos y creadores que necesitan escenarios para presentar su talento y convirti\u00e9ndose nuevamente en un punto de encuentro para quienes respaldan la moda, la cultura y el emprendimiento dominicano en el exterior.<\/p>\n\n\n\n<p class=\"wp-block-paragraph\"><strong>30 % de descuento hasta el domingo 6 de septiembre<\/strong><\/p>\n\n\n\n<p class=\"wp-block-paragraph\">La donaci\u00f3n general para asistir al evento es de US$100 por persona, mientras que la entrada VIP tiene un costo de US$150 por persona.<\/p>\n\n\n\n<p class=\"wp-block-paragraph\">Sin embargo, quienes adquieran sus entradas durante esta promoci\u00f3n podr\u00e1n aprovechar un 30 % de descuento hasta el domingo 6 de septiembre de 2026.<\/p>\n\n\n\n<p class=\"wp-block-paragraph\">Con esta s\u00e9ptima edici\u00f3n, Evangelina Reyes Ferm\u00edn reafirma su compromiso de mantener viva una plataforma que representa el talento, la elegancia, la creatividad y la identidad de Quisqueya en el coraz\u00f3n de Nueva York.<\/p>\n\n\n\n<p class=\"wp-block-paragraph\">La invitaci\u00f3n est\u00e1 hecha: aprovecha el 30 % de descuento antes de que termine la oferta el domingo 6 de septiembre y prep\u00e1rate para celebrar, el s\u00e1bado 19 de septiembre, la s\u00e9ptima edici\u00f3n de \u201cQuisqueya es Moda\u201d. \u00a1Vive lo Nuestro!<\/p>\n","protected":false},"excerpt":{"rendered":"<p>\u00a1Aprovecha la oferta y vive lo nuestro! La donaci\u00f3n general para asistir al evento es de US$100 por persona, mientras que la entrada VIP tiene un costo de US$150 por persona. Quienes compren sus entradas ahora podr\u00e1n obtener un 30 % de descuento hasta el domingo 6 de septiembre de 2026. El gran desfile \u201cQuisqueya [&hellip;]<\/p>\n","protected":false},"author":1,"featured_media":114430,"comment_status":"open","ping_status":"closed","sticky":false,"template":"","format":"standard","meta":{"footnotes":""},"categories":[3],"tags":[],"class_list":["post-114429","post","type-post","status-publish","format-standard","has-post-thumbnail","hentry","category-arte-entretenimiento-y-cultura"],"yoast_head":"<!-- This site is optimized with the Yoast SEO plugin v24.5 - https:\/\/yoast.com\/wordpress\/plugins\/seo\/ -->\n<title>Evangelina Reyes Ferm\u00edn anuncia la s\u00e9ptima edici\u00f3n de \u201cQuisqueya es Moda\u201d con 30 % de descuento en las entradas hasta el 6 de septiembre - Romantica NY<\/title>\n<meta name=\"robots\" content=\"index, follow, max-snippet:-1, max-image-preview:large, max-video-preview:-1\" \/>\n<link rel=\"canonical\" href=\"https:\/\/romanticany.com\/?p=114429\" \/>\n<meta property=\"og:locale\" content=\"es_ES\" \/>\n<meta property=\"og:type\" content=\"article\" \/>\n<meta property=\"og:title\" content=\"Evangelina Reyes Ferm\u00edn anuncia la s\u00e9ptima edici\u00f3n de \u201cQuisqueya es Moda\u201d con 30 % de descuento en las entradas hasta el 6 de septiembre - Romantica NY\" \/>\n<meta property=\"og:description\" content=\"\u00a1Aprovecha la oferta y vive lo nuestro! La donaci\u00f3n general para asistir al evento es de US$100 por persona, mientras que la entrada VIP tiene un costo de US$150 por persona. Quienes compren sus entradas ahora podr\u00e1n obtener un 30 % de descuento hasta el domingo 6 de septiembre de 2026. El gran desfile \u201cQuisqueya [&hellip;]\" \/>\n<meta property=\"og:url\" content=\"https:\/\/romanticany.com\/?p=114429\" \/>\n<meta property=\"og:site_name\" content=\"Romantica NY\" \/>\n<meta property=\"article:published_time\" content=\"2026-09-02T18:02:20+00:00\" \/>\n<meta property=\"article:modified_time\" content=\"2026-09-02T18:02:21+00:00\" \/>\n<meta property=\"og:image\" content=\"https:\/\/romanticany.com\/wp-content\/uploads\/2026\/09\/WhatsApp-Image-2026-09-02-at-1.19.45-PM-1.jpeg\" \/>\n\t<meta property=\"og:image:width\" content=\"1000\" \/>\n\t<meta property=\"og:image:height\" content=\"1400\" \/>\n\t<meta property=\"og:image:type\" content=\"image\/jpeg\" \/>\n<meta name=\"author\" content=\"Romantica NY\" \/>\n<meta name=\"twitter:card\" content=\"summary_large_image\" \/>\n<meta name=\"twitter:label1\" content=\"Escrito por\" \/>\n\t<meta name=\"twitter:data1\" content=\"Romantica NY\" \/>\n\t<meta name=\"twitter:label2\" content=\"Tiempo de lectura\" \/>\n\t<meta name=\"twitter:data2\" content=\"4 minutos\" \/>\n<script type=\"application\/ld+json\" class=\"yoast-schema-graph\">{\"@context\":\"https:\/\/schema.org\",\"@graph\":[{\"@type\":\"Article\",\"@id\":\"https:\/\/romanticany.com\/?p=114429#article\",\"isPartOf\":{\"@id\":\"https:\/\/romanticany.com\/?p=114429\"},\"author\":{\"name\":\"Romantica NY\",\"@id\":\"https:\/\/romanticany.com\/#\/schema\/person\/be3a3ed4b2ab0af84e4dbe5c3215474c\"},\"headline\":\"Evangelina Reyes Ferm\u00edn anuncia la s\u00e9ptima edici\u00f3n de \u201cQuisqueya es Moda\u201d con 30 % de descuento en las entradas hasta el 6 de septiembre\",\"datePublished\":\"2026-09-02T18:02:20+00:00\",\"dateModified\":\"2026-09-02T18:02:21+00:00\",\"mainEntityOfPage\":{\"@id\":\"https:\/\/romanticany.com\/?p=114429\"},\"wordCount\":745,\"commentCount\":0,\"publisher\":{\"@id\":\"https:\/\/romanticany.com\/#organization\"},\"image\":{\"@id\":\"https:\/\/romanticany.com\/?p=114429#primaryimage\"},\"thumbnailUrl\":\"https:\/\/romanticany.com\/wp-content\/uploads\/2026\/09\/WhatsApp-Image-2026-09-02-at-1.19.45-PM-1.jpeg\",\"articleSection\":[\"Arte, Entretenimiento y Cultura\"],\"inLanguage\":\"es\",\"potentialAction\":[{\"@type\":\"CommentAction\",\"name\":\"Comment\",\"target\":[\"https:\/\/romanticany.com\/?p=114429#respond\"]}]},{\"@type\":\"WebPage\",\"@id\":\"https:\/\/romanticany.com\/?p=114429\",\"url\":\"https:\/\/romanticany.com\/?p=114429\",\"name\":\"Evangelina Reyes Ferm\u00edn anuncia la s\u00e9ptima edici\u00f3n de \u201cQuisqueya es Moda\u201d con 30 % de descuento en las entradas hasta el 6 de septiembre - Romantica NY\",\"isPartOf\":{\"@id\":\"https:\/\/romanticany.com\/#website\"},\"primaryImageOfPage\":{\"@id\":\"https:\/\/romanticany.com\/?p=114429#primaryimage\"},\"image\":{\"@id\":\"https:\/\/romanticany.com\/?p=114429#primaryimage\"},\"thumbnailUrl\":\"https:\/\/romanticany.com\/wp-content\/uploads\/2026\/09\/WhatsApp-Image-2026-09-02-at-1.19.45-PM-1.jpeg\",\"datePublished\":\"2026-09-02T18:02:20+00:00\",\"dateModified\":\"2026-09-02T18:02:21+00:00\",\"breadcrumb\":{\"@id\":\"https:\/\/romanticany.com\/?p=114429#breadcrumb\"},\"inLanguage\":\"es\",\"potentialAction\":[{\"@type\":\"ReadAction\",\"target\":[\"https:\/\/romanticany.com\/?p=114429\"]}]},{\"@type\":\"ImageObject\",\"inLanguage\":\"es\",\"@id\":\"https:\/\/romanticany.com\/?p=114429#primaryimage\",\"url\":\"https:\/\/romanticany.com\/wp-content\/uploads\/2026\/09\/WhatsApp-Image-2026-09-02-at-1.19.45-PM-1.jpeg\",\"contentUrl\":\"https:\/\/romanticany.com\/wp-content\/uploads\/2026\/09\/WhatsApp-Image-2026-09-02-at-1.19.45-PM-1.jpeg\",\"width\":1000,\"height\":1400},{\"@type\":\"BreadcrumbList\",\"@id\":\"https:\/\/romanticany.com\/?p=114429#breadcrumb\",\"itemListElement\":[{\"@type\":\"ListItem\",\"position\":1,\"name\":\"Portada\",\"item\":\"https:\/\/romanticany.com\/\"},{\"@type\":\"ListItem\",\"position\":2,\"name\":\"Evangelina Reyes Ferm\u00edn anuncia la s\u00e9ptima edici\u00f3n de \u201cQuisqueya es Moda\u201d con 30 % de descuento en las entradas hasta el 6 de septiembre\"}]},{\"@type\":\"WebSite\",\"@id\":\"https:\/\/romanticany.com\/#website\",\"url\":\"https:\/\/romanticany.com\/\",\"name\":\"Romantica NY\",\"description\":\"AHORA CON SU PERIODICO DIGITAL Y LA MUSICA MAS ROMANTICA EN LA GRAN MANZANA, USA\",\"publisher\":{\"@id\":\"https:\/\/romanticany.com\/#organization\"},\"potentialAction\":[{\"@type\":\"SearchAction\",\"target\":{\"@type\":\"EntryPoint\",\"urlTemplate\":\"https:\/\/romanticany.com\/?s={search_term_string}\"},\"query-input\":{\"@type\":\"PropertyValueSpecification\",\"valueRequired\":true,\"valueName\":\"search_term_string\"}}],\"inLanguage\":\"es\"},{\"@type\":\"Organization\",\"@id\":\"https:\/\/romanticany.com\/#organization\",\"name\":\"Romantica NY\",\"url\":\"https:\/\/romanticany.com\/\",\"logo\":{\"@type\":\"ImageObject\",\"inLanguage\":\"es\",\"@id\":\"https:\/\/romanticany.com\/#\/schema\/logo\/image\/\",\"url\":\"https:\/\/romanticany.com\/wp-content\/uploads\/2025\/01\/Logo-Romantica-3.png\",\"contentUrl\":\"https:\/\/romanticany.com\/wp-content\/uploads\/2025\/01\/Logo-Romantica-3.png\",\"width\":1024,\"height\":1024,\"caption\":\"Romantica NY\"},\"image\":{\"@id\":\"https:\/\/romanticany.com\/#\/schema\/logo\/image\/\"}},{\"@type\":\"Person\",\"@id\":\"https:\/\/romanticany.com\/#\/schema\/person\/be3a3ed4b2ab0af84e4dbe5c3215474c\",\"name\":\"Romantica NY\",\"image\":{\"@type\":\"ImageObject\",\"inLanguage\":\"es\",\"@id\":\"https:\/\/romanticany.com\/#\/schema\/person\/image\/\",\"url\":\"https:\/\/romanticany.com\/wp-content\/uploads\/2025\/01\/cropped-Logo-Romantica-3-96x96.png\",\"contentUrl\":\"https:\/\/romanticany.com\/wp-content\/uploads\/2025\/01\/cropped-Logo-Romantica-3-96x96.png\",\"caption\":\"Romantica NY\"},\"sameAs\":[\"https:\/\/romanticany.com\"],\"url\":\"https:\/\/romanticany.com\/?author=1\"}]}<\/script>\n<!-- \/ Yoast SEO plugin. -->","yoast_head_json":{"title":"Evangelina Reyes Ferm\u00edn anuncia la s\u00e9ptima edici\u00f3n de \u201cQuisqueya es Moda\u201d con 30 % de descuento en las entradas hasta el 6 de septiembre - Romantica NY","robots":{"index":"index","follow":"follow","max-snippet":"max-snippet:-1","max-image-preview":"max-image-preview:large","max-video-preview":"max-video-preview:-1"},"canonical":"https:\/\/romanticany.com\/?p=114429","og_locale":"es_ES","og_type":"article","og_title":"Evangelina Reyes Ferm\u00edn anuncia la s\u00e9ptima edici\u00f3n de \u201cQuisqueya es Moda\u201d con 30 % de descuento en las entradas hasta el 6 de septiembre - Romantica NY","og_description":"\u00a1Aprovecha la oferta y vive lo nuestro! La donaci\u00f3n general para asistir al evento es de US$100 por persona, mientras que la entrada VIP tiene un costo de US$150 por persona. Quienes compren sus entradas ahora podr\u00e1n obtener un 30 % de descuento hasta el domingo 6 de septiembre de 2026. El gran desfile \u201cQuisqueya [&hellip;]","og_url":"https:\/\/romanticany.com\/?p=114429","og_site_name":"Romantica NY","article_published_time":"2026-09-02T18:02:20+00:00","article_modified_time":"2026-09-02T18:02:21+00:00","og_image":[{"width":1000,"height":1400,"url":"https:\/\/romanticany.com\/wp-content\/uploads\/2026\/09\/WhatsApp-Image-2026-09-02-at-1.19.45-PM-1.jpeg","type":"image\/jpeg"}],"author":"Romantica NY","twitter_card":"summary_large_image","twitter_misc":{"Escrito por":"Romantica NY","Tiempo de lectura":"4 minutos"},"schema":{"@context":"https:\/\/schema.org","@graph":[{"@type":"Article","@id":"https:\/\/romanticany.com\/?p=114429#article","isPartOf":{"@id":"https:\/\/romanticany.com\/?p=114429"},"author":{"name":"Romantica NY","@id":"https:\/\/romanticany.com\/#\/schema\/person\/be3a3ed4b2ab0af84e4dbe5c3215474c"},"headline":"Evangelina Reyes Ferm\u00edn anuncia la s\u00e9ptima edici\u00f3n de \u201cQuisqueya es Moda\u201d con 30 % de descuento en las entradas hasta el 6 de septiembre","datePublished":"2026-09-02T18:02:20+00:00","dateModified":"2026-09-02T18:02:21+00:00","mainEntityOfPage":{"@id":"https:\/\/romanticany.com\/?p=114429"},"wordCount":745,"commentCount":0,"publisher":{"@id":"https:\/\/romanticany.com\/#organization"},"image":{"@id":"https:\/\/romanticany.com\/?p=114429#primaryimage"},"thumbnailUrl":"https:\/\/romanticany.com\/wp-content\/uploads\/2026\/09\/WhatsApp-Image-2026-09-02-at-1.19.45-PM-1.jpeg","articleSection":["Arte, Entretenimiento y Cultura"],"inLanguage":"es","potentialAction":[{"@type":"CommentAction","name":"Comment","target":["https:\/\/romanticany.com\/?p=114429#respond"]}]},{"@type":"WebPage","@id":"https:\/\/romanticany.com\/?p=114429","url":"https:\/\/romanticany.com\/?p=114429","name":"Evangelina Reyes Ferm\u00edn anuncia la s\u00e9ptima edici\u00f3n de \u201cQuisqueya es Moda\u201d con 30 % de descuento en las entradas hasta el 6 de septiembre - Romantica NY","isPartOf":{"@id":"https:\/\/romanticany.com\/#website"},"primaryImageOfPage":{"@id":"https:\/\/romanticany.com\/?p=114429#primaryimage"},"image":{"@id":"https:\/\/romanticany.com\/?p=114429#primaryimage"},"thumbnailUrl":"https:\/\/romanticany.com\/wp-content\/uploads\/2026\/09\/WhatsApp-Image-2026-09-02-at-1.19.45-PM-1.jpeg","datePublished":"2026-09-02T18:02:20+00:00","dateModified":"2026-09-02T18:02:21+00:00","breadcrumb":{"@id":"https:\/\/romanticany.com\/?p=114429#breadcrumb"},"inLanguage":"es","potentialAction":[{"@type":"ReadAction","target":["https:\/\/romanticany.com\/?p=114429"]}]},{"@type":"ImageObject","inLanguage":"es","@id":"https:\/\/romanticany.com\/?p=114429#primaryimage","url":"https:\/\/romanticany.com\/wp-content\/uploads\/2026\/09\/WhatsApp-Image-2026-09-02-at-1.19.45-PM-1.jpeg","contentUrl":"https:\/\/romanticany.com\/wp-content\/uploads\/2026\/09\/WhatsApp-Image-2026-09-02-at-1.19.45-PM-1.jpeg","width":1000,"height":1400},{"@type":"BreadcrumbList","@id":"https:\/\/romanticany.com\/?p=114429#breadcrumb","itemListElement":[{"@type":"ListItem","position":1,"name":"Portada","item":"https:\/\/romanticany.com\/"},{"@type":"ListItem","position":2,"name":"Evangelina Reyes Ferm\u00edn anuncia la s\u00e9ptima edici\u00f3n de \u201cQuisqueya es Moda\u201d con 30 % de descuento en las entradas hasta el 6 de septiembre"}]},{"@type":"WebSite","@id":"https:\/\/romanticany.com\/#website","url":"https:\/\/romanticany.com\/","name":"Romantica NY","description":"AHORA CON SU PERIODICO DIGITAL Y LA MUSICA MAS ROMANTICA EN LA GRAN MANZANA, USA","publisher":{"@id":"https:\/\/romanticany.com\/#organization"},"potentialAction":[{"@type":"SearchAction","target":{"@type":"EntryPoint","urlTemplate":"https:\/\/romanticany.com\/?s={search_term_string}"},"query-input":{"@type":"PropertyValueSpecification","valueRequired":true,"valueName":"search_term_string"}}],"inLanguage":"es"},{"@type":"Organization","@id":"https:\/\/romanticany.com\/#organization","name":"Romantica NY","url":"https:\/\/romanticany.com\/","logo":{"@type":"ImageObject","inLanguage":"es","@id":"https:\/\/romanticany.com\/#\/schema\/logo\/image\/","url":"https:\/\/romanticany.com\/wp-content\/uploads\/2025\/01\/Logo-Romantica-3.png","contentUrl":"https:\/\/romanticany.com\/wp-content\/uploads\/2025\/01\/Logo-Romantica-3.png","width":1024,"height":1024,"caption":"Romantica NY"},"image":{"@id":"https:\/\/romanticany.com\/#\/schema\/logo\/image\/"}},{"@type":"Person","@id":"https:\/\/romanticany.com\/#\/schema\/person\/be3a3ed4b2ab0af84e4dbe5c3215474c","name":"Romantica NY","image":{"@type":"ImageObject","inLanguage":"es","@id":"https:\/\/romanticany.com\/#\/schema\/person\/image\/","url":"https:\/\/romanticany.com\/wp-content\/uploads\/2025\/01\/cropped-Logo-Romantica-3-96x96.png","contentUrl":"https:\/\/romanticany.com\/wp-content\/uploads\/2025\/01\/cropped-Logo-Romantica-3-96x96.png","caption":"Romantica NY"},"sameAs":["https:\/\/romanticany.com"],"url":"https:\/\/romanticany.com\/?author=1"}]}},"rttpg_featured_image_url":{"full":["https:\/\/romanticany.com\/wp-content\/uploads\/2026\/09\/WhatsApp-Image-2026-09-02-at-1.19.45-PM-1.jpeg",1000,1400,false],"landscape":["https:\/\/romanticany.com\/wp-content\/uploads\/2026\/09\/WhatsApp-Image-2026-09-02-at-1.19.45-PM-1.jpeg",1000,1400,false],"portraits":["https:\/\/romanticany.com\/wp-content\/uploads\/2026\/09\/WhatsApp-Image-2026-09-02-at-1.19.45-PM-1.jpeg",1000,1400,false],"thumbnail":["https:\/\/romanticany.com\/wp-content\/uploads\/2026\/09\/WhatsApp-Image-2026-09-02-at-1.19.45-PM-1-150x150.jpeg",150,150,true],"medium":["https:\/\/romanticany.com\/wp-content\/uploads\/2026\/09\/WhatsApp-Image-2026-09-02-at-1.19.45-PM-1-214x300.jpeg",214,300,true],"large":["https:\/\/romanticany.com\/wp-content\/uploads\/2026\/09\/WhatsApp-Image-2026-09-02-at-1.19.45-PM-1-731x1024.jpeg",640,897,true],"1536x1536":["https:\/\/romanticany.com\/wp-content\/uploads\/2026\/09\/WhatsApp-Image-2026-09-02-at-1.19.45-PM-1.jpeg",1000,1400,false],"2048x2048":["https:\/\/romanticany.com\/wp-content\/uploads\/2026\/09\/WhatsApp-Image-2026-09-02-at-1.19.45-PM-1.jpeg",1000,1400,false]},"rttpg_author":{"display_name":"Romantica NY","author_link":"https:\/\/romanticany.com\/?author=1"},"rttpg_comment":0,"rttpg_category":"<a href=\"https:\/\/romanticany.com\/?cat=3\" rel=\"category\">Arte, Entretenimiento y Cultura<\/a>","rttpg_excerpt":"\u00a1Aprovecha la oferta y vive lo nuestro! La donaci\u00f3n general para asistir al evento es de US$100 por persona, mientras que la entrada VIP tiene un costo de US$150 por persona. Quienes compren sus entradas ahora podr\u00e1n obtener un 30 % de descuento hasta el domingo 6 de septiembre de 2026. El gran desfile \u201cQuisqueya&hellip;","_links":{"self":[{"href":"https:\/\/romanticany.com\/index.php?rest_route=\/wp\/v2\/posts\/114429","targetHints":{"allow":["GET"]}}],"collection":[{"href":"https:\/\/romanticany.com\/index.php?rest_route=\/wp\/v2\/posts"}],"about":[{"href":"https:\/\/romanticany.com\/index.php?rest_route=\/wp\/v2\/types\/post"}],"author":[{"embeddable":true,"href":"https:\/\/romanticany.com\/index.php?rest_route=\/wp\/v2\/users\/1"}],"replies":[{"embeddable":true,"href":"https:\/\/romanticany.com\/index.php?rest_route=%2Fwp%2Fv2%2Fcomments&post=114429"}],"version-history":[{"count":1,"href":"https:\/\/romanticany.com\/index.php?rest_route=\/wp\/v2\/posts\/114429\/revisions"}],"predecessor-version":[{"id":114431,"href":"https:\/\/romanticany.com\/index.php?rest_route=\/wp\/v2\/posts\/114429\/revisions\/114431"}],"wp:featuredmedia":[{"embeddable":true,"href":"https:\/\/romanticany.com\/index.php?rest_route=\/wp\/v2\/media\/114430"}],"wp:attachment":[{"href":"https:\/\/romanticany.com\/index.php?rest_route=%2Fwp%2Fv2%2Fmedia&parent=114429"}],"wp:term":[{"taxonomy":"category","embeddable":true,"href":"https:\/\/romanticany.com\/index.php?rest_route=%2Fwp%2Fv2%2Fcategories&post=114429"},{"taxonomy":"post_tag","embeddable":true,"href":"https:\/\/romanticany.com\/index.php?rest_route=%2Fwp%2Fv2%2Ftags&post=114429"}],"curies":[{"name":"wp","href":"https:\/\/api.w.org\/{rel}","templated":true}]}}