{"id":114442,"date":"2026-09-02T16:32:27","date_gmt":"2026-09-02T20:32:27","guid":{"rendered":"https:\/\/romanticany.com\/?p=114442"},"modified":"2026-09-02T16:32:28","modified_gmt":"2026-09-02T20:32:28","slug":"palabra-multimedia-celebra-su-31-a-graduacion-con-nuevos-programas-y-una-apuesta-por-la-comunicacion-etica","status":"publish","type":"post","link":"https:\/\/romanticany.com\/?p=114442","title":{"rendered":"Palabra Multimedia celebra su 31.\u00aa graduaci\u00f3n con nuevos programas y una apuesta por la comunicaci\u00f3n \u00e9tica"},"content":{"rendered":"\n<p class=\"wp-block-paragraph\">SANTIAGO.- La escuela de comunicadores y l\u00edderes \u00abPalabra Multimedia\u00bb celebr\u00f3 su trig\u00e9sima primera graduaci\u00f3n ordinaria, en una ceremonia en la que decenas de estudiantes de distintas \u00e1reas de la comunicaci\u00f3n recibieron sus certificados tras completar satisfactoriamente sus programas de formaci\u00f3n.<\/p>\n\n\n\n<p class=\"wp-block-paragraph\">El acto estuvo marcado por la incorporaci\u00f3n de nuevos programas acad\u00e9micos, el reconocimiento al m\u00e9rito estudiantil y un llamado a ejercer la comunicaci\u00f3n con \u00e9tica, autenticidad y responsabilidad social.<\/p>\n\n\n\n<p class=\"wp-block-paragraph\">La ceremonia inici\u00f3 con la invocaci\u00f3n a la oraci\u00f3n inicial a cargo de sor Jes\u00fas Eladia Parra, de la congregaci\u00f3n Siervas de Cristo Resucitado. Posteriormente, el director de la escuela Palabra Multimedia, Lennys Tejada Betancourt, pronunci\u00f3 las palabras de bienvenida y transmiti\u00f3 el saludo del presidente fundador de la instituci\u00f3n y presidente&nbsp; monse\u00f1or Ram\u00f3n Benito de la Rosa y Carpio, Arsobispo em\u00e9rito de la Arquidi\u00f3cesis de Santiago de los Caballeros.&nbsp;<\/p>\n\n\n\n<figure class=\"wp-block-image size-large\"><img decoding=\"async\" src=\"https:\/\/ecodelpueblo.com\/wp-content\/uploads\/2026\/09\/WhatsApp-Image-2026-09-02-at-3.56.16-PM-1024x682.jpeg\" alt=\"\" class=\"wp-image-28753\"\/><\/figure>\n\n\n\n<p class=\"wp-block-paragraph\">Durante su intervenci\u00f3n, Tejada Betancourt destac\u00f3 el poder transformador de la educaci\u00f3n y la disciplina como elementos fundamentales para el desarrollo profesional. Al dirigirse a los nuevos egresados, les exhort\u00f3 a asumir una postura cr\u00edtica frente a la desinformaci\u00f3n, evitar las distracciones que pueden generar las plataformas digitales y construir una identidad profesional s\u00f3lida y aut\u00e9ntica.<\/p>\n\n\n\n<p class=\"wp-block-paragraph\">\u201cEl comunicador tiene el compromiso de prepararse constantemente, cuestionar lo que recibe y defender la verdad con responsabilidad\u201d, enfatiz\u00f3 el director, al tiempo que llam\u00f3 a los graduandos a diferenciarse en un mercado laboral cada vez m\u00e1s competitivo.<\/p>\n\n\n\n<p class=\"wp-block-paragraph\"><strong>Nuevas generaciones en comunicaci\u00f3n digital y audiovisual<\/strong><\/p>\n\n\n\n<p class=\"wp-block-paragraph\">La mesa de honor estuvo integrada por el se\u00f1or director de Palabra Multimedia&nbsp; Lennys Tejada Betancourt, el coordinador&nbsp; del Consejo Social, Ing. Wolfan Fabi\u00e1n, el subcoordinador del Consejo Social, el Elvis V\u00e1squez, la maestra y locutora, Jenny D\u00edaz, el facilitador y encargado de formaci\u00f3n de la instituci\u00f3n, Wilson Tolentino, locutora y encargada de prensa, la maestra Yokatty Reyes, la maestra y facilitadora&nbsp; Bonnie Hernandez, &nbsp;el periodista y facilitador Jos\u00e9 Alfredo Espinal, y el locutor y facilitador&nbsp; Vicente Hern\u00e1ndez.<\/p>\n\n\n\n<p class=\"wp-block-paragraph\">Esta promoci\u00f3n represent\u00f3 un momento significativo para La &nbsp;Palabra Multimedia, al graduar a la primera promoci\u00f3n del programa de Periodismo Audiovisual y Transmedia, as\u00ed como a participantes de Marketing Digital y Community Manager, \u00e1reas vinculadas a las nuevas din\u00e1micas de la comunicaci\u00f3n y el entorno digital.<\/p>\n\n\n\n<p class=\"wp-block-paragraph\">La jornada tambi\u00e9n incluy\u00f3 la certificaci\u00f3n de ni\u00f1os y adolescentes que completaron el programa de Locuci\u00f3n Infantil, adem\u00e1s de egresados de las &nbsp;acciones formativas &nbsp;Locuci\u00f3n Profesional, Maestr\u00eda de Ceremonias, T\u00e9cnicas de Oratoria, Oratoria Avanzada, Finanzas para L\u00edderes, Coaching, Conductor de Televisi\u00f3n y Comentarista Lit\u00fargico, entre otras disciplinas.<\/p>\n\n\n\n<p class=\"wp-block-paragraph\">De esta manera, la instituci\u00f3n reafirma su apuesta por una formaci\u00f3n integral que responde a las transformaciones del sector comunicacional y a las nuevas competencias que demanda el mercado.<\/p>\n\n\n\n<figure class=\"wp-block-image size-large\"><img decoding=\"async\" src=\"https:\/\/ecodelpueblo.com\/wp-content\/uploads\/2026\/09\/WhatsApp-Image-2026-09-02-at-3.56.15-PM-1-1024x682.jpeg\" alt=\"\" class=\"wp-image-28752\"\/><\/figure>\n\n\n\n<p class=\"wp-block-paragraph\"><strong>Reconocimiento al talento y al m\u00e9rito<\/strong><\/p>\n\n\n\n<p class=\"wp-block-paragraph\">Uno de los momentos destacados de la ceremonia fue el reconocimiento a Yudelkis Santos, directiva de Sociedad de la &nbsp;Palabra Multimedia y conductora del acto, quien recientemente fue distinguida como Locutora del A\u00f1o en los Premios Ant\u00f3n Awards.<\/p>\n\n\n\n<p class=\"wp-block-paragraph\">La estudiante Orquidea N\u00fa\u00f1ez Ventura tuvo a su cargo el discurso de agradecimiento en representaci\u00f3n de la promoci\u00f3n. En sus palabras, reconoci\u00f3 el acompa\u00f1amiento de los docentes y del director Lennys Tejada Betancourt, al tiempo que resalt\u00f3 el compromiso social que debe caracterizar a quienes ejercen la comunicaci\u00f3n.<\/p>\n\n\n\n<p class=\"wp-block-paragraph\">\u201cNo necesit\u00e1bamos hacerlo perfecto para comenzar; necesit\u00e1bamos comenzar para aprender a hacerlo mejor\u201d, expres\u00f3 N\u00fa\u00f1ez Ventura, frase que sintetiz\u00f3 el esp\u00edritu de superaci\u00f3n y aprendizaje que caracteriz\u00f3 a la promoci\u00f3n.<\/p>\n\n\n\n<p class=\"wp-block-paragraph\">Con esta trig\u00e9sima primera graduaci\u00f3n, de la escuela Palabra Multimedia consolida su trayectoria formativa y reafirma su compromiso con la preparaci\u00f3n de nuevas generaciones de comunicadores, promoviendo el conocimiento, la actualizaci\u00f3n profesional y el ejercicio responsable de la comunicaci\u00f3n en sus diferentes plataformas y formatos.<\/p>\n","protected":false},"excerpt":{"rendered":"<p>SANTIAGO.- La escuela de comunicadores y l\u00edderes \u00abPalabra Multimedia\u00bb celebr\u00f3 su trig\u00e9sima primera graduaci\u00f3n ordinaria, en una ceremonia en la que decenas de estudiantes de distintas \u00e1reas de la comunicaci\u00f3n recibieron sus certificados tras completar satisfactoriamente sus programas de formaci\u00f3n. El acto estuvo marcado por la incorporaci\u00f3n de nuevos programas acad\u00e9micos, el reconocimiento al m\u00e9rito [&hellip;]<\/p>\n","protected":false},"author":1,"featured_media":114443,"comment_status":"open","ping_status":"closed","sticky":false,"template":"","format":"standard","meta":{"footnotes":""},"categories":[15],"tags":[],"class_list":["post-114442","post","type-post","status-publish","format-standard","has-post-thumbnail","hentry","category-sociales"],"yoast_head":"<!-- This site is optimized with the Yoast SEO plugin v24.5 - https:\/\/yoast.com\/wordpress\/plugins\/seo\/ -->\n<title>Palabra Multimedia celebra su 31.\u00aa graduaci\u00f3n con nuevos programas y una apuesta por la comunicaci\u00f3n \u00e9tica - Romantica NY<\/title>\n<meta name=\"robots\" content=\"index, follow, max-snippet:-1, max-image-preview:large, max-video-preview:-1\" \/>\n<link rel=\"canonical\" href=\"https:\/\/romanticany.com\/?p=114442\" \/>\n<meta property=\"og:locale\" content=\"es_ES\" \/>\n<meta property=\"og:type\" content=\"article\" \/>\n<meta property=\"og:title\" content=\"Palabra Multimedia celebra su 31.\u00aa graduaci\u00f3n con nuevos programas y una apuesta por la comunicaci\u00f3n \u00e9tica - Romantica NY\" \/>\n<meta property=\"og:description\" content=\"SANTIAGO.- La escuela de comunicadores y l\u00edderes \u00abPalabra Multimedia\u00bb celebr\u00f3 su trig\u00e9sima primera graduaci\u00f3n ordinaria, en una ceremonia en la que decenas de estudiantes de distintas \u00e1reas de la comunicaci\u00f3n recibieron sus certificados tras completar satisfactoriamente sus programas de formaci\u00f3n. El acto estuvo marcado por la incorporaci\u00f3n de nuevos programas acad\u00e9micos, el reconocimiento al m\u00e9rito [&hellip;]\" \/>\n<meta property=\"og:url\" content=\"https:\/\/romanticany.com\/?p=114442\" \/>\n<meta property=\"og:site_name\" content=\"Romantica NY\" \/>\n<meta property=\"article:published_time\" content=\"2026-09-02T20:32:27+00:00\" \/>\n<meta property=\"article:modified_time\" content=\"2026-09-02T20:32:28+00:00\" \/>\n<meta property=\"og:image\" content=\"https:\/\/romanticany.com\/wp-content\/uploads\/2026\/09\/Portada-oookjhg2.jpeg\" \/>\n\t<meta property=\"og:image:width\" content=\"1600\" \/>\n\t<meta property=\"og:image:height\" content=\"1066\" \/>\n\t<meta property=\"og:image:type\" content=\"image\/jpeg\" \/>\n<meta name=\"author\" content=\"Romantica NY\" \/>\n<meta name=\"twitter:card\" content=\"summary_large_image\" \/>\n<meta name=\"twitter:label1\" content=\"Escrito por\" \/>\n\t<meta name=\"twitter:data1\" content=\"Romantica NY\" \/>\n\t<meta name=\"twitter:label2\" content=\"Tiempo de lectura\" \/>\n\t<meta name=\"twitter:data2\" content=\"4 minutos\" \/>\n<script type=\"application\/ld+json\" class=\"yoast-schema-graph\">{\"@context\":\"https:\/\/schema.org\",\"@graph\":[{\"@type\":\"Article\",\"@id\":\"https:\/\/romanticany.com\/?p=114442#article\",\"isPartOf\":{\"@id\":\"https:\/\/romanticany.com\/?p=114442\"},\"author\":{\"name\":\"Romantica NY\",\"@id\":\"https:\/\/romanticany.com\/#\/schema\/person\/be3a3ed4b2ab0af84e4dbe5c3215474c\"},\"headline\":\"Palabra Multimedia celebra su 31.\u00aa graduaci\u00f3n con nuevos programas y una apuesta por la comunicaci\u00f3n \u00e9tica\",\"datePublished\":\"2026-09-02T20:32:27+00:00\",\"dateModified\":\"2026-09-02T20:32:28+00:00\",\"mainEntityOfPage\":{\"@id\":\"https:\/\/romanticany.com\/?p=114442\"},\"wordCount\":705,\"commentCount\":0,\"publisher\":{\"@id\":\"https:\/\/romanticany.com\/#organization\"},\"image\":{\"@id\":\"https:\/\/romanticany.com\/?p=114442#primaryimage\"},\"thumbnailUrl\":\"https:\/\/romanticany.com\/wp-content\/uploads\/2026\/09\/Portada-oookjhg2.jpeg\",\"articleSection\":[\"Sociales\"],\"inLanguage\":\"es\",\"potentialAction\":[{\"@type\":\"CommentAction\",\"name\":\"Comment\",\"target\":[\"https:\/\/romanticany.com\/?p=114442#respond\"]}]},{\"@type\":\"WebPage\",\"@id\":\"https:\/\/romanticany.com\/?p=114442\",\"url\":\"https:\/\/romanticany.com\/?p=114442\",\"name\":\"Palabra Multimedia celebra su 31.\u00aa graduaci\u00f3n con nuevos programas y una apuesta por la comunicaci\u00f3n \u00e9tica - Romantica NY\",\"isPartOf\":{\"@id\":\"https:\/\/romanticany.com\/#website\"},\"primaryImageOfPage\":{\"@id\":\"https:\/\/romanticany.com\/?p=114442#primaryimage\"},\"image\":{\"@id\":\"https:\/\/romanticany.com\/?p=114442#primaryimage\"},\"thumbnailUrl\":\"https:\/\/romanticany.com\/wp-content\/uploads\/2026\/09\/Portada-oookjhg2.jpeg\",\"datePublished\":\"2026-09-02T20:32:27+00:00\",\"dateModified\":\"2026-09-02T20:32:28+00:00\",\"breadcrumb\":{\"@id\":\"https:\/\/romanticany.com\/?p=114442#breadcrumb\"},\"inLanguage\":\"es\",\"potentialAction\":[{\"@type\":\"ReadAction\",\"target\":[\"https:\/\/romanticany.com\/?p=114442\"]}]},{\"@type\":\"ImageObject\",\"inLanguage\":\"es\",\"@id\":\"https:\/\/romanticany.com\/?p=114442#primaryimage\",\"url\":\"https:\/\/romanticany.com\/wp-content\/uploads\/2026\/09\/Portada-oookjhg2.jpeg\",\"contentUrl\":\"https:\/\/romanticany.com\/wp-content\/uploads\/2026\/09\/Portada-oookjhg2.jpeg\",\"width\":1600,\"height\":1066},{\"@type\":\"BreadcrumbList\",\"@id\":\"https:\/\/romanticany.com\/?p=114442#breadcrumb\",\"itemListElement\":[{\"@type\":\"ListItem\",\"position\":1,\"name\":\"Portada\",\"item\":\"https:\/\/romanticany.com\/\"},{\"@type\":\"ListItem\",\"position\":2,\"name\":\"Palabra Multimedia celebra su 31.\u00aa graduaci\u00f3n con nuevos programas y una apuesta por la comunicaci\u00f3n \u00e9tica\"}]},{\"@type\":\"WebSite\",\"@id\":\"https:\/\/romanticany.com\/#website\",\"url\":\"https:\/\/romanticany.com\/\",\"name\":\"Romantica NY\",\"description\":\"AHORA CON SU PERIODICO DIGITAL Y LA MUSICA MAS ROMANTICA EN LA GRAN MANZANA, USA\",\"publisher\":{\"@id\":\"https:\/\/romanticany.com\/#organization\"},\"potentialAction\":[{\"@type\":\"SearchAction\",\"target\":{\"@type\":\"EntryPoint\",\"urlTemplate\":\"https:\/\/romanticany.com\/?s={search_term_string}\"},\"query-input\":{\"@type\":\"PropertyValueSpecification\",\"valueRequired\":true,\"valueName\":\"search_term_string\"}}],\"inLanguage\":\"es\"},{\"@type\":\"Organization\",\"@id\":\"https:\/\/romanticany.com\/#organization\",\"name\":\"Romantica NY\",\"url\":\"https:\/\/romanticany.com\/\",\"logo\":{\"@type\":\"ImageObject\",\"inLanguage\":\"es\",\"@id\":\"https:\/\/romanticany.com\/#\/schema\/logo\/image\/\",\"url\":\"https:\/\/romanticany.com\/wp-content\/uploads\/2025\/01\/Logo-Romantica-3.png\",\"contentUrl\":\"https:\/\/romanticany.com\/wp-content\/uploads\/2025\/01\/Logo-Romantica-3.png\",\"width\":1024,\"height\":1024,\"caption\":\"Romantica NY\"},\"image\":{\"@id\":\"https:\/\/romanticany.com\/#\/schema\/logo\/image\/\"}},{\"@type\":\"Person\",\"@id\":\"https:\/\/romanticany.com\/#\/schema\/person\/be3a3ed4b2ab0af84e4dbe5c3215474c\",\"name\":\"Romantica NY\",\"image\":{\"@type\":\"ImageObject\",\"inLanguage\":\"es\",\"@id\":\"https:\/\/romanticany.com\/#\/schema\/person\/image\/\",\"url\":\"https:\/\/romanticany.com\/wp-content\/uploads\/2025\/01\/cropped-Logo-Romantica-3-96x96.png\",\"contentUrl\":\"https:\/\/romanticany.com\/wp-content\/uploads\/2025\/01\/cropped-Logo-Romantica-3-96x96.png\",\"caption\":\"Romantica NY\"},\"sameAs\":[\"https:\/\/romanticany.com\"],\"url\":\"https:\/\/romanticany.com\/?author=1\"}]}<\/script>\n<!-- \/ Yoast SEO plugin. -->","yoast_head_json":{"title":"Palabra Multimedia celebra su 31.\u00aa graduaci\u00f3n con nuevos programas y una apuesta por la comunicaci\u00f3n \u00e9tica - Romantica NY","robots":{"index":"index","follow":"follow","max-snippet":"max-snippet:-1","max-image-preview":"max-image-preview:large","max-video-preview":"max-video-preview:-1"},"canonical":"https:\/\/romanticany.com\/?p=114442","og_locale":"es_ES","og_type":"article","og_title":"Palabra Multimedia celebra su 31.\u00aa graduaci\u00f3n con nuevos programas y una apuesta por la comunicaci\u00f3n \u00e9tica - Romantica NY","og_description":"SANTIAGO.- La escuela de comunicadores y l\u00edderes \u00abPalabra Multimedia\u00bb celebr\u00f3 su trig\u00e9sima primera graduaci\u00f3n ordinaria, en una ceremonia en la que decenas de estudiantes de distintas \u00e1reas de la comunicaci\u00f3n recibieron sus certificados tras completar satisfactoriamente sus programas de formaci\u00f3n. El acto estuvo marcado por la incorporaci\u00f3n de nuevos programas acad\u00e9micos, el reconocimiento al m\u00e9rito [&hellip;]","og_url":"https:\/\/romanticany.com\/?p=114442","og_site_name":"Romantica NY","article_published_time":"2026-09-02T20:32:27+00:00","article_modified_time":"2026-09-02T20:32:28+00:00","og_image":[{"width":1600,"height":1066,"url":"https:\/\/romanticany.com\/wp-content\/uploads\/2026\/09\/Portada-oookjhg2.jpeg","type":"image\/jpeg"}],"author":"Romantica NY","twitter_card":"summary_large_image","twitter_misc":{"Escrito por":"Romantica NY","Tiempo de lectura":"4 minutos"},"schema":{"@context":"https:\/\/schema.org","@graph":[{"@type":"Article","@id":"https:\/\/romanticany.com\/?p=114442#article","isPartOf":{"@id":"https:\/\/romanticany.com\/?p=114442"},"author":{"name":"Romantica NY","@id":"https:\/\/romanticany.com\/#\/schema\/person\/be3a3ed4b2ab0af84e4dbe5c3215474c"},"headline":"Palabra Multimedia celebra su 31.\u00aa graduaci\u00f3n con nuevos programas y una apuesta por la comunicaci\u00f3n \u00e9tica","datePublished":"2026-09-02T20:32:27+00:00","dateModified":"2026-09-02T20:32:28+00:00","mainEntityOfPage":{"@id":"https:\/\/romanticany.com\/?p=114442"},"wordCount":705,"commentCount":0,"publisher":{"@id":"https:\/\/romanticany.com\/#organization"},"image":{"@id":"https:\/\/romanticany.com\/?p=114442#primaryimage"},"thumbnailUrl":"https:\/\/romanticany.com\/wp-content\/uploads\/2026\/09\/Portada-oookjhg2.jpeg","articleSection":["Sociales"],"inLanguage":"es","potentialAction":[{"@type":"CommentAction","name":"Comment","target":["https:\/\/romanticany.com\/?p=114442#respond"]}]},{"@type":"WebPage","@id":"https:\/\/romanticany.com\/?p=114442","url":"https:\/\/romanticany.com\/?p=114442","name":"Palabra Multimedia celebra su 31.\u00aa graduaci\u00f3n con nuevos programas y una apuesta por la comunicaci\u00f3n \u00e9tica - Romantica NY","isPartOf":{"@id":"https:\/\/romanticany.com\/#website"},"primaryImageOfPage":{"@id":"https:\/\/romanticany.com\/?p=114442#primaryimage"},"image":{"@id":"https:\/\/romanticany.com\/?p=114442#primaryimage"},"thumbnailUrl":"https:\/\/romanticany.com\/wp-content\/uploads\/2026\/09\/Portada-oookjhg2.jpeg","datePublished":"2026-09-02T20:32:27+00:00","dateModified":"2026-09-02T20:32:28+00:00","breadcrumb":{"@id":"https:\/\/romanticany.com\/?p=114442#breadcrumb"},"inLanguage":"es","potentialAction":[{"@type":"ReadAction","target":["https:\/\/romanticany.com\/?p=114442"]}]},{"@type":"ImageObject","inLanguage":"es","@id":"https:\/\/romanticany.com\/?p=114442#primaryimage","url":"https:\/\/romanticany.com\/wp-content\/uploads\/2026\/09\/Portada-oookjhg2.jpeg","contentUrl":"https:\/\/romanticany.com\/wp-content\/uploads\/2026\/09\/Portada-oookjhg2.jpeg","width":1600,"height":1066},{"@type":"BreadcrumbList","@id":"https:\/\/romanticany.com\/?p=114442#breadcrumb","itemListElement":[{"@type":"ListItem","position":1,"name":"Portada","item":"https:\/\/romanticany.com\/"},{"@type":"ListItem","position":2,"name":"Palabra Multimedia celebra su 31.\u00aa graduaci\u00f3n con nuevos programas y una apuesta por la comunicaci\u00f3n \u00e9tica"}]},{"@type":"WebSite","@id":"https:\/\/romanticany.com\/#website","url":"https:\/\/romanticany.com\/","name":"Romantica NY","description":"AHORA CON SU PERIODICO DIGITAL Y LA MUSICA MAS ROMANTICA EN LA GRAN MANZANA, USA","publisher":{"@id":"https:\/\/romanticany.com\/#organization"},"potentialAction":[{"@type":"SearchAction","target":{"@type":"EntryPoint","urlTemplate":"https:\/\/romanticany.com\/?s={search_term_string}"},"query-input":{"@type":"PropertyValueSpecification","valueRequired":true,"valueName":"search_term_string"}}],"inLanguage":"es"},{"@type":"Organization","@id":"https:\/\/romanticany.com\/#organization","name":"Romantica NY","url":"https:\/\/romanticany.com\/","logo":{"@type":"ImageObject","inLanguage":"es","@id":"https:\/\/romanticany.com\/#\/schema\/logo\/image\/","url":"https:\/\/romanticany.com\/wp-content\/uploads\/2025\/01\/Logo-Romantica-3.png","contentUrl":"https:\/\/romanticany.com\/wp-content\/uploads\/2025\/01\/Logo-Romantica-3.png","width":1024,"height":1024,"caption":"Romantica NY"},"image":{"@id":"https:\/\/romanticany.com\/#\/schema\/logo\/image\/"}},{"@type":"Person","@id":"https:\/\/romanticany.com\/#\/schema\/person\/be3a3ed4b2ab0af84e4dbe5c3215474c","name":"Romantica NY","image":{"@type":"ImageObject","inLanguage":"es","@id":"https:\/\/romanticany.com\/#\/schema\/person\/image\/","url":"https:\/\/romanticany.com\/wp-content\/uploads\/2025\/01\/cropped-Logo-Romantica-3-96x96.png","contentUrl":"https:\/\/romanticany.com\/wp-content\/uploads\/2025\/01\/cropped-Logo-Romantica-3-96x96.png","caption":"Romantica NY"},"sameAs":["https:\/\/romanticany.com"],"url":"https:\/\/romanticany.com\/?author=1"}]}},"rttpg_featured_image_url":{"full":["https:\/\/romanticany.com\/wp-content\/uploads\/2026\/09\/Portada-oookjhg2.jpeg",1600,1066,false],"landscape":["https:\/\/romanticany.com\/wp-content\/uploads\/2026\/09\/Portada-oookjhg2.jpeg",1600,1066,false],"portraits":["https:\/\/romanticany.com\/wp-content\/uploads\/2026\/09\/Portada-oookjhg2.jpeg",1600,1066,false],"thumbnail":["https:\/\/romanticany.com\/wp-content\/uploads\/2026\/09\/Portada-oookjhg2-150x150.jpeg",150,150,true],"medium":["https:\/\/romanticany.com\/wp-content\/uploads\/2026\/09\/Portada-oookjhg2-300x200.jpeg",300,200,true],"large":["https:\/\/romanticany.com\/wp-content\/uploads\/2026\/09\/Portada-oookjhg2-1024x682.jpeg",640,426,true],"1536x1536":["https:\/\/romanticany.com\/wp-content\/uploads\/2026\/09\/Portada-oookjhg2-1536x1023.jpeg",1536,1023,true],"2048x2048":["https:\/\/romanticany.com\/wp-content\/uploads\/2026\/09\/Portada-oookjhg2.jpeg",1600,1066,false]},"rttpg_author":{"display_name":"Romantica NY","author_link":"https:\/\/romanticany.com\/?author=1"},"rttpg_comment":0,"rttpg_category":"<a href=\"https:\/\/romanticany.com\/?cat=15\" rel=\"category\">Sociales<\/a>","rttpg_excerpt":"SANTIAGO.- La escuela de comunicadores y l\u00edderes \u00abPalabra Multimedia\u00bb celebr\u00f3 su trig\u00e9sima primera graduaci\u00f3n ordinaria, en una ceremonia en la que decenas de estudiantes de distintas \u00e1reas de la comunicaci\u00f3n recibieron sus certificados tras completar satisfactoriamente sus programas de formaci\u00f3n. El acto estuvo marcado por la incorporaci\u00f3n de nuevos programas acad\u00e9micos, el reconocimiento al m\u00e9rito&hellip;","_links":{"self":[{"href":"https:\/\/romanticany.com\/index.php?rest_route=\/wp\/v2\/posts\/114442","targetHints":{"allow":["GET"]}}],"collection":[{"href":"https:\/\/romanticany.com\/index.php?rest_route=\/wp\/v2\/posts"}],"about":[{"href":"https:\/\/romanticany.com\/index.php?rest_route=\/wp\/v2\/types\/post"}],"author":[{"embeddable":true,"href":"https:\/\/romanticany.com\/index.php?rest_route=\/wp\/v2\/users\/1"}],"replies":[{"embeddable":true,"href":"https:\/\/romanticany.com\/index.php?rest_route=%2Fwp%2Fv2%2Fcomments&post=114442"}],"version-history":[{"count":1,"href":"https:\/\/romanticany.com\/index.php?rest_route=\/wp\/v2\/posts\/114442\/revisions"}],"predecessor-version":[{"id":114444,"href":"https:\/\/romanticany.com\/index.php?rest_route=\/wp\/v2\/posts\/114442\/revisions\/114444"}],"wp:featuredmedia":[{"embeddable":true,"href":"https:\/\/romanticany.com\/index.php?rest_route=\/wp\/v2\/media\/114443"}],"wp:attachment":[{"href":"https:\/\/romanticany.com\/index.php?rest_route=%2Fwp%2Fv2%2Fmedia&parent=114442"}],"wp:term":[{"taxonomy":"category","embeddable":true,"href":"https:\/\/romanticany.com\/index.php?rest_route=%2Fwp%2Fv2%2Fcategories&post=114442"},{"taxonomy":"post_tag","embeddable":true,"href":"https:\/\/romanticany.com\/index.php?rest_route=%2Fwp%2Fv2%2Ftags&post=114442"}],"curies":[{"name":"wp","href":"https:\/\/api.w.org\/{rel}","templated":true}]}}