{"id":114471,"date":"2026-09-04T07:46:29","date_gmt":"2026-09-04T11:46:29","guid":{"rendered":"https:\/\/romanticany.com\/?p=114471"},"modified":"2026-09-04T07:46:30","modified_gmt":"2026-09-04T11:46:30","slug":"el-nino-2026-la-omm-alerta-sobre-su-intensidad-y-pide-preparacion-urgente","status":"publish","type":"post","link":"https:\/\/romanticany.com\/?p=114471","title":{"rendered":"\u00abEl Ni\u00f1o 2026: La OMM alerta sobre su intensidad y pide preparaci\u00f3n urgente\u00bb"},"content":{"rendered":"\n<p class=\"wp-block-paragraph\">La <strong>Organizaci\u00f3n Meteorol\u00f3gica Mundial (OMM)<\/strong> ha emitido una <strong>advertencia global<\/strong> sobre el fen\u00f3meno de <strong>El Ni\u00f1o<\/strong>, cuyas <strong>primeras se\u00f1ales ya son evidentes<\/strong> y que, seg\u00fan las previsiones, <strong>alcanzar\u00e1 una intensidad muy fuerte en los pr\u00f3ximos meses<\/strong>. Celeste Saulo, <strong>secretaria general de la OMM<\/strong>, recalc\u00f3 que, aunque <strong>El Ni\u00f1o no es sin\u00f3nimo de desastre<\/strong>, es crucial <strong>tomar medidas preventivas<\/strong> para <strong>proteger vidas y medios de subsistencia<\/strong>.<\/p>\n\n\n\n<p class=\"wp-block-paragraph\">Saulo destac\u00f3 que <strong>la ciencia y las herramientas disponibles<\/strong> permiten <strong>evitar que los riesgos asociados a El Ni\u00f1o se conviertan en crisis<\/strong>. Entre los ejemplos de preparaci\u00f3n, mencion\u00f3 los <strong>estados de emergencia en Panam\u00e1 y Per\u00fa<\/strong>, as\u00ed como la <strong>asesor\u00eda de servicios meteorol\u00f3gicos<\/strong> a gobiernos en Asia y el <strong>plan de respuesta a olas de calor<\/strong> en Singapur.<\/p>\n\n\n\n<hr class=\"wp-block-separator has-alpha-channel-opacity\"\/>\n\n\n\n<p class=\"wp-block-paragraph\"><strong>El Ni\u00f1o persistir\u00e1 hasta 2027<\/strong> Wilfran Moufouma-Okia, <strong>jefe de Predicci\u00f3n Clim\u00e1tica de la OMM<\/strong>, indic\u00f3 que hay una <strong>probabilidad cercana al 100%<\/strong> de que <strong>El Ni\u00f1o contin\u00fae durante septiembre, noviembre y hasta febrero de 2027<\/strong>. Sin embargo, aclar\u00f3 que esto <strong>no garantiza desastres naturales autom\u00e1ticos<\/strong> como inundaciones o sequ\u00edas en todos los pa\u00edses.<\/p>\n\n\n\n<hr class=\"wp-block-separator has-alpha-channel-opacity\"\/>\n\n\n\n<p class=\"wp-block-paragraph\"><strong>Impacto en la agricultura y seguridad alimentaria<\/strong> El bolet\u00edn de la OMM se\u00f1ala que la <strong>fuerza de El Ni\u00f1o<\/strong> se debe, en parte, a las <strong>temperaturas excepcionalmente altas en el Pac\u00edfico tropical<\/strong>, que afectan a pa\u00edses como <strong>Ecuador, Colombia y Per\u00fa<\/strong>. El <strong>impacto social m\u00e1s grave<\/strong> ser\u00e1 la <strong>disminuci\u00f3n de la producci\u00f3n agr\u00edcola<\/strong>, lo que podr\u00eda generar <strong>inseguridad alimentaria<\/strong> para millones de personas debido al <strong>aumento de los precios de los alimentos<\/strong>.<\/p>\n\n\n\n<p class=\"wp-block-paragraph\">Saulo inst\u00f3 a los gobiernos a <strong>tomar decisiones estrat\u00e9gicas<\/strong> en la producci\u00f3n agr\u00edcola, como <strong>seleccionar semillas adecuadas<\/strong> seg\u00fan las condiciones clim\u00e1ticas esperadas: m\u00e1s lluvia, sequ\u00eda o temperaturas elevadas.<\/p>\n\n\n\n<hr class=\"wp-block-separator has-alpha-channel-opacity\"\/>\n\n\n\n<p class=\"wp-block-paragraph\"><strong>Temperaturas r\u00e9cord en el oc\u00e9ano<\/strong> Los cient\u00edficos est\u00e1n especialmente preocupados por el <strong>aumento excesivo de las temperaturas del mar<\/strong>, tanto en la superficie como <strong>bajo ella<\/strong>. En la superficie, se han registrado <strong>aumentos de hasta 2.6\u00b0C<\/strong>, pero <strong>bajo el oc\u00e9ano<\/strong>, el calor acumulado es <strong>a\u00fan m\u00e1s alarmante<\/strong>, con temperaturas que superan la media en <strong>m\u00e1s de 8\u00b0C<\/strong> en algunas zonas.<\/p>\n\n\n\n<hr class=\"wp-block-separator has-alpha-channel-opacity\"\/>\n\n\n\n<p class=\"wp-block-paragraph\"><strong>Un llamado a la acci\u00f3n coordinada<\/strong> La OMM ha subrayado que, aunque <strong>El Ni\u00f1o es un fen\u00f3meno natural<\/strong>, su <strong>impacto puede reducirse<\/strong> con <strong>medidas preventivas y una respuesta global coordinada<\/strong>. La organizaci\u00f3n inst\u00f3 a los gobiernos y comunidades a <strong>actuar con rapidez<\/strong> para <strong>minimizar los riesgos<\/strong> y <strong>proteger a las poblaciones m\u00e1s vulnerables<\/strong>.<\/p>\n\n\n\n<hr class=\"wp-block-separator has-alpha-channel-opacity\"\/>\n\n\n\n<p class=\"wp-block-paragraph\"><strong>Hashtags<\/strong>: #ElNi\u00f1o #OMM #Clima #CambioClim\u00e1tico #Prevenci\u00f3n #Temperaturas #Pac\u00edfico #InseguridadAlimentaria<\/p>\n","protected":false},"excerpt":{"rendered":"<p>La Organizaci\u00f3n Meteorol\u00f3gica Mundial (OMM) ha emitido una advertencia global sobre el fen\u00f3meno de El Ni\u00f1o, cuyas primeras se\u00f1ales ya son evidentes y que, seg\u00fan las previsiones, alcanzar\u00e1 una intensidad muy fuerte en los pr\u00f3ximos meses. Celeste Saulo, secretaria general de la OMM, recalc\u00f3 que, aunque El Ni\u00f1o no es sin\u00f3nimo de desastre, es crucial [&hellip;]<\/p>\n","protected":false},"author":1,"featured_media":114472,"comment_status":"open","ping_status":"closed","sticky":false,"template":"","format":"standard","meta":{"footnotes":""},"categories":[8],"tags":[],"class_list":["post-114471","post","type-post","status-publish","format-standard","has-post-thumbnail","hentry","category-mundo"],"yoast_head":"<!-- This site is optimized with the Yoast SEO plugin v24.5 - https:\/\/yoast.com\/wordpress\/plugins\/seo\/ -->\n<title>&quot;El Ni\u00f1o 2026: La OMM alerta sobre su intensidad y pide preparaci\u00f3n urgente&quot; - Romantica NY<\/title>\n<meta name=\"robots\" content=\"index, follow, max-snippet:-1, max-image-preview:large, max-video-preview:-1\" \/>\n<link rel=\"canonical\" href=\"https:\/\/romanticany.com\/?p=114471\" \/>\n<meta property=\"og:locale\" content=\"es_ES\" \/>\n<meta property=\"og:type\" content=\"article\" \/>\n<meta property=\"og:title\" content=\"&quot;El Ni\u00f1o 2026: La OMM alerta sobre su intensidad y pide preparaci\u00f3n urgente&quot; - Romantica NY\" \/>\n<meta property=\"og:description\" content=\"La Organizaci\u00f3n Meteorol\u00f3gica Mundial (OMM) ha emitido una advertencia global sobre el fen\u00f3meno de El Ni\u00f1o, cuyas primeras se\u00f1ales ya son evidentes y que, seg\u00fan las previsiones, alcanzar\u00e1 una intensidad muy fuerte en los pr\u00f3ximos meses. Celeste Saulo, secretaria general de la OMM, recalc\u00f3 que, aunque El Ni\u00f1o no es sin\u00f3nimo de desastre, es crucial [&hellip;]\" \/>\n<meta property=\"og:url\" content=\"https:\/\/romanticany.com\/?p=114471\" \/>\n<meta property=\"og:site_name\" content=\"Romantica NY\" \/>\n<meta property=\"article:published_time\" content=\"2026-09-04T11:46:29+00:00\" \/>\n<meta property=\"article:modified_time\" content=\"2026-09-04T11:46:30+00:00\" \/>\n<meta property=\"og:image\" content=\"https:\/\/romanticany.com\/wp-content\/uploads\/2026\/09\/Mejorar_202609040748.jpeg\" \/>\n\t<meta property=\"og:image:width\" content=\"1376\" \/>\n\t<meta property=\"og:image:height\" content=\"768\" \/>\n\t<meta property=\"og:image:type\" content=\"image\/jpeg\" \/>\n<meta name=\"author\" content=\"Romantica NY\" \/>\n<meta name=\"twitter:card\" content=\"summary_large_image\" \/>\n<meta name=\"twitter:label1\" content=\"Escrito por\" \/>\n\t<meta name=\"twitter:data1\" content=\"Romantica NY\" \/>\n\t<meta name=\"twitter:label2\" content=\"Tiempo de lectura\" \/>\n\t<meta name=\"twitter:data2\" content=\"3 minutos\" \/>\n<script type=\"application\/ld+json\" class=\"yoast-schema-graph\">{\"@context\":\"https:\/\/schema.org\",\"@graph\":[{\"@type\":\"Article\",\"@id\":\"https:\/\/romanticany.com\/?p=114471#article\",\"isPartOf\":{\"@id\":\"https:\/\/romanticany.com\/?p=114471\"},\"author\":{\"name\":\"Romantica NY\",\"@id\":\"https:\/\/romanticany.com\/#\/schema\/person\/be3a3ed4b2ab0af84e4dbe5c3215474c\"},\"headline\":\"\u00abEl Ni\u00f1o 2026: La OMM alerta sobre su intensidad y pide preparaci\u00f3n urgente\u00bb\",\"datePublished\":\"2026-09-04T11:46:29+00:00\",\"dateModified\":\"2026-09-04T11:46:30+00:00\",\"mainEntityOfPage\":{\"@id\":\"https:\/\/romanticany.com\/?p=114471\"},\"wordCount\":464,\"commentCount\":0,\"publisher\":{\"@id\":\"https:\/\/romanticany.com\/#organization\"},\"image\":{\"@id\":\"https:\/\/romanticany.com\/?p=114471#primaryimage\"},\"thumbnailUrl\":\"https:\/\/romanticany.com\/wp-content\/uploads\/2026\/09\/Mejorar_202609040748.jpeg\",\"articleSection\":[\"Mundo\"],\"inLanguage\":\"es\",\"potentialAction\":[{\"@type\":\"CommentAction\",\"name\":\"Comment\",\"target\":[\"https:\/\/romanticany.com\/?p=114471#respond\"]}]},{\"@type\":\"WebPage\",\"@id\":\"https:\/\/romanticany.com\/?p=114471\",\"url\":\"https:\/\/romanticany.com\/?p=114471\",\"name\":\"\\\"El Ni\u00f1o 2026: La OMM alerta sobre su intensidad y pide preparaci\u00f3n urgente\\\" - Romantica NY\",\"isPartOf\":{\"@id\":\"https:\/\/romanticany.com\/#website\"},\"primaryImageOfPage\":{\"@id\":\"https:\/\/romanticany.com\/?p=114471#primaryimage\"},\"image\":{\"@id\":\"https:\/\/romanticany.com\/?p=114471#primaryimage\"},\"thumbnailUrl\":\"https:\/\/romanticany.com\/wp-content\/uploads\/2026\/09\/Mejorar_202609040748.jpeg\",\"datePublished\":\"2026-09-04T11:46:29+00:00\",\"dateModified\":\"2026-09-04T11:46:30+00:00\",\"breadcrumb\":{\"@id\":\"https:\/\/romanticany.com\/?p=114471#breadcrumb\"},\"inLanguage\":\"es\",\"potentialAction\":[{\"@type\":\"ReadAction\",\"target\":[\"https:\/\/romanticany.com\/?p=114471\"]}]},{\"@type\":\"ImageObject\",\"inLanguage\":\"es\",\"@id\":\"https:\/\/romanticany.com\/?p=114471#primaryimage\",\"url\":\"https:\/\/romanticany.com\/wp-content\/uploads\/2026\/09\/Mejorar_202609040748.jpeg\",\"contentUrl\":\"https:\/\/romanticany.com\/wp-content\/uploads\/2026\/09\/Mejorar_202609040748.jpeg\",\"width\":1376,\"height\":768},{\"@type\":\"BreadcrumbList\",\"@id\":\"https:\/\/romanticany.com\/?p=114471#breadcrumb\",\"itemListElement\":[{\"@type\":\"ListItem\",\"position\":1,\"name\":\"Portada\",\"item\":\"https:\/\/romanticany.com\/\"},{\"@type\":\"ListItem\",\"position\":2,\"name\":\"\u00abEl Ni\u00f1o 2026: La OMM alerta sobre su intensidad y pide preparaci\u00f3n urgente\u00bb\"}]},{\"@type\":\"WebSite\",\"@id\":\"https:\/\/romanticany.com\/#website\",\"url\":\"https:\/\/romanticany.com\/\",\"name\":\"Romantica NY\",\"description\":\"AHORA CON SU PERIODICO DIGITAL Y LA MUSICA MAS ROMANTICA EN LA GRAN MANZANA, USA\",\"publisher\":{\"@id\":\"https:\/\/romanticany.com\/#organization\"},\"potentialAction\":[{\"@type\":\"SearchAction\",\"target\":{\"@type\":\"EntryPoint\",\"urlTemplate\":\"https:\/\/romanticany.com\/?s={search_term_string}\"},\"query-input\":{\"@type\":\"PropertyValueSpecification\",\"valueRequired\":true,\"valueName\":\"search_term_string\"}}],\"inLanguage\":\"es\"},{\"@type\":\"Organization\",\"@id\":\"https:\/\/romanticany.com\/#organization\",\"name\":\"Romantica NY\",\"url\":\"https:\/\/romanticany.com\/\",\"logo\":{\"@type\":\"ImageObject\",\"inLanguage\":\"es\",\"@id\":\"https:\/\/romanticany.com\/#\/schema\/logo\/image\/\",\"url\":\"https:\/\/romanticany.com\/wp-content\/uploads\/2025\/01\/Logo-Romantica-3.png\",\"contentUrl\":\"https:\/\/romanticany.com\/wp-content\/uploads\/2025\/01\/Logo-Romantica-3.png\",\"width\":1024,\"height\":1024,\"caption\":\"Romantica NY\"},\"image\":{\"@id\":\"https:\/\/romanticany.com\/#\/schema\/logo\/image\/\"}},{\"@type\":\"Person\",\"@id\":\"https:\/\/romanticany.com\/#\/schema\/person\/be3a3ed4b2ab0af84e4dbe5c3215474c\",\"name\":\"Romantica NY\",\"image\":{\"@type\":\"ImageObject\",\"inLanguage\":\"es\",\"@id\":\"https:\/\/romanticany.com\/#\/schema\/person\/image\/\",\"url\":\"https:\/\/romanticany.com\/wp-content\/uploads\/2025\/01\/cropped-Logo-Romantica-3-96x96.png\",\"contentUrl\":\"https:\/\/romanticany.com\/wp-content\/uploads\/2025\/01\/cropped-Logo-Romantica-3-96x96.png\",\"caption\":\"Romantica NY\"},\"sameAs\":[\"https:\/\/romanticany.com\"],\"url\":\"https:\/\/romanticany.com\/?author=1\"}]}<\/script>\n<!-- \/ Yoast SEO plugin. -->","yoast_head_json":{"title":"\"El Ni\u00f1o 2026: La OMM alerta sobre su intensidad y pide preparaci\u00f3n urgente\" - Romantica NY","robots":{"index":"index","follow":"follow","max-snippet":"max-snippet:-1","max-image-preview":"max-image-preview:large","max-video-preview":"max-video-preview:-1"},"canonical":"https:\/\/romanticany.com\/?p=114471","og_locale":"es_ES","og_type":"article","og_title":"\"El Ni\u00f1o 2026: La OMM alerta sobre su intensidad y pide preparaci\u00f3n urgente\" - Romantica NY","og_description":"La Organizaci\u00f3n Meteorol\u00f3gica Mundial (OMM) ha emitido una advertencia global sobre el fen\u00f3meno de El Ni\u00f1o, cuyas primeras se\u00f1ales ya son evidentes y que, seg\u00fan las previsiones, alcanzar\u00e1 una intensidad muy fuerte en los pr\u00f3ximos meses. Celeste Saulo, secretaria general de la OMM, recalc\u00f3 que, aunque El Ni\u00f1o no es sin\u00f3nimo de desastre, es crucial [&hellip;]","og_url":"https:\/\/romanticany.com\/?p=114471","og_site_name":"Romantica NY","article_published_time":"2026-09-04T11:46:29+00:00","article_modified_time":"2026-09-04T11:46:30+00:00","og_image":[{"width":1376,"height":768,"url":"https:\/\/romanticany.com\/wp-content\/uploads\/2026\/09\/Mejorar_202609040748.jpeg","type":"image\/jpeg"}],"author":"Romantica NY","twitter_card":"summary_large_image","twitter_misc":{"Escrito por":"Romantica NY","Tiempo de lectura":"3 minutos"},"schema":{"@context":"https:\/\/schema.org","@graph":[{"@type":"Article","@id":"https:\/\/romanticany.com\/?p=114471#article","isPartOf":{"@id":"https:\/\/romanticany.com\/?p=114471"},"author":{"name":"Romantica NY","@id":"https:\/\/romanticany.com\/#\/schema\/person\/be3a3ed4b2ab0af84e4dbe5c3215474c"},"headline":"\u00abEl Ni\u00f1o 2026: La OMM alerta sobre su intensidad y pide preparaci\u00f3n urgente\u00bb","datePublished":"2026-09-04T11:46:29+00:00","dateModified":"2026-09-04T11:46:30+00:00","mainEntityOfPage":{"@id":"https:\/\/romanticany.com\/?p=114471"},"wordCount":464,"commentCount":0,"publisher":{"@id":"https:\/\/romanticany.com\/#organization"},"image":{"@id":"https:\/\/romanticany.com\/?p=114471#primaryimage"},"thumbnailUrl":"https:\/\/romanticany.com\/wp-content\/uploads\/2026\/09\/Mejorar_202609040748.jpeg","articleSection":["Mundo"],"inLanguage":"es","potentialAction":[{"@type":"CommentAction","name":"Comment","target":["https:\/\/romanticany.com\/?p=114471#respond"]}]},{"@type":"WebPage","@id":"https:\/\/romanticany.com\/?p=114471","url":"https:\/\/romanticany.com\/?p=114471","name":"\"El Ni\u00f1o 2026: La OMM alerta sobre su intensidad y pide preparaci\u00f3n urgente\" - Romantica NY","isPartOf":{"@id":"https:\/\/romanticany.com\/#website"},"primaryImageOfPage":{"@id":"https:\/\/romanticany.com\/?p=114471#primaryimage"},"image":{"@id":"https:\/\/romanticany.com\/?p=114471#primaryimage"},"thumbnailUrl":"https:\/\/romanticany.com\/wp-content\/uploads\/2026\/09\/Mejorar_202609040748.jpeg","datePublished":"2026-09-04T11:46:29+00:00","dateModified":"2026-09-04T11:46:30+00:00","breadcrumb":{"@id":"https:\/\/romanticany.com\/?p=114471#breadcrumb"},"inLanguage":"es","potentialAction":[{"@type":"ReadAction","target":["https:\/\/romanticany.com\/?p=114471"]}]},{"@type":"ImageObject","inLanguage":"es","@id":"https:\/\/romanticany.com\/?p=114471#primaryimage","url":"https:\/\/romanticany.com\/wp-content\/uploads\/2026\/09\/Mejorar_202609040748.jpeg","contentUrl":"https:\/\/romanticany.com\/wp-content\/uploads\/2026\/09\/Mejorar_202609040748.jpeg","width":1376,"height":768},{"@type":"BreadcrumbList","@id":"https:\/\/romanticany.com\/?p=114471#breadcrumb","itemListElement":[{"@type":"ListItem","position":1,"name":"Portada","item":"https:\/\/romanticany.com\/"},{"@type":"ListItem","position":2,"name":"\u00abEl Ni\u00f1o 2026: La OMM alerta sobre su intensidad y pide preparaci\u00f3n urgente\u00bb"}]},{"@type":"WebSite","@id":"https:\/\/romanticany.com\/#website","url":"https:\/\/romanticany.com\/","name":"Romantica NY","description":"AHORA CON SU PERIODICO DIGITAL Y LA MUSICA MAS ROMANTICA EN LA GRAN MANZANA, USA","publisher":{"@id":"https:\/\/romanticany.com\/#organization"},"potentialAction":[{"@type":"SearchAction","target":{"@type":"EntryPoint","urlTemplate":"https:\/\/romanticany.com\/?s={search_term_string}"},"query-input":{"@type":"PropertyValueSpecification","valueRequired":true,"valueName":"search_term_string"}}],"inLanguage":"es"},{"@type":"Organization","@id":"https:\/\/romanticany.com\/#organization","name":"Romantica NY","url":"https:\/\/romanticany.com\/","logo":{"@type":"ImageObject","inLanguage":"es","@id":"https:\/\/romanticany.com\/#\/schema\/logo\/image\/","url":"https:\/\/romanticany.com\/wp-content\/uploads\/2025\/01\/Logo-Romantica-3.png","contentUrl":"https:\/\/romanticany.com\/wp-content\/uploads\/2025\/01\/Logo-Romantica-3.png","width":1024,"height":1024,"caption":"Romantica NY"},"image":{"@id":"https:\/\/romanticany.com\/#\/schema\/logo\/image\/"}},{"@type":"Person","@id":"https:\/\/romanticany.com\/#\/schema\/person\/be3a3ed4b2ab0af84e4dbe5c3215474c","name":"Romantica NY","image":{"@type":"ImageObject","inLanguage":"es","@id":"https:\/\/romanticany.com\/#\/schema\/person\/image\/","url":"https:\/\/romanticany.com\/wp-content\/uploads\/2025\/01\/cropped-Logo-Romantica-3-96x96.png","contentUrl":"https:\/\/romanticany.com\/wp-content\/uploads\/2025\/01\/cropped-Logo-Romantica-3-96x96.png","caption":"Romantica NY"},"sameAs":["https:\/\/romanticany.com"],"url":"https:\/\/romanticany.com\/?author=1"}]}},"rttpg_featured_image_url":{"full":["https:\/\/romanticany.com\/wp-content\/uploads\/2026\/09\/Mejorar_202609040748.jpeg",1376,768,false],"landscape":["https:\/\/romanticany.com\/wp-content\/uploads\/2026\/09\/Mejorar_202609040748.jpeg",1376,768,false],"portraits":["https:\/\/romanticany.com\/wp-content\/uploads\/2026\/09\/Mejorar_202609040748.jpeg",1376,768,false],"thumbnail":["https:\/\/romanticany.com\/wp-content\/uploads\/2026\/09\/Mejorar_202609040748-150x150.jpeg",150,150,true],"medium":["https:\/\/romanticany.com\/wp-content\/uploads\/2026\/09\/Mejorar_202609040748-300x167.jpeg",300,167,true],"large":["https:\/\/romanticany.com\/wp-content\/uploads\/2026\/09\/Mejorar_202609040748-1024x572.jpeg",640,358,true],"1536x1536":["https:\/\/romanticany.com\/wp-content\/uploads\/2026\/09\/Mejorar_202609040748.jpeg",1376,768,false],"2048x2048":["https:\/\/romanticany.com\/wp-content\/uploads\/2026\/09\/Mejorar_202609040748.jpeg",1376,768,false]},"rttpg_author":{"display_name":"Romantica NY","author_link":"https:\/\/romanticany.com\/?author=1"},"rttpg_comment":0,"rttpg_category":"<a href=\"https:\/\/romanticany.com\/?cat=8\" rel=\"category\">Mundo<\/a>","rttpg_excerpt":"La Organizaci\u00f3n Meteorol\u00f3gica Mundial (OMM) ha emitido una advertencia global sobre el fen\u00f3meno de El Ni\u00f1o, cuyas primeras se\u00f1ales ya son evidentes y que, seg\u00fan las previsiones, alcanzar\u00e1 una intensidad muy fuerte en los pr\u00f3ximos meses. Celeste Saulo, secretaria general de la OMM, recalc\u00f3 que, aunque El Ni\u00f1o no es sin\u00f3nimo de desastre, es crucial&hellip;","_links":{"self":[{"href":"https:\/\/romanticany.com\/index.php?rest_route=\/wp\/v2\/posts\/114471","targetHints":{"allow":["GET"]}}],"collection":[{"href":"https:\/\/romanticany.com\/index.php?rest_route=\/wp\/v2\/posts"}],"about":[{"href":"https:\/\/romanticany.com\/index.php?rest_route=\/wp\/v2\/types\/post"}],"author":[{"embeddable":true,"href":"https:\/\/romanticany.com\/index.php?rest_route=\/wp\/v2\/users\/1"}],"replies":[{"embeddable":true,"href":"https:\/\/romanticany.com\/index.php?rest_route=%2Fwp%2Fv2%2Fcomments&post=114471"}],"version-history":[{"count":1,"href":"https:\/\/romanticany.com\/index.php?rest_route=\/wp\/v2\/posts\/114471\/revisions"}],"predecessor-version":[{"id":114473,"href":"https:\/\/romanticany.com\/index.php?rest_route=\/wp\/v2\/posts\/114471\/revisions\/114473"}],"wp:featuredmedia":[{"embeddable":true,"href":"https:\/\/romanticany.com\/index.php?rest_route=\/wp\/v2\/media\/114472"}],"wp:attachment":[{"href":"https:\/\/romanticany.com\/index.php?rest_route=%2Fwp%2Fv2%2Fmedia&parent=114471"}],"wp:term":[{"taxonomy":"category","embeddable":true,"href":"https:\/\/romanticany.com\/index.php?rest_route=%2Fwp%2Fv2%2Fcategories&post=114471"},{"taxonomy":"post_tag","embeddable":true,"href":"https:\/\/romanticany.com\/index.php?rest_route=%2Fwp%2Fv2%2Ftags&post=114471"}],"curies":[{"name":"wp","href":"https:\/\/api.w.org\/{rel}","templated":true}]}}