{"id":114480,"date":"2026-09-04T08:18:32","date_gmt":"2026-09-04T12:18:32","guid":{"rendered":"https:\/\/romanticany.com\/?p=114480"},"modified":"2026-09-04T08:18:33","modified_gmt":"2026-09-04T12:18:33","slug":"marcos-llorente-se-retira-de-la-seleccion-de-espana-ha-sido-un-orgullo-representar-a-mi-pais","status":"publish","type":"post","link":"https:\/\/romanticany.com\/?p=114480","title":{"rendered":"\u00a0\u00abMarcos Llorente se retira de la Selecci\u00f3n de Espa\u00f1a: &#8216;Ha sido un orgullo representar a mi pa\u00eds'\u00bb"},"content":{"rendered":"\n<p class=\"wp-block-paragraph\">El <strong>defensa del Atl\u00e9tico de Madrid, Marcos Llorente<\/strong>, ha <strong>anunciado su retirada de la Selecci\u00f3n de Espa\u00f1a<\/strong> este jueves, tras consagrarse <strong>campe\u00f3n del mundo en el Mundial 2026<\/strong>. A sus <strong>31 a\u00f1os<\/strong>, el jugador deja <em>La Roja<\/em> despu\u00e9s de <strong>27 partidos<\/strong>, dos Mundiales (2022 y 2026) y una Eurocopa (2021).<\/p>\n\n\n\n<p class=\"wp-block-paragraph\">En un <strong>mensaje emotivo en sus redes sociales<\/strong>, Llorente explic\u00f3 que su decisi\u00f3n <strong>ya estaba tomada antes del Mundial<\/strong>: <em>\u00abIndependientemente de si hubiera ido al Mundial o no, o de si hubi\u00e9semos ganado o no, esta decisi\u00f3n ya la ten\u00eda tomada\u00bb<\/em>. Tambi\u00e9n a\u00f1adi\u00f3: <em>\u00abDespu\u00e9s de mucho tiempo reflexionando, he decidido cerrar mi etapa con la Selecci\u00f3n. S\u00e9 que muchos no lo entender\u00e1n, y quiz\u00e1 yo tampoco lo habr\u00eda entendido desde fuera. Pero es una decisi\u00f3n personal, muy meditada y, sobre todo, muy sentida\u00bb<\/em>.<\/p>\n\n\n\n<hr class=\"wp-block-separator has-alpha-channel-opacity\"\/>\n\n\n\n<p class=\"wp-block-paragraph\"><strong>Un mensaje de agradecimiento<\/strong> El jugador madrile\u00f1o <strong>agradeci\u00f3 a todos los que lo acompa\u00f1aron<\/strong> en su trayectoria: <em>\u00abSolo puedo estar infinitamente agradecido a todas las personas con las que me he cruzado durante estos a\u00f1os y que han hecho posible que mi familia y yo vivamos momentos \u00fanicos e inolvidables. Me quedo con todo lo vivido, pero sobre todo, con estos \u00faltimos 52 d\u00edas. Con un grupo maravilloso que luch\u00f3 hasta el final por dejar a Espa\u00f1a en lo m\u00e1s alto. Y as\u00ed lo hizo. Ha sido un orgullo representar a mi pa\u00eds y formar parte de esta historia\u00bb<\/em>, concluy\u00f3.<\/p>\n\n\n\n<hr class=\"wp-block-separator has-alpha-channel-opacity\"\/>\n\n\n\n<p class=\"wp-block-paragraph\"><strong>Una trayectoria destacada<\/strong> Llorente, que debut\u00f3 con la <strong>Selecci\u00f3n Absoluta en 2020<\/strong> bajo el mando de <strong>Luis Enrique<\/strong>, se consolid\u00f3 como un <strong>lateral derecho clave<\/strong> en <em>La Roja<\/em>. Aunque en el Mundial 2026 <strong>perdi\u00f3 la titularidad<\/strong> frente a <strong>Pedro Porro<\/strong>, su aporte fue fundamental en el camino al t\u00edtulo. Adem\u00e1s, el madrile\u00f1o pas\u00f3 por todas las categor\u00edas inferiores de la selecci\u00f3n: <strong>sub-19, sub-21 y la absoluta<\/strong>, donde su primer partido fue un amistoso ante <strong>Pa\u00edses Bajos<\/strong> en Katwijk aan Zee, con victoria espa\u00f1ola por <strong>1-2<\/strong>.<\/p>\n\n\n\n<p class=\"wp-block-paragraph\">Aunque <strong>no fue convocado para la \u00faltima Eurocopa<\/strong> (donde De la Fuente prefiri\u00f3 a <strong>Carvajal y Jes\u00fas Navas<\/strong>), Llorente <strong>recuper\u00f3 su lugar<\/strong> para el Mundial 2026, donde <strong>culmin\u00f3 su carrera con la selecci\u00f3n<\/strong> al consagrarse <strong>campe\u00f3n del mundo<\/strong>.<\/p>\n\n\n\n<hr class=\"wp-block-separator has-alpha-channel-opacity\"\/>\n\n\n\n<p class=\"wp-block-paragraph\"><strong>Hashtags<\/strong>: #MarcosLlorente #LaRoja #Mundial2026 #F\u00fatbol #Adi\u00f3sSelecci\u00f3n #Atl\u00e9ticoDeMadrid #Campe\u00f3nDelMundo<\/p>\n","protected":false},"excerpt":{"rendered":"<p>El defensa del Atl\u00e9tico de Madrid, Marcos Llorente, ha anunciado su retirada de la Selecci\u00f3n de Espa\u00f1a este jueves, tras consagrarse campe\u00f3n del mundo en el Mundial 2026. A sus 31 a\u00f1os, el jugador deja La Roja despu\u00e9s de 27 partidos, dos Mundiales (2022 y 2026) y una Eurocopa (2021). En un mensaje emotivo en [&hellip;]<\/p>\n","protected":false},"author":1,"featured_media":114481,"comment_status":"open","ping_status":"closed","sticky":false,"template":"","format":"standard","meta":{"footnotes":""},"categories":[5],"tags":[],"class_list":["post-114480","post","type-post","status-publish","format-standard","has-post-thumbnail","hentry","category-deportes"],"yoast_head":"<!-- This site is optimized with the Yoast SEO plugin v24.5 - https:\/\/yoast.com\/wordpress\/plugins\/seo\/ -->\n<title>\u00a0&quot;Marcos Llorente se retira de la Selecci\u00f3n de Espa\u00f1a: &#039;Ha sido un orgullo representar a mi pa\u00eds&#039;&quot; - Romantica NY<\/title>\n<meta name=\"robots\" content=\"index, follow, max-snippet:-1, max-image-preview:large, max-video-preview:-1\" \/>\n<link rel=\"canonical\" href=\"https:\/\/romanticany.com\/?p=114480\" \/>\n<meta property=\"og:locale\" content=\"es_ES\" \/>\n<meta property=\"og:type\" content=\"article\" \/>\n<meta property=\"og:title\" content=\"\u00a0&quot;Marcos Llorente se retira de la Selecci\u00f3n de Espa\u00f1a: &#039;Ha sido un orgullo representar a mi pa\u00eds&#039;&quot; - Romantica NY\" \/>\n<meta property=\"og:description\" content=\"El defensa del Atl\u00e9tico de Madrid, Marcos Llorente, ha anunciado su retirada de la Selecci\u00f3n de Espa\u00f1a este jueves, tras consagrarse campe\u00f3n del mundo en el Mundial 2026. A sus 31 a\u00f1os, el jugador deja La Roja despu\u00e9s de 27 partidos, dos Mundiales (2022 y 2026) y una Eurocopa (2021). En un mensaje emotivo en [&hellip;]\" \/>\n<meta property=\"og:url\" content=\"https:\/\/romanticany.com\/?p=114480\" \/>\n<meta property=\"og:site_name\" content=\"Romantica NY\" \/>\n<meta property=\"article:published_time\" content=\"2026-09-04T12:18:32+00:00\" \/>\n<meta property=\"article:modified_time\" content=\"2026-09-04T12:18:33+00:00\" \/>\n<meta property=\"og:image\" content=\"https:\/\/romanticany.com\/wp-content\/uploads\/2026\/09\/Mejorar_calidad_202609040822.jpeg\" \/>\n\t<meta property=\"og:image:width\" content=\"1376\" \/>\n\t<meta property=\"og:image:height\" content=\"768\" \/>\n\t<meta property=\"og:image:type\" content=\"image\/jpeg\" \/>\n<meta name=\"author\" content=\"Romantica NY\" \/>\n<meta name=\"twitter:card\" content=\"summary_large_image\" \/>\n<meta name=\"twitter:label1\" content=\"Escrito por\" \/>\n\t<meta name=\"twitter:data1\" content=\"Romantica NY\" \/>\n\t<meta name=\"twitter:label2\" content=\"Tiempo de lectura\" \/>\n\t<meta name=\"twitter:data2\" content=\"2 minutos\" \/>\n<script type=\"application\/ld+json\" class=\"yoast-schema-graph\">{\"@context\":\"https:\/\/schema.org\",\"@graph\":[{\"@type\":\"Article\",\"@id\":\"https:\/\/romanticany.com\/?p=114480#article\",\"isPartOf\":{\"@id\":\"https:\/\/romanticany.com\/?p=114480\"},\"author\":{\"name\":\"Romantica NY\",\"@id\":\"https:\/\/romanticany.com\/#\/schema\/person\/be3a3ed4b2ab0af84e4dbe5c3215474c\"},\"headline\":\"\u00a0\u00abMarcos Llorente se retira de la Selecci\u00f3n de Espa\u00f1a: &#8216;Ha sido un orgullo representar a mi pa\u00eds'\u00bb\",\"datePublished\":\"2026-09-04T12:18:32+00:00\",\"dateModified\":\"2026-09-04T12:18:33+00:00\",\"mainEntityOfPage\":{\"@id\":\"https:\/\/romanticany.com\/?p=114480\"},\"wordCount\":414,\"commentCount\":0,\"publisher\":{\"@id\":\"https:\/\/romanticany.com\/#organization\"},\"image\":{\"@id\":\"https:\/\/romanticany.com\/?p=114480#primaryimage\"},\"thumbnailUrl\":\"https:\/\/romanticany.com\/wp-content\/uploads\/2026\/09\/Mejorar_calidad_202609040822.jpeg\",\"articleSection\":[\"Deportes\"],\"inLanguage\":\"es\",\"potentialAction\":[{\"@type\":\"CommentAction\",\"name\":\"Comment\",\"target\":[\"https:\/\/romanticany.com\/?p=114480#respond\"]}]},{\"@type\":\"WebPage\",\"@id\":\"https:\/\/romanticany.com\/?p=114480\",\"url\":\"https:\/\/romanticany.com\/?p=114480\",\"name\":\"\u00a0\\\"Marcos Llorente se retira de la Selecci\u00f3n de Espa\u00f1a: 'Ha sido un orgullo representar a mi pa\u00eds'\\\" - Romantica NY\",\"isPartOf\":{\"@id\":\"https:\/\/romanticany.com\/#website\"},\"primaryImageOfPage\":{\"@id\":\"https:\/\/romanticany.com\/?p=114480#primaryimage\"},\"image\":{\"@id\":\"https:\/\/romanticany.com\/?p=114480#primaryimage\"},\"thumbnailUrl\":\"https:\/\/romanticany.com\/wp-content\/uploads\/2026\/09\/Mejorar_calidad_202609040822.jpeg\",\"datePublished\":\"2026-09-04T12:18:32+00:00\",\"dateModified\":\"2026-09-04T12:18:33+00:00\",\"breadcrumb\":{\"@id\":\"https:\/\/romanticany.com\/?p=114480#breadcrumb\"},\"inLanguage\":\"es\",\"potentialAction\":[{\"@type\":\"ReadAction\",\"target\":[\"https:\/\/romanticany.com\/?p=114480\"]}]},{\"@type\":\"ImageObject\",\"inLanguage\":\"es\",\"@id\":\"https:\/\/romanticany.com\/?p=114480#primaryimage\",\"url\":\"https:\/\/romanticany.com\/wp-content\/uploads\/2026\/09\/Mejorar_calidad_202609040822.jpeg\",\"contentUrl\":\"https:\/\/romanticany.com\/wp-content\/uploads\/2026\/09\/Mejorar_calidad_202609040822.jpeg\",\"width\":1376,\"height\":768},{\"@type\":\"BreadcrumbList\",\"@id\":\"https:\/\/romanticany.com\/?p=114480#breadcrumb\",\"itemListElement\":[{\"@type\":\"ListItem\",\"position\":1,\"name\":\"Portada\",\"item\":\"https:\/\/romanticany.com\/\"},{\"@type\":\"ListItem\",\"position\":2,\"name\":\"\u00a0\u00abMarcos Llorente se retira de la Selecci\u00f3n de Espa\u00f1a: &#8216;Ha sido un orgullo representar a mi pa\u00eds'\u00bb\"}]},{\"@type\":\"WebSite\",\"@id\":\"https:\/\/romanticany.com\/#website\",\"url\":\"https:\/\/romanticany.com\/\",\"name\":\"Romantica NY\",\"description\":\"AHORA CON SU PERIODICO DIGITAL Y LA MUSICA MAS ROMANTICA EN LA GRAN MANZANA, USA\",\"publisher\":{\"@id\":\"https:\/\/romanticany.com\/#organization\"},\"potentialAction\":[{\"@type\":\"SearchAction\",\"target\":{\"@type\":\"EntryPoint\",\"urlTemplate\":\"https:\/\/romanticany.com\/?s={search_term_string}\"},\"query-input\":{\"@type\":\"PropertyValueSpecification\",\"valueRequired\":true,\"valueName\":\"search_term_string\"}}],\"inLanguage\":\"es\"},{\"@type\":\"Organization\",\"@id\":\"https:\/\/romanticany.com\/#organization\",\"name\":\"Romantica NY\",\"url\":\"https:\/\/romanticany.com\/\",\"logo\":{\"@type\":\"ImageObject\",\"inLanguage\":\"es\",\"@id\":\"https:\/\/romanticany.com\/#\/schema\/logo\/image\/\",\"url\":\"https:\/\/romanticany.com\/wp-content\/uploads\/2025\/01\/Logo-Romantica-3.png\",\"contentUrl\":\"https:\/\/romanticany.com\/wp-content\/uploads\/2025\/01\/Logo-Romantica-3.png\",\"width\":1024,\"height\":1024,\"caption\":\"Romantica NY\"},\"image\":{\"@id\":\"https:\/\/romanticany.com\/#\/schema\/logo\/image\/\"}},{\"@type\":\"Person\",\"@id\":\"https:\/\/romanticany.com\/#\/schema\/person\/be3a3ed4b2ab0af84e4dbe5c3215474c\",\"name\":\"Romantica NY\",\"image\":{\"@type\":\"ImageObject\",\"inLanguage\":\"es\",\"@id\":\"https:\/\/romanticany.com\/#\/schema\/person\/image\/\",\"url\":\"https:\/\/romanticany.com\/wp-content\/uploads\/2025\/01\/cropped-Logo-Romantica-3-96x96.png\",\"contentUrl\":\"https:\/\/romanticany.com\/wp-content\/uploads\/2025\/01\/cropped-Logo-Romantica-3-96x96.png\",\"caption\":\"Romantica NY\"},\"sameAs\":[\"https:\/\/romanticany.com\"],\"url\":\"https:\/\/romanticany.com\/?author=1\"}]}<\/script>\n<!-- \/ Yoast SEO plugin. -->","yoast_head_json":{"title":"\u00a0\"Marcos Llorente se retira de la Selecci\u00f3n de Espa\u00f1a: 'Ha sido un orgullo representar a mi pa\u00eds'\" - Romantica NY","robots":{"index":"index","follow":"follow","max-snippet":"max-snippet:-1","max-image-preview":"max-image-preview:large","max-video-preview":"max-video-preview:-1"},"canonical":"https:\/\/romanticany.com\/?p=114480","og_locale":"es_ES","og_type":"article","og_title":"\u00a0\"Marcos Llorente se retira de la Selecci\u00f3n de Espa\u00f1a: 'Ha sido un orgullo representar a mi pa\u00eds'\" - Romantica NY","og_description":"El defensa del Atl\u00e9tico de Madrid, Marcos Llorente, ha anunciado su retirada de la Selecci\u00f3n de Espa\u00f1a este jueves, tras consagrarse campe\u00f3n del mundo en el Mundial 2026. A sus 31 a\u00f1os, el jugador deja La Roja despu\u00e9s de 27 partidos, dos Mundiales (2022 y 2026) y una Eurocopa (2021). En un mensaje emotivo en [&hellip;]","og_url":"https:\/\/romanticany.com\/?p=114480","og_site_name":"Romantica NY","article_published_time":"2026-09-04T12:18:32+00:00","article_modified_time":"2026-09-04T12:18:33+00:00","og_image":[{"width":1376,"height":768,"url":"https:\/\/romanticany.com\/wp-content\/uploads\/2026\/09\/Mejorar_calidad_202609040822.jpeg","type":"image\/jpeg"}],"author":"Romantica NY","twitter_card":"summary_large_image","twitter_misc":{"Escrito por":"Romantica NY","Tiempo de lectura":"2 minutos"},"schema":{"@context":"https:\/\/schema.org","@graph":[{"@type":"Article","@id":"https:\/\/romanticany.com\/?p=114480#article","isPartOf":{"@id":"https:\/\/romanticany.com\/?p=114480"},"author":{"name":"Romantica NY","@id":"https:\/\/romanticany.com\/#\/schema\/person\/be3a3ed4b2ab0af84e4dbe5c3215474c"},"headline":"\u00a0\u00abMarcos Llorente se retira de la Selecci\u00f3n de Espa\u00f1a: &#8216;Ha sido un orgullo representar a mi pa\u00eds'\u00bb","datePublished":"2026-09-04T12:18:32+00:00","dateModified":"2026-09-04T12:18:33+00:00","mainEntityOfPage":{"@id":"https:\/\/romanticany.com\/?p=114480"},"wordCount":414,"commentCount":0,"publisher":{"@id":"https:\/\/romanticany.com\/#organization"},"image":{"@id":"https:\/\/romanticany.com\/?p=114480#primaryimage"},"thumbnailUrl":"https:\/\/romanticany.com\/wp-content\/uploads\/2026\/09\/Mejorar_calidad_202609040822.jpeg","articleSection":["Deportes"],"inLanguage":"es","potentialAction":[{"@type":"CommentAction","name":"Comment","target":["https:\/\/romanticany.com\/?p=114480#respond"]}]},{"@type":"WebPage","@id":"https:\/\/romanticany.com\/?p=114480","url":"https:\/\/romanticany.com\/?p=114480","name":"\u00a0\"Marcos Llorente se retira de la Selecci\u00f3n de Espa\u00f1a: 'Ha sido un orgullo representar a mi pa\u00eds'\" - Romantica NY","isPartOf":{"@id":"https:\/\/romanticany.com\/#website"},"primaryImageOfPage":{"@id":"https:\/\/romanticany.com\/?p=114480#primaryimage"},"image":{"@id":"https:\/\/romanticany.com\/?p=114480#primaryimage"},"thumbnailUrl":"https:\/\/romanticany.com\/wp-content\/uploads\/2026\/09\/Mejorar_calidad_202609040822.jpeg","datePublished":"2026-09-04T12:18:32+00:00","dateModified":"2026-09-04T12:18:33+00:00","breadcrumb":{"@id":"https:\/\/romanticany.com\/?p=114480#breadcrumb"},"inLanguage":"es","potentialAction":[{"@type":"ReadAction","target":["https:\/\/romanticany.com\/?p=114480"]}]},{"@type":"ImageObject","inLanguage":"es","@id":"https:\/\/romanticany.com\/?p=114480#primaryimage","url":"https:\/\/romanticany.com\/wp-content\/uploads\/2026\/09\/Mejorar_calidad_202609040822.jpeg","contentUrl":"https:\/\/romanticany.com\/wp-content\/uploads\/2026\/09\/Mejorar_calidad_202609040822.jpeg","width":1376,"height":768},{"@type":"BreadcrumbList","@id":"https:\/\/romanticany.com\/?p=114480#breadcrumb","itemListElement":[{"@type":"ListItem","position":1,"name":"Portada","item":"https:\/\/romanticany.com\/"},{"@type":"ListItem","position":2,"name":"\u00a0\u00abMarcos Llorente se retira de la Selecci\u00f3n de Espa\u00f1a: &#8216;Ha sido un orgullo representar a mi pa\u00eds'\u00bb"}]},{"@type":"WebSite","@id":"https:\/\/romanticany.com\/#website","url":"https:\/\/romanticany.com\/","name":"Romantica NY","description":"AHORA CON SU PERIODICO DIGITAL Y LA MUSICA MAS ROMANTICA EN LA GRAN MANZANA, USA","publisher":{"@id":"https:\/\/romanticany.com\/#organization"},"potentialAction":[{"@type":"SearchAction","target":{"@type":"EntryPoint","urlTemplate":"https:\/\/romanticany.com\/?s={search_term_string}"},"query-input":{"@type":"PropertyValueSpecification","valueRequired":true,"valueName":"search_term_string"}}],"inLanguage":"es"},{"@type":"Organization","@id":"https:\/\/romanticany.com\/#organization","name":"Romantica NY","url":"https:\/\/romanticany.com\/","logo":{"@type":"ImageObject","inLanguage":"es","@id":"https:\/\/romanticany.com\/#\/schema\/logo\/image\/","url":"https:\/\/romanticany.com\/wp-content\/uploads\/2025\/01\/Logo-Romantica-3.png","contentUrl":"https:\/\/romanticany.com\/wp-content\/uploads\/2025\/01\/Logo-Romantica-3.png","width":1024,"height":1024,"caption":"Romantica NY"},"image":{"@id":"https:\/\/romanticany.com\/#\/schema\/logo\/image\/"}},{"@type":"Person","@id":"https:\/\/romanticany.com\/#\/schema\/person\/be3a3ed4b2ab0af84e4dbe5c3215474c","name":"Romantica NY","image":{"@type":"ImageObject","inLanguage":"es","@id":"https:\/\/romanticany.com\/#\/schema\/person\/image\/","url":"https:\/\/romanticany.com\/wp-content\/uploads\/2025\/01\/cropped-Logo-Romantica-3-96x96.png","contentUrl":"https:\/\/romanticany.com\/wp-content\/uploads\/2025\/01\/cropped-Logo-Romantica-3-96x96.png","caption":"Romantica NY"},"sameAs":["https:\/\/romanticany.com"],"url":"https:\/\/romanticany.com\/?author=1"}]}},"rttpg_featured_image_url":{"full":["https:\/\/romanticany.com\/wp-content\/uploads\/2026\/09\/Mejorar_calidad_202609040822.jpeg",1376,768,false],"landscape":["https:\/\/romanticany.com\/wp-content\/uploads\/2026\/09\/Mejorar_calidad_202609040822.jpeg",1376,768,false],"portraits":["https:\/\/romanticany.com\/wp-content\/uploads\/2026\/09\/Mejorar_calidad_202609040822.jpeg",1376,768,false],"thumbnail":["https:\/\/romanticany.com\/wp-content\/uploads\/2026\/09\/Mejorar_calidad_202609040822-150x150.jpeg",150,150,true],"medium":["https:\/\/romanticany.com\/wp-content\/uploads\/2026\/09\/Mejorar_calidad_202609040822-300x167.jpeg",300,167,true],"large":["https:\/\/romanticany.com\/wp-content\/uploads\/2026\/09\/Mejorar_calidad_202609040822-1024x572.jpeg",640,358,true],"1536x1536":["https:\/\/romanticany.com\/wp-content\/uploads\/2026\/09\/Mejorar_calidad_202609040822.jpeg",1376,768,false],"2048x2048":["https:\/\/romanticany.com\/wp-content\/uploads\/2026\/09\/Mejorar_calidad_202609040822.jpeg",1376,768,false]},"rttpg_author":{"display_name":"Romantica NY","author_link":"https:\/\/romanticany.com\/?author=1"},"rttpg_comment":0,"rttpg_category":"<a href=\"https:\/\/romanticany.com\/?cat=5\" rel=\"category\">Deportes<\/a>","rttpg_excerpt":"El defensa del Atl\u00e9tico de Madrid, Marcos Llorente, ha anunciado su retirada de la Selecci\u00f3n de Espa\u00f1a este jueves, tras consagrarse campe\u00f3n del mundo en el Mundial 2026. A sus 31 a\u00f1os, el jugador deja La Roja despu\u00e9s de 27 partidos, dos Mundiales (2022 y 2026) y una Eurocopa (2021). En un mensaje emotivo en&hellip;","_links":{"self":[{"href":"https:\/\/romanticany.com\/index.php?rest_route=\/wp\/v2\/posts\/114480","targetHints":{"allow":["GET"]}}],"collection":[{"href":"https:\/\/romanticany.com\/index.php?rest_route=\/wp\/v2\/posts"}],"about":[{"href":"https:\/\/romanticany.com\/index.php?rest_route=\/wp\/v2\/types\/post"}],"author":[{"embeddable":true,"href":"https:\/\/romanticany.com\/index.php?rest_route=\/wp\/v2\/users\/1"}],"replies":[{"embeddable":true,"href":"https:\/\/romanticany.com\/index.php?rest_route=%2Fwp%2Fv2%2Fcomments&post=114480"}],"version-history":[{"count":1,"href":"https:\/\/romanticany.com\/index.php?rest_route=\/wp\/v2\/posts\/114480\/revisions"}],"predecessor-version":[{"id":114482,"href":"https:\/\/romanticany.com\/index.php?rest_route=\/wp\/v2\/posts\/114480\/revisions\/114482"}],"wp:featuredmedia":[{"embeddable":true,"href":"https:\/\/romanticany.com\/index.php?rest_route=\/wp\/v2\/media\/114481"}],"wp:attachment":[{"href":"https:\/\/romanticany.com\/index.php?rest_route=%2Fwp%2Fv2%2Fmedia&parent=114480"}],"wp:term":[{"taxonomy":"category","embeddable":true,"href":"https:\/\/romanticany.com\/index.php?rest_route=%2Fwp%2Fv2%2Fcategories&post=114480"},{"taxonomy":"post_tag","embeddable":true,"href":"https:\/\/romanticany.com\/index.php?rest_route=%2Fwp%2Fv2%2Ftags&post=114480"}],"curies":[{"name":"wp","href":"https:\/\/api.w.org\/{rel}","templated":true}]}}