{"id":114496,"date":"2026-09-04T11:40:14","date_gmt":"2026-09-04T15:40:14","guid":{"rendered":"https:\/\/romanticany.com\/?p=114496"},"modified":"2026-09-04T11:40:14","modified_gmt":"2026-09-04T15:40:14","slug":"desfile-estatal-dominicano-se-prepara-para-exaltar-la-identidad-reconocer-los-aportes-de-la-comunidad-y-fortalecer-el-vinculo-con-las-nuevas-generaciones","status":"publish","type":"post","link":"https:\/\/romanticany.com\/?p=114496","title":{"rendered":"Desfile Estatal Dominicano se prepara para exaltar la identidad, reconocer los aportes de la comunidad y fortalecer el v\u00ednculo con las nuevas generaciones"},"content":{"rendered":"\n<h2 class=\"wp-block-heading\">Elsa Mantilla convoca a dominicanos en Nueva Jersey y anuncia gran celebraci\u00f3n estatal<\/h2>\n\n\n\n<p class=\"wp-block-paragraph\"><strong>Por Aquiles Rojas y Manuel Ruiz<\/strong><\/p>\n\n\n\n<p class=\"wp-block-paragraph\"><strong>PATERSON, Nueva Jersey.<\/strong> \u2014 Con un llamado a la unidad de los dominicanos y a preservar las ra\u00edces culturales, la presidenta del Desfile Estatal Dominicano de New Jersey, Elsa Mantilla, encabez\u00f3 un encuentro con representantes de la prensa, autoridades electas, representantes consulares y l\u00edderes comunitarios, donde fueron presentados los principales detalles de la pr\u00f3xima gran celebraci\u00f3n de la dominicanidad.<\/p>\n\n\n\n<p class=\"wp-block-paragraph\">La actividad, celebrada en El Cafecito Restaurant, en el 27 de Park Avenue, en Paterson, reuni\u00f3 a representantes de medios dominicanos, hispanos y comunitarios, adem\u00e1s de funcionarios electos y dirigentes de organizaciones que trabajan por el desarrollo y bienestar de la comunidad dominicana en Nueva Jersey.<\/p>\n\n\n\n<p class=\"wp-block-paragraph\"><\/p>\n\n\n\n<figure class=\"wp-block-image size-full\"><img decoding=\"async\" src=\"https:\/\/ecodelpueblo.com\/wp-content\/uploads\/2026\/09\/WhatsApp-Image-2026-09-03-at-10.34.47-PM.jpeg\" alt=\"\" class=\"wp-image-28811\"\/><\/figure>\n\n\n\n<h3 class=\"wp-block-heading\">37 DESFILE DOMINICANO DE NEW JERSEY<\/h3>\n\n\n\n<p class=\"wp-block-paragraph\"><strong>DEDICADO A LA PROVINCIA BARAHONA<\/strong><\/p>\n\n\n\n<p class=\"wp-block-paragraph\"><strong>CALENDARIO DE EVENTOS 2026<\/strong><\/p>\n\n\n\n<p class=\"wp-block-paragraph\"><strong>S\u00c1BADO 05 DE SEPTIEMBRE DE 2026 \u2014 12:00 M.<\/strong><br>IZAMIENTO DE LA BANDERA DOMINICANA<br>PATERSON CITY HALL<br>155 MARKET STREET, PATERSON, NJ 07501<\/p>\n\n\n\n<p class=\"wp-block-paragraph\"><strong>DOMINGO 06 DE SEPTIEMBRE DE 2026 \u2014 10:00 AM<\/strong><br>MISA ANUAL ST. JOHN&#8217;S CATHEDRAL<br>381 GRAND STREET, PATERSON, NJ 07505<\/p>\n\n\n\n<p class=\"wp-block-paragraph\"><strong>JUEVES 10 DE SEPTIEMBRE DE 2026 \u2014 7:00 PM<\/strong><br>MEGA GALA 37 ANIVERSARIO<br>THE VENETIAN<br>546 RIVER DRIVE, GARFIELD, NJ 07026<\/p>\n\n\n\n<p class=\"wp-block-paragraph\"><strong>GRAN DESFILE \u2014 DOMINGO 13 DE SEPTIEMBRE DE 2026 \u2014 12:00 PM, PUNTUAL<\/strong><br>GRAN DESFILE DOMINICANO DE NEW JERSEY 37 ANIVERSARIO<br>COMENZANDO EN LA EAST 33RD STREET &amp; VREELAND AVENUE<br>PATERSON, NJ<\/p>\n\n\n\n<p class=\"wp-block-paragraph\">Mantilla destac\u00f3 que el desfile trasciende una celebraci\u00f3n festiva y constituye una plataforma para mostrar la identidad, las tradiciones y los logros de una comunidad que durante d\u00e9cadas ha realizado importantes aportes al desarrollo social, cultural y econ\u00f3mico de Nueva Jersey.<\/p>\n\n\n\n<figure class=\"wp-block-image size-full\"><img decoding=\"async\" src=\"https:\/\/ecodelpueblo.com\/wp-content\/uploads\/2026\/09\/WhatsApp-Image-2026-09-03-at-10.34.48-PM-19.jpeg\" alt=\"\" class=\"wp-image-28809\"\/><\/figure>\n\n\n\n<p class=\"wp-block-paragraph\">\u201cEste desfile representa nuestra identidad, nuestra cultura y el orgullo de ser dominicanos. Queremos que toda la comunidad se sienta parte de esta celebraci\u00f3n y que juntos podamos mostrar la fuerza de nuestra dominicanidad\u201d, expres\u00f3 Mantilla durante el encuentro con los comunicadores.<\/p>\n\n\n\n<p class=\"wp-block-paragraph\">La presidenta del desfile plante\u00f3 la necesidad de que los dominicanos de primera generaci\u00f3n y las nuevas generaciones mantengan vivo el v\u00ednculo con la Rep\u00fablica Dominicana, mediante actividades que permitan conocer la historia, valorar las tradiciones y preservar las expresiones culturales heredadas de sus antepasados.<\/p>\n\n\n\n<p class=\"wp-block-paragraph\">\u201cTenemos una cultura que nos une, una historia que nos identifica y una comunidad que ha demostrado que cuando trabaja unida puede alcanzar grandes metas\u201d, sostuvo Mantilla, al colocar la unidad comunitaria entre las prioridades de la celebraci\u00f3n.<\/p>\n\n\n\n<p class=\"wp-block-paragraph\">La programaci\u00f3n contempla la participaci\u00f3n de expresiones de la cultura dominicana, entre ellas m\u00fasica, folclore, manifestaciones art\u00edsticas y tradiciones nacionales, con el objetivo de proyectar ante Nueva Jersey la diversidad y riqueza cultural de la Rep\u00fablica Dominicana.<\/p>\n\n\n\n<p class=\"wp-block-paragraph\">En el encuentro tambi\u00e9n se puso especial atenci\u00f3n al reconocimiento de dominicanos que han sobresalido en diferentes \u00e1reas, como el servicio p\u00fablico, los negocios, la educaci\u00f3n, las profesiones, las artes, la cultura y el trabajo comunitario, como ejemplos para las generaciones que vienen detr\u00e1s.<\/p>\n\n\n\n<figure class=\"wp-block-image size-full\"><img decoding=\"async\" src=\"https:\/\/ecodelpueblo.com\/wp-content\/uploads\/2026\/09\/WhatsApp-Image-2026-09-03-at-10.34.48-PM-23.jpeg\" alt=\"\" class=\"wp-image-28810\"\/><\/figure>\n\n\n\n<p class=\"wp-block-paragraph\">Representantes de los sectores presentes coincidieron en la importancia de mantener espacios de integraci\u00f3n y participaci\u00f3n que permitan fortalecer la presencia dominicana en Nueva Jersey, mientras representantes consulares resaltaron la necesidad de continuar estrechando los v\u00ednculos entre las instituciones dominicanas y la comunidad residente en el exterior.<\/p>\n\n\n\n<p class=\"wp-block-paragraph\">Mantilla extendi\u00f3 una invitaci\u00f3n a empresarios, profesionales, organizaciones culturales y comunitarias, j\u00f3venes y familias para integrarse a las actividades oficiales del desfile, bajo una visi\u00f3n de participaci\u00f3n amplia que coloque a la comunidad dominicana como protagonista de la celebraci\u00f3n.<\/p>\n\n\n\n<p class=\"wp-block-paragraph\">La presidenta y el equipo organizador tambi\u00e9n reconocieron el papel de los medios de comunicaci\u00f3n en la difusi\u00f3n de las actividades de la comunidad dominicana y agradecieron a los periodistas que participaron en el encuentro, considerado un espacio para fortalecer la comunicaci\u00f3n entre la organizaci\u00f3n y la prensa.<\/p>\n\n\n\n<p class=\"wp-block-paragraph\">Con esta convocatoria, el Desfile Estatal Dominicano de New Jersey avanza en la organizaci\u00f3n de una celebraci\u00f3n que busca reunir a miles de dominicanos alrededor de sus ra\u00edces, exaltar sus aportes y proyectar ante el estado de Nueva Jersey un mensaje de identidad, orgullo y unidad comunitaria. Los organizadores informaron que pr\u00f3ximamente dar\u00e1n a conocer nuevos detalles sobre el calendario, participantes y reconocimientos que formar\u00e1n parte de esta gran jornada dominicana.<\/p>\n\n\n\n<figure class=\"wp-block-image size-full\"><img decoding=\"async\" src=\"https:\/\/ecodelpueblo.com\/wp-content\/uploads\/2026\/09\/WhatsApp-Image-2026-09-03-at-10.34.48-PM-15.jpeg\" alt=\"\" class=\"wp-image-28819\"\/><\/figure>\n\n\n\n<figure class=\"wp-block-image size-full\"><img decoding=\"async\" src=\"https:\/\/ecodelpueblo.com\/wp-content\/uploads\/2026\/09\/WhatsApp-Image-2026-09-03-at-10.34.48-PM-3.jpeg\" alt=\"\" class=\"wp-image-28813\"\/><\/figure>\n\n\n\n<figure class=\"wp-block-image size-full\"><img decoding=\"async\" src=\"https:\/\/ecodelpueblo.com\/wp-content\/uploads\/2026\/09\/WhatsApp-Image-2026-09-03-at-10.34.48-PM-5.jpeg\" alt=\"\" class=\"wp-image-28814\"\/><\/figure>\n\n\n\n<figure class=\"wp-block-image size-full\"><img decoding=\"async\" src=\"https:\/\/ecodelpueblo.com\/wp-content\/uploads\/2026\/09\/WhatsApp-Image-2026-09-03-at-10.34.48-PM-6.jpeg\" alt=\"\" class=\"wp-image-28815\"\/><\/figure>\n\n\n\n<figure class=\"wp-block-image size-full\"><img decoding=\"async\" src=\"https:\/\/ecodelpueblo.com\/wp-content\/uploads\/2026\/09\/WhatsApp-Image-2026-09-03-at-10.34.48-PM-7.jpeg\" alt=\"\" class=\"wp-image-28816\"\/><\/figure>\n\n\n\n<figure class=\"wp-block-image size-full\"><img decoding=\"async\" src=\"https:\/\/ecodelpueblo.com\/wp-content\/uploads\/2026\/09\/WhatsApp-Image-2026-09-03-at-10.34.48-PM-21.jpeg\" alt=\"\" class=\"wp-image-28820\"\/><\/figure>\n\n\n\n<figure class=\"wp-block-image size-full\"><img decoding=\"async\" src=\"https:\/\/ecodelpueblo.com\/wp-content\/uploads\/2026\/09\/WhatsApp-Image-2026-09-03-at-10.34.48-PM-10.jpeg\" alt=\"\" class=\"wp-image-28817\"\/><\/figure>\n\n\n\n<figure class=\"wp-block-image size-full\"><img decoding=\"async\" src=\"https:\/\/ecodelpueblo.com\/wp-content\/uploads\/2026\/09\/WhatsApp-Image-2026-09-03-at-10.34.48-PM-16.jpeg\" alt=\"\"\/><\/figure>\n","protected":false},"excerpt":{"rendered":"<p>Elsa Mantilla convoca a dominicanos en Nueva Jersey y anuncia gran celebraci\u00f3n estatal Por Aquiles Rojas y Manuel Ruiz PATERSON, Nueva Jersey. \u2014 Con un llamado a la unidad de los dominicanos y a preservar las ra\u00edces culturales, la presidenta del Desfile Estatal Dominicano de New Jersey, Elsa Mantilla, encabez\u00f3 un encuentro con representantes de [&hellip;]<\/p>\n","protected":false},"author":1,"featured_media":114497,"comment_status":"open","ping_status":"closed","sticky":false,"template":"","format":"standard","meta":{"footnotes":""},"categories":[11],"tags":[],"class_list":["post-114496","post","type-post","status-publish","format-standard","has-post-thumbnail","hentry","category-politica"],"yoast_head":"<!-- This site is optimized with the Yoast SEO plugin v24.5 - https:\/\/yoast.com\/wordpress\/plugins\/seo\/ -->\n<title>Desfile Estatal Dominicano se prepara para exaltar la identidad, reconocer los aportes de la comunidad y fortalecer el v\u00ednculo con las nuevas generaciones - Romantica NY<\/title>\n<meta name=\"robots\" content=\"index, follow, max-snippet:-1, max-image-preview:large, max-video-preview:-1\" \/>\n<link rel=\"canonical\" href=\"https:\/\/romanticany.com\/?p=114496\" \/>\n<meta property=\"og:locale\" content=\"es_ES\" \/>\n<meta property=\"og:type\" content=\"article\" \/>\n<meta property=\"og:title\" content=\"Desfile Estatal Dominicano se prepara para exaltar la identidad, reconocer los aportes de la comunidad y fortalecer el v\u00ednculo con las nuevas generaciones - Romantica NY\" \/>\n<meta property=\"og:description\" content=\"Elsa Mantilla convoca a dominicanos en Nueva Jersey y anuncia gran celebraci\u00f3n estatal Por Aquiles Rojas y Manuel Ruiz PATERSON, Nueva Jersey. \u2014 Con un llamado a la unidad de los dominicanos y a preservar las ra\u00edces culturales, la presidenta del Desfile Estatal Dominicano de New Jersey, Elsa Mantilla, encabez\u00f3 un encuentro con representantes de [&hellip;]\" \/>\n<meta property=\"og:url\" content=\"https:\/\/romanticany.com\/?p=114496\" \/>\n<meta property=\"og:site_name\" content=\"Romantica NY\" \/>\n<meta property=\"article:published_time\" content=\"2026-09-04T15:40:14+00:00\" \/>\n<meta property=\"og:image\" content=\"https:\/\/romanticany.com\/wp-content\/uploads\/2026\/09\/Portada-2727272111dd.jpeg\" \/>\n\t<meta property=\"og:image:width\" content=\"1600\" \/>\n\t<meta property=\"og:image:height\" content=\"1286\" \/>\n\t<meta property=\"og:image:type\" content=\"image\/jpeg\" \/>\n<meta name=\"author\" content=\"Romantica NY\" \/>\n<meta name=\"twitter:card\" content=\"summary_large_image\" \/>\n<meta name=\"twitter:label1\" content=\"Escrito por\" \/>\n\t<meta name=\"twitter:data1\" content=\"Romantica NY\" \/>\n\t<meta name=\"twitter:label2\" content=\"Tiempo de lectura\" \/>\n\t<meta name=\"twitter:data2\" content=\"6 minutos\" \/>\n<script type=\"application\/ld+json\" class=\"yoast-schema-graph\">{\"@context\":\"https:\/\/schema.org\",\"@graph\":[{\"@type\":\"Article\",\"@id\":\"https:\/\/romanticany.com\/?p=114496#article\",\"isPartOf\":{\"@id\":\"https:\/\/romanticany.com\/?p=114496\"},\"author\":{\"name\":\"Romantica NY\",\"@id\":\"https:\/\/romanticany.com\/#\/schema\/person\/be3a3ed4b2ab0af84e4dbe5c3215474c\"},\"headline\":\"Desfile Estatal Dominicano se prepara para exaltar la identidad, reconocer los aportes de la comunidad y fortalecer el v\u00ednculo con las nuevas generaciones\",\"datePublished\":\"2026-09-04T15:40:14+00:00\",\"mainEntityOfPage\":{\"@id\":\"https:\/\/romanticany.com\/?p=114496\"},\"wordCount\":723,\"commentCount\":0,\"publisher\":{\"@id\":\"https:\/\/romanticany.com\/#organization\"},\"image\":{\"@id\":\"https:\/\/romanticany.com\/?p=114496#primaryimage\"},\"thumbnailUrl\":\"https:\/\/romanticany.com\/wp-content\/uploads\/2026\/09\/Portada-2727272111dd.jpeg\",\"articleSection\":[\"Pol\u00edtica\"],\"inLanguage\":\"es\",\"potentialAction\":[{\"@type\":\"CommentAction\",\"name\":\"Comment\",\"target\":[\"https:\/\/romanticany.com\/?p=114496#respond\"]}]},{\"@type\":\"WebPage\",\"@id\":\"https:\/\/romanticany.com\/?p=114496\",\"url\":\"https:\/\/romanticany.com\/?p=114496\",\"name\":\"Desfile Estatal Dominicano se prepara para exaltar la identidad, reconocer los aportes de la comunidad y fortalecer el v\u00ednculo con las nuevas generaciones - Romantica NY\",\"isPartOf\":{\"@id\":\"https:\/\/romanticany.com\/#website\"},\"primaryImageOfPage\":{\"@id\":\"https:\/\/romanticany.com\/?p=114496#primaryimage\"},\"image\":{\"@id\":\"https:\/\/romanticany.com\/?p=114496#primaryimage\"},\"thumbnailUrl\":\"https:\/\/romanticany.com\/wp-content\/uploads\/2026\/09\/Portada-2727272111dd.jpeg\",\"datePublished\":\"2026-09-04T15:40:14+00:00\",\"breadcrumb\":{\"@id\":\"https:\/\/romanticany.com\/?p=114496#breadcrumb\"},\"inLanguage\":\"es\",\"potentialAction\":[{\"@type\":\"ReadAction\",\"target\":[\"https:\/\/romanticany.com\/?p=114496\"]}]},{\"@type\":\"ImageObject\",\"inLanguage\":\"es\",\"@id\":\"https:\/\/romanticany.com\/?p=114496#primaryimage\",\"url\":\"https:\/\/romanticany.com\/wp-content\/uploads\/2026\/09\/Portada-2727272111dd.jpeg\",\"contentUrl\":\"https:\/\/romanticany.com\/wp-content\/uploads\/2026\/09\/Portada-2727272111dd.jpeg\",\"width\":1600,\"height\":1286},{\"@type\":\"BreadcrumbList\",\"@id\":\"https:\/\/romanticany.com\/?p=114496#breadcrumb\",\"itemListElement\":[{\"@type\":\"ListItem\",\"position\":1,\"name\":\"Portada\",\"item\":\"https:\/\/romanticany.com\/\"},{\"@type\":\"ListItem\",\"position\":2,\"name\":\"Desfile Estatal Dominicano se prepara para exaltar la identidad, reconocer los aportes de la comunidad y fortalecer el v\u00ednculo con las nuevas generaciones\"}]},{\"@type\":\"WebSite\",\"@id\":\"https:\/\/romanticany.com\/#website\",\"url\":\"https:\/\/romanticany.com\/\",\"name\":\"Romantica NY\",\"description\":\"AHORA CON SU PERIODICO DIGITAL Y LA MUSICA MAS ROMANTICA EN LA GRAN MANZANA, USA\",\"publisher\":{\"@id\":\"https:\/\/romanticany.com\/#organization\"},\"potentialAction\":[{\"@type\":\"SearchAction\",\"target\":{\"@type\":\"EntryPoint\",\"urlTemplate\":\"https:\/\/romanticany.com\/?s={search_term_string}\"},\"query-input\":{\"@type\":\"PropertyValueSpecification\",\"valueRequired\":true,\"valueName\":\"search_term_string\"}}],\"inLanguage\":\"es\"},{\"@type\":\"Organization\",\"@id\":\"https:\/\/romanticany.com\/#organization\",\"name\":\"Romantica NY\",\"url\":\"https:\/\/romanticany.com\/\",\"logo\":{\"@type\":\"ImageObject\",\"inLanguage\":\"es\",\"@id\":\"https:\/\/romanticany.com\/#\/schema\/logo\/image\/\",\"url\":\"https:\/\/romanticany.com\/wp-content\/uploads\/2025\/01\/Logo-Romantica-3.png\",\"contentUrl\":\"https:\/\/romanticany.com\/wp-content\/uploads\/2025\/01\/Logo-Romantica-3.png\",\"width\":1024,\"height\":1024,\"caption\":\"Romantica NY\"},\"image\":{\"@id\":\"https:\/\/romanticany.com\/#\/schema\/logo\/image\/\"}},{\"@type\":\"Person\",\"@id\":\"https:\/\/romanticany.com\/#\/schema\/person\/be3a3ed4b2ab0af84e4dbe5c3215474c\",\"name\":\"Romantica NY\",\"image\":{\"@type\":\"ImageObject\",\"inLanguage\":\"es\",\"@id\":\"https:\/\/romanticany.com\/#\/schema\/person\/image\/\",\"url\":\"https:\/\/romanticany.com\/wp-content\/uploads\/2025\/01\/cropped-Logo-Romantica-3-96x96.png\",\"contentUrl\":\"https:\/\/romanticany.com\/wp-content\/uploads\/2025\/01\/cropped-Logo-Romantica-3-96x96.png\",\"caption\":\"Romantica NY\"},\"sameAs\":[\"https:\/\/romanticany.com\"],\"url\":\"https:\/\/romanticany.com\/?author=1\"}]}<\/script>\n<!-- \/ Yoast SEO plugin. -->","yoast_head_json":{"title":"Desfile Estatal Dominicano se prepara para exaltar la identidad, reconocer los aportes de la comunidad y fortalecer el v\u00ednculo con las nuevas generaciones - Romantica NY","robots":{"index":"index","follow":"follow","max-snippet":"max-snippet:-1","max-image-preview":"max-image-preview:large","max-video-preview":"max-video-preview:-1"},"canonical":"https:\/\/romanticany.com\/?p=114496","og_locale":"es_ES","og_type":"article","og_title":"Desfile Estatal Dominicano se prepara para exaltar la identidad, reconocer los aportes de la comunidad y fortalecer el v\u00ednculo con las nuevas generaciones - Romantica NY","og_description":"Elsa Mantilla convoca a dominicanos en Nueva Jersey y anuncia gran celebraci\u00f3n estatal Por Aquiles Rojas y Manuel Ruiz PATERSON, Nueva Jersey. \u2014 Con un llamado a la unidad de los dominicanos y a preservar las ra\u00edces culturales, la presidenta del Desfile Estatal Dominicano de New Jersey, Elsa Mantilla, encabez\u00f3 un encuentro con representantes de [&hellip;]","og_url":"https:\/\/romanticany.com\/?p=114496","og_site_name":"Romantica NY","article_published_time":"2026-09-04T15:40:14+00:00","og_image":[{"width":1600,"height":1286,"url":"https:\/\/romanticany.com\/wp-content\/uploads\/2026\/09\/Portada-2727272111dd.jpeg","type":"image\/jpeg"}],"author":"Romantica NY","twitter_card":"summary_large_image","twitter_misc":{"Escrito por":"Romantica NY","Tiempo de lectura":"6 minutos"},"schema":{"@context":"https:\/\/schema.org","@graph":[{"@type":"Article","@id":"https:\/\/romanticany.com\/?p=114496#article","isPartOf":{"@id":"https:\/\/romanticany.com\/?p=114496"},"author":{"name":"Romantica NY","@id":"https:\/\/romanticany.com\/#\/schema\/person\/be3a3ed4b2ab0af84e4dbe5c3215474c"},"headline":"Desfile Estatal Dominicano se prepara para exaltar la identidad, reconocer los aportes de la comunidad y fortalecer el v\u00ednculo con las nuevas generaciones","datePublished":"2026-09-04T15:40:14+00:00","mainEntityOfPage":{"@id":"https:\/\/romanticany.com\/?p=114496"},"wordCount":723,"commentCount":0,"publisher":{"@id":"https:\/\/romanticany.com\/#organization"},"image":{"@id":"https:\/\/romanticany.com\/?p=114496#primaryimage"},"thumbnailUrl":"https:\/\/romanticany.com\/wp-content\/uploads\/2026\/09\/Portada-2727272111dd.jpeg","articleSection":["Pol\u00edtica"],"inLanguage":"es","potentialAction":[{"@type":"CommentAction","name":"Comment","target":["https:\/\/romanticany.com\/?p=114496#respond"]}]},{"@type":"WebPage","@id":"https:\/\/romanticany.com\/?p=114496","url":"https:\/\/romanticany.com\/?p=114496","name":"Desfile Estatal Dominicano se prepara para exaltar la identidad, reconocer los aportes de la comunidad y fortalecer el v\u00ednculo con las nuevas generaciones - Romantica NY","isPartOf":{"@id":"https:\/\/romanticany.com\/#website"},"primaryImageOfPage":{"@id":"https:\/\/romanticany.com\/?p=114496#primaryimage"},"image":{"@id":"https:\/\/romanticany.com\/?p=114496#primaryimage"},"thumbnailUrl":"https:\/\/romanticany.com\/wp-content\/uploads\/2026\/09\/Portada-2727272111dd.jpeg","datePublished":"2026-09-04T15:40:14+00:00","breadcrumb":{"@id":"https:\/\/romanticany.com\/?p=114496#breadcrumb"},"inLanguage":"es","potentialAction":[{"@type":"ReadAction","target":["https:\/\/romanticany.com\/?p=114496"]}]},{"@type":"ImageObject","inLanguage":"es","@id":"https:\/\/romanticany.com\/?p=114496#primaryimage","url":"https:\/\/romanticany.com\/wp-content\/uploads\/2026\/09\/Portada-2727272111dd.jpeg","contentUrl":"https:\/\/romanticany.com\/wp-content\/uploads\/2026\/09\/Portada-2727272111dd.jpeg","width":1600,"height":1286},{"@type":"BreadcrumbList","@id":"https:\/\/romanticany.com\/?p=114496#breadcrumb","itemListElement":[{"@type":"ListItem","position":1,"name":"Portada","item":"https:\/\/romanticany.com\/"},{"@type":"ListItem","position":2,"name":"Desfile Estatal Dominicano se prepara para exaltar la identidad, reconocer los aportes de la comunidad y fortalecer el v\u00ednculo con las nuevas generaciones"}]},{"@type":"WebSite","@id":"https:\/\/romanticany.com\/#website","url":"https:\/\/romanticany.com\/","name":"Romantica NY","description":"AHORA CON SU PERIODICO DIGITAL Y LA MUSICA MAS ROMANTICA EN LA GRAN MANZANA, USA","publisher":{"@id":"https:\/\/romanticany.com\/#organization"},"potentialAction":[{"@type":"SearchAction","target":{"@type":"EntryPoint","urlTemplate":"https:\/\/romanticany.com\/?s={search_term_string}"},"query-input":{"@type":"PropertyValueSpecification","valueRequired":true,"valueName":"search_term_string"}}],"inLanguage":"es"},{"@type":"Organization","@id":"https:\/\/romanticany.com\/#organization","name":"Romantica NY","url":"https:\/\/romanticany.com\/","logo":{"@type":"ImageObject","inLanguage":"es","@id":"https:\/\/romanticany.com\/#\/schema\/logo\/image\/","url":"https:\/\/romanticany.com\/wp-content\/uploads\/2025\/01\/Logo-Romantica-3.png","contentUrl":"https:\/\/romanticany.com\/wp-content\/uploads\/2025\/01\/Logo-Romantica-3.png","width":1024,"height":1024,"caption":"Romantica NY"},"image":{"@id":"https:\/\/romanticany.com\/#\/schema\/logo\/image\/"}},{"@type":"Person","@id":"https:\/\/romanticany.com\/#\/schema\/person\/be3a3ed4b2ab0af84e4dbe5c3215474c","name":"Romantica NY","image":{"@type":"ImageObject","inLanguage":"es","@id":"https:\/\/romanticany.com\/#\/schema\/person\/image\/","url":"https:\/\/romanticany.com\/wp-content\/uploads\/2025\/01\/cropped-Logo-Romantica-3-96x96.png","contentUrl":"https:\/\/romanticany.com\/wp-content\/uploads\/2025\/01\/cropped-Logo-Romantica-3-96x96.png","caption":"Romantica NY"},"sameAs":["https:\/\/romanticany.com"],"url":"https:\/\/romanticany.com\/?author=1"}]}},"rttpg_featured_image_url":{"full":["https:\/\/romanticany.com\/wp-content\/uploads\/2026\/09\/Portada-2727272111dd.jpeg",1600,1286,false],"landscape":["https:\/\/romanticany.com\/wp-content\/uploads\/2026\/09\/Portada-2727272111dd.jpeg",1600,1286,false],"portraits":["https:\/\/romanticany.com\/wp-content\/uploads\/2026\/09\/Portada-2727272111dd.jpeg",1600,1286,false],"thumbnail":["https:\/\/romanticany.com\/wp-content\/uploads\/2026\/09\/Portada-2727272111dd-150x150.jpeg",150,150,true],"medium":["https:\/\/romanticany.com\/wp-content\/uploads\/2026\/09\/Portada-2727272111dd-300x241.jpeg",300,241,true],"large":["https:\/\/romanticany.com\/wp-content\/uploads\/2026\/09\/Portada-2727272111dd-1024x823.jpeg",640,514,true],"1536x1536":["https:\/\/romanticany.com\/wp-content\/uploads\/2026\/09\/Portada-2727272111dd-1536x1235.jpeg",1536,1235,true],"2048x2048":["https:\/\/romanticany.com\/wp-content\/uploads\/2026\/09\/Portada-2727272111dd.jpeg",1600,1286,false]},"rttpg_author":{"display_name":"Romantica NY","author_link":"https:\/\/romanticany.com\/?author=1"},"rttpg_comment":0,"rttpg_category":"<a href=\"https:\/\/romanticany.com\/?cat=11\" rel=\"category\">Pol\u00edtica<\/a>","rttpg_excerpt":"Elsa Mantilla convoca a dominicanos en Nueva Jersey y anuncia gran celebraci\u00f3n estatal Por Aquiles Rojas y Manuel Ruiz PATERSON, Nueva Jersey. \u2014 Con un llamado a la unidad de los dominicanos y a preservar las ra\u00edces culturales, la presidenta del Desfile Estatal Dominicano de New Jersey, Elsa Mantilla, encabez\u00f3 un encuentro con representantes de&hellip;","_links":{"self":[{"href":"https:\/\/romanticany.com\/index.php?rest_route=\/wp\/v2\/posts\/114496","targetHints":{"allow":["GET"]}}],"collection":[{"href":"https:\/\/romanticany.com\/index.php?rest_route=\/wp\/v2\/posts"}],"about":[{"href":"https:\/\/romanticany.com\/index.php?rest_route=\/wp\/v2\/types\/post"}],"author":[{"embeddable":true,"href":"https:\/\/romanticany.com\/index.php?rest_route=\/wp\/v2\/users\/1"}],"replies":[{"embeddable":true,"href":"https:\/\/romanticany.com\/index.php?rest_route=%2Fwp%2Fv2%2Fcomments&post=114496"}],"version-history":[{"count":1,"href":"https:\/\/romanticany.com\/index.php?rest_route=\/wp\/v2\/posts\/114496\/revisions"}],"predecessor-version":[{"id":114498,"href":"https:\/\/romanticany.com\/index.php?rest_route=\/wp\/v2\/posts\/114496\/revisions\/114498"}],"wp:featuredmedia":[{"embeddable":true,"href":"https:\/\/romanticany.com\/index.php?rest_route=\/wp\/v2\/media\/114497"}],"wp:attachment":[{"href":"https:\/\/romanticany.com\/index.php?rest_route=%2Fwp%2Fv2%2Fmedia&parent=114496"}],"wp:term":[{"taxonomy":"category","embeddable":true,"href":"https:\/\/romanticany.com\/index.php?rest_route=%2Fwp%2Fv2%2Fcategories&post=114496"},{"taxonomy":"post_tag","embeddable":true,"href":"https:\/\/romanticany.com\/index.php?rest_route=%2Fwp%2Fv2%2Ftags&post=114496"}],"curies":[{"name":"wp","href":"https:\/\/api.w.org\/{rel}","templated":true}]}}