{"id":114529,"date":"2026-09-05T11:35:26","date_gmt":"2026-09-05T15:35:26","guid":{"rendered":"https:\/\/romanticany.com\/?p=114529"},"modified":"2026-09-05T11:35:26","modified_gmt":"2026-09-05T15:35:26","slug":"arajet-lanza-tarifas-de-4-dolares-por-trayecto-por-su-cuarto-aniversario","status":"publish","type":"post","link":"https:\/\/romanticany.com\/?p=114529","title":{"rendered":"Arajet lanza tarifas de 4 d\u00f3lares por trayecto por su cuarto aniversario"},"content":{"rendered":"\n<p class=\"wp-block-paragraph\">NUEVA YORK. \u2013 Arajet, la aerol\u00ednea bandera de Rep\u00fablica Dominicana, celebra este septiembre su cuarto aniversario con el lanzamiento de \u201cPurple Days\u201d, una promoci\u00f3n especial con la que invita a sus pasajeros a festejar cuatro a\u00f1os de operaciones aprovechando tarifas promocionales para viajar a destinos internacionales de toda su red.<\/p>\n\n\n\n<p class=\"wp-block-paragraph\">La promoci\u00f3n estar\u00e1 disponible desde el 1 hasta el 15 de septiembre de 2026, periodo durante el cual los viajeros podr\u00e1n adquirir boletos con tarifas base promocionales desde US$4 en los distintos mercados donde opera la aerol\u00ednea. Para los vuelos desde S\u00e3o Paulo (GRU), las tarifas base estar\u00e1n disponibles desde US$44.<\/p>\n\n\n\n<p class=\"wp-block-paragraph\">El periodo de viaje de Purple Days se extender\u00e1 desde el 14 de septiembre de 2026 hasta el 31 de marzo de 2027, ofreciendo a los pasajeros la oportunidad de planificar sus pr\u00f3ximas vacaciones, escapadas o viajes con anticipaci\u00f3n.<\/p>\n\n\n\n<figure class=\"wp-block-image size-large\"><img decoding=\"async\" src=\"https:\/\/ecodelpueblo.com\/wp-content\/uploads\/2026\/09\/WhatsApp-Image-2026-09-04-at-2.45.54-PM-1-768x1024-1.jpeg\" alt=\"\" class=\"wp-image-28860\"\/><\/figure>\n\n\n\n<p class=\"wp-block-paragraph\">La promoci\u00f3n estar\u00e1 disponible en las clases tarifarias Basic, Classic, Comfort y Extra y aplicar\u00e1 a vuelos internacionales en todos los mercados de Arajet. Las tarifas promocionales no incluyen impuestos, tasas ni cargos de transporte, var\u00edan seg\u00fan la clase tarifaria y est\u00e1n sujetas a disponibilidad en una cantidad limitada de asientos.<\/p>\n\n\n\n<p class=\"wp-block-paragraph\">\u201cEstamos en nuestro mes aniversario, y queremos compartir este momento con quienes han sido parte fundamental de nuestro crecimiento: nuestros pasajeros. Con Purple Days queremos agradecer su confianza ofreci\u00e9ndoles nuevas oportunidades para viajar, descubrir destinos y mantenerse conectados a trav\u00e9s de nuestra red, mientras continuamos trabajando para hacer que volar por las Am\u00e9ricas sea cada vez m\u00e1s accesible\u201d, expres\u00f3 V\u00edctor Pacheco, CEO y fundador de Arajet.<\/p>\n\n\n\n<p class=\"wp-block-paragraph\">Con Purple Days, Arajet da inicio a la celebraci\u00f3n de sus cuatro a\u00f1os de operaciones, reafirmando su compromiso de continuar ampliando las oportunidades de viaje y fortaleciendo la conectividad entre los diferentes destinos que forman parte de su red.<\/p>\n\n\n\n<p class=\"wp-block-paragraph\"><em><strong>Sobre Arajet<\/strong><\/em><\/p>\n\n\n\n<p class=\"wp-block-paragraph\">Arajet es la aerol\u00ednea bandera de la Rep\u00fablica Dominicana. Reconocida como la Mejor Nueva Aerol\u00ednea del Mundo en 2023 durante el World Aviation Summit, inici\u00f3 operaciones en 2022 y opera desde sus dos bases en el Aeropuerto Internacional Las Am\u00e9ricas, en Santo Domingo, y el Aeropuerto Internacional de Punta Cana. Con una moderna flota de aeronaves Boeing 737 MAX, la aerol\u00ednea ofrece viajes seguros y econ\u00f3micos hacia diversos destinos en Am\u00e9rica del Norte, Central y del Sur, y el Caribe.<\/p>\n\n\n\n<p class=\"wp-block-paragraph\"><strong>Para m\u00e1s informaci\u00f3n, visite www.arajet.com.<\/strong><\/p>\n\n\n\n<p class=\"wp-block-paragraph\"><\/p>\n","protected":false},"excerpt":{"rendered":"<p>NUEVA YORK. \u2013 Arajet, la aerol\u00ednea bandera de Rep\u00fablica Dominicana, celebra este septiembre su cuarto aniversario con el lanzamiento de \u201cPurple Days\u201d, una promoci\u00f3n especial con la que invita a sus pasajeros a festejar cuatro a\u00f1os de operaciones aprovechando tarifas promocionales para viajar a destinos internacionales de toda su red. La promoci\u00f3n estar\u00e1 disponible desde [&hellip;]<\/p>\n","protected":false},"author":1,"featured_media":114530,"comment_status":"open","ping_status":"closed","sticky":false,"template":"","format":"standard","meta":{"footnotes":""},"categories":[17],"tags":[],"class_list":["post-114529","post","type-post","status-publish","format-standard","has-post-thumbnail","hentry","category-turismo"],"yoast_head":"<!-- This site is optimized with the Yoast SEO plugin v24.5 - https:\/\/yoast.com\/wordpress\/plugins\/seo\/ -->\n<title>Arajet lanza tarifas de 4 d\u00f3lares por trayecto por su cuarto aniversario - Romantica NY<\/title>\n<meta name=\"robots\" content=\"index, follow, max-snippet:-1, max-image-preview:large, max-video-preview:-1\" \/>\n<link rel=\"canonical\" href=\"https:\/\/romanticany.com\/?p=114529\" \/>\n<meta property=\"og:locale\" content=\"es_ES\" \/>\n<meta property=\"og:type\" content=\"article\" \/>\n<meta property=\"og:title\" content=\"Arajet lanza tarifas de 4 d\u00f3lares por trayecto por su cuarto aniversario - Romantica NY\" \/>\n<meta property=\"og:description\" content=\"NUEVA YORK. \u2013 Arajet, la aerol\u00ednea bandera de Rep\u00fablica Dominicana, celebra este septiembre su cuarto aniversario con el lanzamiento de \u201cPurple Days\u201d, una promoci\u00f3n especial con la que invita a sus pasajeros a festejar cuatro a\u00f1os de operaciones aprovechando tarifas promocionales para viajar a destinos internacionales de toda su red. La promoci\u00f3n estar\u00e1 disponible desde [&hellip;]\" \/>\n<meta property=\"og:url\" content=\"https:\/\/romanticany.com\/?p=114529\" \/>\n<meta property=\"og:site_name\" content=\"Romantica NY\" \/>\n<meta property=\"article:published_time\" content=\"2026-09-05T15:35:26+00:00\" \/>\n<meta property=\"og:image\" content=\"https:\/\/romanticany.com\/wp-content\/uploads\/2026\/09\/WhatsApp-Image-2026-09-04-at-2.45.54-PM.jpeg\" \/>\n\t<meta property=\"og:image:width\" content=\"1200\" \/>\n\t<meta property=\"og:image:height\" content=\"1600\" \/>\n\t<meta property=\"og:image:type\" content=\"image\/jpeg\" \/>\n<meta name=\"author\" content=\"Romantica NY\" \/>\n<meta name=\"twitter:card\" content=\"summary_large_image\" \/>\n<meta name=\"twitter:label1\" content=\"Escrito por\" \/>\n\t<meta name=\"twitter:data1\" content=\"Romantica NY\" \/>\n\t<meta name=\"twitter:label2\" content=\"Tiempo de lectura\" \/>\n\t<meta name=\"twitter:data2\" content=\"3 minutos\" \/>\n<script type=\"application\/ld+json\" class=\"yoast-schema-graph\">{\"@context\":\"https:\/\/schema.org\",\"@graph\":[{\"@type\":\"Article\",\"@id\":\"https:\/\/romanticany.com\/?p=114529#article\",\"isPartOf\":{\"@id\":\"https:\/\/romanticany.com\/?p=114529\"},\"author\":{\"name\":\"Romantica NY\",\"@id\":\"https:\/\/romanticany.com\/#\/schema\/person\/be3a3ed4b2ab0af84e4dbe5c3215474c\"},\"headline\":\"Arajet lanza tarifas de 4 d\u00f3lares por trayecto por su cuarto aniversario\",\"datePublished\":\"2026-09-05T15:35:26+00:00\",\"mainEntityOfPage\":{\"@id\":\"https:\/\/romanticany.com\/?p=114529\"},\"wordCount\":417,\"commentCount\":0,\"publisher\":{\"@id\":\"https:\/\/romanticany.com\/#organization\"},\"image\":{\"@id\":\"https:\/\/romanticany.com\/?p=114529#primaryimage\"},\"thumbnailUrl\":\"https:\/\/romanticany.com\/wp-content\/uploads\/2026\/09\/WhatsApp-Image-2026-09-04-at-2.45.54-PM.jpeg\",\"articleSection\":[\"Turismo\"],\"inLanguage\":\"es\",\"potentialAction\":[{\"@type\":\"CommentAction\",\"name\":\"Comment\",\"target\":[\"https:\/\/romanticany.com\/?p=114529#respond\"]}]},{\"@type\":\"WebPage\",\"@id\":\"https:\/\/romanticany.com\/?p=114529\",\"url\":\"https:\/\/romanticany.com\/?p=114529\",\"name\":\"Arajet lanza tarifas de 4 d\u00f3lares por trayecto por su cuarto aniversario - Romantica NY\",\"isPartOf\":{\"@id\":\"https:\/\/romanticany.com\/#website\"},\"primaryImageOfPage\":{\"@id\":\"https:\/\/romanticany.com\/?p=114529#primaryimage\"},\"image\":{\"@id\":\"https:\/\/romanticany.com\/?p=114529#primaryimage\"},\"thumbnailUrl\":\"https:\/\/romanticany.com\/wp-content\/uploads\/2026\/09\/WhatsApp-Image-2026-09-04-at-2.45.54-PM.jpeg\",\"datePublished\":\"2026-09-05T15:35:26+00:00\",\"breadcrumb\":{\"@id\":\"https:\/\/romanticany.com\/?p=114529#breadcrumb\"},\"inLanguage\":\"es\",\"potentialAction\":[{\"@type\":\"ReadAction\",\"target\":[\"https:\/\/romanticany.com\/?p=114529\"]}]},{\"@type\":\"ImageObject\",\"inLanguage\":\"es\",\"@id\":\"https:\/\/romanticany.com\/?p=114529#primaryimage\",\"url\":\"https:\/\/romanticany.com\/wp-content\/uploads\/2026\/09\/WhatsApp-Image-2026-09-04-at-2.45.54-PM.jpeg\",\"contentUrl\":\"https:\/\/romanticany.com\/wp-content\/uploads\/2026\/09\/WhatsApp-Image-2026-09-04-at-2.45.54-PM.jpeg\",\"width\":1200,\"height\":1600},{\"@type\":\"BreadcrumbList\",\"@id\":\"https:\/\/romanticany.com\/?p=114529#breadcrumb\",\"itemListElement\":[{\"@type\":\"ListItem\",\"position\":1,\"name\":\"Portada\",\"item\":\"https:\/\/romanticany.com\/\"},{\"@type\":\"ListItem\",\"position\":2,\"name\":\"Arajet lanza tarifas de 4 d\u00f3lares por trayecto por su cuarto aniversario\"}]},{\"@type\":\"WebSite\",\"@id\":\"https:\/\/romanticany.com\/#website\",\"url\":\"https:\/\/romanticany.com\/\",\"name\":\"Romantica NY\",\"description\":\"AHORA CON SU PERIODICO DIGITAL Y LA MUSICA MAS ROMANTICA EN LA GRAN MANZANA, USA\",\"publisher\":{\"@id\":\"https:\/\/romanticany.com\/#organization\"},\"potentialAction\":[{\"@type\":\"SearchAction\",\"target\":{\"@type\":\"EntryPoint\",\"urlTemplate\":\"https:\/\/romanticany.com\/?s={search_term_string}\"},\"query-input\":{\"@type\":\"PropertyValueSpecification\",\"valueRequired\":true,\"valueName\":\"search_term_string\"}}],\"inLanguage\":\"es\"},{\"@type\":\"Organization\",\"@id\":\"https:\/\/romanticany.com\/#organization\",\"name\":\"Romantica NY\",\"url\":\"https:\/\/romanticany.com\/\",\"logo\":{\"@type\":\"ImageObject\",\"inLanguage\":\"es\",\"@id\":\"https:\/\/romanticany.com\/#\/schema\/logo\/image\/\",\"url\":\"https:\/\/romanticany.com\/wp-content\/uploads\/2025\/01\/Logo-Romantica-3.png\",\"contentUrl\":\"https:\/\/romanticany.com\/wp-content\/uploads\/2025\/01\/Logo-Romantica-3.png\",\"width\":1024,\"height\":1024,\"caption\":\"Romantica NY\"},\"image\":{\"@id\":\"https:\/\/romanticany.com\/#\/schema\/logo\/image\/\"}},{\"@type\":\"Person\",\"@id\":\"https:\/\/romanticany.com\/#\/schema\/person\/be3a3ed4b2ab0af84e4dbe5c3215474c\",\"name\":\"Romantica NY\",\"image\":{\"@type\":\"ImageObject\",\"inLanguage\":\"es\",\"@id\":\"https:\/\/romanticany.com\/#\/schema\/person\/image\/\",\"url\":\"https:\/\/romanticany.com\/wp-content\/uploads\/2025\/01\/cropped-Logo-Romantica-3-96x96.png\",\"contentUrl\":\"https:\/\/romanticany.com\/wp-content\/uploads\/2025\/01\/cropped-Logo-Romantica-3-96x96.png\",\"caption\":\"Romantica NY\"},\"sameAs\":[\"https:\/\/romanticany.com\"],\"url\":\"https:\/\/romanticany.com\/?author=1\"}]}<\/script>\n<!-- \/ Yoast SEO plugin. -->","yoast_head_json":{"title":"Arajet lanza tarifas de 4 d\u00f3lares por trayecto por su cuarto aniversario - Romantica NY","robots":{"index":"index","follow":"follow","max-snippet":"max-snippet:-1","max-image-preview":"max-image-preview:large","max-video-preview":"max-video-preview:-1"},"canonical":"https:\/\/romanticany.com\/?p=114529","og_locale":"es_ES","og_type":"article","og_title":"Arajet lanza tarifas de 4 d\u00f3lares por trayecto por su cuarto aniversario - Romantica NY","og_description":"NUEVA YORK. \u2013 Arajet, la aerol\u00ednea bandera de Rep\u00fablica Dominicana, celebra este septiembre su cuarto aniversario con el lanzamiento de \u201cPurple Days\u201d, una promoci\u00f3n especial con la que invita a sus pasajeros a festejar cuatro a\u00f1os de operaciones aprovechando tarifas promocionales para viajar a destinos internacionales de toda su red. La promoci\u00f3n estar\u00e1 disponible desde [&hellip;]","og_url":"https:\/\/romanticany.com\/?p=114529","og_site_name":"Romantica NY","article_published_time":"2026-09-05T15:35:26+00:00","og_image":[{"width":1200,"height":1600,"url":"https:\/\/romanticany.com\/wp-content\/uploads\/2026\/09\/WhatsApp-Image-2026-09-04-at-2.45.54-PM.jpeg","type":"image\/jpeg"}],"author":"Romantica NY","twitter_card":"summary_large_image","twitter_misc":{"Escrito por":"Romantica NY","Tiempo de lectura":"3 minutos"},"schema":{"@context":"https:\/\/schema.org","@graph":[{"@type":"Article","@id":"https:\/\/romanticany.com\/?p=114529#article","isPartOf":{"@id":"https:\/\/romanticany.com\/?p=114529"},"author":{"name":"Romantica NY","@id":"https:\/\/romanticany.com\/#\/schema\/person\/be3a3ed4b2ab0af84e4dbe5c3215474c"},"headline":"Arajet lanza tarifas de 4 d\u00f3lares por trayecto por su cuarto aniversario","datePublished":"2026-09-05T15:35:26+00:00","mainEntityOfPage":{"@id":"https:\/\/romanticany.com\/?p=114529"},"wordCount":417,"commentCount":0,"publisher":{"@id":"https:\/\/romanticany.com\/#organization"},"image":{"@id":"https:\/\/romanticany.com\/?p=114529#primaryimage"},"thumbnailUrl":"https:\/\/romanticany.com\/wp-content\/uploads\/2026\/09\/WhatsApp-Image-2026-09-04-at-2.45.54-PM.jpeg","articleSection":["Turismo"],"inLanguage":"es","potentialAction":[{"@type":"CommentAction","name":"Comment","target":["https:\/\/romanticany.com\/?p=114529#respond"]}]},{"@type":"WebPage","@id":"https:\/\/romanticany.com\/?p=114529","url":"https:\/\/romanticany.com\/?p=114529","name":"Arajet lanza tarifas de 4 d\u00f3lares por trayecto por su cuarto aniversario - Romantica NY","isPartOf":{"@id":"https:\/\/romanticany.com\/#website"},"primaryImageOfPage":{"@id":"https:\/\/romanticany.com\/?p=114529#primaryimage"},"image":{"@id":"https:\/\/romanticany.com\/?p=114529#primaryimage"},"thumbnailUrl":"https:\/\/romanticany.com\/wp-content\/uploads\/2026\/09\/WhatsApp-Image-2026-09-04-at-2.45.54-PM.jpeg","datePublished":"2026-09-05T15:35:26+00:00","breadcrumb":{"@id":"https:\/\/romanticany.com\/?p=114529#breadcrumb"},"inLanguage":"es","potentialAction":[{"@type":"ReadAction","target":["https:\/\/romanticany.com\/?p=114529"]}]},{"@type":"ImageObject","inLanguage":"es","@id":"https:\/\/romanticany.com\/?p=114529#primaryimage","url":"https:\/\/romanticany.com\/wp-content\/uploads\/2026\/09\/WhatsApp-Image-2026-09-04-at-2.45.54-PM.jpeg","contentUrl":"https:\/\/romanticany.com\/wp-content\/uploads\/2026\/09\/WhatsApp-Image-2026-09-04-at-2.45.54-PM.jpeg","width":1200,"height":1600},{"@type":"BreadcrumbList","@id":"https:\/\/romanticany.com\/?p=114529#breadcrumb","itemListElement":[{"@type":"ListItem","position":1,"name":"Portada","item":"https:\/\/romanticany.com\/"},{"@type":"ListItem","position":2,"name":"Arajet lanza tarifas de 4 d\u00f3lares por trayecto por su cuarto aniversario"}]},{"@type":"WebSite","@id":"https:\/\/romanticany.com\/#website","url":"https:\/\/romanticany.com\/","name":"Romantica NY","description":"AHORA CON SU PERIODICO DIGITAL Y LA MUSICA MAS ROMANTICA EN LA GRAN MANZANA, USA","publisher":{"@id":"https:\/\/romanticany.com\/#organization"},"potentialAction":[{"@type":"SearchAction","target":{"@type":"EntryPoint","urlTemplate":"https:\/\/romanticany.com\/?s={search_term_string}"},"query-input":{"@type":"PropertyValueSpecification","valueRequired":true,"valueName":"search_term_string"}}],"inLanguage":"es"},{"@type":"Organization","@id":"https:\/\/romanticany.com\/#organization","name":"Romantica NY","url":"https:\/\/romanticany.com\/","logo":{"@type":"ImageObject","inLanguage":"es","@id":"https:\/\/romanticany.com\/#\/schema\/logo\/image\/","url":"https:\/\/romanticany.com\/wp-content\/uploads\/2025\/01\/Logo-Romantica-3.png","contentUrl":"https:\/\/romanticany.com\/wp-content\/uploads\/2025\/01\/Logo-Romantica-3.png","width":1024,"height":1024,"caption":"Romantica NY"},"image":{"@id":"https:\/\/romanticany.com\/#\/schema\/logo\/image\/"}},{"@type":"Person","@id":"https:\/\/romanticany.com\/#\/schema\/person\/be3a3ed4b2ab0af84e4dbe5c3215474c","name":"Romantica NY","image":{"@type":"ImageObject","inLanguage":"es","@id":"https:\/\/romanticany.com\/#\/schema\/person\/image\/","url":"https:\/\/romanticany.com\/wp-content\/uploads\/2025\/01\/cropped-Logo-Romantica-3-96x96.png","contentUrl":"https:\/\/romanticany.com\/wp-content\/uploads\/2025\/01\/cropped-Logo-Romantica-3-96x96.png","caption":"Romantica NY"},"sameAs":["https:\/\/romanticany.com"],"url":"https:\/\/romanticany.com\/?author=1"}]}},"rttpg_featured_image_url":{"full":["https:\/\/romanticany.com\/wp-content\/uploads\/2026\/09\/WhatsApp-Image-2026-09-04-at-2.45.54-PM.jpeg",1200,1600,false],"landscape":["https:\/\/romanticany.com\/wp-content\/uploads\/2026\/09\/WhatsApp-Image-2026-09-04-at-2.45.54-PM.jpeg",1200,1600,false],"portraits":["https:\/\/romanticany.com\/wp-content\/uploads\/2026\/09\/WhatsApp-Image-2026-09-04-at-2.45.54-PM.jpeg",1200,1600,false],"thumbnail":["https:\/\/romanticany.com\/wp-content\/uploads\/2026\/09\/WhatsApp-Image-2026-09-04-at-2.45.54-PM-150x150.jpeg",150,150,true],"medium":["https:\/\/romanticany.com\/wp-content\/uploads\/2026\/09\/WhatsApp-Image-2026-09-04-at-2.45.54-PM-225x300.jpeg",225,300,true],"large":["https:\/\/romanticany.com\/wp-content\/uploads\/2026\/09\/WhatsApp-Image-2026-09-04-at-2.45.54-PM-768x1024.jpeg",640,853,true],"1536x1536":["https:\/\/romanticany.com\/wp-content\/uploads\/2026\/09\/WhatsApp-Image-2026-09-04-at-2.45.54-PM-1152x1536.jpeg",1152,1536,true],"2048x2048":["https:\/\/romanticany.com\/wp-content\/uploads\/2026\/09\/WhatsApp-Image-2026-09-04-at-2.45.54-PM.jpeg",1200,1600,false]},"rttpg_author":{"display_name":"Romantica NY","author_link":"https:\/\/romanticany.com\/?author=1"},"rttpg_comment":0,"rttpg_category":"<a href=\"https:\/\/romanticany.com\/?cat=17\" rel=\"category\">Turismo<\/a>","rttpg_excerpt":"NUEVA YORK. \u2013 Arajet, la aerol\u00ednea bandera de Rep\u00fablica Dominicana, celebra este septiembre su cuarto aniversario con el lanzamiento de \u201cPurple Days\u201d, una promoci\u00f3n especial con la que invita a sus pasajeros a festejar cuatro a\u00f1os de operaciones aprovechando tarifas promocionales para viajar a destinos internacionales de toda su red. La promoci\u00f3n estar\u00e1 disponible desde&hellip;","_links":{"self":[{"href":"https:\/\/romanticany.com\/index.php?rest_route=\/wp\/v2\/posts\/114529","targetHints":{"allow":["GET"]}}],"collection":[{"href":"https:\/\/romanticany.com\/index.php?rest_route=\/wp\/v2\/posts"}],"about":[{"href":"https:\/\/romanticany.com\/index.php?rest_route=\/wp\/v2\/types\/post"}],"author":[{"embeddable":true,"href":"https:\/\/romanticany.com\/index.php?rest_route=\/wp\/v2\/users\/1"}],"replies":[{"embeddable":true,"href":"https:\/\/romanticany.com\/index.php?rest_route=%2Fwp%2Fv2%2Fcomments&post=114529"}],"version-history":[{"count":1,"href":"https:\/\/romanticany.com\/index.php?rest_route=\/wp\/v2\/posts\/114529\/revisions"}],"predecessor-version":[{"id":114531,"href":"https:\/\/romanticany.com\/index.php?rest_route=\/wp\/v2\/posts\/114529\/revisions\/114531"}],"wp:featuredmedia":[{"embeddable":true,"href":"https:\/\/romanticany.com\/index.php?rest_route=\/wp\/v2\/media\/114530"}],"wp:attachment":[{"href":"https:\/\/romanticany.com\/index.php?rest_route=%2Fwp%2Fv2%2Fmedia&parent=114529"}],"wp:term":[{"taxonomy":"category","embeddable":true,"href":"https:\/\/romanticany.com\/index.php?rest_route=%2Fwp%2Fv2%2Fcategories&post=114529"},{"taxonomy":"post_tag","embeddable":true,"href":"https:\/\/romanticany.com\/index.php?rest_route=%2Fwp%2Fv2%2Ftags&post=114529"}],"curies":[{"name":"wp","href":"https:\/\/api.w.org\/{rel}","templated":true}]}}