{"id":72094,"date":"2025-02-04T15:35:20","date_gmt":"2025-02-04T15:35:20","guid":{"rendered":"https:\/\/romanticany.com\/?p=72094"},"modified":"2025-02-04T15:35:22","modified_gmt":"2025-02-04T15:35:22","slug":"rd-el-festival-de-cine-global-da-inicio-a-su-17ma-edicion-en-gala-de-inauguracion","status":"publish","type":"post","link":"https:\/\/romanticany.com\/?p=72094","title":{"rendered":"RD: El Festival de Cine Global da inicio a su 17ma edici\u00f3n en gala de inauguraci\u00f3n"},"content":{"rendered":"\n<p>\u201cLa Luz que Imaginamos\u201d es una pel\u00edcula dirigida por Ankur Arun Kakatkar y protagonizada por Ramesh Yanthra y Maisam Ali. La trama sigue a dos hermanas en India que buscan escapar de las restricciones sociales y culturales que enfrentan.<\/p>\n\n\n\n<p>Sinopsis de la Pel\u00edcula<\/p>\n\n\n\n<p>La pel\u00edcula se desarrolla en Mumbai y cuenta la historia de dos hermanas que sue\u00f1an con una vida diferente. La mayor, interpretada por Maisam Ali, es una joven rebelde que desaf\u00eda las normas sociales y culturales que la oprimen. La menor, interpretada por Ramesh Yanthra, es una joven t\u00edmida que teme las consecuencias de sus acciones.<\/p>\n\n\n\n<p>Desaf\u00edos y Libertad<\/p>\n\n\n\n<p>A lo largo de la pel\u00edcula, las hermanas enfrentan diversos desaf\u00edos que ponen a prueba su determinaci\u00f3n y valent\u00eda. La mayor, con su esp\u00edritu rebelde, lucha por la libertad y la igualdad, mientras que la menor, m\u00e1s cautelosa, teme las repercusiones de sus acciones.<\/p>\n\n\n\n<p>Reparto y Reconocimientos<\/p>\n\n\n\n<p>\u201cLa Luz que Imaginamos\u201d ha sido nominada a varios premios en festivales internacionales, incluyendo el Gran Premio del Jurado en Cannes, donde fue nominada a Mejor Director (Ankur Arun Kakatkar) y Mejor Pel\u00edcula Extranjera. Adem\u00e1s, ha sido seleccionada para ser proyectada en el Festival de San Sebasti\u00e1n y en el C\u00edrculo de Cr\u00edticos de Nueva York (Nyfcc).<\/p>\n\n\n\n<p>Impacto y Recepci\u00f3n<\/p>\n\n\n\n<p>La pel\u00edcula ha recibido elogios de la cr\u00edtica por su enfoque en la libertad y la represi\u00f3n, as\u00ed como por las actuaciones destacadas de sus protagonistas. Los espectadores han elogiado la direcci\u00f3n y la interpretaci\u00f3n de los personajes, destacando la importancia de la tem\u00e1tica y la relevancia de la historia.<\/p>\n\n\n\n<p>Conclusi\u00f3n<\/p>\n\n\n\n<p>\u201cLa Luz que Imaginamos\u201d es una pel\u00edcula que invita a la reflexi\u00f3n sobre la libertad y la represi\u00f3n, y c\u00f3mo estas fuerzas pueden afectar la vida de las personas. A trav\u00e9s de la historia de dos hermanas en busca de una vida mejor, la pel\u00edcula ofrece una mirada profunda y conmovedora sobre la lucha por la libertad y la igualdad.<\/p>\n","protected":false},"excerpt":{"rendered":"<p>\u201cLa Luz que Imaginamos\u201d es una pel\u00edcula dirigida por Ankur Arun Kakatkar y protagonizada por Ramesh Yanthra y Maisam Ali. La trama sigue a dos hermanas en India que buscan escapar de las restricciones sociales y culturales que enfrentan. Sinopsis de la Pel\u00edcula La pel\u00edcula se desarrolla en Mumbai y cuenta la historia de dos [&hellip;]<\/p>\n","protected":false},"author":1,"featured_media":72095,"comment_status":"open","ping_status":"closed","sticky":false,"template":"","format":"standard","meta":{"footnotes":""},"categories":[3],"tags":[],"class_list":["post-72094","post","type-post","status-publish","format-standard","has-post-thumbnail","hentry","category-arte-entretenimiento-y-cultura"],"yoast_head":"<!-- This site is optimized with the Yoast SEO plugin v24.5 - https:\/\/yoast.com\/wordpress\/plugins\/seo\/ -->\n<title>RD: El Festival de Cine Global da inicio a su 17ma edici\u00f3n en gala de inauguraci\u00f3n - Romantica NY<\/title>\n<meta name=\"robots\" content=\"index, follow, max-snippet:-1, max-image-preview:large, max-video-preview:-1\" \/>\n<link rel=\"canonical\" href=\"https:\/\/romanticany.com\/?p=72094\" \/>\n<meta property=\"og:locale\" content=\"es_ES\" \/>\n<meta property=\"og:type\" content=\"article\" \/>\n<meta property=\"og:title\" content=\"RD: El Festival de Cine Global da inicio a su 17ma edici\u00f3n en gala de inauguraci\u00f3n - Romantica NY\" \/>\n<meta property=\"og:description\" content=\"\u201cLa Luz que Imaginamos\u201d es una pel\u00edcula dirigida por Ankur Arun Kakatkar y protagonizada por Ramesh Yanthra y Maisam Ali. La trama sigue a dos hermanas en India que buscan escapar de las restricciones sociales y culturales que enfrentan. Sinopsis de la Pel\u00edcula La pel\u00edcula se desarrolla en Mumbai y cuenta la historia de dos [&hellip;]\" \/>\n<meta property=\"og:url\" content=\"https:\/\/romanticany.com\/?p=72094\" \/>\n<meta property=\"og:site_name\" content=\"Romantica NY\" \/>\n<meta property=\"article:published_time\" content=\"2025-02-04T15:35:20+00:00\" \/>\n<meta property=\"article:modified_time\" content=\"2025-02-04T15:35:22+00:00\" \/>\n<meta property=\"og:image\" content=\"https:\/\/romanticany.com\/wp-content\/uploads\/2025\/02\/67a0e8a557714.jpeg\" \/>\n\t<meta property=\"og:image:width\" content=\"800\" \/>\n\t<meta property=\"og:image:height\" content=\"449\" \/>\n\t<meta property=\"og:image:type\" content=\"image\/jpeg\" \/>\n<meta name=\"author\" content=\"Romantica NY\" \/>\n<meta name=\"twitter:card\" content=\"summary_large_image\" \/>\n<meta name=\"twitter:label1\" content=\"Escrito por\" \/>\n\t<meta name=\"twitter:data1\" content=\"Romantica NY\" \/>\n\t<meta name=\"twitter:label2\" content=\"Tiempo de lectura\" \/>\n\t<meta name=\"twitter:data2\" content=\"2 minutos\" \/>\n<script type=\"application\/ld+json\" class=\"yoast-schema-graph\">{\"@context\":\"https:\/\/schema.org\",\"@graph\":[{\"@type\":\"Article\",\"@id\":\"https:\/\/romanticany.com\/?p=72094#article\",\"isPartOf\":{\"@id\":\"https:\/\/romanticany.com\/?p=72094\"},\"author\":{\"name\":\"Romantica NY\",\"@id\":\"https:\/\/romanticany.com\/#\/schema\/person\/be3a3ed4b2ab0af84e4dbe5c3215474c\"},\"headline\":\"RD: El Festival de Cine Global da inicio a su 17ma edici\u00f3n en gala de inauguraci\u00f3n\",\"datePublished\":\"2025-02-04T15:35:20+00:00\",\"dateModified\":\"2025-02-04T15:35:22+00:00\",\"mainEntityOfPage\":{\"@id\":\"https:\/\/romanticany.com\/?p=72094\"},\"wordCount\":370,\"commentCount\":0,\"publisher\":{\"@id\":\"https:\/\/romanticany.com\/#organization\"},\"image\":{\"@id\":\"https:\/\/romanticany.com\/?p=72094#primaryimage\"},\"thumbnailUrl\":\"https:\/\/romanticany.com\/wp-content\/uploads\/2025\/02\/67a0e8a557714.jpeg\",\"articleSection\":[\"Arte, Entretenimiento y Cultura\"],\"inLanguage\":\"es\",\"potentialAction\":[{\"@type\":\"CommentAction\",\"name\":\"Comment\",\"target\":[\"https:\/\/romanticany.com\/?p=72094#respond\"]}]},{\"@type\":\"WebPage\",\"@id\":\"https:\/\/romanticany.com\/?p=72094\",\"url\":\"https:\/\/romanticany.com\/?p=72094\",\"name\":\"RD: El Festival de Cine Global da inicio a su 17ma edici\u00f3n en gala de inauguraci\u00f3n - Romantica NY\",\"isPartOf\":{\"@id\":\"https:\/\/romanticany.com\/#website\"},\"primaryImageOfPage\":{\"@id\":\"https:\/\/romanticany.com\/?p=72094#primaryimage\"},\"image\":{\"@id\":\"https:\/\/romanticany.com\/?p=72094#primaryimage\"},\"thumbnailUrl\":\"https:\/\/romanticany.com\/wp-content\/uploads\/2025\/02\/67a0e8a557714.jpeg\",\"datePublished\":\"2025-02-04T15:35:20+00:00\",\"dateModified\":\"2025-02-04T15:35:22+00:00\",\"breadcrumb\":{\"@id\":\"https:\/\/romanticany.com\/?p=72094#breadcrumb\"},\"inLanguage\":\"es\",\"potentialAction\":[{\"@type\":\"ReadAction\",\"target\":[\"https:\/\/romanticany.com\/?p=72094\"]}]},{\"@type\":\"ImageObject\",\"inLanguage\":\"es\",\"@id\":\"https:\/\/romanticany.com\/?p=72094#primaryimage\",\"url\":\"https:\/\/romanticany.com\/wp-content\/uploads\/2025\/02\/67a0e8a557714.jpeg\",\"contentUrl\":\"https:\/\/romanticany.com\/wp-content\/uploads\/2025\/02\/67a0e8a557714.jpeg\",\"width\":800,\"height\":449},{\"@type\":\"BreadcrumbList\",\"@id\":\"https:\/\/romanticany.com\/?p=72094#breadcrumb\",\"itemListElement\":[{\"@type\":\"ListItem\",\"position\":1,\"name\":\"Portada\",\"item\":\"https:\/\/romanticany.com\/\"},{\"@type\":\"ListItem\",\"position\":2,\"name\":\"RD: El Festival de Cine Global da inicio a su 17ma edici\u00f3n en gala de inauguraci\u00f3n\"}]},{\"@type\":\"WebSite\",\"@id\":\"https:\/\/romanticany.com\/#website\",\"url\":\"https:\/\/romanticany.com\/\",\"name\":\"Romantica NY\",\"description\":\"AHORA CON SU PERIODICO DIGITAL Y LA MUSICA MAS ROMANTICA EN LA GRAN MANZANA, USA\",\"publisher\":{\"@id\":\"https:\/\/romanticany.com\/#organization\"},\"potentialAction\":[{\"@type\":\"SearchAction\",\"target\":{\"@type\":\"EntryPoint\",\"urlTemplate\":\"https:\/\/romanticany.com\/?s={search_term_string}\"},\"query-input\":{\"@type\":\"PropertyValueSpecification\",\"valueRequired\":true,\"valueName\":\"search_term_string\"}}],\"inLanguage\":\"es\"},{\"@type\":\"Organization\",\"@id\":\"https:\/\/romanticany.com\/#organization\",\"name\":\"Romantica NY\",\"url\":\"https:\/\/romanticany.com\/\",\"logo\":{\"@type\":\"ImageObject\",\"inLanguage\":\"es\",\"@id\":\"https:\/\/romanticany.com\/#\/schema\/logo\/image\/\",\"url\":\"https:\/\/romanticany.com\/wp-content\/uploads\/2025\/01\/Logo-Romantica-3.png\",\"contentUrl\":\"https:\/\/romanticany.com\/wp-content\/uploads\/2025\/01\/Logo-Romantica-3.png\",\"width\":1024,\"height\":1024,\"caption\":\"Romantica NY\"},\"image\":{\"@id\":\"https:\/\/romanticany.com\/#\/schema\/logo\/image\/\"}},{\"@type\":\"Person\",\"@id\":\"https:\/\/romanticany.com\/#\/schema\/person\/be3a3ed4b2ab0af84e4dbe5c3215474c\",\"name\":\"Romantica NY\",\"image\":{\"@type\":\"ImageObject\",\"inLanguage\":\"es\",\"@id\":\"https:\/\/romanticany.com\/#\/schema\/person\/image\/\",\"url\":\"https:\/\/romanticany.com\/wp-content\/uploads\/2025\/01\/cropped-Logo-Romantica-3-96x96.png\",\"contentUrl\":\"https:\/\/romanticany.com\/wp-content\/uploads\/2025\/01\/cropped-Logo-Romantica-3-96x96.png\",\"caption\":\"Romantica NY\"},\"sameAs\":[\"https:\/\/romanticany.com\"],\"url\":\"https:\/\/romanticany.com\/?author=1\"}]}<\/script>\n<!-- \/ Yoast SEO plugin. -->","yoast_head_json":{"title":"RD: El Festival de Cine Global da inicio a su 17ma edici\u00f3n en gala de inauguraci\u00f3n - Romantica NY","robots":{"index":"index","follow":"follow","max-snippet":"max-snippet:-1","max-image-preview":"max-image-preview:large","max-video-preview":"max-video-preview:-1"},"canonical":"https:\/\/romanticany.com\/?p=72094","og_locale":"es_ES","og_type":"article","og_title":"RD: El Festival de Cine Global da inicio a su 17ma edici\u00f3n en gala de inauguraci\u00f3n - Romantica NY","og_description":"\u201cLa Luz que Imaginamos\u201d es una pel\u00edcula dirigida por Ankur Arun Kakatkar y protagonizada por Ramesh Yanthra y Maisam Ali. La trama sigue a dos hermanas en India que buscan escapar de las restricciones sociales y culturales que enfrentan. Sinopsis de la Pel\u00edcula La pel\u00edcula se desarrolla en Mumbai y cuenta la historia de dos [&hellip;]","og_url":"https:\/\/romanticany.com\/?p=72094","og_site_name":"Romantica NY","article_published_time":"2025-02-04T15:35:20+00:00","article_modified_time":"2025-02-04T15:35:22+00:00","og_image":[{"width":800,"height":449,"url":"https:\/\/romanticany.com\/wp-content\/uploads\/2025\/02\/67a0e8a557714.jpeg","type":"image\/jpeg"}],"author":"Romantica NY","twitter_card":"summary_large_image","twitter_misc":{"Escrito por":"Romantica NY","Tiempo de lectura":"2 minutos"},"schema":{"@context":"https:\/\/schema.org","@graph":[{"@type":"Article","@id":"https:\/\/romanticany.com\/?p=72094#article","isPartOf":{"@id":"https:\/\/romanticany.com\/?p=72094"},"author":{"name":"Romantica NY","@id":"https:\/\/romanticany.com\/#\/schema\/person\/be3a3ed4b2ab0af84e4dbe5c3215474c"},"headline":"RD: El Festival de Cine Global da inicio a su 17ma edici\u00f3n en gala de inauguraci\u00f3n","datePublished":"2025-02-04T15:35:20+00:00","dateModified":"2025-02-04T15:35:22+00:00","mainEntityOfPage":{"@id":"https:\/\/romanticany.com\/?p=72094"},"wordCount":370,"commentCount":0,"publisher":{"@id":"https:\/\/romanticany.com\/#organization"},"image":{"@id":"https:\/\/romanticany.com\/?p=72094#primaryimage"},"thumbnailUrl":"https:\/\/romanticany.com\/wp-content\/uploads\/2025\/02\/67a0e8a557714.jpeg","articleSection":["Arte, Entretenimiento y Cultura"],"inLanguage":"es","potentialAction":[{"@type":"CommentAction","name":"Comment","target":["https:\/\/romanticany.com\/?p=72094#respond"]}]},{"@type":"WebPage","@id":"https:\/\/romanticany.com\/?p=72094","url":"https:\/\/romanticany.com\/?p=72094","name":"RD: El Festival de Cine Global da inicio a su 17ma edici\u00f3n en gala de inauguraci\u00f3n - Romantica NY","isPartOf":{"@id":"https:\/\/romanticany.com\/#website"},"primaryImageOfPage":{"@id":"https:\/\/romanticany.com\/?p=72094#primaryimage"},"image":{"@id":"https:\/\/romanticany.com\/?p=72094#primaryimage"},"thumbnailUrl":"https:\/\/romanticany.com\/wp-content\/uploads\/2025\/02\/67a0e8a557714.jpeg","datePublished":"2025-02-04T15:35:20+00:00","dateModified":"2025-02-04T15:35:22+00:00","breadcrumb":{"@id":"https:\/\/romanticany.com\/?p=72094#breadcrumb"},"inLanguage":"es","potentialAction":[{"@type":"ReadAction","target":["https:\/\/romanticany.com\/?p=72094"]}]},{"@type":"ImageObject","inLanguage":"es","@id":"https:\/\/romanticany.com\/?p=72094#primaryimage","url":"https:\/\/romanticany.com\/wp-content\/uploads\/2025\/02\/67a0e8a557714.jpeg","contentUrl":"https:\/\/romanticany.com\/wp-content\/uploads\/2025\/02\/67a0e8a557714.jpeg","width":800,"height":449},{"@type":"BreadcrumbList","@id":"https:\/\/romanticany.com\/?p=72094#breadcrumb","itemListElement":[{"@type":"ListItem","position":1,"name":"Portada","item":"https:\/\/romanticany.com\/"},{"@type":"ListItem","position":2,"name":"RD: El Festival de Cine Global da inicio a su 17ma edici\u00f3n en gala de inauguraci\u00f3n"}]},{"@type":"WebSite","@id":"https:\/\/romanticany.com\/#website","url":"https:\/\/romanticany.com\/","name":"Romantica NY","description":"AHORA CON SU PERIODICO DIGITAL Y LA MUSICA MAS ROMANTICA EN LA GRAN MANZANA, USA","publisher":{"@id":"https:\/\/romanticany.com\/#organization"},"potentialAction":[{"@type":"SearchAction","target":{"@type":"EntryPoint","urlTemplate":"https:\/\/romanticany.com\/?s={search_term_string}"},"query-input":{"@type":"PropertyValueSpecification","valueRequired":true,"valueName":"search_term_string"}}],"inLanguage":"es"},{"@type":"Organization","@id":"https:\/\/romanticany.com\/#organization","name":"Romantica NY","url":"https:\/\/romanticany.com\/","logo":{"@type":"ImageObject","inLanguage":"es","@id":"https:\/\/romanticany.com\/#\/schema\/logo\/image\/","url":"https:\/\/romanticany.com\/wp-content\/uploads\/2025\/01\/Logo-Romantica-3.png","contentUrl":"https:\/\/romanticany.com\/wp-content\/uploads\/2025\/01\/Logo-Romantica-3.png","width":1024,"height":1024,"caption":"Romantica NY"},"image":{"@id":"https:\/\/romanticany.com\/#\/schema\/logo\/image\/"}},{"@type":"Person","@id":"https:\/\/romanticany.com\/#\/schema\/person\/be3a3ed4b2ab0af84e4dbe5c3215474c","name":"Romantica NY","image":{"@type":"ImageObject","inLanguage":"es","@id":"https:\/\/romanticany.com\/#\/schema\/person\/image\/","url":"https:\/\/romanticany.com\/wp-content\/uploads\/2025\/01\/cropped-Logo-Romantica-3-96x96.png","contentUrl":"https:\/\/romanticany.com\/wp-content\/uploads\/2025\/01\/cropped-Logo-Romantica-3-96x96.png","caption":"Romantica NY"},"sameAs":["https:\/\/romanticany.com"],"url":"https:\/\/romanticany.com\/?author=1"}]}},"rttpg_featured_image_url":{"full":["https:\/\/romanticany.com\/wp-content\/uploads\/2025\/02\/67a0e8a557714.jpeg",800,449,false],"landscape":["https:\/\/romanticany.com\/wp-content\/uploads\/2025\/02\/67a0e8a557714.jpeg",800,449,false],"portraits":["https:\/\/romanticany.com\/wp-content\/uploads\/2025\/02\/67a0e8a557714.jpeg",800,449,false],"thumbnail":["https:\/\/romanticany.com\/wp-content\/uploads\/2025\/02\/67a0e8a557714-150x150.jpeg",150,150,true],"medium":["https:\/\/romanticany.com\/wp-content\/uploads\/2025\/02\/67a0e8a557714-300x168.jpeg",300,168,true],"large":["https:\/\/romanticany.com\/wp-content\/uploads\/2025\/02\/67a0e8a557714.jpeg",640,359,false],"1536x1536":["https:\/\/romanticany.com\/wp-content\/uploads\/2025\/02\/67a0e8a557714.jpeg",800,449,false],"2048x2048":["https:\/\/romanticany.com\/wp-content\/uploads\/2025\/02\/67a0e8a557714.jpeg",800,449,false]},"rttpg_author":{"display_name":"Romantica NY","author_link":"https:\/\/romanticany.com\/?author=1"},"rttpg_comment":0,"rttpg_category":"<a href=\"https:\/\/romanticany.com\/?cat=3\" rel=\"category\">Arte, Entretenimiento y Cultura<\/a>","rttpg_excerpt":"\u201cLa Luz que Imaginamos\u201d es una pel\u00edcula dirigida por Ankur Arun Kakatkar y protagonizada por Ramesh Yanthra y Maisam Ali. La trama sigue a dos hermanas en India que buscan escapar de las restricciones sociales y culturales que enfrentan. Sinopsis de la Pel\u00edcula La pel\u00edcula se desarrolla en Mumbai y cuenta la historia de dos&hellip;","_links":{"self":[{"href":"https:\/\/romanticany.com\/index.php?rest_route=\/wp\/v2\/posts\/72094","targetHints":{"allow":["GET"]}}],"collection":[{"href":"https:\/\/romanticany.com\/index.php?rest_route=\/wp\/v2\/posts"}],"about":[{"href":"https:\/\/romanticany.com\/index.php?rest_route=\/wp\/v2\/types\/post"}],"author":[{"embeddable":true,"href":"https:\/\/romanticany.com\/index.php?rest_route=\/wp\/v2\/users\/1"}],"replies":[{"embeddable":true,"href":"https:\/\/romanticany.com\/index.php?rest_route=%2Fwp%2Fv2%2Fcomments&post=72094"}],"version-history":[{"count":1,"href":"https:\/\/romanticany.com\/index.php?rest_route=\/wp\/v2\/posts\/72094\/revisions"}],"predecessor-version":[{"id":72096,"href":"https:\/\/romanticany.com\/index.php?rest_route=\/wp\/v2\/posts\/72094\/revisions\/72096"}],"wp:featuredmedia":[{"embeddable":true,"href":"https:\/\/romanticany.com\/index.php?rest_route=\/wp\/v2\/media\/72095"}],"wp:attachment":[{"href":"https:\/\/romanticany.com\/index.php?rest_route=%2Fwp%2Fv2%2Fmedia&parent=72094"}],"wp:term":[{"taxonomy":"category","embeddable":true,"href":"https:\/\/romanticany.com\/index.php?rest_route=%2Fwp%2Fv2%2Fcategories&post=72094"},{"taxonomy":"post_tag","embeddable":true,"href":"https:\/\/romanticany.com\/index.php?rest_route=%2Fwp%2Fv2%2Ftags&post=72094"}],"curies":[{"name":"wp","href":"https:\/\/api.w.org\/{rel}","templated":true}]}}