{"id":73513,"date":"2025-02-27T16:58:42","date_gmt":"2025-02-27T16:58:42","guid":{"rendered":"https:\/\/romanticany.com\/?p=73513"},"modified":"2025-02-27T16:58:42","modified_gmt":"2025-02-27T16:58:42","slug":"identidad-cultural-y-desarrollo-economico-en-republica-dominicana-en-2024","status":"publish","type":"post","link":"https:\/\/romanticany.com\/?p=73513","title":{"rendered":"Identidad Cultural y Desarrollo Econ\u00f3mico en Rep\u00fablica Dominicana en 2024"},"content":{"rendered":"\n<p>El presidente Luis Abinader destac\u00f3 los logros en el sector cultural durante 2024, subrayando el fortalecimiento de la identidad cultural y el impulso al desarrollo econ\u00f3mico a trav\u00e9s del arte y la creatividad.<\/p>\n\n\n\n<p>En su discurso, Abinader reafirm\u00f3 el compromiso de su administraci\u00f3n de proporcionar a las nuevas generaciones las herramientas necesarias para enfrentar desaf\u00edos globales con una base cultural s\u00f3lida.<\/p>\n\n\n\n<p>El mandatario resalt\u00f3 las mejoras en la infraestructura cultural del pa\u00eds, mencionando la modernizaci\u00f3n del Palacio de Bellas Artes y la renovaci\u00f3n del Conservatorio Nacional de M\u00fasica. Tambi\u00e9n se refiri\u00f3 a la inauguraci\u00f3n del Parque Infantil de la Plaza de la Cultura, un espacio dise\u00f1ado para fomentar el acceso de los j\u00f3venes a la cultura desde temprana edad.<\/p>\n\n\n\n<p>Abinader destac\u00f3 la alianza con Berklee College of Music, que ha permitido la formaci\u00f3n de nuevos talentos dominicanos a trav\u00e9s de becas y programas de formaci\u00f3n musical. Adem\u00e1s, mencion\u00f3 la creaci\u00f3n del Sistema Nacional de Estad\u00edsticas Culturales, una plataforma que ofrece datos precisos sobre el consumo cultural y la econom\u00eda creativa en el pa\u00eds.<\/p>\n\n\n\n<p>El presidente tambi\u00e9n anunci\u00f3 un fondo de 500 millones de pesos para apoyar a los emprendedores del sector cultural, promoviendo la innovaci\u00f3n y el desarrollo econ\u00f3mico a trav\u00e9s del arte.<\/p>\n\n\n\n<p><strong>Feria del Libro 2024<\/strong><\/p>\n\n\n\n<p>La Feria Internacional del Libro 2024 impact\u00f3 a m\u00e1s de 228,000 personas, logrando un crecimiento del 11% en comparaci\u00f3n con el a\u00f1o anterior. Con ventas superiores a los 57 millones de pesos, el evento no solo foment\u00f3 la lectura, sino que tambi\u00e9n posicion\u00f3 la cultura como un motor importante para la econom\u00eda nacional.<\/p>\n\n\n\n<p>Abinader expres\u00f3 su orgullo por el reconocimiento otorgado por la UNESCO al casabe dominicano, declarado Patrimonio Cultural Inmaterial de la Humanidad, lo que subraya el valor de las tradiciones y la gastronom\u00eda dominicana.<\/p>\n","protected":false},"excerpt":{"rendered":"<p>El presidente Luis Abinader destac\u00f3 los logros en el sector cultural durante 2024, subrayando el fortalecimiento de la identidad cultural y el impulso al desarrollo econ\u00f3mico a trav\u00e9s del arte y la creatividad. En su discurso, Abinader reafirm\u00f3 el compromiso de su administraci\u00f3n de proporcionar a las nuevas generaciones las herramientas necesarias para enfrentar desaf\u00edos [&hellip;]<\/p>\n","protected":false},"author":1,"featured_media":73514,"comment_status":"open","ping_status":"closed","sticky":false,"template":"","format":"standard","meta":{"footnotes":""},"categories":[11],"tags":[],"class_list":["post-73513","post","type-post","status-publish","format-standard","has-post-thumbnail","hentry","category-politica"],"yoast_head":"<!-- This site is optimized with the Yoast SEO plugin v24.5 - https:\/\/yoast.com\/wordpress\/plugins\/seo\/ -->\n<title>Identidad Cultural y Desarrollo Econ\u00f3mico en Rep\u00fablica Dominicana en 2024 - Romantica NY<\/title>\n<meta name=\"robots\" content=\"index, follow, max-snippet:-1, max-image-preview:large, max-video-preview:-1\" \/>\n<link rel=\"canonical\" href=\"https:\/\/romanticany.com\/?p=73513\" \/>\n<meta property=\"og:locale\" content=\"es_ES\" \/>\n<meta property=\"og:type\" content=\"article\" \/>\n<meta property=\"og:title\" content=\"Identidad Cultural y Desarrollo Econ\u00f3mico en Rep\u00fablica Dominicana en 2024 - Romantica NY\" \/>\n<meta property=\"og:description\" content=\"El presidente Luis Abinader destac\u00f3 los logros en el sector cultural durante 2024, subrayando el fortalecimiento de la identidad cultural y el impulso al desarrollo econ\u00f3mico a trav\u00e9s del arte y la creatividad. En su discurso, Abinader reafirm\u00f3 el compromiso de su administraci\u00f3n de proporcionar a las nuevas generaciones las herramientas necesarias para enfrentar desaf\u00edos [&hellip;]\" \/>\n<meta property=\"og:url\" content=\"https:\/\/romanticany.com\/?p=73513\" \/>\n<meta property=\"og:site_name\" content=\"Romantica NY\" \/>\n<meta property=\"article:published_time\" content=\"2025-02-27T16:58:42+00:00\" \/>\n<meta name=\"author\" content=\"Romantica NY\" \/>\n<meta name=\"twitter:card\" content=\"summary_large_image\" \/>\n<meta name=\"twitter:label1\" content=\"Escrito por\" \/>\n\t<meta name=\"twitter:data1\" content=\"Romantica NY\" \/>\n\t<meta name=\"twitter:label2\" content=\"Tiempo de lectura\" \/>\n\t<meta name=\"twitter:data2\" content=\"2 minutos\" \/>\n<script type=\"application\/ld+json\" class=\"yoast-schema-graph\">{\"@context\":\"https:\/\/schema.org\",\"@graph\":[{\"@type\":\"Article\",\"@id\":\"https:\/\/romanticany.com\/?p=73513#article\",\"isPartOf\":{\"@id\":\"https:\/\/romanticany.com\/?p=73513\"},\"author\":{\"name\":\"Romantica NY\",\"@id\":\"https:\/\/romanticany.com\/#\/schema\/person\/be3a3ed4b2ab0af84e4dbe5c3215474c\"},\"headline\":\"Identidad Cultural y Desarrollo Econ\u00f3mico en Rep\u00fablica Dominicana en 2024\",\"datePublished\":\"2025-02-27T16:58:42+00:00\",\"mainEntityOfPage\":{\"@id\":\"https:\/\/romanticany.com\/?p=73513\"},\"wordCount\":328,\"commentCount\":0,\"publisher\":{\"@id\":\"https:\/\/romanticany.com\/#organization\"},\"image\":{\"@id\":\"https:\/\/romanticany.com\/?p=73513#primaryimage\"},\"thumbnailUrl\":\"https:\/\/romanticany.com\/wp-content\/uploads\/2025\/02\/8d3bfc74-9166-409c-a7ef-3953c1d1d92f.webp\",\"articleSection\":[\"Pol\u00edtica\"],\"inLanguage\":\"es\",\"potentialAction\":[{\"@type\":\"CommentAction\",\"name\":\"Comment\",\"target\":[\"https:\/\/romanticany.com\/?p=73513#respond\"]}]},{\"@type\":\"WebPage\",\"@id\":\"https:\/\/romanticany.com\/?p=73513\",\"url\":\"https:\/\/romanticany.com\/?p=73513\",\"name\":\"Identidad Cultural y Desarrollo Econ\u00f3mico en Rep\u00fablica Dominicana en 2024 - Romantica NY\",\"isPartOf\":{\"@id\":\"https:\/\/romanticany.com\/#website\"},\"primaryImageOfPage\":{\"@id\":\"https:\/\/romanticany.com\/?p=73513#primaryimage\"},\"image\":{\"@id\":\"https:\/\/romanticany.com\/?p=73513#primaryimage\"},\"thumbnailUrl\":\"https:\/\/romanticany.com\/wp-content\/uploads\/2025\/02\/8d3bfc74-9166-409c-a7ef-3953c1d1d92f.webp\",\"datePublished\":\"2025-02-27T16:58:42+00:00\",\"breadcrumb\":{\"@id\":\"https:\/\/romanticany.com\/?p=73513#breadcrumb\"},\"inLanguage\":\"es\",\"potentialAction\":[{\"@type\":\"ReadAction\",\"target\":[\"https:\/\/romanticany.com\/?p=73513\"]}]},{\"@type\":\"ImageObject\",\"inLanguage\":\"es\",\"@id\":\"https:\/\/romanticany.com\/?p=73513#primaryimage\",\"url\":\"https:\/\/romanticany.com\/wp-content\/uploads\/2025\/02\/8d3bfc74-9166-409c-a7ef-3953c1d1d92f.webp\",\"contentUrl\":\"https:\/\/romanticany.com\/wp-content\/uploads\/2025\/02\/8d3bfc74-9166-409c-a7ef-3953c1d1d92f.webp\",\"width\":1250,\"height\":833},{\"@type\":\"BreadcrumbList\",\"@id\":\"https:\/\/romanticany.com\/?p=73513#breadcrumb\",\"itemListElement\":[{\"@type\":\"ListItem\",\"position\":1,\"name\":\"Portada\",\"item\":\"https:\/\/romanticany.com\/\"},{\"@type\":\"ListItem\",\"position\":2,\"name\":\"Identidad Cultural y Desarrollo Econ\u00f3mico en Rep\u00fablica Dominicana en 2024\"}]},{\"@type\":\"WebSite\",\"@id\":\"https:\/\/romanticany.com\/#website\",\"url\":\"https:\/\/romanticany.com\/\",\"name\":\"Romantica NY\",\"description\":\"AHORA CON SU PERIODICO DIGITAL Y LA MUSICA MAS ROMANTICA EN LA GRAN MANZANA, USA\",\"publisher\":{\"@id\":\"https:\/\/romanticany.com\/#organization\"},\"potentialAction\":[{\"@type\":\"SearchAction\",\"target\":{\"@type\":\"EntryPoint\",\"urlTemplate\":\"https:\/\/romanticany.com\/?s={search_term_string}\"},\"query-input\":{\"@type\":\"PropertyValueSpecification\",\"valueRequired\":true,\"valueName\":\"search_term_string\"}}],\"inLanguage\":\"es\"},{\"@type\":\"Organization\",\"@id\":\"https:\/\/romanticany.com\/#organization\",\"name\":\"Romantica NY\",\"url\":\"https:\/\/romanticany.com\/\",\"logo\":{\"@type\":\"ImageObject\",\"inLanguage\":\"es\",\"@id\":\"https:\/\/romanticany.com\/#\/schema\/logo\/image\/\",\"url\":\"https:\/\/romanticany.com\/wp-content\/uploads\/2025\/01\/Logo-Romantica-3.png\",\"contentUrl\":\"https:\/\/romanticany.com\/wp-content\/uploads\/2025\/01\/Logo-Romantica-3.png\",\"width\":1024,\"height\":1024,\"caption\":\"Romantica NY\"},\"image\":{\"@id\":\"https:\/\/romanticany.com\/#\/schema\/logo\/image\/\"}},{\"@type\":\"Person\",\"@id\":\"https:\/\/romanticany.com\/#\/schema\/person\/be3a3ed4b2ab0af84e4dbe5c3215474c\",\"name\":\"Romantica NY\",\"image\":{\"@type\":\"ImageObject\",\"inLanguage\":\"es\",\"@id\":\"https:\/\/romanticany.com\/#\/schema\/person\/image\/\",\"url\":\"https:\/\/romanticany.com\/wp-content\/uploads\/2025\/01\/cropped-Logo-Romantica-3-96x96.png\",\"contentUrl\":\"https:\/\/romanticany.com\/wp-content\/uploads\/2025\/01\/cropped-Logo-Romantica-3-96x96.png\",\"caption\":\"Romantica NY\"},\"sameAs\":[\"https:\/\/romanticany.com\"],\"url\":\"https:\/\/romanticany.com\/?author=1\"}]}<\/script>\n<!-- \/ Yoast SEO plugin. -->","yoast_head_json":{"title":"Identidad Cultural y Desarrollo Econ\u00f3mico en Rep\u00fablica Dominicana en 2024 - Romantica NY","robots":{"index":"index","follow":"follow","max-snippet":"max-snippet:-1","max-image-preview":"max-image-preview:large","max-video-preview":"max-video-preview:-1"},"canonical":"https:\/\/romanticany.com\/?p=73513","og_locale":"es_ES","og_type":"article","og_title":"Identidad Cultural y Desarrollo Econ\u00f3mico en Rep\u00fablica Dominicana en 2024 - Romantica NY","og_description":"El presidente Luis Abinader destac\u00f3 los logros en el sector cultural durante 2024, subrayando el fortalecimiento de la identidad cultural y el impulso al desarrollo econ\u00f3mico a trav\u00e9s del arte y la creatividad. En su discurso, Abinader reafirm\u00f3 el compromiso de su administraci\u00f3n de proporcionar a las nuevas generaciones las herramientas necesarias para enfrentar desaf\u00edos [&hellip;]","og_url":"https:\/\/romanticany.com\/?p=73513","og_site_name":"Romantica NY","article_published_time":"2025-02-27T16:58:42+00:00","author":"Romantica NY","twitter_card":"summary_large_image","twitter_misc":{"Escrito por":"Romantica NY","Tiempo de lectura":"2 minutos"},"schema":{"@context":"https:\/\/schema.org","@graph":[{"@type":"Article","@id":"https:\/\/romanticany.com\/?p=73513#article","isPartOf":{"@id":"https:\/\/romanticany.com\/?p=73513"},"author":{"name":"Romantica NY","@id":"https:\/\/romanticany.com\/#\/schema\/person\/be3a3ed4b2ab0af84e4dbe5c3215474c"},"headline":"Identidad Cultural y Desarrollo Econ\u00f3mico en Rep\u00fablica Dominicana en 2024","datePublished":"2025-02-27T16:58:42+00:00","mainEntityOfPage":{"@id":"https:\/\/romanticany.com\/?p=73513"},"wordCount":328,"commentCount":0,"publisher":{"@id":"https:\/\/romanticany.com\/#organization"},"image":{"@id":"https:\/\/romanticany.com\/?p=73513#primaryimage"},"thumbnailUrl":"https:\/\/romanticany.com\/wp-content\/uploads\/2025\/02\/8d3bfc74-9166-409c-a7ef-3953c1d1d92f.webp","articleSection":["Pol\u00edtica"],"inLanguage":"es","potentialAction":[{"@type":"CommentAction","name":"Comment","target":["https:\/\/romanticany.com\/?p=73513#respond"]}]},{"@type":"WebPage","@id":"https:\/\/romanticany.com\/?p=73513","url":"https:\/\/romanticany.com\/?p=73513","name":"Identidad Cultural y Desarrollo Econ\u00f3mico en Rep\u00fablica Dominicana en 2024 - Romantica NY","isPartOf":{"@id":"https:\/\/romanticany.com\/#website"},"primaryImageOfPage":{"@id":"https:\/\/romanticany.com\/?p=73513#primaryimage"},"image":{"@id":"https:\/\/romanticany.com\/?p=73513#primaryimage"},"thumbnailUrl":"https:\/\/romanticany.com\/wp-content\/uploads\/2025\/02\/8d3bfc74-9166-409c-a7ef-3953c1d1d92f.webp","datePublished":"2025-02-27T16:58:42+00:00","breadcrumb":{"@id":"https:\/\/romanticany.com\/?p=73513#breadcrumb"},"inLanguage":"es","potentialAction":[{"@type":"ReadAction","target":["https:\/\/romanticany.com\/?p=73513"]}]},{"@type":"ImageObject","inLanguage":"es","@id":"https:\/\/romanticany.com\/?p=73513#primaryimage","url":"https:\/\/romanticany.com\/wp-content\/uploads\/2025\/02\/8d3bfc74-9166-409c-a7ef-3953c1d1d92f.webp","contentUrl":"https:\/\/romanticany.com\/wp-content\/uploads\/2025\/02\/8d3bfc74-9166-409c-a7ef-3953c1d1d92f.webp","width":1250,"height":833},{"@type":"BreadcrumbList","@id":"https:\/\/romanticany.com\/?p=73513#breadcrumb","itemListElement":[{"@type":"ListItem","position":1,"name":"Portada","item":"https:\/\/romanticany.com\/"},{"@type":"ListItem","position":2,"name":"Identidad Cultural y Desarrollo Econ\u00f3mico en Rep\u00fablica Dominicana en 2024"}]},{"@type":"WebSite","@id":"https:\/\/romanticany.com\/#website","url":"https:\/\/romanticany.com\/","name":"Romantica NY","description":"AHORA CON SU PERIODICO DIGITAL Y LA MUSICA MAS ROMANTICA EN LA GRAN MANZANA, USA","publisher":{"@id":"https:\/\/romanticany.com\/#organization"},"potentialAction":[{"@type":"SearchAction","target":{"@type":"EntryPoint","urlTemplate":"https:\/\/romanticany.com\/?s={search_term_string}"},"query-input":{"@type":"PropertyValueSpecification","valueRequired":true,"valueName":"search_term_string"}}],"inLanguage":"es"},{"@type":"Organization","@id":"https:\/\/romanticany.com\/#organization","name":"Romantica NY","url":"https:\/\/romanticany.com\/","logo":{"@type":"ImageObject","inLanguage":"es","@id":"https:\/\/romanticany.com\/#\/schema\/logo\/image\/","url":"https:\/\/romanticany.com\/wp-content\/uploads\/2025\/01\/Logo-Romantica-3.png","contentUrl":"https:\/\/romanticany.com\/wp-content\/uploads\/2025\/01\/Logo-Romantica-3.png","width":1024,"height":1024,"caption":"Romantica NY"},"image":{"@id":"https:\/\/romanticany.com\/#\/schema\/logo\/image\/"}},{"@type":"Person","@id":"https:\/\/romanticany.com\/#\/schema\/person\/be3a3ed4b2ab0af84e4dbe5c3215474c","name":"Romantica NY","image":{"@type":"ImageObject","inLanguage":"es","@id":"https:\/\/romanticany.com\/#\/schema\/person\/image\/","url":"https:\/\/romanticany.com\/wp-content\/uploads\/2025\/01\/cropped-Logo-Romantica-3-96x96.png","contentUrl":"https:\/\/romanticany.com\/wp-content\/uploads\/2025\/01\/cropped-Logo-Romantica-3-96x96.png","caption":"Romantica NY"},"sameAs":["https:\/\/romanticany.com"],"url":"https:\/\/romanticany.com\/?author=1"}]}},"rttpg_featured_image_url":{"full":["https:\/\/romanticany.com\/wp-content\/uploads\/2025\/02\/8d3bfc74-9166-409c-a7ef-3953c1d1d92f.webp",1250,833,false],"landscape":["https:\/\/romanticany.com\/wp-content\/uploads\/2025\/02\/8d3bfc74-9166-409c-a7ef-3953c1d1d92f.webp",1250,833,false],"portraits":["https:\/\/romanticany.com\/wp-content\/uploads\/2025\/02\/8d3bfc74-9166-409c-a7ef-3953c1d1d92f.webp",1250,833,false],"thumbnail":["https:\/\/romanticany.com\/wp-content\/uploads\/2025\/02\/8d3bfc74-9166-409c-a7ef-3953c1d1d92f-150x150.webp",150,150,true],"medium":["https:\/\/romanticany.com\/wp-content\/uploads\/2025\/02\/8d3bfc74-9166-409c-a7ef-3953c1d1d92f-300x200.webp",300,200,true],"large":["https:\/\/romanticany.com\/wp-content\/uploads\/2025\/02\/8d3bfc74-9166-409c-a7ef-3953c1d1d92f-1024x682.webp",640,426,true],"1536x1536":["https:\/\/romanticany.com\/wp-content\/uploads\/2025\/02\/8d3bfc74-9166-409c-a7ef-3953c1d1d92f.webp",1250,833,false],"2048x2048":["https:\/\/romanticany.com\/wp-content\/uploads\/2025\/02\/8d3bfc74-9166-409c-a7ef-3953c1d1d92f.webp",1250,833,false]},"rttpg_author":{"display_name":"Romantica NY","author_link":"https:\/\/romanticany.com\/?author=1"},"rttpg_comment":0,"rttpg_category":"<a href=\"https:\/\/romanticany.com\/?cat=11\" rel=\"category\">Pol\u00edtica<\/a>","rttpg_excerpt":"El presidente Luis Abinader destac\u00f3 los logros en el sector cultural durante 2024, subrayando el fortalecimiento de la identidad cultural y el impulso al desarrollo econ\u00f3mico a trav\u00e9s del arte y la creatividad. En su discurso, Abinader reafirm\u00f3 el compromiso de su administraci\u00f3n de proporcionar a las nuevas generaciones las herramientas necesarias para enfrentar desaf\u00edos&hellip;","_links":{"self":[{"href":"https:\/\/romanticany.com\/index.php?rest_route=\/wp\/v2\/posts\/73513","targetHints":{"allow":["GET"]}}],"collection":[{"href":"https:\/\/romanticany.com\/index.php?rest_route=\/wp\/v2\/posts"}],"about":[{"href":"https:\/\/romanticany.com\/index.php?rest_route=\/wp\/v2\/types\/post"}],"author":[{"embeddable":true,"href":"https:\/\/romanticany.com\/index.php?rest_route=\/wp\/v2\/users\/1"}],"replies":[{"embeddable":true,"href":"https:\/\/romanticany.com\/index.php?rest_route=%2Fwp%2Fv2%2Fcomments&post=73513"}],"version-history":[{"count":1,"href":"https:\/\/romanticany.com\/index.php?rest_route=\/wp\/v2\/posts\/73513\/revisions"}],"predecessor-version":[{"id":73515,"href":"https:\/\/romanticany.com\/index.php?rest_route=\/wp\/v2\/posts\/73513\/revisions\/73515"}],"wp:featuredmedia":[{"embeddable":true,"href":"https:\/\/romanticany.com\/index.php?rest_route=\/wp\/v2\/media\/73514"}],"wp:attachment":[{"href":"https:\/\/romanticany.com\/index.php?rest_route=%2Fwp%2Fv2%2Fmedia&parent=73513"}],"wp:term":[{"taxonomy":"category","embeddable":true,"href":"https:\/\/romanticany.com\/index.php?rest_route=%2Fwp%2Fv2%2Fcategories&post=73513"},{"taxonomy":"post_tag","embeddable":true,"href":"https:\/\/romanticany.com\/index.php?rest_route=%2Fwp%2Fv2%2Ftags&post=73513"}],"curies":[{"name":"wp","href":"https:\/\/api.w.org\/{rel}","templated":true}]}}